{"id":162452,"date":"2026-01-22T03:02:00","date_gmt":"2026-01-22T06:02:00","guid":{"rendered":"https:\/\/portaltela.pt\/noticias\/2026\/01\/22\/adeptos-do-benfica-assistiram-ao-jogo-com-a-juventus-em-turim-apesar-da-proibicao-da-uefa\/"},"modified":"2026-01-22T03:02:00","modified_gmt":"2026-01-22T06:02:00","slug":"adeptos-do-benfica-assistiram-ao-jogo-com-a-juventus-em-turim-apesar-da-proibicao-da-uefa","status":"publish","type":"post","link":"https:\/\/portaltela.pt\/desporto\/futebol\/2026\/01\/22\/adeptos-do-benfica-assistiram-ao-jogo-com-a-juventus-em-turim-apesar-da-proibicao-da-uefa\/","title":{"rendered":"Adeptos do Benfica assistiram ao jogo com a Juventus em Turim, apesar da proibi\u00e7\u00e3o da UEFA"},"content":{"rendered":"<p>O jogo entre Benfica e Juventus, disputado em Turim, teve adeptos do clube portugu\u00eas presentes apesar da proibi\u00e7\u00e3o da UEFA sobre venda de bilhetes pelo Benfica. Alguns ingressos foram adquiridos via IPs de Espanha e Fran\u00e7a, contornando o sistema de venda.<\/p>\n<p>Outros seguidores viajaram sem bilhete, na esperan\u00e7a de conseguir uma entrada no Allianz Stadium. A Juventus avisou que o controlo de entradas seria r\u00edgido, elevando o receio de impedimentos na chegada ao est\u00e1dio. No total, o recinto recebeu mais de 41 600 espetadores.<\/p>\n<h3>Presen\u00e7a de adeptos fora das regras<\/h3>\n<p>Entre os seguidores no hotel de Lisboa estiveram dois convidados italianos especiais: Marco Mancuzo, do Inter, e Valerio Di Schiena, do Milan. Ambos acompanharam de perto a vig\u00eancia de Mourinho e Rui Costa, figuras associadas aos seus clubes no passado.<\/p>\n<p>O encontro entre Benfica e Juventus decorreu com controlo de acesso apertado e v\u00e1rias verifica\u00e7\u00f5es de bilhete. A situa\u00e7\u00e3o gerou debates sobre a gest\u00e3o de entradas e o impacto nas desloca\u00e7\u00f5es de adeptos n\u00e3o autorizados.<\/p>\n<p>Segundo relatos, a presen\u00e7a de f\u00e3s sem bilhete foi limitada a zonas espec\u00edficas e n\u00e3o houve relatos imediatos de incidentes relevantes. O caminho para a pr\u00f3xima dupla de jogos segue em investiga\u00e7\u00e3o pelas autoridades competentes.<\/p>\n","protected":false},"excerpt":{"rendered":"<ul>\n<li>Apesar da UEFA ter proibido a venda de bilhetes pelo Benfica, alguns adeptos viajaram para Turim com ingressos adquiridos atrav\u00e9s de endere\u00e7os IP de Espanha e Fran\u00e7a.<\/li>\n<li>Outros foram sem bilhete, na esperan\u00e7a de conseguir uma entrada no local, j\u00e1 que a Juventus avisou de controlo rigoroso no Allianz Stadium.<\/li>\n<li>Nas bancadas estiveram mais de 41.600 espectadores.<\/li>\n<li>Perto do hotel do Benfica estiveram dois adeptos italianos de clubes rivais, Marco Mancuzo (Inter) e Valerio Di Schiena (Milan), que participaram na observa\u00e7\u00e3o da equipa.<\/li>\n<li>O interveniente do Inter chegou a prever a vit\u00f3ria das \u00e1guias por 3-1.<\/li>\n<\/ul>\n","protected":false},"author":2,"featured_media":162463,"comment_status":"closed","ping_status":"closed","sticky":false,"template":"","format":"standard","meta":{"footnotes":""},"categories":[21,24],"tags":[2533,1946,3437,32,1857,1983],"class_list":["post-162452","post","type-post","status-publish","format-standard","has-post-thumbnail","hentry","category-desporto","category-futebol","tag-adeptos","tag-benfica","tag-entradas","tag-futebol","tag-italia","tag-juventus"],"yoast_head":"<!-- This site is optimized with the Yoast SEO plugin v27.2 - https:\/\/yoast.com\/product\/yoast-seo-wordpress\/ -->\n<title>Adeptos do Benfica assistiram ao jogo com a Juventus em Turim, apesar da proibi\u00e7\u00e3o da UEFA - Portal Tela Portugal<\/title>\n<meta name=\"robots\" content=\"index, follow, max-snippet:-1, max-image-preview:large, max-video-preview:-1\" \/>\n<meta property=\"og:locale\" content=\"pt_PT\" \/>\n<meta property=\"og:type\" content=\"article\" \/>\n<meta property=\"og:title\" content=\"Adeptos do Benfica assistiram ao jogo com a Juventus em Turim, apesar da proibi\u00e7\u00e3o da UEFA - Portal Tela Portugal\" \/>\n<meta property=\"og:description\" content=\"Apesar da UEFA ter proibido a venda de bilhetes pelo Benfica, alguns adeptos viajaram para Turim com ingressos adquiridos atrav\u00e9s de endere\u00e7os IP de Espanha e Fran\u00e7a. Outros foram sem bilhete, na esperan\u00e7a de conseguir uma entrada no local, j\u00e1 que a Juventus avisou de controlo rigoroso no Allianz Stadium. Nas bancadas estiveram mais de 41.600 espectadores. Perto do hotel do Benfica estiveram dois adeptos italianos de clubes rivais, Marco Mancuzo (Inter) e Valerio Di Schiena (Milan), que participaram na observa\u00e7\u00e3o da equipa. O interveniente do Inter chegou a prever a vit\u00f3ria das \u00e1guias por 3-1.\" \/>\n<meta property=\"og:url\" content=\"https:\/\/portaltela.pt\/noticias\/2026\/01\/22\/adeptos-do-benfica-assistiram-ao-jogo-com-a-juventus-em-turim-apesar-da-proibicao-da-uefa\/\" \/>\n<meta property=\"og:site_name\" content=\"Portal Tela Portugal\" \/>\n<meta property=\"article:published_time\" content=\"2026-01-22T06:02:00+00:00\" \/>\n<meta name=\"author\" content=\"Telinha\" \/>\n<meta name=\"twitter:card\" content=\"summary_large_image\" \/>\n<meta name=\"twitter:label1\" content=\"Escrito por\" \/>\n\t<meta name=\"twitter:data1\" content=\"Telinha\" \/>\n\t<meta name=\"twitter:label2\" content=\"Tempo estimado de leitura\" \/>\n\t<meta name=\"twitter:data2\" content=\"1 minuto\" \/>\n<script type=\"application\/ld+json\" class=\"yoast-schema-graph\">{\"@context\":\"https:\/\/schema.org\",\"@graph\":[{\"@type\":\"Article\",\"@id\":\"https:\/\/portaltela.pt\/noticias\/2026\/01\/22\/adeptos-do-benfica-assistiram-ao-jogo-com-a-juventus-em-turim-apesar-da-proibicao-da-uefa\/#article\",\"isPartOf\":{\"@id\":\"https:\/\/portaltela.pt\/noticias\/2026\/01\/22\/adeptos-do-benfica-assistiram-ao-jogo-com-a-juventus-em-turim-apesar-da-proibicao-da-uefa\/\"},\"author\":{\"name\":\"Telinha\",\"@id\":\"https:\/\/portaltela.pt\/#\/schema\/person\/c4278d4a6028830caff9ee44b42d32ed\"},\"headline\":\"Adeptos do Benfica assistiram ao jogo com a Juventus em Turim, apesar da proibi\u00e7\u00e3o da UEFA\",\"datePublished\":\"2026-01-22T06:02:00+00:00\",\"mainEntityOfPage\":{\"@id\":\"https:\/\/portaltela.pt\/noticias\/2026\/01\/22\/adeptos-do-benfica-assistiram-ao-jogo-com-a-juventus-em-turim-apesar-da-proibicao-da-uefa\/\"},\"wordCount\":235,\"image\":{\"@id\":\"https:\/\/portaltela.pt\/noticias\/2026\/01\/22\/adeptos-do-benfica-assistiram-ao-jogo-com-a-juventus-em-turim-apesar-da-proibicao-da-uefa\/#primaryimage\"},\"thumbnailUrl\":\"https:\/\/portaltela.pt\/s.01k8rhncp4jt1\/2026\/01\/img_920x518uu2026-01-22-01-10-29-2416478-2.jpg\",\"keywords\":[\"adeptos\",\"Benfica\",\"Entradas\",\"futebol\",\"It\u00e1lia\",\"Juventus\"],\"articleSection\":[\"Desporto\",\"Futebol\"],\"inLanguage\":\"pt-PT\"},{\"@type\":\"WebPage\",\"@id\":\"https:\/\/portaltela.pt\/noticias\/2026\/01\/22\/adeptos-do-benfica-assistiram-ao-jogo-com-a-juventus-em-turim-apesar-da-proibicao-da-uefa\/\",\"url\":\"https:\/\/portaltela.pt\/noticias\/2026\/01\/22\/adeptos-do-benfica-assistiram-ao-jogo-com-a-juventus-em-turim-apesar-da-proibicao-da-uefa\/\",\"name\":\"Adeptos do Benfica assistiram ao jogo com a Juventus em Turim, apesar da proibi\u00e7\u00e3o da UEFA - Portal Tela Portugal\",\"isPartOf\":{\"@id\":\"https:\/\/portaltela.pt\/#website\"},\"primaryImageOfPage\":{\"@id\":\"https:\/\/portaltela.pt\/noticias\/2026\/01\/22\/adeptos-do-benfica-assistiram-ao-jogo-com-a-juventus-em-turim-apesar-da-proibicao-da-uefa\/#primaryimage\"},\"image\":{\"@id\":\"https:\/\/portaltela.pt\/noticias\/2026\/01\/22\/adeptos-do-benfica-assistiram-ao-jogo-com-a-juventus-em-turim-apesar-da-proibicao-da-uefa\/#primaryimage\"},\"thumbnailUrl\":\"https:\/\/portaltela.pt\/s.01k8rhncp4jt1\/2026\/01\/img_920x518uu2026-01-22-01-10-29-2416478-2.jpg\",\"datePublished\":\"2026-01-22T06:02:00+00:00\",\"author\":{\"@id\":\"https:\/\/portaltela.pt\/#\/schema\/person\/c4278d4a6028830caff9ee44b42d32ed\"},\"breadcrumb\":{\"@id\":\"https:\/\/portaltela.pt\/noticias\/2026\/01\/22\/adeptos-do-benfica-assistiram-ao-jogo-com-a-juventus-em-turim-apesar-da-proibicao-da-uefa\/#breadcrumb\"},\"inLanguage\":\"pt-PT\",\"potentialAction\":[{\"@type\":\"ReadAction\",\"target\":[\"https:\/\/portaltela.pt\/noticias\/2026\/01\/22\/adeptos-do-benfica-assistiram-ao-jogo-com-a-juventus-em-turim-apesar-da-proibicao-da-uefa\/\"]}]},{\"@type\":\"ImageObject\",\"inLanguage\":\"pt-PT\",\"@id\":\"https:\/\/portaltela.pt\/noticias\/2026\/01\/22\/adeptos-do-benfica-assistiram-ao-jogo-com-a-juventus-em-turim-apesar-da-proibicao-da-uefa\/#primaryimage\",\"url\":\"https:\/\/portaltela.pt\/s.01k8rhncp4jt1\/2026\/01\/img_920x518uu2026-01-22-01-10-29-2416478-2.jpg\",\"contentUrl\":\"https:\/\/portaltela.pt\/s.01k8rhncp4jt1\/2026\/01\/img_920x518uu2026-01-22-01-10-29-2416478-2.jpg\",\"width\":796,\"height\":448,\"caption\":\"Adeptos da Juventus nas bancadas do Allianz Stadium\"},{\"@type\":\"BreadcrumbList\",\"@id\":\"https:\/\/portaltela.pt\/noticias\/2026\/01\/22\/adeptos-do-benfica-assistiram-ao-jogo-com-a-juventus-em-turim-apesar-da-proibicao-da-uefa\/#breadcrumb\",\"itemListElement\":[{\"@type\":\"ListItem\",\"position\":1,\"name\":\"In\u00edcio\",\"item\":\"https:\/\/portaltela.pt\/\"},{\"@type\":\"ListItem\",\"position\":2,\"name\":\"Adeptos do Benfica assistiram ao jogo com a Juventus em Turim, apesar da proibi\u00e7\u00e3o da UEFA\"}]},{\"@type\":\"WebSite\",\"@id\":\"https:\/\/portaltela.pt\/#website\",\"url\":\"https:\/\/portaltela.pt\/\",\"name\":\"Portal Tela Portugal\",\"description\":\"\",\"potentialAction\":[{\"@type\":\"SearchAction\",\"target\":{\"@type\":\"EntryPoint\",\"urlTemplate\":\"https:\/\/portaltela.pt\/?s={search_term_string}\"},\"query-input\":{\"@type\":\"PropertyValueSpecification\",\"valueRequired\":true,\"valueName\":\"search_term_string\"}}],\"inLanguage\":\"pt-PT\"},{\"@type\":\"Person\",\"@id\":\"https:\/\/portaltela.pt\/#\/schema\/person\/c4278d4a6028830caff9ee44b42d32ed\",\"name\":\"Telinha\",\"image\":{\"@type\":\"ImageObject\",\"inLanguage\":\"pt-PT\",\"@id\":\"https:\/\/portaltela.pt\/s.01k8rhncp4jt1\/2025\/11\/talking-bot-125x125.png\",\"url\":\"https:\/\/portaltela.pt\/s.01k8rhncp4jt1\/2025\/11\/talking-bot-125x125.png\",\"contentUrl\":\"https:\/\/portaltela.pt\/s.01k8rhncp4jt1\/2025\/11\/talking-bot-125x125.png\",\"caption\":\"Telinha\"},\"sameAs\":[\"https:\/\/portaltela.pt\/\"],\"url\":\"https:\/\/portaltela.pt\/por\/367410592786\/\"}]}<\/script>\n<!-- \/ Yoast SEO plugin. -->","yoast_head_json":{"title":"Adeptos do Benfica assistiram ao jogo com a Juventus em Turim, apesar da proibi\u00e7\u00e3o da UEFA - Portal Tela Portugal","robots":{"index":"index","follow":"follow","max-snippet":"max-snippet:-1","max-image-preview":"max-image-preview:large","max-video-preview":"max-video-preview:-1"},"og_locale":"pt_PT","og_type":"article","og_title":"Adeptos do Benfica assistiram ao jogo com a Juventus em Turim, apesar da proibi\u00e7\u00e3o da UEFA - Portal Tela Portugal","og_description":"Apesar da UEFA ter proibido a venda de bilhetes pelo Benfica, alguns adeptos viajaram para Turim com ingressos adquiridos atrav\u00e9s de endere\u00e7os IP de Espanha e Fran\u00e7a. Outros foram sem bilhete, na esperan\u00e7a de conseguir uma entrada no local, j\u00e1 que a Juventus avisou de controlo rigoroso no Allianz Stadium. Nas bancadas estiveram mais de 41.600 espectadores. Perto do hotel do Benfica estiveram dois adeptos italianos de clubes rivais, Marco Mancuzo (Inter) e Valerio Di Schiena (Milan), que participaram na observa\u00e7\u00e3o da equipa. O interveniente do Inter chegou a prever a vit\u00f3ria das \u00e1guias por 3-1.","og_url":"https:\/\/portaltela.pt\/noticias\/2026\/01\/22\/adeptos-do-benfica-assistiram-ao-jogo-com-a-juventus-em-turim-apesar-da-proibicao-da-uefa\/","og_site_name":"Portal Tela Portugal","article_published_time":"2026-01-22T06:02:00+00:00","author":"Telinha","twitter_card":"summary_large_image","twitter_misc":{"Escrito por":"Telinha","Tempo estimado de leitura":"1 minuto"},"schema":{"@context":"https:\/\/schema.org","@graph":[{"@type":"Article","@id":"https:\/\/portaltela.pt\/noticias\/2026\/01\/22\/adeptos-do-benfica-assistiram-ao-jogo-com-a-juventus-em-turim-apesar-da-proibicao-da-uefa\/#article","isPartOf":{"@id":"https:\/\/portaltela.pt\/noticias\/2026\/01\/22\/adeptos-do-benfica-assistiram-ao-jogo-com-a-juventus-em-turim-apesar-da-proibicao-da-uefa\/"},"author":{"name":"Telinha","@id":"https:\/\/portaltela.pt\/#\/schema\/person\/c4278d4a6028830caff9ee44b42d32ed"},"headline":"Adeptos do Benfica assistiram ao jogo com a Juventus em Turim, apesar da proibi\u00e7\u00e3o da UEFA","datePublished":"2026-01-22T06:02:00+00:00","mainEntityOfPage":{"@id":"https:\/\/portaltela.pt\/noticias\/2026\/01\/22\/adeptos-do-benfica-assistiram-ao-jogo-com-a-juventus-em-turim-apesar-da-proibicao-da-uefa\/"},"wordCount":235,"image":{"@id":"https:\/\/portaltela.pt\/noticias\/2026\/01\/22\/adeptos-do-benfica-assistiram-ao-jogo-com-a-juventus-em-turim-apesar-da-proibicao-da-uefa\/#primaryimage"},"thumbnailUrl":"https:\/\/portaltela.pt\/s.01k8rhncp4jt1\/2026\/01\/img_920x518uu2026-01-22-01-10-29-2416478-2.jpg","keywords":["adeptos","Benfica","Entradas","futebol","It\u00e1lia","Juventus"],"articleSection":["Desporto","Futebol"],"inLanguage":"pt-PT"},{"@type":"WebPage","@id":"https:\/\/portaltela.pt\/noticias\/2026\/01\/22\/adeptos-do-benfica-assistiram-ao-jogo-com-a-juventus-em-turim-apesar-da-proibicao-da-uefa\/","url":"https:\/\/portaltela.pt\/noticias\/2026\/01\/22\/adeptos-do-benfica-assistiram-ao-jogo-com-a-juventus-em-turim-apesar-da-proibicao-da-uefa\/","name":"Adeptos do Benfica assistiram ao jogo com a Juventus em Turim, apesar da proibi\u00e7\u00e3o da UEFA - Portal Tela Portugal","isPartOf":{"@id":"https:\/\/portaltela.pt\/#website"},"primaryImageOfPage":{"@id":"https:\/\/portaltela.pt\/noticias\/2026\/01\/22\/adeptos-do-benfica-assistiram-ao-jogo-com-a-juventus-em-turim-apesar-da-proibicao-da-uefa\/#primaryimage"},"image":{"@id":"https:\/\/portaltela.pt\/noticias\/2026\/01\/22\/adeptos-do-benfica-assistiram-ao-jogo-com-a-juventus-em-turim-apesar-da-proibicao-da-uefa\/#primaryimage"},"thumbnailUrl":"https:\/\/portaltela.pt\/s.01k8rhncp4jt1\/2026\/01\/img_920x518uu2026-01-22-01-10-29-2416478-2.jpg","datePublished":"2026-01-22T06:02:00+00:00","author":{"@id":"https:\/\/portaltela.pt\/#\/schema\/person\/c4278d4a6028830caff9ee44b42d32ed"},"breadcrumb":{"@id":"https:\/\/portaltela.pt\/noticias\/2026\/01\/22\/adeptos-do-benfica-assistiram-ao-jogo-com-a-juventus-em-turim-apesar-da-proibicao-da-uefa\/#breadcrumb"},"inLanguage":"pt-PT","potentialAction":[{"@type":"ReadAction","target":["https:\/\/portaltela.pt\/noticias\/2026\/01\/22\/adeptos-do-benfica-assistiram-ao-jogo-com-a-juventus-em-turim-apesar-da-proibicao-da-uefa\/"]}]},{"@type":"ImageObject","inLanguage":"pt-PT","@id":"https:\/\/portaltela.pt\/noticias\/2026\/01\/22\/adeptos-do-benfica-assistiram-ao-jogo-com-a-juventus-em-turim-apesar-da-proibicao-da-uefa\/#primaryimage","url":"https:\/\/portaltela.pt\/s.01k8rhncp4jt1\/2026\/01\/img_920x518uu2026-01-22-01-10-29-2416478-2.jpg","contentUrl":"https:\/\/portaltela.pt\/s.01k8rhncp4jt1\/2026\/01\/img_920x518uu2026-01-22-01-10-29-2416478-2.jpg","width":796,"height":448,"caption":"Adeptos da Juventus nas bancadas do Allianz Stadium"},{"@type":"BreadcrumbList","@id":"https:\/\/portaltela.pt\/noticias\/2026\/01\/22\/adeptos-do-benfica-assistiram-ao-jogo-com-a-juventus-em-turim-apesar-da-proibicao-da-uefa\/#breadcrumb","itemListElement":[{"@type":"ListItem","position":1,"name":"In\u00edcio","item":"https:\/\/portaltela.pt\/"},{"@type":"ListItem","position":2,"name":"Adeptos do Benfica assistiram ao jogo com a Juventus em Turim, apesar da proibi\u00e7\u00e3o da UEFA"}]},{"@type":"WebSite","@id":"https:\/\/portaltela.pt\/#website","url":"https:\/\/portaltela.pt\/","name":"Portal Tela Portugal","description":"","potentialAction":[{"@type":"SearchAction","target":{"@type":"EntryPoint","urlTemplate":"https:\/\/portaltela.pt\/?s={search_term_string}"},"query-input":{"@type":"PropertyValueSpecification","valueRequired":true,"valueName":"search_term_string"}}],"inLanguage":"pt-PT"},{"@type":"Person","@id":"https:\/\/portaltela.pt\/#\/schema\/person\/c4278d4a6028830caff9ee44b42d32ed","name":"Telinha","image":{"@type":"ImageObject","inLanguage":"pt-PT","@id":"https:\/\/portaltela.pt\/s.01k8rhncp4jt1\/2025\/11\/talking-bot-125x125.png","url":"https:\/\/portaltela.pt\/s.01k8rhncp4jt1\/2025\/11\/talking-bot-125x125.png","contentUrl":"https:\/\/portaltela.pt\/s.01k8rhncp4jt1\/2025\/11\/talking-bot-125x125.png","caption":"Telinha"},"sameAs":["https:\/\/portaltela.pt\/"],"url":"https:\/\/portaltela.pt\/por\/367410592786\/"}]}},"_links":{"self":[{"href":"https:\/\/portaltela.pt\/api\/wp\/v2\/posts\/162452","targetHints":{"allow":["GET"]}}],"collection":[{"href":"https:\/\/portaltela.pt\/api\/wp\/v2\/posts"}],"about":[{"href":"https:\/\/portaltela.pt\/api\/wp\/v2\/types\/post"}],"author":[{"embeddable":true,"href":"https:\/\/portaltela.pt\/api\/wp\/v2\/users\/2"}],"replies":[{"embeddable":true,"href":"https:\/\/portaltela.pt\/api\/wp\/v2\/comments?post=162452"}],"version-history":[{"count":0,"href":"https:\/\/portaltela.pt\/api\/wp\/v2\/posts\/162452\/revisions"}],"wp:featuredmedia":[{"embeddable":true,"href":"https:\/\/portaltela.pt\/api\/wp\/v2\/media\/162463"}],"wp:attachment":[{"href":"https:\/\/portaltela.pt\/api\/wp\/v2\/media?parent=162452"}],"wp:term":[{"taxonomy":"category","embeddable":true,"href":"https:\/\/portaltela.pt\/api\/wp\/v2\/categories?post=162452"},{"taxonomy":"post_tag","embeddable":true,"href":"https:\/\/portaltela.pt\/api\/wp\/v2\/tags?post=162452"}],"curies":[{"name":"wp","href":"https:\/\/api.w.org\/{rel}","templated":true}]}}