{"id":162383,"date":"2026-01-22T04:26:00","date_gmt":"2026-01-22T07:26:00","guid":{"rendered":"https:\/\/portaltela.pt\/noticias\/2026\/01\/22\/resgatados-124-animais-em-penafiel-e-homem-constituido-arguido-por-maus-tratos\/"},"modified":"2026-01-22T04:26:00","modified_gmt":"2026-01-22T07:26:00","slug":"resgatados-124-animais-em-penafiel-e-homem-constituido-arguido-por-maus-tratos","status":"publish","type":"post","link":"https:\/\/portaltela.pt\/noticias\/2026\/01\/22\/resgatados-124-animais-em-penafiel-e-homem-constituido-arguido-por-maus-tratos\/","title":{"rendered":"Resgatados 124 animais em Penafiel e homem constitu\u00eddo arguido por maus-tratos"},"content":{"rendered":"<p>Um homem de 57 anos foi constitu\u00eddo arguido no dia 20 de janeiro, em Penafiel, por crimes de maus-tratos a animais de companhia. A investiga\u00e7\u00e3o partiu de dilig\u00eancias do NICCOA do SEPNA, no \u00e2mbito de casos de morte e maus-tratos a animais.<\/p>\n<p>A Guarda Nacional Republicana realizou um mandado de busca a um estabelecimento comercial que vendia animais ao p\u00fablico. Resultou no resgate de 124 animais, bem como na apreens\u00e3o de v\u00e1rios medicamentos de uso veterin\u00e1rio.<\/p>\n<p>Entre os resgatados est\u00e3o 104 animais ex\u00f3ticos protegidos pela Conven\u00e7\u00e3o CITES, incluindo ratos, drag\u00f5es-barbados, gecos-leopardo, chinchilas, iguanas, p\u00edtons-rea, tartarugas, ouri\u00e7os, esquilos, camale\u00f5es, tar\u00e2ntulas, escorpi\u00f5es, uma cobra-coral-falsa, uma cobra e uma rosela. Ainda foram encontrados 16 c\u00e3es e 4 gatos.<\/p>\n<h3>Conte\u00fado da opera\u00e7\u00e3o e encaminhamentos<\/h3>\n<p>Durante a opera\u00e7\u00e3o, as autoridades apreenderam 1 617 produtos alimentares, 208 sacos de ra\u00e7\u00e3o e 138 produtos e medicamentos de uso veterin\u00e1rio, por estarem fora de validade ou venda ilegal. As aves foram entregues ao Parque Biol\u00f3gico de Gaia; c\u00e3es, gatos e chinchilas foram encaminhados para o Centro de Recolha Oficial de Animais de Penafiel e para associa\u00e7\u00f5es zo\u00f3filas.<\/p>\n<p>Foram detetadas v\u00e1rias infra\u00e7\u00f5es contraordenacionais, relacionadas com falta de condi\u00e7\u00f5es higiossanit\u00e1rias, incumprimento de regras da Conven\u00e7\u00e3o Europeia para a Prote\u00e7\u00e3o dos Animais de Companhia e da Conven\u00e7\u00e3o CITES, bem como venda de produtos veterin\u00e1rios sem autoriza\u00e7\u00e3o e alimenta\u00e7\u00e3o para animais fora de prazo.<\/p>\n<p>Diante da inexist\u00eancia de condi\u00e7\u00f5es de seguran\u00e7a, higiene e controlo de pragas, a Autoridade de Seguran\u00e7a Alimentar e Econ\u00f3mica interditou temporariamente a venda de animais no estabelecimento, mantendo, por\u00e9m, a atividade comercial em funcionamento por raz\u00f5es distintas.<\/p>\n<p>Os factos foram comunicados ao Tribunal Judicial de Penafiel. A opera\u00e7\u00e3o contou com o refor\u00e7o do SEPNA de Penafiel e apoio de ASAE, ICNF, Dire\u00e7\u00e3o de Servi\u00e7os de Alimenta\u00e7\u00e3o e Veterin\u00e1ria da Regi\u00e3o Norte, Delega\u00e7\u00e3o de Sa\u00fade local e Autoridade Veterin\u00e1ria Municipal.<\/p>\n","protected":false},"excerpt":{"rendered":"<ul>\n<li>Um homem de 57 anos foi constitu\u00eddo arguido a 20 de janeiro, em Penafiel, por maus-tratos a animais de companhia, no \u00e2mbito de uma investiga\u00e7\u00e3o do NICCOA do SEPNA do Porto.<\/li>\n<li>A Guarda Nacional Republicana resgatou 124 animais de companhia num estabelecimento de venda de animais ao p\u00fablico, com apreens\u00e3o de diversos medicamentos de uso veterin\u00e1rio.<\/li>\n<li>Entre os animais resgatados est\u00e3o 104 ex\u00f3ticos protegidos pela Conven\u00e7\u00e3o CITES; destacam-se ratos, drag\u00f5es-barbados, geckos-leopardo, iguanas, p\u00edtons-rea, tartarugas, ouri\u00e7os, esquilos-vermelhos, camale\u00f5es, tar\u00e2ntulas e escorpi\u00f5es, bem como uma cobra-coral-falsa, uma cobra e uma rosela; foram ainda 16 c\u00e3es e 4 gatos.<\/li>\n<li>A opera\u00e7\u00e3o resultou na apreens\u00e3o de 1 617 produtos alimentares, 208 sacos de ra\u00e7\u00e3o e 138 produtos e medicamentos de uso veterin\u00e1rio, por venda ilegal ou fora do prazo de validade; as aves foram entregues ao Parque Biol\u00f3gico de Gaia, e c\u00e3es, gatos e chinchilas ao Centro de Recolha Oficial de Animais de Penafiel.<\/li>\n<li>O estabelecimento teve a venda de animais temporariamente interditada pela Autoridade de Seguran\u00e7a Alimentar e Econ\u00f3mica, por risco para a sa\u00fade p\u00fablica, com a atividade comercial a manter-se; os factos foram comunicados ao Tribunal Judicial de Penafiel, com apoio de diversas entidades.<\/li>\n<\/ul>\n","protected":false},"author":2,"featured_media":162387,"comment_status":"closed","ping_status":"closed","sticky":false,"template":"","format":"standard","meta":{"footnotes":""},"categories":[1],"tags":[3091,679,3365,1993,2867,3560],"class_list":["post-162383","post","type-post","status-publish","format-standard","has-post-thumbnail","hentry","category-noticias","tag-animais","tag-associacoes","tag-maus-tratos-a-animais-de-companhia","tag-penafiel","tag-seguranca-alimentar","tag-sepna"],"yoast_head":"<!-- This site is optimized with the Yoast SEO plugin v27.2 - https:\/\/yoast.com\/product\/yoast-seo-wordpress\/ -->\n<title>Resgatados 124 animais em Penafiel e homem constitu\u00eddo arguido por maus-tratos - Portal Tela Portugal<\/title>\n<meta name=\"robots\" content=\"index, follow, max-snippet:-1, max-image-preview:large, max-video-preview:-1\" \/>\n<meta property=\"og:locale\" content=\"pt_PT\" \/>\n<meta property=\"og:type\" content=\"article\" \/>\n<meta property=\"og:title\" content=\"Resgatados 124 animais em Penafiel e homem constitu\u00eddo arguido por maus-tratos - Portal Tela Portugal\" \/>\n<meta property=\"og:description\" content=\"Um homem de 57 anos foi constitu\u00eddo arguido a 20 de janeiro, em Penafiel, por maus-tratos a animais de companhia, no \u00e2mbito de uma investiga\u00e7\u00e3o do NICCOA do SEPNA do Porto. A Guarda Nacional Republicana resgatou 124 animais de companhia num estabelecimento de venda de animais ao p\u00fablico, com apreens\u00e3o de diversos medicamentos de uso veterin\u00e1rio. Entre os animais resgatados est\u00e3o 104 ex\u00f3ticos protegidos pela Conven\u00e7\u00e3o CITES; destacam-se ratos, drag\u00f5es-barbados, geckos-leopardo, iguanas, p\u00edtons-rea, tartarugas, ouri\u00e7os, esquilos-vermelhos, camale\u00f5es, tar\u00e2ntulas e escorpi\u00f5es, bem como uma cobra-coral-falsa, uma cobra e uma rosela; foram ainda 16 c\u00e3es e 4 gatos. A opera\u00e7\u00e3o resultou na apreens\u00e3o de 1 617 produtos alimentares, 208 sacos de ra\u00e7\u00e3o e 138 produtos e medicamentos de uso veterin\u00e1rio, por venda ilegal ou fora do prazo de validade; as aves foram entregues ao Parque Biol\u00f3gico de Gaia, e c\u00e3es, gatos e chinchilas ao Centro de Recolha Oficial de Animais de Penafiel. O estabelecimento teve a venda de animais temporariamente interditada pela Autoridade de Seguran\u00e7a Alimentar e Econ\u00f3mica, por risco para a sa\u00fade p\u00fablica, com a atividade comercial a manter-se; os factos foram comunicados ao Tribunal Judicial de Penafiel, com apoio de diversas entidades.\" \/>\n<meta property=\"og:url\" content=\"https:\/\/portaltela.pt\/noticias\/2026\/01\/22\/resgatados-124-animais-em-penafiel-e-homem-constituido-arguido-por-maus-tratos\/\" \/>\n<meta property=\"og:site_name\" content=\"Portal Tela Portugal\" \/>\n<meta property=\"article:published_time\" content=\"2026-01-22T07:26:00+00:00\" \/>\n<meta name=\"author\" content=\"Telinha\" \/>\n<meta name=\"twitter:card\" content=\"summary_large_image\" \/>\n<meta name=\"twitter:label1\" content=\"Escrito por\" \/>\n\t<meta name=\"twitter:data1\" content=\"Telinha\" \/>\n\t<meta name=\"twitter:label2\" content=\"Tempo estimado de leitura\" \/>\n\t<meta name=\"twitter:data2\" content=\"2 minutos\" \/>\n<script type=\"application\/ld+json\" class=\"yoast-schema-graph\">{\"@context\":\"https:\/\/schema.org\",\"@graph\":[{\"@type\":\"Article\",\"@id\":\"https:\/\/portaltela.pt\/noticias\/2026\/01\/22\/resgatados-124-animais-em-penafiel-e-homem-constituido-arguido-por-maus-tratos\/#article\",\"isPartOf\":{\"@id\":\"https:\/\/portaltela.pt\/noticias\/2026\/01\/22\/resgatados-124-animais-em-penafiel-e-homem-constituido-arguido-por-maus-tratos\/\"},\"author\":{\"name\":\"Telinha\",\"@id\":\"https:\/\/portaltela.pt\/#\/schema\/person\/c4278d4a6028830caff9ee44b42d32ed\"},\"headline\":\"Resgatados 124 animais em Penafiel e homem constitu\u00eddo arguido por maus-tratos\",\"datePublished\":\"2026-01-22T07:26:00+00:00\",\"mainEntityOfPage\":{\"@id\":\"https:\/\/portaltela.pt\/noticias\/2026\/01\/22\/resgatados-124-animais-em-penafiel-e-homem-constituido-arguido-por-maus-tratos\/\"},\"wordCount\":355,\"image\":{\"@id\":\"https:\/\/portaltela.pt\/noticias\/2026\/01\/22\/resgatados-124-animais-em-penafiel-e-homem-constituido-arguido-por-maus-tratos\/#primaryimage\"},\"thumbnailUrl\":\"https:\/\/portaltela.pt\/s.01k8rhncp4jt1\/2026\/01\/unnamed-file-4584.jpg\",\"keywords\":[\"animais\",\"associa\u00e7\u00f5es\",\"maus-tratos a animais de companhia\",\"Penafiel\",\"Seguran\u00e7a Alimentar\",\"SEPNA\"],\"articleSection\":[\"Not\u00edcias\"],\"inLanguage\":\"pt-PT\"},{\"@type\":\"WebPage\",\"@id\":\"https:\/\/portaltela.pt\/noticias\/2026\/01\/22\/resgatados-124-animais-em-penafiel-e-homem-constituido-arguido-por-maus-tratos\/\",\"url\":\"https:\/\/portaltela.pt\/noticias\/2026\/01\/22\/resgatados-124-animais-em-penafiel-e-homem-constituido-arguido-por-maus-tratos\/\",\"name\":\"Resgatados 124 animais em Penafiel e homem constitu\u00eddo arguido por maus-tratos - Portal Tela Portugal\",\"isPartOf\":{\"@id\":\"https:\/\/portaltela.pt\/#website\"},\"primaryImageOfPage\":{\"@id\":\"https:\/\/portaltela.pt\/noticias\/2026\/01\/22\/resgatados-124-animais-em-penafiel-e-homem-constituido-arguido-por-maus-tratos\/#primaryimage\"},\"image\":{\"@id\":\"https:\/\/portaltela.pt\/noticias\/2026\/01\/22\/resgatados-124-animais-em-penafiel-e-homem-constituido-arguido-por-maus-tratos\/#primaryimage\"},\"thumbnailUrl\":\"https:\/\/portaltela.pt\/s.01k8rhncp4jt1\/2026\/01\/unnamed-file-4584.jpg\",\"datePublished\":\"2026-01-22T07:26:00+00:00\",\"author\":{\"@id\":\"https:\/\/portaltela.pt\/#\/schema\/person\/c4278d4a6028830caff9ee44b42d32ed\"},\"breadcrumb\":{\"@id\":\"https:\/\/portaltela.pt\/noticias\/2026\/01\/22\/resgatados-124-animais-em-penafiel-e-homem-constituido-arguido-por-maus-tratos\/#breadcrumb\"},\"inLanguage\":\"pt-PT\",\"potentialAction\":[{\"@type\":\"ReadAction\",\"target\":[\"https:\/\/portaltela.pt\/noticias\/2026\/01\/22\/resgatados-124-animais-em-penafiel-e-homem-constituido-arguido-por-maus-tratos\/\"]}]},{\"@type\":\"ImageObject\",\"inLanguage\":\"pt-PT\",\"@id\":\"https:\/\/portaltela.pt\/noticias\/2026\/01\/22\/resgatados-124-animais-em-penafiel-e-homem-constituido-arguido-por-maus-tratos\/#primaryimage\",\"url\":\"https:\/\/portaltela.pt\/s.01k8rhncp4jt1\/2026\/01\/unnamed-file-4584.jpg\",\"contentUrl\":\"https:\/\/portaltela.pt\/s.01k8rhncp4jt1\/2026\/01\/unnamed-file-4584.jpg\",\"width\":796,\"height\":448,\"caption\":\"Resgatados 124 animais em Penafiel. Homem constitu\u00eddo arguido por maus-tratos\"},{\"@type\":\"BreadcrumbList\",\"@id\":\"https:\/\/portaltela.pt\/noticias\/2026\/01\/22\/resgatados-124-animais-em-penafiel-e-homem-constituido-arguido-por-maus-tratos\/#breadcrumb\",\"itemListElement\":[{\"@type\":\"ListItem\",\"position\":1,\"name\":\"In\u00edcio\",\"item\":\"https:\/\/portaltela.pt\/\"},{\"@type\":\"ListItem\",\"position\":2,\"name\":\"Resgatados 124 animais em Penafiel e homem constitu\u00eddo arguido por maus-tratos\"}]},{\"@type\":\"WebSite\",\"@id\":\"https:\/\/portaltela.pt\/#website\",\"url\":\"https:\/\/portaltela.pt\/\",\"name\":\"Portal Tela Portugal\",\"description\":\"\",\"potentialAction\":[{\"@type\":\"SearchAction\",\"target\":{\"@type\":\"EntryPoint\",\"urlTemplate\":\"https:\/\/portaltela.pt\/?s={search_term_string}\"},\"query-input\":{\"@type\":\"PropertyValueSpecification\",\"valueRequired\":true,\"valueName\":\"search_term_string\"}}],\"inLanguage\":\"pt-PT\"},{\"@type\":\"Person\",\"@id\":\"https:\/\/portaltela.pt\/#\/schema\/person\/c4278d4a6028830caff9ee44b42d32ed\",\"name\":\"Telinha\",\"image\":{\"@type\":\"ImageObject\",\"inLanguage\":\"pt-PT\",\"@id\":\"https:\/\/portaltela.pt\/s.01k8rhncp4jt1\/2025\/11\/talking-bot-125x125.png\",\"url\":\"https:\/\/portaltela.pt\/s.01k8rhncp4jt1\/2025\/11\/talking-bot-125x125.png\",\"contentUrl\":\"https:\/\/portaltela.pt\/s.01k8rhncp4jt1\/2025\/11\/talking-bot-125x125.png\",\"caption\":\"Telinha\"},\"sameAs\":[\"https:\/\/portaltela.pt\/\"],\"url\":\"https:\/\/portaltela.pt\/por\/367410592786\/\"}]}<\/script>\n<!-- \/ Yoast SEO plugin. -->","yoast_head_json":{"title":"Resgatados 124 animais em Penafiel e homem constitu\u00eddo arguido por maus-tratos - Portal Tela Portugal","robots":{"index":"index","follow":"follow","max-snippet":"max-snippet:-1","max-image-preview":"max-image-preview:large","max-video-preview":"max-video-preview:-1"},"og_locale":"pt_PT","og_type":"article","og_title":"Resgatados 124 animais em Penafiel e homem constitu\u00eddo arguido por maus-tratos - Portal Tela Portugal","og_description":"Um homem de 57 anos foi constitu\u00eddo arguido a 20 de janeiro, em Penafiel, por maus-tratos a animais de companhia, no \u00e2mbito de uma investiga\u00e7\u00e3o do NICCOA do SEPNA do Porto. A Guarda Nacional Republicana resgatou 124 animais de companhia num estabelecimento de venda de animais ao p\u00fablico, com apreens\u00e3o de diversos medicamentos de uso veterin\u00e1rio. Entre os animais resgatados est\u00e3o 104 ex\u00f3ticos protegidos pela Conven\u00e7\u00e3o CITES; destacam-se ratos, drag\u00f5es-barbados, geckos-leopardo, iguanas, p\u00edtons-rea, tartarugas, ouri\u00e7os, esquilos-vermelhos, camale\u00f5es, tar\u00e2ntulas e escorpi\u00f5es, bem como uma cobra-coral-falsa, uma cobra e uma rosela; foram ainda 16 c\u00e3es e 4 gatos. A opera\u00e7\u00e3o resultou na apreens\u00e3o de 1 617 produtos alimentares, 208 sacos de ra\u00e7\u00e3o e 138 produtos e medicamentos de uso veterin\u00e1rio, por venda ilegal ou fora do prazo de validade; as aves foram entregues ao Parque Biol\u00f3gico de Gaia, e c\u00e3es, gatos e chinchilas ao Centro de Recolha Oficial de Animais de Penafiel. O estabelecimento teve a venda de animais temporariamente interditada pela Autoridade de Seguran\u00e7a Alimentar e Econ\u00f3mica, por risco para a sa\u00fade p\u00fablica, com a atividade comercial a manter-se; os factos foram comunicados ao Tribunal Judicial de Penafiel, com apoio de diversas entidades.","og_url":"https:\/\/portaltela.pt\/noticias\/2026\/01\/22\/resgatados-124-animais-em-penafiel-e-homem-constituido-arguido-por-maus-tratos\/","og_site_name":"Portal Tela Portugal","article_published_time":"2026-01-22T07:26:00+00:00","author":"Telinha","twitter_card":"summary_large_image","twitter_misc":{"Escrito por":"Telinha","Tempo estimado de leitura":"2 minutos"},"schema":{"@context":"https:\/\/schema.org","@graph":[{"@type":"Article","@id":"https:\/\/portaltela.pt\/noticias\/2026\/01\/22\/resgatados-124-animais-em-penafiel-e-homem-constituido-arguido-por-maus-tratos\/#article","isPartOf":{"@id":"https:\/\/portaltela.pt\/noticias\/2026\/01\/22\/resgatados-124-animais-em-penafiel-e-homem-constituido-arguido-por-maus-tratos\/"},"author":{"name":"Telinha","@id":"https:\/\/portaltela.pt\/#\/schema\/person\/c4278d4a6028830caff9ee44b42d32ed"},"headline":"Resgatados 124 animais em Penafiel e homem constitu\u00eddo arguido por maus-tratos","datePublished":"2026-01-22T07:26:00+00:00","mainEntityOfPage":{"@id":"https:\/\/portaltela.pt\/noticias\/2026\/01\/22\/resgatados-124-animais-em-penafiel-e-homem-constituido-arguido-por-maus-tratos\/"},"wordCount":355,"image":{"@id":"https:\/\/portaltela.pt\/noticias\/2026\/01\/22\/resgatados-124-animais-em-penafiel-e-homem-constituido-arguido-por-maus-tratos\/#primaryimage"},"thumbnailUrl":"https:\/\/portaltela.pt\/s.01k8rhncp4jt1\/2026\/01\/unnamed-file-4584.jpg","keywords":["animais","associa\u00e7\u00f5es","maus-tratos a animais de companhia","Penafiel","Seguran\u00e7a Alimentar","SEPNA"],"articleSection":["Not\u00edcias"],"inLanguage":"pt-PT"},{"@type":"WebPage","@id":"https:\/\/portaltela.pt\/noticias\/2026\/01\/22\/resgatados-124-animais-em-penafiel-e-homem-constituido-arguido-por-maus-tratos\/","url":"https:\/\/portaltela.pt\/noticias\/2026\/01\/22\/resgatados-124-animais-em-penafiel-e-homem-constituido-arguido-por-maus-tratos\/","name":"Resgatados 124 animais em Penafiel e homem constitu\u00eddo arguido por maus-tratos - Portal Tela Portugal","isPartOf":{"@id":"https:\/\/portaltela.pt\/#website"},"primaryImageOfPage":{"@id":"https:\/\/portaltela.pt\/noticias\/2026\/01\/22\/resgatados-124-animais-em-penafiel-e-homem-constituido-arguido-por-maus-tratos\/#primaryimage"},"image":{"@id":"https:\/\/portaltela.pt\/noticias\/2026\/01\/22\/resgatados-124-animais-em-penafiel-e-homem-constituido-arguido-por-maus-tratos\/#primaryimage"},"thumbnailUrl":"https:\/\/portaltela.pt\/s.01k8rhncp4jt1\/2026\/01\/unnamed-file-4584.jpg","datePublished":"2026-01-22T07:26:00+00:00","author":{"@id":"https:\/\/portaltela.pt\/#\/schema\/person\/c4278d4a6028830caff9ee44b42d32ed"},"breadcrumb":{"@id":"https:\/\/portaltela.pt\/noticias\/2026\/01\/22\/resgatados-124-animais-em-penafiel-e-homem-constituido-arguido-por-maus-tratos\/#breadcrumb"},"inLanguage":"pt-PT","potentialAction":[{"@type":"ReadAction","target":["https:\/\/portaltela.pt\/noticias\/2026\/01\/22\/resgatados-124-animais-em-penafiel-e-homem-constituido-arguido-por-maus-tratos\/"]}]},{"@type":"ImageObject","inLanguage":"pt-PT","@id":"https:\/\/portaltela.pt\/noticias\/2026\/01\/22\/resgatados-124-animais-em-penafiel-e-homem-constituido-arguido-por-maus-tratos\/#primaryimage","url":"https:\/\/portaltela.pt\/s.01k8rhncp4jt1\/2026\/01\/unnamed-file-4584.jpg","contentUrl":"https:\/\/portaltela.pt\/s.01k8rhncp4jt1\/2026\/01\/unnamed-file-4584.jpg","width":796,"height":448,"caption":"Resgatados 124 animais em Penafiel. Homem constitu\u00eddo arguido por maus-tratos"},{"@type":"BreadcrumbList","@id":"https:\/\/portaltela.pt\/noticias\/2026\/01\/22\/resgatados-124-animais-em-penafiel-e-homem-constituido-arguido-por-maus-tratos\/#breadcrumb","itemListElement":[{"@type":"ListItem","position":1,"name":"In\u00edcio","item":"https:\/\/portaltela.pt\/"},{"@type":"ListItem","position":2,"name":"Resgatados 124 animais em Penafiel e homem constitu\u00eddo arguido por maus-tratos"}]},{"@type":"WebSite","@id":"https:\/\/portaltela.pt\/#website","url":"https:\/\/portaltela.pt\/","name":"Portal Tela Portugal","description":"","potentialAction":[{"@type":"SearchAction","target":{"@type":"EntryPoint","urlTemplate":"https:\/\/portaltela.pt\/?s={search_term_string}"},"query-input":{"@type":"PropertyValueSpecification","valueRequired":true,"valueName":"search_term_string"}}],"inLanguage":"pt-PT"},{"@type":"Person","@id":"https:\/\/portaltela.pt\/#\/schema\/person\/c4278d4a6028830caff9ee44b42d32ed","name":"Telinha","image":{"@type":"ImageObject","inLanguage":"pt-PT","@id":"https:\/\/portaltela.pt\/s.01k8rhncp4jt1\/2025\/11\/talking-bot-125x125.png","url":"https:\/\/portaltela.pt\/s.01k8rhncp4jt1\/2025\/11\/talking-bot-125x125.png","contentUrl":"https:\/\/portaltela.pt\/s.01k8rhncp4jt1\/2025\/11\/talking-bot-125x125.png","caption":"Telinha"},"sameAs":["https:\/\/portaltela.pt\/"],"url":"https:\/\/portaltela.pt\/por\/367410592786\/"}]}},"_links":{"self":[{"href":"https:\/\/portaltela.pt\/api\/wp\/v2\/posts\/162383","targetHints":{"allow":["GET"]}}],"collection":[{"href":"https:\/\/portaltela.pt\/api\/wp\/v2\/posts"}],"about":[{"href":"https:\/\/portaltela.pt\/api\/wp\/v2\/types\/post"}],"author":[{"embeddable":true,"href":"https:\/\/portaltela.pt\/api\/wp\/v2\/users\/2"}],"replies":[{"embeddable":true,"href":"https:\/\/portaltela.pt\/api\/wp\/v2\/comments?post=162383"}],"version-history":[{"count":0,"href":"https:\/\/portaltela.pt\/api\/wp\/v2\/posts\/162383\/revisions"}],"wp:featuredmedia":[{"embeddable":true,"href":"https:\/\/portaltela.pt\/api\/wp\/v2\/media\/162387"}],"wp:attachment":[{"href":"https:\/\/portaltela.pt\/api\/wp\/v2\/media?parent=162383"}],"wp:term":[{"taxonomy":"category","embeddable":true,"href":"https:\/\/portaltela.pt\/api\/wp\/v2\/categories?post=162383"},{"taxonomy":"post_tag","embeddable":true,"href":"https:\/\/portaltela.pt\/api\/wp\/v2\/tags?post=162383"}],"curies":[{"name":"wp","href":"https:\/\/api.w.org\/{rel}","templated":true}]}}