{"id":162333,"date":"2026-01-22T04:14:00","date_gmt":"2026-01-22T07:14:00","guid":{"rendered":"https:\/\/portaltela.pt\/noticias\/2026\/01\/22\/ue-busca-demonstrar-unidade-perante-ameacas-dos-eua\/"},"modified":"2026-01-22T04:14:00","modified_gmt":"2026-01-22T07:14:00","slug":"ue-busca-demonstrar-unidade-perante-ameacas-dos-eua","status":"publish","type":"post","link":"https:\/\/portaltela.pt\/noticias\/internacional\/2026\/01\/22\/ue-busca-demonstrar-unidade-perante-ameacas-dos-eua\/","title":{"rendered":"UE busca demonstrar unidade perante amea\u00e7as dos EUA"},"content":{"rendered":"<p>Os l\u00edderes da Uni\u00e3o Europeia re\u00fanem-se hoje numa cimeira extraordin\u00e1ria em Bruxelas para debater as rela\u00e7\u00f5es transatl\u00e2nticas, na sequ\u00eancia de amea\u00e7as de tarifas dos Estados Unidos sobre pa\u00edses que contestaram as inten\u00e7\u00f5es norte-americanas na Gronel\u00e2ndia. A reuni\u00e3o pretende sinalizar uma posi\u00e7\u00e3o de unidade entre os 27 membros.<\/p>\n<p>O encontro, que arrancar\u00e1 \u00e0s 19:00 locais, conta com a presen\u00e7a de chefes de Governo e de Estado, incluindo o primeiro-ministro de Portugal, Lu\u00eds Montenegro. O objetivo \u00e9 reafirmar a soberania territorial e o cumprimento da lei internacional face \u00e0 situa\u00e7\u00e3o na Gronel\u00e2ndia, territ\u00f3rio aut\u00f3nomo dinamarqu\u00eas.<\/p>\n<h3>Contexto<\/h3>\n<p>No fim de semana, o presidente dos EUA anunciou tarifas de 10% a partir de fevereiro e 25% a partir de junho sobre oito pa\u00edses europeus, entre eles Dinamarca, Su\u00e9cia, Fran\u00e7a, Alemanha, Pa\u00edses Baixos e Finl\u00e2ndia, al\u00e9m de Noruega e Reino Unido. Na quarta-feira, Trump recuou, anunciando um acordo com o secret\u00e1rio-geral da NATO, Mark Rutte, sobre a Gronel\u00e2ndia, e suspendeu a amea\u00e7a de tarifas.<\/p>\n<p>A Uni\u00e3o Europeia afirma ter \u00e0 disposi\u00e7\u00e3o instrumentos para responder, incluindo tarifas retaliat\u00f3rias num montante pr\u00f3ximo de 93 mil milh\u00f5es de euros ou o acionamento de instrumentos anti-coer\u00e7\u00e3o, conhecido como bazuca comercial, com limites \u00e0s trocas e investimentos.<\/p>\n<h3>Desdobramentos diplom\u00e1ticos<\/h3>\n<p>A cimeira de Bruxelas dever\u00e1 explorar caminhos diplom\u00e1ticos para evitar escaladas, mantendo a via de di\u00e1logo com os EUA e refor\u00e7ando coopera\u00e7\u00e3o em \u00e1reas como a seguran\u00e7a do \u00c1rtico. A UE tem reiterado que o acordo comercial anterior pode ser ajustado, mas com efeitos que n\u00e3o s\u00e3o imediatos, abrindo espa\u00e7o para media\u00e7\u00e3o.<\/p>\n<p>Trump tem limitado que os EUA devem possuir maior controlo sobre a Gronel\u00e2ndia, territ\u00f3rio aut\u00f3nomo da Dinamarca e membro da NATO, reconhecido pelas suas reservas minerais e pela posi\u00e7\u00e3o estrat\u00e9gica. A Gronel\u00e2ndia continua a emergir como tema sens\u00edvel nas rela\u00e7\u00f5es transatl\u00e2nticas.<\/p>\n","protected":false},"excerpt":{"rendered":"<ul>\n<li>Os l\u00edderes da Uni\u00e3o Europeia re\u00fanem-se hoje numa cimeira extraordin\u00e1ria em Bruxelas para discutir as rela\u00e7\u00f5es transatl\u00e2nticas, ap\u00f3s amea\u00e7as de tarifas dos EUA sobre pa\u00edses que se op\u00f5em \u00e0 posi\u00e7\u00e3o norte\u2011americana sobre a Gronel\u00e2ndia, com a presen\u00e7a de Lu\u00eds Montenegro.<\/li>\n<li>A cimeira, marcada para as 19:00 locais, visa enviar um sinal de unidade entre os 27 Estados\u2011Membros da UE e defender a soberania territorial e a lei internacional face \u00e0s press\u00f5es sobre a Gronel\u00e2ndia, territ\u00f3rio aut\u00f3nomo da Dinamarca.<\/li>\n<li>Trump anunciou tarifas a oito pa\u00edses europeus \u2014 seis membros da UE, Noruega e Reino Unido \u2014 mas recuou na amea\u00e7a de tarifas ap\u00f3s acordo com o secret\u00e1rio\u2011geral da NATO sobre a Gronel\u00e2ndia.<\/li>\n<li>A UE mant\u00e9m a op\u00e7\u00e3o de retaliar com tarifas de cerca de 93 mil milh\u00f5es de euros ou usar o novo instrumento anti\u2011coer\u00e7\u00e3o, apelidado de \u2018bazuca\u2019 comercial, para limitar trocas ou investimentos.<\/li>\n<li>A estrat\u00e9gia europeia \u00e9, acima de tudo, diplom\u00e1tica, com foco no di\u00e1logo com os EUA e na coopera\u00e7\u00e3o em quest\u00f5es como a seguran\u00e7a no \u00c1rtico, refor\u00e7ando o apoio \u00e0 Dinamarca e \u00e0 Gronel\u00e2ndia.<\/li>\n<\/ul>\n","protected":false},"author":2,"featured_media":162346,"comment_status":"closed","ping_status":"closed","sticky":false,"template":"","format":"standard","meta":{"footnotes":""},"categories":[4,1],"tags":[256,1600,3184,2832,27,2055],"class_list":["post-162333","post","type-post","status-publish","format-standard","has-post-thumbnail","hentry","category-internacional","category-noticias","tag-cooperacao-internacional","tag-estados-unidos","tag-gronelandia","tag-politica","tag-relacoes-internacionais","tag-uniao-europeia"],"yoast_head":"<!-- This site is optimized with the Yoast SEO plugin v27.2 - https:\/\/yoast.com\/product\/yoast-seo-wordpress\/ -->\n<title>UE busca demonstrar unidade perante amea\u00e7as dos EUA - Portal Tela Portugal<\/title>\n<meta name=\"robots\" content=\"index, follow, max-snippet:-1, max-image-preview:large, max-video-preview:-1\" \/>\n<meta property=\"og:locale\" content=\"pt_PT\" \/>\n<meta property=\"og:type\" content=\"article\" \/>\n<meta property=\"og:title\" content=\"UE busca demonstrar unidade perante amea\u00e7as dos EUA - Portal Tela Portugal\" \/>\n<meta property=\"og:description\" content=\"Os l\u00edderes da Uni\u00e3o Europeia re\u00fanem-se hoje numa cimeira extraordin\u00e1ria em Bruxelas para discutir as rela\u00e7\u00f5es transatl\u00e2nticas, ap\u00f3s amea\u00e7as de tarifas dos EUA sobre pa\u00edses que se op\u00f5em \u00e0 posi\u00e7\u00e3o norte\u2011americana sobre a Gronel\u00e2ndia, com a presen\u00e7a de Lu\u00eds Montenegro. A cimeira, marcada para as 19:00 locais, visa enviar um sinal de unidade entre os 27 Estados\u2011Membros da UE e defender a soberania territorial e a lei internacional face \u00e0s press\u00f5es sobre a Gronel\u00e2ndia, territ\u00f3rio aut\u00f3nomo da Dinamarca. Trump anunciou tarifas a oito pa\u00edses europeus \u2014 seis membros da UE, Noruega e Reino Unido \u2014 mas recuou na amea\u00e7a de tarifas ap\u00f3s acordo com o secret\u00e1rio\u2011geral da NATO sobre a Gronel\u00e2ndia. A UE mant\u00e9m a op\u00e7\u00e3o de retaliar com tarifas de cerca de 93 mil milh\u00f5es de euros ou usar o novo instrumento anti\u2011coer\u00e7\u00e3o, apelidado de \u2018bazuca\u2019 comercial, para limitar trocas ou investimentos. A estrat\u00e9gia europeia \u00e9, acima de tudo, diplom\u00e1tica, com foco no di\u00e1logo com os EUA e na coopera\u00e7\u00e3o em quest\u00f5es como a seguran\u00e7a no \u00c1rtico, refor\u00e7ando o apoio \u00e0 Dinamarca e \u00e0 Gronel\u00e2ndia.\" \/>\n<meta property=\"og:url\" content=\"https:\/\/portaltela.pt\/noticias\/2026\/01\/22\/ue-busca-demonstrar-unidade-perante-ameacas-dos-eua\/\" \/>\n<meta property=\"og:site_name\" content=\"Portal Tela Portugal\" \/>\n<meta property=\"article:published_time\" content=\"2026-01-22T07:14:00+00:00\" \/>\n<meta name=\"author\" content=\"Telinha\" \/>\n<meta name=\"twitter:card\" content=\"summary_large_image\" \/>\n<meta name=\"twitter:label1\" content=\"Escrito por\" \/>\n\t<meta name=\"twitter:data1\" content=\"Telinha\" \/>\n\t<meta name=\"twitter:label2\" content=\"Tempo estimado de leitura\" \/>\n\t<meta name=\"twitter:data2\" content=\"2 minutos\" \/>\n<script type=\"application\/ld+json\" class=\"yoast-schema-graph\">{\"@context\":\"https:\/\/schema.org\",\"@graph\":[{\"@type\":\"Article\",\"@id\":\"https:\/\/portaltela.pt\/noticias\/2026\/01\/22\/ue-busca-demonstrar-unidade-perante-ameacas-dos-eua\/#article\",\"isPartOf\":{\"@id\":\"https:\/\/portaltela.pt\/noticias\/2026\/01\/22\/ue-busca-demonstrar-unidade-perante-ameacas-dos-eua\/\"},\"author\":{\"name\":\"Telinha\",\"@id\":\"https:\/\/portaltela.pt\/#\/schema\/person\/c4278d4a6028830caff9ee44b42d32ed\"},\"headline\":\"UE busca demonstrar unidade perante amea\u00e7as dos EUA\",\"datePublished\":\"2026-01-22T07:14:00+00:00\",\"mainEntityOfPage\":{\"@id\":\"https:\/\/portaltela.pt\/noticias\/2026\/01\/22\/ue-busca-demonstrar-unidade-perante-ameacas-dos-eua\/\"},\"wordCount\":347,\"image\":{\"@id\":\"https:\/\/portaltela.pt\/noticias\/2026\/01\/22\/ue-busca-demonstrar-unidade-perante-ameacas-dos-eua\/#primaryimage\"},\"thumbnailUrl\":\"https:\/\/portaltela.pt\/s.01k8rhncp4jt1\/2026\/01\/unnamed-file-4576.jpg\",\"keywords\":[\"coopera\u00e7\u00e3o internacional\",\"Estados Unidos\",\"Gronel\u00c3\u00a2ndia\",\"pol\u00edtica\",\"rela\u00e7\u00f5es internacionais\",\"Uni\u00e3o Europeia\"],\"articleSection\":[\"Internacional\",\"Not\u00edcias\"],\"inLanguage\":\"pt-PT\"},{\"@type\":\"WebPage\",\"@id\":\"https:\/\/portaltela.pt\/noticias\/2026\/01\/22\/ue-busca-demonstrar-unidade-perante-ameacas-dos-eua\/\",\"url\":\"https:\/\/portaltela.pt\/noticias\/2026\/01\/22\/ue-busca-demonstrar-unidade-perante-ameacas-dos-eua\/\",\"name\":\"UE busca demonstrar unidade perante amea\u00e7as dos EUA - Portal Tela Portugal\",\"isPartOf\":{\"@id\":\"https:\/\/portaltela.pt\/#website\"},\"primaryImageOfPage\":{\"@id\":\"https:\/\/portaltela.pt\/noticias\/2026\/01\/22\/ue-busca-demonstrar-unidade-perante-ameacas-dos-eua\/#primaryimage\"},\"image\":{\"@id\":\"https:\/\/portaltela.pt\/noticias\/2026\/01\/22\/ue-busca-demonstrar-unidade-perante-ameacas-dos-eua\/#primaryimage\"},\"thumbnailUrl\":\"https:\/\/portaltela.pt\/s.01k8rhncp4jt1\/2026\/01\/unnamed-file-4576.jpg\",\"datePublished\":\"2026-01-22T07:14:00+00:00\",\"author\":{\"@id\":\"https:\/\/portaltela.pt\/#\/schema\/person\/c4278d4a6028830caff9ee44b42d32ed\"},\"breadcrumb\":{\"@id\":\"https:\/\/portaltela.pt\/noticias\/2026\/01\/22\/ue-busca-demonstrar-unidade-perante-ameacas-dos-eua\/#breadcrumb\"},\"inLanguage\":\"pt-PT\",\"potentialAction\":[{\"@type\":\"ReadAction\",\"target\":[\"https:\/\/portaltela.pt\/noticias\/2026\/01\/22\/ue-busca-demonstrar-unidade-perante-ameacas-dos-eua\/\"]}]},{\"@type\":\"ImageObject\",\"inLanguage\":\"pt-PT\",\"@id\":\"https:\/\/portaltela.pt\/noticias\/2026\/01\/22\/ue-busca-demonstrar-unidade-perante-ameacas-dos-eua\/#primaryimage\",\"url\":\"https:\/\/portaltela.pt\/s.01k8rhncp4jt1\/2026\/01\/unnamed-file-4576.jpg\",\"contentUrl\":\"https:\/\/portaltela.pt\/s.01k8rhncp4jt1\/2026\/01\/unnamed-file-4576.jpg\",\"width\":796,\"height\":448,\"caption\":\"L\u00edderes da UE tentam hoje enviar sinal de unidade face a amea\u00e7as dos EUA\"},{\"@type\":\"BreadcrumbList\",\"@id\":\"https:\/\/portaltela.pt\/noticias\/2026\/01\/22\/ue-busca-demonstrar-unidade-perante-ameacas-dos-eua\/#breadcrumb\",\"itemListElement\":[{\"@type\":\"ListItem\",\"position\":1,\"name\":\"In\u00edcio\",\"item\":\"https:\/\/portaltela.pt\/\"},{\"@type\":\"ListItem\",\"position\":2,\"name\":\"UE busca demonstrar unidade perante amea\u00e7as dos EUA\"}]},{\"@type\":\"WebSite\",\"@id\":\"https:\/\/portaltela.pt\/#website\",\"url\":\"https:\/\/portaltela.pt\/\",\"name\":\"Portal Tela Portugal\",\"description\":\"\",\"potentialAction\":[{\"@type\":\"SearchAction\",\"target\":{\"@type\":\"EntryPoint\",\"urlTemplate\":\"https:\/\/portaltela.pt\/?s={search_term_string}\"},\"query-input\":{\"@type\":\"PropertyValueSpecification\",\"valueRequired\":true,\"valueName\":\"search_term_string\"}}],\"inLanguage\":\"pt-PT\"},{\"@type\":\"Person\",\"@id\":\"https:\/\/portaltela.pt\/#\/schema\/person\/c4278d4a6028830caff9ee44b42d32ed\",\"name\":\"Telinha\",\"image\":{\"@type\":\"ImageObject\",\"inLanguage\":\"pt-PT\",\"@id\":\"https:\/\/portaltela.pt\/s.01k8rhncp4jt1\/2025\/11\/talking-bot-125x125.png\",\"url\":\"https:\/\/portaltela.pt\/s.01k8rhncp4jt1\/2025\/11\/talking-bot-125x125.png\",\"contentUrl\":\"https:\/\/portaltela.pt\/s.01k8rhncp4jt1\/2025\/11\/talking-bot-125x125.png\",\"caption\":\"Telinha\"},\"sameAs\":[\"https:\/\/portaltela.pt\/\"],\"url\":\"https:\/\/portaltela.pt\/por\/367410592786\/\"}]}<\/script>\n<!-- \/ Yoast SEO plugin. -->","yoast_head_json":{"title":"UE busca demonstrar unidade perante amea\u00e7as dos EUA - Portal Tela Portugal","robots":{"index":"index","follow":"follow","max-snippet":"max-snippet:-1","max-image-preview":"max-image-preview:large","max-video-preview":"max-video-preview:-1"},"og_locale":"pt_PT","og_type":"article","og_title":"UE busca demonstrar unidade perante amea\u00e7as dos EUA - Portal Tela Portugal","og_description":"Os l\u00edderes da Uni\u00e3o Europeia re\u00fanem-se hoje numa cimeira extraordin\u00e1ria em Bruxelas para discutir as rela\u00e7\u00f5es transatl\u00e2nticas, ap\u00f3s amea\u00e7as de tarifas dos EUA sobre pa\u00edses que se op\u00f5em \u00e0 posi\u00e7\u00e3o norte\u2011americana sobre a Gronel\u00e2ndia, com a presen\u00e7a de Lu\u00eds Montenegro. A cimeira, marcada para as 19:00 locais, visa enviar um sinal de unidade entre os 27 Estados\u2011Membros da UE e defender a soberania territorial e a lei internacional face \u00e0s press\u00f5es sobre a Gronel\u00e2ndia, territ\u00f3rio aut\u00f3nomo da Dinamarca. Trump anunciou tarifas a oito pa\u00edses europeus \u2014 seis membros da UE, Noruega e Reino Unido \u2014 mas recuou na amea\u00e7a de tarifas ap\u00f3s acordo com o secret\u00e1rio\u2011geral da NATO sobre a Gronel\u00e2ndia. A UE mant\u00e9m a op\u00e7\u00e3o de retaliar com tarifas de cerca de 93 mil milh\u00f5es de euros ou usar o novo instrumento anti\u2011coer\u00e7\u00e3o, apelidado de \u2018bazuca\u2019 comercial, para limitar trocas ou investimentos. A estrat\u00e9gia europeia \u00e9, acima de tudo, diplom\u00e1tica, com foco no di\u00e1logo com os EUA e na coopera\u00e7\u00e3o em quest\u00f5es como a seguran\u00e7a no \u00c1rtico, refor\u00e7ando o apoio \u00e0 Dinamarca e \u00e0 Gronel\u00e2ndia.","og_url":"https:\/\/portaltela.pt\/noticias\/2026\/01\/22\/ue-busca-demonstrar-unidade-perante-ameacas-dos-eua\/","og_site_name":"Portal Tela Portugal","article_published_time":"2026-01-22T07:14:00+00:00","author":"Telinha","twitter_card":"summary_large_image","twitter_misc":{"Escrito por":"Telinha","Tempo estimado de leitura":"2 minutos"},"schema":{"@context":"https:\/\/schema.org","@graph":[{"@type":"Article","@id":"https:\/\/portaltela.pt\/noticias\/2026\/01\/22\/ue-busca-demonstrar-unidade-perante-ameacas-dos-eua\/#article","isPartOf":{"@id":"https:\/\/portaltela.pt\/noticias\/2026\/01\/22\/ue-busca-demonstrar-unidade-perante-ameacas-dos-eua\/"},"author":{"name":"Telinha","@id":"https:\/\/portaltela.pt\/#\/schema\/person\/c4278d4a6028830caff9ee44b42d32ed"},"headline":"UE busca demonstrar unidade perante amea\u00e7as dos EUA","datePublished":"2026-01-22T07:14:00+00:00","mainEntityOfPage":{"@id":"https:\/\/portaltela.pt\/noticias\/2026\/01\/22\/ue-busca-demonstrar-unidade-perante-ameacas-dos-eua\/"},"wordCount":347,"image":{"@id":"https:\/\/portaltela.pt\/noticias\/2026\/01\/22\/ue-busca-demonstrar-unidade-perante-ameacas-dos-eua\/#primaryimage"},"thumbnailUrl":"https:\/\/portaltela.pt\/s.01k8rhncp4jt1\/2026\/01\/unnamed-file-4576.jpg","keywords":["coopera\u00e7\u00e3o internacional","Estados Unidos","Gronel\u00c3\u00a2ndia","pol\u00edtica","rela\u00e7\u00f5es internacionais","Uni\u00e3o Europeia"],"articleSection":["Internacional","Not\u00edcias"],"inLanguage":"pt-PT"},{"@type":"WebPage","@id":"https:\/\/portaltela.pt\/noticias\/2026\/01\/22\/ue-busca-demonstrar-unidade-perante-ameacas-dos-eua\/","url":"https:\/\/portaltela.pt\/noticias\/2026\/01\/22\/ue-busca-demonstrar-unidade-perante-ameacas-dos-eua\/","name":"UE busca demonstrar unidade perante amea\u00e7as dos EUA - Portal Tela Portugal","isPartOf":{"@id":"https:\/\/portaltela.pt\/#website"},"primaryImageOfPage":{"@id":"https:\/\/portaltela.pt\/noticias\/2026\/01\/22\/ue-busca-demonstrar-unidade-perante-ameacas-dos-eua\/#primaryimage"},"image":{"@id":"https:\/\/portaltela.pt\/noticias\/2026\/01\/22\/ue-busca-demonstrar-unidade-perante-ameacas-dos-eua\/#primaryimage"},"thumbnailUrl":"https:\/\/portaltela.pt\/s.01k8rhncp4jt1\/2026\/01\/unnamed-file-4576.jpg","datePublished":"2026-01-22T07:14:00+00:00","author":{"@id":"https:\/\/portaltela.pt\/#\/schema\/person\/c4278d4a6028830caff9ee44b42d32ed"},"breadcrumb":{"@id":"https:\/\/portaltela.pt\/noticias\/2026\/01\/22\/ue-busca-demonstrar-unidade-perante-ameacas-dos-eua\/#breadcrumb"},"inLanguage":"pt-PT","potentialAction":[{"@type":"ReadAction","target":["https:\/\/portaltela.pt\/noticias\/2026\/01\/22\/ue-busca-demonstrar-unidade-perante-ameacas-dos-eua\/"]}]},{"@type":"ImageObject","inLanguage":"pt-PT","@id":"https:\/\/portaltela.pt\/noticias\/2026\/01\/22\/ue-busca-demonstrar-unidade-perante-ameacas-dos-eua\/#primaryimage","url":"https:\/\/portaltela.pt\/s.01k8rhncp4jt1\/2026\/01\/unnamed-file-4576.jpg","contentUrl":"https:\/\/portaltela.pt\/s.01k8rhncp4jt1\/2026\/01\/unnamed-file-4576.jpg","width":796,"height":448,"caption":"L\u00edderes da UE tentam hoje enviar sinal de unidade face a amea\u00e7as dos EUA"},{"@type":"BreadcrumbList","@id":"https:\/\/portaltela.pt\/noticias\/2026\/01\/22\/ue-busca-demonstrar-unidade-perante-ameacas-dos-eua\/#breadcrumb","itemListElement":[{"@type":"ListItem","position":1,"name":"In\u00edcio","item":"https:\/\/portaltela.pt\/"},{"@type":"ListItem","position":2,"name":"UE busca demonstrar unidade perante amea\u00e7as dos EUA"}]},{"@type":"WebSite","@id":"https:\/\/portaltela.pt\/#website","url":"https:\/\/portaltela.pt\/","name":"Portal Tela Portugal","description":"","potentialAction":[{"@type":"SearchAction","target":{"@type":"EntryPoint","urlTemplate":"https:\/\/portaltela.pt\/?s={search_term_string}"},"query-input":{"@type":"PropertyValueSpecification","valueRequired":true,"valueName":"search_term_string"}}],"inLanguage":"pt-PT"},{"@type":"Person","@id":"https:\/\/portaltela.pt\/#\/schema\/person\/c4278d4a6028830caff9ee44b42d32ed","name":"Telinha","image":{"@type":"ImageObject","inLanguage":"pt-PT","@id":"https:\/\/portaltela.pt\/s.01k8rhncp4jt1\/2025\/11\/talking-bot-125x125.png","url":"https:\/\/portaltela.pt\/s.01k8rhncp4jt1\/2025\/11\/talking-bot-125x125.png","contentUrl":"https:\/\/portaltela.pt\/s.01k8rhncp4jt1\/2025\/11\/talking-bot-125x125.png","caption":"Telinha"},"sameAs":["https:\/\/portaltela.pt\/"],"url":"https:\/\/portaltela.pt\/por\/367410592786\/"}]}},"_links":{"self":[{"href":"https:\/\/portaltela.pt\/api\/wp\/v2\/posts\/162333","targetHints":{"allow":["GET"]}}],"collection":[{"href":"https:\/\/portaltela.pt\/api\/wp\/v2\/posts"}],"about":[{"href":"https:\/\/portaltela.pt\/api\/wp\/v2\/types\/post"}],"author":[{"embeddable":true,"href":"https:\/\/portaltela.pt\/api\/wp\/v2\/users\/2"}],"replies":[{"embeddable":true,"href":"https:\/\/portaltela.pt\/api\/wp\/v2\/comments?post=162333"}],"version-history":[{"count":0,"href":"https:\/\/portaltela.pt\/api\/wp\/v2\/posts\/162333\/revisions"}],"wp:featuredmedia":[{"embeddable":true,"href":"https:\/\/portaltela.pt\/api\/wp\/v2\/media\/162346"}],"wp:attachment":[{"href":"https:\/\/portaltela.pt\/api\/wp\/v2\/media?parent=162333"}],"wp:term":[{"taxonomy":"category","embeddable":true,"href":"https:\/\/portaltela.pt\/api\/wp\/v2\/categories?post=162333"},{"taxonomy":"post_tag","embeddable":true,"href":"https:\/\/portaltela.pt\/api\/wp\/v2\/tags?post=162333"}],"curies":[{"name":"wp","href":"https:\/\/api.w.org\/{rel}","templated":true}]}}