{"id":162238,"date":"2026-01-22T02:05:23","date_gmt":"2026-01-22T05:05:23","guid":{"rendered":"https:\/\/portaltela.pt\/noticias\/2026\/01\/22\/passeios-de-seniores-para-fatima-com-lotacao-esgotada\/"},"modified":"2026-01-22T02:05:23","modified_gmt":"2026-01-22T05:05:23","slug":"passeios-de-seniores-para-fatima-com-lotacao-esgotada","status":"publish","type":"post","link":"https:\/\/portaltela.pt\/noticias\/2026\/01\/22\/passeios-de-seniores-para-fatima-com-lotacao-esgotada\/","title":{"rendered":"Passeios de s\u00e9niores para F\u00e1tima com lota\u00e7\u00e3o esgotada"},"content":{"rendered":"<p>O Passeio S\u00e9nior para F\u00e1tima est\u00e1 completamente esgotado nos dias 17 e 24 de maio, com mais de 1000 participantes confirmados. A procura excedeu a oferta dispon\u00edvel.<\/p>\n<p>As Juntas de Freguesia e v\u00e1rias institui\u00e7\u00f5es desempenharam um papel decisivo, acelerando as reservas e contribuindo para o esgotamento em pouco tempo.<\/p>\n<p>Ainda n\u00e3o existem limita\u00e7\u00f5es para outros destinos: h\u00e1 vagas para Santiago de Compostela, em 20 de junho, e para Malafaia, em 26 de julho.<\/p>\n<h3>Vagas dispon\u00edveis noutros destinos<\/h3>\n<p>As inscri\u00e7\u00f5es para estes dois itiner\u00e1rios permanecem abertas, com vagas redistribu\u00eddas conforme a lota\u00e7\u00e3o. As autoridades locais recomendam confirmar rapidamente para assegurar lugar.<\/p>\n","protected":false},"excerpt":{"rendered":"<ul>\n<li>A lota\u00e7\u00e3o dos Passeios Seniores para F\u00e1tima nos dias 17 e 24 de maio est\u00e1 esgotada, com mais de 1000 participantes no total.<\/li>\n<li>As reservas aceleraram devido ao trabalho das Juntas de Freguesia e Institui\u00e7\u00f5es.<\/li>\n<li>Os lugares dispon\u00edveis esgotaram-se em menos tempo.<\/li>\n<li>Ainda existem vagas para os passeios com destino a Santiago de Compostela (20 de junho) e para a Malafaia (26 de julho).<\/li>\n<\/ul>\n","protected":false},"author":2,"featured_media":162242,"comment_status":"closed","ping_status":"closed","sticky":false,"template":"","format":"standard","meta":{"footnotes":""},"categories":[1],"tags":[2736,1014,2898,169,71],"class_list":["post-162238","post","type-post","status-publish","format-standard","has-post-thumbnail","hentry","category-noticias","tag-idosos","tag-portugal","tag-santiago-do-cacem","tag-turismo","tag-viagens"],"yoast_head":"<!-- This site is optimized with the Yoast SEO plugin v27.2 - https:\/\/yoast.com\/product\/yoast-seo-wordpress\/ -->\n<title>Passeios de s\u00e9niores para F\u00e1tima com lota\u00e7\u00e3o esgotada - Portal Tela Portugal<\/title>\n<meta name=\"robots\" content=\"index, follow, max-snippet:-1, max-image-preview:large, max-video-preview:-1\" \/>\n<meta property=\"og:locale\" content=\"pt_PT\" \/>\n<meta property=\"og:type\" content=\"article\" \/>\n<meta property=\"og:title\" content=\"Passeios de s\u00e9niores para F\u00e1tima com lota\u00e7\u00e3o esgotada - Portal Tela Portugal\" \/>\n<meta property=\"og:description\" content=\"A lota\u00e7\u00e3o dos Passeios Seniores para F\u00e1tima nos dias 17 e 24 de maio est\u00e1 esgotada, com mais de 1000 participantes no total. As reservas aceleraram devido ao trabalho das Juntas de Freguesia e Institui\u00e7\u00f5es. Os lugares dispon\u00edveis esgotaram-se em menos tempo. Ainda existem vagas para os passeios com destino a Santiago de Compostela (20 de junho) e para a Malafaia (26 de julho).\" \/>\n<meta property=\"og:url\" content=\"https:\/\/portaltela.pt\/noticias\/2026\/01\/22\/passeios-de-seniores-para-fatima-com-lotacao-esgotada\/\" \/>\n<meta property=\"og:site_name\" content=\"Portal Tela Portugal\" \/>\n<meta property=\"article:published_time\" content=\"2026-01-22T05:05:23+00:00\" \/>\n<meta name=\"author\" content=\"Telinha\" \/>\n<meta name=\"twitter:card\" content=\"summary_large_image\" \/>\n<meta name=\"twitter:label1\" content=\"Escrito por\" \/>\n\t<meta name=\"twitter:data1\" content=\"Telinha\" \/>\n\t<meta name=\"twitter:label2\" content=\"Tempo estimado de leitura\" \/>\n\t<meta name=\"twitter:data2\" content=\"1 minuto\" \/>\n<script type=\"application\/ld+json\" class=\"yoast-schema-graph\">{\"@context\":\"https:\/\/schema.org\",\"@graph\":[{\"@type\":\"Article\",\"@id\":\"https:\/\/portaltela.pt\/noticias\/2026\/01\/22\/passeios-de-seniores-para-fatima-com-lotacao-esgotada\/#article\",\"isPartOf\":{\"@id\":\"https:\/\/portaltela.pt\/noticias\/2026\/01\/22\/passeios-de-seniores-para-fatima-com-lotacao-esgotada\/\"},\"author\":{\"name\":\"Telinha\",\"@id\":\"https:\/\/portaltela.pt\/#\/schema\/person\/c4278d4a6028830caff9ee44b42d32ed\"},\"headline\":\"Passeios de s\u00e9niores para F\u00e1tima com lota\u00e7\u00e3o esgotada\",\"datePublished\":\"2026-01-22T05:05:23+00:00\",\"mainEntityOfPage\":{\"@id\":\"https:\/\/portaltela.pt\/noticias\/2026\/01\/22\/passeios-de-seniores-para-fatima-com-lotacao-esgotada\/\"},\"wordCount\":118,\"image\":{\"@id\":\"https:\/\/portaltela.pt\/noticias\/2026\/01\/22\/passeios-de-seniores-para-fatima-com-lotacao-esgotada\/#primaryimage\"},\"thumbnailUrl\":\"https:\/\/portaltela.pt\/s.01k8rhncp4jt1\/2026\/01\/unnamed-file-4565.jpg\",\"keywords\":[\"idosos\",\"Portugal\",\"Santiago do Cac\u00e9m\",\"turismo\",\"viagens\"],\"articleSection\":[\"Not\u00edcias\"],\"inLanguage\":\"pt-PT\"},{\"@type\":\"WebPage\",\"@id\":\"https:\/\/portaltela.pt\/noticias\/2026\/01\/22\/passeios-de-seniores-para-fatima-com-lotacao-esgotada\/\",\"url\":\"https:\/\/portaltela.pt\/noticias\/2026\/01\/22\/passeios-de-seniores-para-fatima-com-lotacao-esgotada\/\",\"name\":\"Passeios de s\u00e9niores para F\u00e1tima com lota\u00e7\u00e3o esgotada - Portal Tela Portugal\",\"isPartOf\":{\"@id\":\"https:\/\/portaltela.pt\/#website\"},\"primaryImageOfPage\":{\"@id\":\"https:\/\/portaltela.pt\/noticias\/2026\/01\/22\/passeios-de-seniores-para-fatima-com-lotacao-esgotada\/#primaryimage\"},\"image\":{\"@id\":\"https:\/\/portaltela.pt\/noticias\/2026\/01\/22\/passeios-de-seniores-para-fatima-com-lotacao-esgotada\/#primaryimage\"},\"thumbnailUrl\":\"https:\/\/portaltela.pt\/s.01k8rhncp4jt1\/2026\/01\/unnamed-file-4565.jpg\",\"datePublished\":\"2026-01-22T05:05:23+00:00\",\"author\":{\"@id\":\"https:\/\/portaltela.pt\/#\/schema\/person\/c4278d4a6028830caff9ee44b42d32ed\"},\"breadcrumb\":{\"@id\":\"https:\/\/portaltela.pt\/noticias\/2026\/01\/22\/passeios-de-seniores-para-fatima-com-lotacao-esgotada\/#breadcrumb\"},\"inLanguage\":\"pt-PT\",\"potentialAction\":[{\"@type\":\"ReadAction\",\"target\":[\"https:\/\/portaltela.pt\/noticias\/2026\/01\/22\/passeios-de-seniores-para-fatima-com-lotacao-esgotada\/\"]}]},{\"@type\":\"ImageObject\",\"inLanguage\":\"pt-PT\",\"@id\":\"https:\/\/portaltela.pt\/noticias\/2026\/01\/22\/passeios-de-seniores-para-fatima-com-lotacao-esgotada\/#primaryimage\",\"url\":\"https:\/\/portaltela.pt\/s.01k8rhncp4jt1\/2026\/01\/unnamed-file-4565.jpg\",\"contentUrl\":\"https:\/\/portaltela.pt\/s.01k8rhncp4jt1\/2026\/01\/unnamed-file-4565.jpg\",\"width\":796,\"height\":448,\"caption\":\"Passeios seniores para F\u00e1tima com lota\u00e7\u00e3o esgotada\"},{\"@type\":\"BreadcrumbList\",\"@id\":\"https:\/\/portaltela.pt\/noticias\/2026\/01\/22\/passeios-de-seniores-para-fatima-com-lotacao-esgotada\/#breadcrumb\",\"itemListElement\":[{\"@type\":\"ListItem\",\"position\":1,\"name\":\"In\u00edcio\",\"item\":\"https:\/\/portaltela.pt\/\"},{\"@type\":\"ListItem\",\"position\":2,\"name\":\"Passeios de s\u00e9niores para F\u00e1tima com lota\u00e7\u00e3o esgotada\"}]},{\"@type\":\"WebSite\",\"@id\":\"https:\/\/portaltela.pt\/#website\",\"url\":\"https:\/\/portaltela.pt\/\",\"name\":\"Portal Tela Portugal\",\"description\":\"\",\"potentialAction\":[{\"@type\":\"SearchAction\",\"target\":{\"@type\":\"EntryPoint\",\"urlTemplate\":\"https:\/\/portaltela.pt\/?s={search_term_string}\"},\"query-input\":{\"@type\":\"PropertyValueSpecification\",\"valueRequired\":true,\"valueName\":\"search_term_string\"}}],\"inLanguage\":\"pt-PT\"},{\"@type\":\"Person\",\"@id\":\"https:\/\/portaltela.pt\/#\/schema\/person\/c4278d4a6028830caff9ee44b42d32ed\",\"name\":\"Telinha\",\"image\":{\"@type\":\"ImageObject\",\"inLanguage\":\"pt-PT\",\"@id\":\"https:\/\/portaltela.pt\/s.01k8rhncp4jt1\/2025\/11\/talking-bot-125x125.png\",\"url\":\"https:\/\/portaltela.pt\/s.01k8rhncp4jt1\/2025\/11\/talking-bot-125x125.png\",\"contentUrl\":\"https:\/\/portaltela.pt\/s.01k8rhncp4jt1\/2025\/11\/talking-bot-125x125.png\",\"caption\":\"Telinha\"},\"sameAs\":[\"https:\/\/portaltela.pt\/\"],\"url\":\"https:\/\/portaltela.pt\/por\/367410592786\/\"}]}<\/script>\n<!-- \/ Yoast SEO plugin. -->","yoast_head_json":{"title":"Passeios de s\u00e9niores para F\u00e1tima com lota\u00e7\u00e3o esgotada - Portal Tela Portugal","robots":{"index":"index","follow":"follow","max-snippet":"max-snippet:-1","max-image-preview":"max-image-preview:large","max-video-preview":"max-video-preview:-1"},"og_locale":"pt_PT","og_type":"article","og_title":"Passeios de s\u00e9niores para F\u00e1tima com lota\u00e7\u00e3o esgotada - Portal Tela Portugal","og_description":"A lota\u00e7\u00e3o dos Passeios Seniores para F\u00e1tima nos dias 17 e 24 de maio est\u00e1 esgotada, com mais de 1000 participantes no total. As reservas aceleraram devido ao trabalho das Juntas de Freguesia e Institui\u00e7\u00f5es. Os lugares dispon\u00edveis esgotaram-se em menos tempo. Ainda existem vagas para os passeios com destino a Santiago de Compostela (20 de junho) e para a Malafaia (26 de julho).","og_url":"https:\/\/portaltela.pt\/noticias\/2026\/01\/22\/passeios-de-seniores-para-fatima-com-lotacao-esgotada\/","og_site_name":"Portal Tela Portugal","article_published_time":"2026-01-22T05:05:23+00:00","author":"Telinha","twitter_card":"summary_large_image","twitter_misc":{"Escrito por":"Telinha","Tempo estimado de leitura":"1 minuto"},"schema":{"@context":"https:\/\/schema.org","@graph":[{"@type":"Article","@id":"https:\/\/portaltela.pt\/noticias\/2026\/01\/22\/passeios-de-seniores-para-fatima-com-lotacao-esgotada\/#article","isPartOf":{"@id":"https:\/\/portaltela.pt\/noticias\/2026\/01\/22\/passeios-de-seniores-para-fatima-com-lotacao-esgotada\/"},"author":{"name":"Telinha","@id":"https:\/\/portaltela.pt\/#\/schema\/person\/c4278d4a6028830caff9ee44b42d32ed"},"headline":"Passeios de s\u00e9niores para F\u00e1tima com lota\u00e7\u00e3o esgotada","datePublished":"2026-01-22T05:05:23+00:00","mainEntityOfPage":{"@id":"https:\/\/portaltela.pt\/noticias\/2026\/01\/22\/passeios-de-seniores-para-fatima-com-lotacao-esgotada\/"},"wordCount":118,"image":{"@id":"https:\/\/portaltela.pt\/noticias\/2026\/01\/22\/passeios-de-seniores-para-fatima-com-lotacao-esgotada\/#primaryimage"},"thumbnailUrl":"https:\/\/portaltela.pt\/s.01k8rhncp4jt1\/2026\/01\/unnamed-file-4565.jpg","keywords":["idosos","Portugal","Santiago do Cac\u00e9m","turismo","viagens"],"articleSection":["Not\u00edcias"],"inLanguage":"pt-PT"},{"@type":"WebPage","@id":"https:\/\/portaltela.pt\/noticias\/2026\/01\/22\/passeios-de-seniores-para-fatima-com-lotacao-esgotada\/","url":"https:\/\/portaltela.pt\/noticias\/2026\/01\/22\/passeios-de-seniores-para-fatima-com-lotacao-esgotada\/","name":"Passeios de s\u00e9niores para F\u00e1tima com lota\u00e7\u00e3o esgotada - Portal Tela Portugal","isPartOf":{"@id":"https:\/\/portaltela.pt\/#website"},"primaryImageOfPage":{"@id":"https:\/\/portaltela.pt\/noticias\/2026\/01\/22\/passeios-de-seniores-para-fatima-com-lotacao-esgotada\/#primaryimage"},"image":{"@id":"https:\/\/portaltela.pt\/noticias\/2026\/01\/22\/passeios-de-seniores-para-fatima-com-lotacao-esgotada\/#primaryimage"},"thumbnailUrl":"https:\/\/portaltela.pt\/s.01k8rhncp4jt1\/2026\/01\/unnamed-file-4565.jpg","datePublished":"2026-01-22T05:05:23+00:00","author":{"@id":"https:\/\/portaltela.pt\/#\/schema\/person\/c4278d4a6028830caff9ee44b42d32ed"},"breadcrumb":{"@id":"https:\/\/portaltela.pt\/noticias\/2026\/01\/22\/passeios-de-seniores-para-fatima-com-lotacao-esgotada\/#breadcrumb"},"inLanguage":"pt-PT","potentialAction":[{"@type":"ReadAction","target":["https:\/\/portaltela.pt\/noticias\/2026\/01\/22\/passeios-de-seniores-para-fatima-com-lotacao-esgotada\/"]}]},{"@type":"ImageObject","inLanguage":"pt-PT","@id":"https:\/\/portaltela.pt\/noticias\/2026\/01\/22\/passeios-de-seniores-para-fatima-com-lotacao-esgotada\/#primaryimage","url":"https:\/\/portaltela.pt\/s.01k8rhncp4jt1\/2026\/01\/unnamed-file-4565.jpg","contentUrl":"https:\/\/portaltela.pt\/s.01k8rhncp4jt1\/2026\/01\/unnamed-file-4565.jpg","width":796,"height":448,"caption":"Passeios seniores para F\u00e1tima com lota\u00e7\u00e3o esgotada"},{"@type":"BreadcrumbList","@id":"https:\/\/portaltela.pt\/noticias\/2026\/01\/22\/passeios-de-seniores-para-fatima-com-lotacao-esgotada\/#breadcrumb","itemListElement":[{"@type":"ListItem","position":1,"name":"In\u00edcio","item":"https:\/\/portaltela.pt\/"},{"@type":"ListItem","position":2,"name":"Passeios de s\u00e9niores para F\u00e1tima com lota\u00e7\u00e3o esgotada"}]},{"@type":"WebSite","@id":"https:\/\/portaltela.pt\/#website","url":"https:\/\/portaltela.pt\/","name":"Portal Tela Portugal","description":"","potentialAction":[{"@type":"SearchAction","target":{"@type":"EntryPoint","urlTemplate":"https:\/\/portaltela.pt\/?s={search_term_string}"},"query-input":{"@type":"PropertyValueSpecification","valueRequired":true,"valueName":"search_term_string"}}],"inLanguage":"pt-PT"},{"@type":"Person","@id":"https:\/\/portaltela.pt\/#\/schema\/person\/c4278d4a6028830caff9ee44b42d32ed","name":"Telinha","image":{"@type":"ImageObject","inLanguage":"pt-PT","@id":"https:\/\/portaltela.pt\/s.01k8rhncp4jt1\/2025\/11\/talking-bot-125x125.png","url":"https:\/\/portaltela.pt\/s.01k8rhncp4jt1\/2025\/11\/talking-bot-125x125.png","contentUrl":"https:\/\/portaltela.pt\/s.01k8rhncp4jt1\/2025\/11\/talking-bot-125x125.png","caption":"Telinha"},"sameAs":["https:\/\/portaltela.pt\/"],"url":"https:\/\/portaltela.pt\/por\/367410592786\/"}]}},"_links":{"self":[{"href":"https:\/\/portaltela.pt\/api\/wp\/v2\/posts\/162238","targetHints":{"allow":["GET"]}}],"collection":[{"href":"https:\/\/portaltela.pt\/api\/wp\/v2\/posts"}],"about":[{"href":"https:\/\/portaltela.pt\/api\/wp\/v2\/types\/post"}],"author":[{"embeddable":true,"href":"https:\/\/portaltela.pt\/api\/wp\/v2\/users\/2"}],"replies":[{"embeddable":true,"href":"https:\/\/portaltela.pt\/api\/wp\/v2\/comments?post=162238"}],"version-history":[{"count":0,"href":"https:\/\/portaltela.pt\/api\/wp\/v2\/posts\/162238\/revisions"}],"wp:featuredmedia":[{"embeddable":true,"href":"https:\/\/portaltela.pt\/api\/wp\/v2\/media\/162242"}],"wp:attachment":[{"href":"https:\/\/portaltela.pt\/api\/wp\/v2\/media?parent=162238"}],"wp:term":[{"taxonomy":"category","embeddable":true,"href":"https:\/\/portaltela.pt\/api\/wp\/v2\/categories?post=162238"},{"taxonomy":"post_tag","embeddable":true,"href":"https:\/\/portaltela.pt\/api\/wp\/v2\/tags?post=162238"}],"curies":[{"name":"wp","href":"https:\/\/api.w.org\/{rel}","templated":true}]}}