{"id":162215,"date":"2026-01-22T00:14:55","date_gmt":"2026-01-22T03:14:55","guid":{"rendered":"https:\/\/portaltela.pt\/noticias\/2026\/01\/22\/assembleia-municipal-de-vagos-aprova-taxas-municipais-e-medidas-de-reequilibrio-financeiro\/"},"modified":"2026-01-22T00:14:55","modified_gmt":"2026-01-22T03:14:55","slug":"assembleia-municipal-de-vagos-aprova-taxas-municipais-e-medidas-de-reequilibrio-financeiro","status":"publish","type":"post","link":"https:\/\/portaltela.pt\/noticias\/2026\/01\/22\/assembleia-municipal-de-vagos-aprova-taxas-municipais-e-medidas-de-reequilibrio-financeiro\/","title":{"rendered":"Assembleia Municipal de Vagos aprova taxas municipais e medidas de reequil\u00edbrio financeiro"},"content":{"rendered":"<p>A Assembleia Municipal de Vagos aprovou, na sess\u00e3o de 28 de novembro, as taxas municipais para 2026 e um conjunto de medidas para o reequil\u00edbrio financeiro do munic\u00edpio. A decis\u00e3o surge ap\u00f3s a C\u00e2mara ter acelerado fundos comunit\u00e1rios no final de 2023, assumindo risco de tesouraria.<\/p>\n<p>O objetivo \u00e9 aumentar a receita e reduzir despesas, num contexto de impossibilidade legal de recorrer a empr\u00e9stimo para saneamento financeiro. As medidas visam curto e m\u00e9dio prazo, com impactos diretos nas fam\u00edlias, com\u00e9rcio e entidades locais.<\/p>\n<h3>Medidas de reequil\u00edbrio financeiro<\/h3>\n<p>Entre as medidas de redu\u00e7\u00e3o de despesa, destacam-se a conten\u00e7\u00e3o de eventos municipais, revis\u00e3o de apoios \u00e0s Juntas de Freguesia e redu\u00e7\u00e3o de gastos com pessoal. Elimina\u00e7\u00e3o de despesas n\u00e3o essenciais e melhoria de procedimentos de contrata\u00e7\u00e3o p\u00fablica tamb\u00e9m est\u00e3o previstas.<\/p>\n<p>A atualiza\u00e7\u00e3o de taxas municipais, a implementar de forma tempor\u00e1ria, pretende facilitar um reequil\u00edbrio financeiro est\u00e1vel. A aplica\u00e7\u00e3o ser\u00e1 acompanhada de redu\u00e7\u00f5es ou isen\u00e7\u00f5es em outras taxas.<\/p>\n<h3>Tributa\u00e7\u00e3o municipal<\/h3>\n<p>Atualiza\u00e7\u00e3o da taxa de IMI para pr\u00e9dios urbanos em 2025 foi aprovada em 0,4%, mais 0,1 p.p. face ao anterior. A taxa mant\u00e9m-se abaixo de muitos munic\u00edpios e longe da m\u00e1xima, com benef\u00edcios de IMI Familiar para fam\u00edlias com dependentes.<\/p>\n<p>As dedu\u00e7\u00f5es fixas reduzem o impacto: 30\u20ac (1 dependente), 70\u20ac (2 dependentes) e 140\u20ac (3 ou mais). Estas medidas convivem com redu\u00e7\u00f5es de outras taxas no or\u00e7amento de 2026.<\/p>\n<p>A Derrama sobre o lucro tribut\u00e1vel manteve-se: 0,10% para volume de neg\u00f3cios at\u00e9 150 mil euros e 1,50% para valores acima desse limiar. O objetivo \u00e9 facilitar a competitividade empresarial local.<\/p>\n<h3>IRS, TMDP e representa\u00e7\u00f5es<\/h3>\n<p>Foi aprovada a participa\u00e7\u00e3o vari\u00e1vel no IRS dos residentes no concelho, fixando 5% a favor do Munic\u00edpio de Vagos. O efeito financeiro entra em vigor em 2027, conforme norma vigente.<\/p>\n<p>A Taxa Municipal de Direitos de Passagem (TMDP) foi mantida em 0,25%, alinhada com anos anteriores, conforme a Lei das Comunica\u00e7\u00f5es Eletr\u00f3nicas.<\/p>\n<h3>Elei\u00e7\u00f5es e contratos<\/h3>\n<p>Na sess\u00e3o, o plen\u00e1rio elegeu representantes para o XXVII Congresso da ANMP: Marisa Santos Silva e Rui Filipe de Oliveira Fernandes. Foram ainda eleitos representantes na CIRA e na CPCJ, respetivamente.<\/p>\n<p>Por fim, foi aprovado por unanimidade um contrato de comodato com a Junta de Freguesia de Vagos, v\u00e1lido por 1 ano, prorrog\u00e1vel, para uso da Esta\u00e7\u00e3o Central de Camionagem para armazenagem e estacionamento de ve\u00edculos.<\/p>\n","protected":false},"excerpt":{"rendered":"<ul>\n<li>A Assembleia Municipal de Vagos aprovou as taxas municipais para 2026 e medidas de reequil\u00edbrio financeiro do Munic\u00edpio.<\/li>\n<li>A atualiza\u00e7\u00e3o da taxa de IMI para pr\u00e9dios urbanos ficou em 0,4% para 2025, com dedu\u00e7\u00f5es fixas de IMI Familiar (30\u20ac a 1 dependente, 70\u20ac a 2 dependentes, 140\u20ac a 3 ou mais), e redu\u00e7\u00e3o\/isen\u00e7\u00f5es de outras taxas previstas para 2026.<\/li>\n<li>Derrama sobre o lucro tribut\u00e1vel (IRC) mant\u00e9m 0,10% para neg\u00f3cios at\u00e9 150.000\u20ac, e 1,50% para volumes superiores a esse valor.<\/li>\n<li>A participa\u00e7\u00e3o vari\u00e1vel no IRS de 5% apurada aos sujeitos passivos residentes no concelho reverte integralmente para o Munic\u00edpio de Vagos, a vigorar a partir de 2027.<\/li>\n<li>Foram ainda fixadas a TMDP em 0,25%, e houve as elei\u00e7\u00f5es para representantes em \u00f3rg\u00e3os intermunicipais e a celebra\u00e7\u00e3o de um contrato de comodato com a Junta de Freguesia de Vagos para uso da Esta\u00e7\u00e3o Central de Camionagem por um ano.<\/li>\n<\/ul>\n","protected":false},"author":2,"featured_media":162218,"comment_status":"closed","ping_status":"closed","sticky":false,"template":"","format":"standard","meta":{"footnotes":""},"categories":[1],"tags":[703,1209,2415,1208,3613,2093],"class_list":["post-162215","post","type-post","status-publish","format-standard","has-post-thumbnail","hentry","category-noticias","tag-camara","tag-derrama","tag-gestao","tag-imi","tag-impostos","tag-municipios"],"yoast_head":"<!-- This site is optimized with the Yoast SEO plugin v27.2 - https:\/\/yoast.com\/product\/yoast-seo-wordpress\/ -->\n<title>Assembleia Municipal de Vagos aprova taxas municipais e medidas de reequil\u00edbrio financeiro - Portal Tela Portugal<\/title>\n<meta name=\"robots\" content=\"index, follow, max-snippet:-1, max-image-preview:large, max-video-preview:-1\" \/>\n<meta property=\"og:locale\" content=\"pt_PT\" \/>\n<meta property=\"og:type\" content=\"article\" \/>\n<meta property=\"og:title\" content=\"Assembleia Municipal de Vagos aprova taxas municipais e medidas de reequil\u00edbrio financeiro - Portal Tela Portugal\" \/>\n<meta property=\"og:description\" content=\"A Assembleia Municipal de Vagos aprovou as taxas municipais para 2026 e medidas de reequil\u00edbrio financeiro do Munic\u00edpio. A atualiza\u00e7\u00e3o da taxa de IMI para pr\u00e9dios urbanos ficou em 0,4% para 2025, com dedu\u00e7\u00f5es fixas de IMI Familiar (30\u20ac a 1 dependente, 70\u20ac a 2 dependentes, 140\u20ac a 3 ou mais), e redu\u00e7\u00e3o\/isen\u00e7\u00f5es de outras taxas previstas para 2026. Derrama sobre o lucro tribut\u00e1vel (IRC) mant\u00e9m 0,10% para neg\u00f3cios at\u00e9 150.000\u20ac, e 1,50% para volumes superiores a esse valor. A participa\u00e7\u00e3o vari\u00e1vel no IRS de 5% apurada aos sujeitos passivos residentes no concelho reverte integralmente para o Munic\u00edpio de Vagos, a vigorar a partir de 2027. Foram ainda fixadas a TMDP em 0,25%, e houve as elei\u00e7\u00f5es para representantes em \u00f3rg\u00e3os intermunicipais e a celebra\u00e7\u00e3o de um contrato de comodato com a Junta de Freguesia de Vagos para uso da Esta\u00e7\u00e3o Central de Camionagem por um ano.\" \/>\n<meta property=\"og:url\" content=\"https:\/\/portaltela.pt\/noticias\/2026\/01\/22\/assembleia-municipal-de-vagos-aprova-taxas-municipais-e-medidas-de-reequilibrio-financeiro\/\" \/>\n<meta property=\"og:site_name\" content=\"Portal Tela Portugal\" \/>\n<meta property=\"article:published_time\" content=\"2026-01-22T03:14:55+00:00\" \/>\n<meta name=\"author\" content=\"Telinha\" \/>\n<meta name=\"twitter:card\" content=\"summary_large_image\" \/>\n<meta name=\"twitter:label1\" content=\"Escrito por\" \/>\n\t<meta name=\"twitter:data1\" content=\"Telinha\" \/>\n\t<meta name=\"twitter:label2\" content=\"Tempo estimado de leitura\" \/>\n\t<meta name=\"twitter:data2\" content=\"2 minutos\" \/>\n<script type=\"application\/ld+json\" class=\"yoast-schema-graph\">{\"@context\":\"https:\/\/schema.org\",\"@graph\":[{\"@type\":\"Article\",\"@id\":\"https:\/\/portaltela.pt\/noticias\/2026\/01\/22\/assembleia-municipal-de-vagos-aprova-taxas-municipais-e-medidas-de-reequilibrio-financeiro\/#article\",\"isPartOf\":{\"@id\":\"https:\/\/portaltela.pt\/noticias\/2026\/01\/22\/assembleia-municipal-de-vagos-aprova-taxas-municipais-e-medidas-de-reequilibrio-financeiro\/\"},\"author\":{\"name\":\"Telinha\",\"@id\":\"https:\/\/portaltela.pt\/#\/schema\/person\/c4278d4a6028830caff9ee44b42d32ed\"},\"headline\":\"Assembleia Municipal de Vagos aprova taxas municipais e medidas de reequil\u00edbrio financeiro\",\"datePublished\":\"2026-01-22T03:14:55+00:00\",\"mainEntityOfPage\":{\"@id\":\"https:\/\/portaltela.pt\/noticias\/2026\/01\/22\/assembleia-municipal-de-vagos-aprova-taxas-municipais-e-medidas-de-reequilibrio-financeiro\/\"},\"wordCount\":429,\"image\":{\"@id\":\"https:\/\/portaltela.pt\/noticias\/2026\/01\/22\/assembleia-municipal-de-vagos-aprova-taxas-municipais-e-medidas-de-reequilibrio-financeiro\/#primaryimage\"},\"thumbnailUrl\":\"https:\/\/portaltela.pt\/s.01k8rhncp4jt1\/2026\/01\/unnamed-file-4560.jpg\",\"keywords\":[\"c\u00e2mara\",\"Derrama\",\"gest\u00e3o\",\"IMI\",\"impostos\",\"munic\u00edpios\"],\"articleSection\":[\"Not\u00edcias\"],\"inLanguage\":\"pt-PT\"},{\"@type\":\"WebPage\",\"@id\":\"https:\/\/portaltela.pt\/noticias\/2026\/01\/22\/assembleia-municipal-de-vagos-aprova-taxas-municipais-e-medidas-de-reequilibrio-financeiro\/\",\"url\":\"https:\/\/portaltela.pt\/noticias\/2026\/01\/22\/assembleia-municipal-de-vagos-aprova-taxas-municipais-e-medidas-de-reequilibrio-financeiro\/\",\"name\":\"Assembleia Municipal de Vagos aprova taxas municipais e medidas de reequil\u00edbrio financeiro - Portal Tela Portugal\",\"isPartOf\":{\"@id\":\"https:\/\/portaltela.pt\/#website\"},\"primaryImageOfPage\":{\"@id\":\"https:\/\/portaltela.pt\/noticias\/2026\/01\/22\/assembleia-municipal-de-vagos-aprova-taxas-municipais-e-medidas-de-reequilibrio-financeiro\/#primaryimage\"},\"image\":{\"@id\":\"https:\/\/portaltela.pt\/noticias\/2026\/01\/22\/assembleia-municipal-de-vagos-aprova-taxas-municipais-e-medidas-de-reequilibrio-financeiro\/#primaryimage\"},\"thumbnailUrl\":\"https:\/\/portaltela.pt\/s.01k8rhncp4jt1\/2026\/01\/unnamed-file-4560.jpg\",\"datePublished\":\"2026-01-22T03:14:55+00:00\",\"author\":{\"@id\":\"https:\/\/portaltela.pt\/#\/schema\/person\/c4278d4a6028830caff9ee44b42d32ed\"},\"breadcrumb\":{\"@id\":\"https:\/\/portaltela.pt\/noticias\/2026\/01\/22\/assembleia-municipal-de-vagos-aprova-taxas-municipais-e-medidas-de-reequilibrio-financeiro\/#breadcrumb\"},\"inLanguage\":\"pt-PT\",\"potentialAction\":[{\"@type\":\"ReadAction\",\"target\":[\"https:\/\/portaltela.pt\/noticias\/2026\/01\/22\/assembleia-municipal-de-vagos-aprova-taxas-municipais-e-medidas-de-reequilibrio-financeiro\/\"]}]},{\"@type\":\"ImageObject\",\"inLanguage\":\"pt-PT\",\"@id\":\"https:\/\/portaltela.pt\/noticias\/2026\/01\/22\/assembleia-municipal-de-vagos-aprova-taxas-municipais-e-medidas-de-reequilibrio-financeiro\/#primaryimage\",\"url\":\"https:\/\/portaltela.pt\/s.01k8rhncp4jt1\/2026\/01\/unnamed-file-4560.jpg\",\"contentUrl\":\"https:\/\/portaltela.pt\/s.01k8rhncp4jt1\/2026\/01\/unnamed-file-4560.jpg\",\"width\":796,\"height\":448,\"caption\":\"Photo\"},{\"@type\":\"BreadcrumbList\",\"@id\":\"https:\/\/portaltela.pt\/noticias\/2026\/01\/22\/assembleia-municipal-de-vagos-aprova-taxas-municipais-e-medidas-de-reequilibrio-financeiro\/#breadcrumb\",\"itemListElement\":[{\"@type\":\"ListItem\",\"position\":1,\"name\":\"In\u00edcio\",\"item\":\"https:\/\/portaltela.pt\/\"},{\"@type\":\"ListItem\",\"position\":2,\"name\":\"Assembleia Municipal de Vagos aprova taxas municipais e medidas de reequil\u00edbrio financeiro\"}]},{\"@type\":\"WebSite\",\"@id\":\"https:\/\/portaltela.pt\/#website\",\"url\":\"https:\/\/portaltela.pt\/\",\"name\":\"Portal Tela Portugal\",\"description\":\"\",\"potentialAction\":[{\"@type\":\"SearchAction\",\"target\":{\"@type\":\"EntryPoint\",\"urlTemplate\":\"https:\/\/portaltela.pt\/?s={search_term_string}\"},\"query-input\":{\"@type\":\"PropertyValueSpecification\",\"valueRequired\":true,\"valueName\":\"search_term_string\"}}],\"inLanguage\":\"pt-PT\"},{\"@type\":\"Person\",\"@id\":\"https:\/\/portaltela.pt\/#\/schema\/person\/c4278d4a6028830caff9ee44b42d32ed\",\"name\":\"Telinha\",\"image\":{\"@type\":\"ImageObject\",\"inLanguage\":\"pt-PT\",\"@id\":\"https:\/\/portaltela.pt\/s.01k8rhncp4jt1\/2025\/11\/talking-bot-125x125.png\",\"url\":\"https:\/\/portaltela.pt\/s.01k8rhncp4jt1\/2025\/11\/talking-bot-125x125.png\",\"contentUrl\":\"https:\/\/portaltela.pt\/s.01k8rhncp4jt1\/2025\/11\/talking-bot-125x125.png\",\"caption\":\"Telinha\"},\"sameAs\":[\"https:\/\/portaltela.pt\/\"],\"url\":\"https:\/\/portaltela.pt\/por\/367410592786\/\"}]}<\/script>\n<!-- \/ Yoast SEO plugin. -->","yoast_head_json":{"title":"Assembleia Municipal de Vagos aprova taxas municipais e medidas de reequil\u00edbrio financeiro - Portal Tela Portugal","robots":{"index":"index","follow":"follow","max-snippet":"max-snippet:-1","max-image-preview":"max-image-preview:large","max-video-preview":"max-video-preview:-1"},"og_locale":"pt_PT","og_type":"article","og_title":"Assembleia Municipal de Vagos aprova taxas municipais e medidas de reequil\u00edbrio financeiro - Portal Tela Portugal","og_description":"A Assembleia Municipal de Vagos aprovou as taxas municipais para 2026 e medidas de reequil\u00edbrio financeiro do Munic\u00edpio. A atualiza\u00e7\u00e3o da taxa de IMI para pr\u00e9dios urbanos ficou em 0,4% para 2025, com dedu\u00e7\u00f5es fixas de IMI Familiar (30\u20ac a 1 dependente, 70\u20ac a 2 dependentes, 140\u20ac a 3 ou mais), e redu\u00e7\u00e3o\/isen\u00e7\u00f5es de outras taxas previstas para 2026. Derrama sobre o lucro tribut\u00e1vel (IRC) mant\u00e9m 0,10% para neg\u00f3cios at\u00e9 150.000\u20ac, e 1,50% para volumes superiores a esse valor. A participa\u00e7\u00e3o vari\u00e1vel no IRS de 5% apurada aos sujeitos passivos residentes no concelho reverte integralmente para o Munic\u00edpio de Vagos, a vigorar a partir de 2027. Foram ainda fixadas a TMDP em 0,25%, e houve as elei\u00e7\u00f5es para representantes em \u00f3rg\u00e3os intermunicipais e a celebra\u00e7\u00e3o de um contrato de comodato com a Junta de Freguesia de Vagos para uso da Esta\u00e7\u00e3o Central de Camionagem por um ano.","og_url":"https:\/\/portaltela.pt\/noticias\/2026\/01\/22\/assembleia-municipal-de-vagos-aprova-taxas-municipais-e-medidas-de-reequilibrio-financeiro\/","og_site_name":"Portal Tela Portugal","article_published_time":"2026-01-22T03:14:55+00:00","author":"Telinha","twitter_card":"summary_large_image","twitter_misc":{"Escrito por":"Telinha","Tempo estimado de leitura":"2 minutos"},"schema":{"@context":"https:\/\/schema.org","@graph":[{"@type":"Article","@id":"https:\/\/portaltela.pt\/noticias\/2026\/01\/22\/assembleia-municipal-de-vagos-aprova-taxas-municipais-e-medidas-de-reequilibrio-financeiro\/#article","isPartOf":{"@id":"https:\/\/portaltela.pt\/noticias\/2026\/01\/22\/assembleia-municipal-de-vagos-aprova-taxas-municipais-e-medidas-de-reequilibrio-financeiro\/"},"author":{"name":"Telinha","@id":"https:\/\/portaltela.pt\/#\/schema\/person\/c4278d4a6028830caff9ee44b42d32ed"},"headline":"Assembleia Municipal de Vagos aprova taxas municipais e medidas de reequil\u00edbrio financeiro","datePublished":"2026-01-22T03:14:55+00:00","mainEntityOfPage":{"@id":"https:\/\/portaltela.pt\/noticias\/2026\/01\/22\/assembleia-municipal-de-vagos-aprova-taxas-municipais-e-medidas-de-reequilibrio-financeiro\/"},"wordCount":429,"image":{"@id":"https:\/\/portaltela.pt\/noticias\/2026\/01\/22\/assembleia-municipal-de-vagos-aprova-taxas-municipais-e-medidas-de-reequilibrio-financeiro\/#primaryimage"},"thumbnailUrl":"https:\/\/portaltela.pt\/s.01k8rhncp4jt1\/2026\/01\/unnamed-file-4560.jpg","keywords":["c\u00e2mara","Derrama","gest\u00e3o","IMI","impostos","munic\u00edpios"],"articleSection":["Not\u00edcias"],"inLanguage":"pt-PT"},{"@type":"WebPage","@id":"https:\/\/portaltela.pt\/noticias\/2026\/01\/22\/assembleia-municipal-de-vagos-aprova-taxas-municipais-e-medidas-de-reequilibrio-financeiro\/","url":"https:\/\/portaltela.pt\/noticias\/2026\/01\/22\/assembleia-municipal-de-vagos-aprova-taxas-municipais-e-medidas-de-reequilibrio-financeiro\/","name":"Assembleia Municipal de Vagos aprova taxas municipais e medidas de reequil\u00edbrio financeiro - Portal Tela Portugal","isPartOf":{"@id":"https:\/\/portaltela.pt\/#website"},"primaryImageOfPage":{"@id":"https:\/\/portaltela.pt\/noticias\/2026\/01\/22\/assembleia-municipal-de-vagos-aprova-taxas-municipais-e-medidas-de-reequilibrio-financeiro\/#primaryimage"},"image":{"@id":"https:\/\/portaltela.pt\/noticias\/2026\/01\/22\/assembleia-municipal-de-vagos-aprova-taxas-municipais-e-medidas-de-reequilibrio-financeiro\/#primaryimage"},"thumbnailUrl":"https:\/\/portaltela.pt\/s.01k8rhncp4jt1\/2026\/01\/unnamed-file-4560.jpg","datePublished":"2026-01-22T03:14:55+00:00","author":{"@id":"https:\/\/portaltela.pt\/#\/schema\/person\/c4278d4a6028830caff9ee44b42d32ed"},"breadcrumb":{"@id":"https:\/\/portaltela.pt\/noticias\/2026\/01\/22\/assembleia-municipal-de-vagos-aprova-taxas-municipais-e-medidas-de-reequilibrio-financeiro\/#breadcrumb"},"inLanguage":"pt-PT","potentialAction":[{"@type":"ReadAction","target":["https:\/\/portaltela.pt\/noticias\/2026\/01\/22\/assembleia-municipal-de-vagos-aprova-taxas-municipais-e-medidas-de-reequilibrio-financeiro\/"]}]},{"@type":"ImageObject","inLanguage":"pt-PT","@id":"https:\/\/portaltela.pt\/noticias\/2026\/01\/22\/assembleia-municipal-de-vagos-aprova-taxas-municipais-e-medidas-de-reequilibrio-financeiro\/#primaryimage","url":"https:\/\/portaltela.pt\/s.01k8rhncp4jt1\/2026\/01\/unnamed-file-4560.jpg","contentUrl":"https:\/\/portaltela.pt\/s.01k8rhncp4jt1\/2026\/01\/unnamed-file-4560.jpg","width":796,"height":448,"caption":"Photo"},{"@type":"BreadcrumbList","@id":"https:\/\/portaltela.pt\/noticias\/2026\/01\/22\/assembleia-municipal-de-vagos-aprova-taxas-municipais-e-medidas-de-reequilibrio-financeiro\/#breadcrumb","itemListElement":[{"@type":"ListItem","position":1,"name":"In\u00edcio","item":"https:\/\/portaltela.pt\/"},{"@type":"ListItem","position":2,"name":"Assembleia Municipal de Vagos aprova taxas municipais e medidas de reequil\u00edbrio financeiro"}]},{"@type":"WebSite","@id":"https:\/\/portaltela.pt\/#website","url":"https:\/\/portaltela.pt\/","name":"Portal Tela Portugal","description":"","potentialAction":[{"@type":"SearchAction","target":{"@type":"EntryPoint","urlTemplate":"https:\/\/portaltela.pt\/?s={search_term_string}"},"query-input":{"@type":"PropertyValueSpecification","valueRequired":true,"valueName":"search_term_string"}}],"inLanguage":"pt-PT"},{"@type":"Person","@id":"https:\/\/portaltela.pt\/#\/schema\/person\/c4278d4a6028830caff9ee44b42d32ed","name":"Telinha","image":{"@type":"ImageObject","inLanguage":"pt-PT","@id":"https:\/\/portaltela.pt\/s.01k8rhncp4jt1\/2025\/11\/talking-bot-125x125.png","url":"https:\/\/portaltela.pt\/s.01k8rhncp4jt1\/2025\/11\/talking-bot-125x125.png","contentUrl":"https:\/\/portaltela.pt\/s.01k8rhncp4jt1\/2025\/11\/talking-bot-125x125.png","caption":"Telinha"},"sameAs":["https:\/\/portaltela.pt\/"],"url":"https:\/\/portaltela.pt\/por\/367410592786\/"}]}},"_links":{"self":[{"href":"https:\/\/portaltela.pt\/api\/wp\/v2\/posts\/162215","targetHints":{"allow":["GET"]}}],"collection":[{"href":"https:\/\/portaltela.pt\/api\/wp\/v2\/posts"}],"about":[{"href":"https:\/\/portaltela.pt\/api\/wp\/v2\/types\/post"}],"author":[{"embeddable":true,"href":"https:\/\/portaltela.pt\/api\/wp\/v2\/users\/2"}],"replies":[{"embeddable":true,"href":"https:\/\/portaltela.pt\/api\/wp\/v2\/comments?post=162215"}],"version-history":[{"count":0,"href":"https:\/\/portaltela.pt\/api\/wp\/v2\/posts\/162215\/revisions"}],"wp:featuredmedia":[{"embeddable":true,"href":"https:\/\/portaltela.pt\/api\/wp\/v2\/media\/162218"}],"wp:attachment":[{"href":"https:\/\/portaltela.pt\/api\/wp\/v2\/media?parent=162215"}],"wp:term":[{"taxonomy":"category","embeddable":true,"href":"https:\/\/portaltela.pt\/api\/wp\/v2\/categories?post=162215"},{"taxonomy":"post_tag","embeddable":true,"href":"https:\/\/portaltela.pt\/api\/wp\/v2\/tags?post=162215"}],"curies":[{"name":"wp","href":"https:\/\/api.w.org\/{rel}","templated":true}]}}