{"id":162146,"date":"2026-01-21T22:30:00","date_gmt":"2026-01-22T01:30:00","guid":{"rendered":"https:\/\/portaltela.pt\/noticias\/2026\/01\/21\/faye-reconhece-ambicao-no-sporting-e-sonha-jogar-na-liga-dos-campeoes\/"},"modified":"2026-01-21T22:30:00","modified_gmt":"2026-01-22T01:30:00","slug":"faye-reconhece-ambicao-no-sporting-e-sonha-jogar-na-liga-dos-campeoes","status":"publish","type":"post","link":"https:\/\/portaltela.pt\/desporto\/futebol\/2026\/01\/21\/faye-reconhece-ambicao-no-sporting-e-sonha-jogar-na-liga-dos-campeoes\/","title":{"rendered":"Faye reconhece ambi\u00e7\u00e3o no Sporting e sonha jogar na Liga dos Campe\u00f5es"},"content":{"rendered":"<p>Souleymane Faye foi apresentado como refor\u00e7o do Sporting at\u00e9 2030, numa apresenta\u00e7\u00e3o realizada numa casa de fados em Lisboa, a Faia. O avan\u00e7ado s\u00e9negal\u00eas recebeu a camisola 15 e j\u00e1 treinou com a equipa. A aposta \u00e9 para o futuro imediato, com a hip\u00f3tese de estrear frente ao Arouca.<\/p>\n<p>Faye, de 22 anos, mostrou ambi\u00e7\u00e3o ao falar de objetivos com o Sporting, bicampe\u00e3o nacional. O jogador admitiu o sonho de jogar na Liga dos Campe\u00f5es e destacou a vontade de alcan\u00e7ar v\u00e1rios t\u00edtulos com o clube de Alvalade. O neg\u00f3cio envolve 6,5 milh\u00f5es de euros pelo Granada, com 10% de futura venda.<\/p>\n<p>A apresenta\u00e7\u00e3o ocorreu ap\u00f3s a vit\u00f3ria do Sporting sobre o PSG, na Liga dos Campe\u00f5es, por 2-1, que elevou o entusiasmo em Alvalade. O jogador referiu que est\u00e1 pronto para crescer e contribuir com golos e assist\u00eancias, mantendo-se atento \u00e0s decis\u00f5es t\u00e9cnicas de Rui Borges.<\/p>\n<h3>Desempenho europeu e outros destaques<\/h3>\n<p>Luis Su\u00e1rez foi apontado por v\u00e1rios media europeus como destaque da vit\u00f3ria frente ao PSG, com dois golos. A imprensa francesa e espanhola real\u00e7ou a qualidade do avan\u00e7ado, enquanto o jornal brit\u00e2nico The Guardian indicou que o bis coloca o PSG em posi\u00e7\u00e3o delicada na corrida aos oitavos.<\/p>\n<p>Matheus Reis tornou-se hoje o jogador com mais jogos na Liga dos Campe\u00f5es pelo Sporting, ao totalizar a 27. O defesa brasileiro superou o antigo recordista Rui Patr\u00edcio, numa sequ\u00eancia hist\u00f3rica iniciada por Gon\u00e7alo In\u00e1cio.<\/p>\n","protected":false},"excerpt":{"rendered":"<ul>\n<li>Souleymane Faye foi apresentado como refor\u00e7o do Sporting at\u00e9 2030, com ambi\u00e7\u00e3o de conquistar t\u00edtulos e sonhar com a Liga dos Campe\u00f5es; pode estrear j\u00e1 frente ao Arouca.<\/li>\n<li>O avan\u00e7ado senegal\u00eas, de 22 anos, foi apresentado numa casa de fados em Lisboa, veste a camisola 15 e mostrou entusiasmo por representar o bicampe\u00e3o nacional.<\/li>\n<li>O Sporting pagou 6,5 milh\u00f5es de euros ao Granada pela transfer\u00eancia, mant\u00e9m 10 por cento de uma futura venda e fixa uma cl\u00e1usula de 80 milh\u00f5es de euros.<\/li>\n<li>Faye foi integrado no plantel e, se o treinador Rui Borges entender, pode jogar j\u00e1 diante do Arouca.<\/li>\n<li>Na imprensa europeia, Su\u00e1rez teve destaque pelos dois golos frente ao PSG, e Matheus Reis tornou-se o jogador com mais jogos na Champions pelo Sporting (27), ultrapassando Rui Patr\u00edcio.<\/li>\n<\/ul>\n","protected":false},"author":2,"featured_media":162157,"comment_status":"closed","ping_status":"closed","sticky":false,"template":"","format":"standard","meta":{"footnotes":""},"categories":[21,24],"tags":[900,3577,32,3443,981,1652],"class_list":["post-162146","post","type-post","status-publish","format-standard","has-post-thumbnail","hentry","category-desporto","category-futebol","tag-arouca","tag-champions-league","tag-futebol","tag-granada","tag-lisboa","tag-sporting"],"yoast_head":"<!-- This site is optimized with the Yoast SEO plugin v27.2 - https:\/\/yoast.com\/product\/yoast-seo-wordpress\/ -->\n<title>Faye reconhece ambi\u00e7\u00e3o no Sporting e sonha jogar na Liga dos Campe\u00f5es - Portal Tela Portugal<\/title>\n<meta name=\"robots\" content=\"index, follow, max-snippet:-1, max-image-preview:large, max-video-preview:-1\" \/>\n<meta property=\"og:locale\" content=\"pt_PT\" \/>\n<meta property=\"og:type\" content=\"article\" \/>\n<meta property=\"og:title\" content=\"Faye reconhece ambi\u00e7\u00e3o no Sporting e sonha jogar na Liga dos Campe\u00f5es - Portal Tela Portugal\" \/>\n<meta property=\"og:description\" content=\"Souleymane Faye foi apresentado como refor\u00e7o do Sporting at\u00e9 2030, com ambi\u00e7\u00e3o de conquistar t\u00edtulos e sonhar com a Liga dos Campe\u00f5es; pode estrear j\u00e1 frente ao Arouca. O avan\u00e7ado senegal\u00eas, de 22 anos, foi apresentado numa casa de fados em Lisboa, veste a camisola 15 e mostrou entusiasmo por representar o bicampe\u00e3o nacional. O Sporting pagou 6,5 milh\u00f5es de euros ao Granada pela transfer\u00eancia, mant\u00e9m 10 por cento de uma futura venda e fixa uma cl\u00e1usula de 80 milh\u00f5es de euros. Faye foi integrado no plantel e, se o treinador Rui Borges entender, pode jogar j\u00e1 diante do Arouca. Na imprensa europeia, Su\u00e1rez teve destaque pelos dois golos frente ao PSG, e Matheus Reis tornou-se o jogador com mais jogos na Champions pelo Sporting (27), ultrapassando Rui Patr\u00edcio.\" \/>\n<meta property=\"og:url\" content=\"https:\/\/portaltela.pt\/noticias\/2026\/01\/21\/faye-reconhece-ambicao-no-sporting-e-sonha-jogar-na-liga-dos-campeoes\/\" \/>\n<meta property=\"og:site_name\" content=\"Portal Tela Portugal\" \/>\n<meta property=\"article:published_time\" content=\"2026-01-22T01:30:00+00:00\" \/>\n<meta name=\"author\" content=\"Telinha\" \/>\n<meta name=\"twitter:card\" content=\"summary_large_image\" \/>\n<meta name=\"twitter:label1\" content=\"Escrito por\" \/>\n\t<meta name=\"twitter:data1\" content=\"Telinha\" \/>\n\t<meta name=\"twitter:label2\" content=\"Tempo estimado de leitura\" \/>\n\t<meta name=\"twitter:data2\" content=\"1 minuto\" \/>\n<script type=\"application\/ld+json\" class=\"yoast-schema-graph\">{\"@context\":\"https:\/\/schema.org\",\"@graph\":[{\"@type\":\"Article\",\"@id\":\"https:\/\/portaltela.pt\/noticias\/2026\/01\/21\/faye-reconhece-ambicao-no-sporting-e-sonha-jogar-na-liga-dos-campeoes\/#article\",\"isPartOf\":{\"@id\":\"https:\/\/portaltela.pt\/noticias\/2026\/01\/21\/faye-reconhece-ambicao-no-sporting-e-sonha-jogar-na-liga-dos-campeoes\/\"},\"author\":{\"name\":\"Telinha\",\"@id\":\"https:\/\/portaltela.pt\/#\/schema\/person\/c4278d4a6028830caff9ee44b42d32ed\"},\"headline\":\"Faye reconhece ambi\u00e7\u00e3o no Sporting e sonha jogar na Liga dos Campe\u00f5es\",\"datePublished\":\"2026-01-22T01:30:00+00:00\",\"mainEntityOfPage\":{\"@id\":\"https:\/\/portaltela.pt\/noticias\/2026\/01\/21\/faye-reconhece-ambicao-no-sporting-e-sonha-jogar-na-liga-dos-campeoes\/\"},\"wordCount\":276,\"image\":{\"@id\":\"https:\/\/portaltela.pt\/noticias\/2026\/01\/21\/faye-reconhece-ambicao-no-sporting-e-sonha-jogar-na-liga-dos-campeoes\/#primaryimage\"},\"thumbnailUrl\":\"https:\/\/portaltela.pt\/s.01k8rhncp4jt1\/2026\/01\/img_1500x1000uu2026-01-21-23-39-45-2261831.jpg\",\"keywords\":[\"Arouca\",\"Champions League\",\"futebol\",\"Granada\",\"Lisboa\",\"Sporting\"],\"articleSection\":[\"Desporto\",\"Futebol\"],\"inLanguage\":\"pt-PT\"},{\"@type\":\"WebPage\",\"@id\":\"https:\/\/portaltela.pt\/noticias\/2026\/01\/21\/faye-reconhece-ambicao-no-sporting-e-sonha-jogar-na-liga-dos-campeoes\/\",\"url\":\"https:\/\/portaltela.pt\/noticias\/2026\/01\/21\/faye-reconhece-ambicao-no-sporting-e-sonha-jogar-na-liga-dos-campeoes\/\",\"name\":\"Faye reconhece ambi\u00e7\u00e3o no Sporting e sonha jogar na Liga dos Campe\u00f5es - Portal Tela Portugal\",\"isPartOf\":{\"@id\":\"https:\/\/portaltela.pt\/#website\"},\"primaryImageOfPage\":{\"@id\":\"https:\/\/portaltela.pt\/noticias\/2026\/01\/21\/faye-reconhece-ambicao-no-sporting-e-sonha-jogar-na-liga-dos-campeoes\/#primaryimage\"},\"image\":{\"@id\":\"https:\/\/portaltela.pt\/noticias\/2026\/01\/21\/faye-reconhece-ambicao-no-sporting-e-sonha-jogar-na-liga-dos-campeoes\/#primaryimage\"},\"thumbnailUrl\":\"https:\/\/portaltela.pt\/s.01k8rhncp4jt1\/2026\/01\/img_1500x1000uu2026-01-21-23-39-45-2261831.jpg\",\"datePublished\":\"2026-01-22T01:30:00+00:00\",\"author\":{\"@id\":\"https:\/\/portaltela.pt\/#\/schema\/person\/c4278d4a6028830caff9ee44b42d32ed\"},\"breadcrumb\":{\"@id\":\"https:\/\/portaltela.pt\/noticias\/2026\/01\/21\/faye-reconhece-ambicao-no-sporting-e-sonha-jogar-na-liga-dos-campeoes\/#breadcrumb\"},\"inLanguage\":\"pt-PT\",\"potentialAction\":[{\"@type\":\"ReadAction\",\"target\":[\"https:\/\/portaltela.pt\/noticias\/2026\/01\/21\/faye-reconhece-ambicao-no-sporting-e-sonha-jogar-na-liga-dos-campeoes\/\"]}]},{\"@type\":\"ImageObject\",\"inLanguage\":\"pt-PT\",\"@id\":\"https:\/\/portaltela.pt\/noticias\/2026\/01\/21\/faye-reconhece-ambicao-no-sporting-e-sonha-jogar-na-liga-dos-campeoes\/#primaryimage\",\"url\":\"https:\/\/portaltela.pt\/s.01k8rhncp4jt1\/2026\/01\/img_1500x1000uu2026-01-21-23-39-45-2261831.jpg\",\"contentUrl\":\"https:\/\/portaltela.pt\/s.01k8rhncp4jt1\/2026\/01\/img_1500x1000uu2026-01-21-23-39-45-2261831.jpg\",\"width\":796,\"height\":448,\"caption\":\"Faye foi apresentado numa casa de fados\"},{\"@type\":\"BreadcrumbList\",\"@id\":\"https:\/\/portaltela.pt\/noticias\/2026\/01\/21\/faye-reconhece-ambicao-no-sporting-e-sonha-jogar-na-liga-dos-campeoes\/#breadcrumb\",\"itemListElement\":[{\"@type\":\"ListItem\",\"position\":1,\"name\":\"In\u00edcio\",\"item\":\"https:\/\/portaltela.pt\/\"},{\"@type\":\"ListItem\",\"position\":2,\"name\":\"Faye reconhece ambi\u00e7\u00e3o no Sporting e sonha jogar na Liga dos Campe\u00f5es\"}]},{\"@type\":\"WebSite\",\"@id\":\"https:\/\/portaltela.pt\/#website\",\"url\":\"https:\/\/portaltela.pt\/\",\"name\":\"Portal Tela Portugal\",\"description\":\"\",\"potentialAction\":[{\"@type\":\"SearchAction\",\"target\":{\"@type\":\"EntryPoint\",\"urlTemplate\":\"https:\/\/portaltela.pt\/?s={search_term_string}\"},\"query-input\":{\"@type\":\"PropertyValueSpecification\",\"valueRequired\":true,\"valueName\":\"search_term_string\"}}],\"inLanguage\":\"pt-PT\"},{\"@type\":\"Person\",\"@id\":\"https:\/\/portaltela.pt\/#\/schema\/person\/c4278d4a6028830caff9ee44b42d32ed\",\"name\":\"Telinha\",\"image\":{\"@type\":\"ImageObject\",\"inLanguage\":\"pt-PT\",\"@id\":\"https:\/\/portaltela.pt\/s.01k8rhncp4jt1\/2025\/11\/talking-bot-125x125.png\",\"url\":\"https:\/\/portaltela.pt\/s.01k8rhncp4jt1\/2025\/11\/talking-bot-125x125.png\",\"contentUrl\":\"https:\/\/portaltela.pt\/s.01k8rhncp4jt1\/2025\/11\/talking-bot-125x125.png\",\"caption\":\"Telinha\"},\"sameAs\":[\"https:\/\/portaltela.pt\/\"],\"url\":\"https:\/\/portaltela.pt\/por\/367410592786\/\"}]}<\/script>\n<!-- \/ Yoast SEO plugin. -->","yoast_head_json":{"title":"Faye reconhece ambi\u00e7\u00e3o no Sporting e sonha jogar na Liga dos Campe\u00f5es - Portal Tela Portugal","robots":{"index":"index","follow":"follow","max-snippet":"max-snippet:-1","max-image-preview":"max-image-preview:large","max-video-preview":"max-video-preview:-1"},"og_locale":"pt_PT","og_type":"article","og_title":"Faye reconhece ambi\u00e7\u00e3o no Sporting e sonha jogar na Liga dos Campe\u00f5es - Portal Tela Portugal","og_description":"Souleymane Faye foi apresentado como refor\u00e7o do Sporting at\u00e9 2030, com ambi\u00e7\u00e3o de conquistar t\u00edtulos e sonhar com a Liga dos Campe\u00f5es; pode estrear j\u00e1 frente ao Arouca. O avan\u00e7ado senegal\u00eas, de 22 anos, foi apresentado numa casa de fados em Lisboa, veste a camisola 15 e mostrou entusiasmo por representar o bicampe\u00e3o nacional. O Sporting pagou 6,5 milh\u00f5es de euros ao Granada pela transfer\u00eancia, mant\u00e9m 10 por cento de uma futura venda e fixa uma cl\u00e1usula de 80 milh\u00f5es de euros. Faye foi integrado no plantel e, se o treinador Rui Borges entender, pode jogar j\u00e1 diante do Arouca. Na imprensa europeia, Su\u00e1rez teve destaque pelos dois golos frente ao PSG, e Matheus Reis tornou-se o jogador com mais jogos na Champions pelo Sporting (27), ultrapassando Rui Patr\u00edcio.","og_url":"https:\/\/portaltela.pt\/noticias\/2026\/01\/21\/faye-reconhece-ambicao-no-sporting-e-sonha-jogar-na-liga-dos-campeoes\/","og_site_name":"Portal Tela Portugal","article_published_time":"2026-01-22T01:30:00+00:00","author":"Telinha","twitter_card":"summary_large_image","twitter_misc":{"Escrito por":"Telinha","Tempo estimado de leitura":"1 minuto"},"schema":{"@context":"https:\/\/schema.org","@graph":[{"@type":"Article","@id":"https:\/\/portaltela.pt\/noticias\/2026\/01\/21\/faye-reconhece-ambicao-no-sporting-e-sonha-jogar-na-liga-dos-campeoes\/#article","isPartOf":{"@id":"https:\/\/portaltela.pt\/noticias\/2026\/01\/21\/faye-reconhece-ambicao-no-sporting-e-sonha-jogar-na-liga-dos-campeoes\/"},"author":{"name":"Telinha","@id":"https:\/\/portaltela.pt\/#\/schema\/person\/c4278d4a6028830caff9ee44b42d32ed"},"headline":"Faye reconhece ambi\u00e7\u00e3o no Sporting e sonha jogar na Liga dos Campe\u00f5es","datePublished":"2026-01-22T01:30:00+00:00","mainEntityOfPage":{"@id":"https:\/\/portaltela.pt\/noticias\/2026\/01\/21\/faye-reconhece-ambicao-no-sporting-e-sonha-jogar-na-liga-dos-campeoes\/"},"wordCount":276,"image":{"@id":"https:\/\/portaltela.pt\/noticias\/2026\/01\/21\/faye-reconhece-ambicao-no-sporting-e-sonha-jogar-na-liga-dos-campeoes\/#primaryimage"},"thumbnailUrl":"https:\/\/portaltela.pt\/s.01k8rhncp4jt1\/2026\/01\/img_1500x1000uu2026-01-21-23-39-45-2261831.jpg","keywords":["Arouca","Champions League","futebol","Granada","Lisboa","Sporting"],"articleSection":["Desporto","Futebol"],"inLanguage":"pt-PT"},{"@type":"WebPage","@id":"https:\/\/portaltela.pt\/noticias\/2026\/01\/21\/faye-reconhece-ambicao-no-sporting-e-sonha-jogar-na-liga-dos-campeoes\/","url":"https:\/\/portaltela.pt\/noticias\/2026\/01\/21\/faye-reconhece-ambicao-no-sporting-e-sonha-jogar-na-liga-dos-campeoes\/","name":"Faye reconhece ambi\u00e7\u00e3o no Sporting e sonha jogar na Liga dos Campe\u00f5es - Portal Tela Portugal","isPartOf":{"@id":"https:\/\/portaltela.pt\/#website"},"primaryImageOfPage":{"@id":"https:\/\/portaltela.pt\/noticias\/2026\/01\/21\/faye-reconhece-ambicao-no-sporting-e-sonha-jogar-na-liga-dos-campeoes\/#primaryimage"},"image":{"@id":"https:\/\/portaltela.pt\/noticias\/2026\/01\/21\/faye-reconhece-ambicao-no-sporting-e-sonha-jogar-na-liga-dos-campeoes\/#primaryimage"},"thumbnailUrl":"https:\/\/portaltela.pt\/s.01k8rhncp4jt1\/2026\/01\/img_1500x1000uu2026-01-21-23-39-45-2261831.jpg","datePublished":"2026-01-22T01:30:00+00:00","author":{"@id":"https:\/\/portaltela.pt\/#\/schema\/person\/c4278d4a6028830caff9ee44b42d32ed"},"breadcrumb":{"@id":"https:\/\/portaltela.pt\/noticias\/2026\/01\/21\/faye-reconhece-ambicao-no-sporting-e-sonha-jogar-na-liga-dos-campeoes\/#breadcrumb"},"inLanguage":"pt-PT","potentialAction":[{"@type":"ReadAction","target":["https:\/\/portaltela.pt\/noticias\/2026\/01\/21\/faye-reconhece-ambicao-no-sporting-e-sonha-jogar-na-liga-dos-campeoes\/"]}]},{"@type":"ImageObject","inLanguage":"pt-PT","@id":"https:\/\/portaltela.pt\/noticias\/2026\/01\/21\/faye-reconhece-ambicao-no-sporting-e-sonha-jogar-na-liga-dos-campeoes\/#primaryimage","url":"https:\/\/portaltela.pt\/s.01k8rhncp4jt1\/2026\/01\/img_1500x1000uu2026-01-21-23-39-45-2261831.jpg","contentUrl":"https:\/\/portaltela.pt\/s.01k8rhncp4jt1\/2026\/01\/img_1500x1000uu2026-01-21-23-39-45-2261831.jpg","width":796,"height":448,"caption":"Faye foi apresentado numa casa de fados"},{"@type":"BreadcrumbList","@id":"https:\/\/portaltela.pt\/noticias\/2026\/01\/21\/faye-reconhece-ambicao-no-sporting-e-sonha-jogar-na-liga-dos-campeoes\/#breadcrumb","itemListElement":[{"@type":"ListItem","position":1,"name":"In\u00edcio","item":"https:\/\/portaltela.pt\/"},{"@type":"ListItem","position":2,"name":"Faye reconhece ambi\u00e7\u00e3o no Sporting e sonha jogar na Liga dos Campe\u00f5es"}]},{"@type":"WebSite","@id":"https:\/\/portaltela.pt\/#website","url":"https:\/\/portaltela.pt\/","name":"Portal Tela Portugal","description":"","potentialAction":[{"@type":"SearchAction","target":{"@type":"EntryPoint","urlTemplate":"https:\/\/portaltela.pt\/?s={search_term_string}"},"query-input":{"@type":"PropertyValueSpecification","valueRequired":true,"valueName":"search_term_string"}}],"inLanguage":"pt-PT"},{"@type":"Person","@id":"https:\/\/portaltela.pt\/#\/schema\/person\/c4278d4a6028830caff9ee44b42d32ed","name":"Telinha","image":{"@type":"ImageObject","inLanguage":"pt-PT","@id":"https:\/\/portaltela.pt\/s.01k8rhncp4jt1\/2025\/11\/talking-bot-125x125.png","url":"https:\/\/portaltela.pt\/s.01k8rhncp4jt1\/2025\/11\/talking-bot-125x125.png","contentUrl":"https:\/\/portaltela.pt\/s.01k8rhncp4jt1\/2025\/11\/talking-bot-125x125.png","caption":"Telinha"},"sameAs":["https:\/\/portaltela.pt\/"],"url":"https:\/\/portaltela.pt\/por\/367410592786\/"}]}},"_links":{"self":[{"href":"https:\/\/portaltela.pt\/api\/wp\/v2\/posts\/162146","targetHints":{"allow":["GET"]}}],"collection":[{"href":"https:\/\/portaltela.pt\/api\/wp\/v2\/posts"}],"about":[{"href":"https:\/\/portaltela.pt\/api\/wp\/v2\/types\/post"}],"author":[{"embeddable":true,"href":"https:\/\/portaltela.pt\/api\/wp\/v2\/users\/2"}],"replies":[{"embeddable":true,"href":"https:\/\/portaltela.pt\/api\/wp\/v2\/comments?post=162146"}],"version-history":[{"count":0,"href":"https:\/\/portaltela.pt\/api\/wp\/v2\/posts\/162146\/revisions"}],"wp:featuredmedia":[{"embeddable":true,"href":"https:\/\/portaltela.pt\/api\/wp\/v2\/media\/162157"}],"wp:attachment":[{"href":"https:\/\/portaltela.pt\/api\/wp\/v2\/media?parent=162146"}],"wp:term":[{"taxonomy":"category","embeddable":true,"href":"https:\/\/portaltela.pt\/api\/wp\/v2\/categories?post=162146"},{"taxonomy":"post_tag","embeddable":true,"href":"https:\/\/portaltela.pt\/api\/wp\/v2\/tags?post=162146"}],"curies":[{"name":"wp","href":"https:\/\/api.w.org\/{rel}","templated":true}]}}