{"id":162083,"date":"2026-01-21T21:37:00","date_gmt":"2026-01-22T00:37:00","guid":{"rendered":"https:\/\/portaltela.pt\/noticias\/2026\/01\/21\/euro-cai-mas-mantem-se-nos-117-dolares\/"},"modified":"2026-01-21T21:37:00","modified_gmt":"2026-01-22T00:37:00","slug":"euro-cai-mas-mantem-se-nos-117-dolares","status":"publish","type":"post","link":"https:\/\/portaltela.pt\/noticias\/2026\/01\/21\/euro-cai-mas-mantem-se-nos-117-dolares\/","title":{"rendered":"Euro cai, mas mant\u00e9m-se nos 1,17 d\u00f3lares"},"content":{"rendered":"<p>O euro recuou nesta quarta-feira, mas manteve-se pr\u00f3ximo do patamar de 1,17 d\u00f3lares ap\u00f3s o discurso de Donald Trump em Davos, no qual adiou o recurso \u00e0 for\u00e7a para tomar a Gronel\u00e2ndia.<\/p>\n<p>Pelas 18:02 (hora de Lisboa), o euro negociava a 1,1702 d\u00f3lares, face aos 1,1732 d\u00f3lares registados na ter\u00e7a-feira.<\/p>\n<p>O Banco Central Europeu (BCE) fixou a taxa de c\u00e2mbio de refer\u00eancia do euro em 1,1739 d\u00f3lares. Ontem, o euro oscilou entre 1,1702 e 1,1742 d\u00f3lares.<\/p>\n<p>Trump, em Davos, disse que n\u00e3o usar\u00e1 for\u00e7a para adquirir a Gronel\u00e2ndia, mas reiterou a ideia de proteger o territ\u00f3rio, destacando que pretende avan\u00e7ar com a aquisi\u00e7\u00e3o pela via diplom\u00e1tica.<\/p>\n<p>Segundo o Bundesbank, a rela\u00e7\u00e3o entre ativos da zona euro e EUA aumenta a volatilidade da cota\u00e7\u00e3o do euro. O documento tamb\u00e9m aponta que o euro tende a valorizar-se com o crescimento econ\u00f3mico na zona euro.<\/p>\n<p>Economistas do Bundesbank explicam que a evolu\u00e7\u00e3o dos juros na regi\u00e3o e a recupera\u00e7\u00e3o americana influenciam o c\u00e2mbio, com o euro a desvalorizar-se quando a procura por risco global diminui.<\/p>\n<p>Divisas &#8211; quarta-feira vs ter\u00e7a-feira:<\/p>\n<p>Euro\/d\u00f3lar 1,1702 vs 1,1732; euro\/libra 0,87166 vs 0,87182; euro\/iene 185,05 vs 185,34; d\u00f3lar\/iene 158,14 vs 157,98.<\/p>\n","protected":false},"excerpt":{"rendered":"<ul>\n<li>O euro caiu para 1,1702 d\u00f3lares \u00e0 hora de Lisboa, face a 1,1732 d\u00f3lares na ter\u00e7a-feira, mantendo\u2011se acima de 1,17 USD.<\/li>\n<li>O Banco Central Europeu fixou a taxa de c\u00e2mbio de refer\u00eancia do euro em 1,1739 d\u00f3lares.<\/li>\n<li>O euro desceu face \u00e0 libra e ao iene, cotando\u2011se a 0,87166 libra e a 185,05 iene por euro.<\/li>\n<li>Donald Trump, em Davos, excluiu o uso da for\u00e7a para tomar a Gronel\u00e2ndia, dizendo que n\u00e3o vai recorrer a esse meio.<\/li>\n<li>Economistas do Bundesbank apontam que o euro tende a valorizar\u2011se com o aumento da atividade na zona euro e a desvalorizar com a recupera\u00e7\u00e3o dos rendimentos nos EUA; o apetite pelo risco e a oferta de energia tamb\u00e9m influenciam as moedas.<\/li>\n<\/ul>\n","protected":false},"author":2,"featured_media":162092,"comment_status":"closed","ping_status":"closed","sticky":false,"template":"","format":"standard","meta":{"footnotes":""},"categories":[1],"tags":[3774,3773,28,2487,2832],"class_list":["post-162083","post","type-post","status-publish","format-standard","has-post-thumbnail","hentry","category-noticias","tag-bce","tag-divisas","tag-economia","tag-europa","tag-politica"],"yoast_head":"<!-- This site is optimized with the Yoast SEO plugin v27.2 - https:\/\/yoast.com\/product\/yoast-seo-wordpress\/ -->\n<title>Euro cai, mas mant\u00e9m-se nos 1,17 d\u00f3lares - Portal Tela Portugal<\/title>\n<meta name=\"robots\" content=\"index, follow, max-snippet:-1, max-image-preview:large, max-video-preview:-1\" \/>\n<meta property=\"og:locale\" content=\"pt_PT\" \/>\n<meta property=\"og:type\" content=\"article\" \/>\n<meta property=\"og:title\" content=\"Euro cai, mas mant\u00e9m-se nos 1,17 d\u00f3lares - Portal Tela Portugal\" \/>\n<meta property=\"og:description\" content=\"O euro caiu para 1,1702 d\u00f3lares \u00e0 hora de Lisboa, face a 1,1732 d\u00f3lares na ter\u00e7a-feira, mantendo\u2011se acima de 1,17 USD. O Banco Central Europeu fixou a taxa de c\u00e2mbio de refer\u00eancia do euro em 1,1739 d\u00f3lares. O euro desceu face \u00e0 libra e ao iene, cotando\u2011se a 0,87166 libra e a 185,05 iene por euro. Donald Trump, em Davos, excluiu o uso da for\u00e7a para tomar a Gronel\u00e2ndia, dizendo que n\u00e3o vai recorrer a esse meio. Economistas do Bundesbank apontam que o euro tende a valorizar\u2011se com o aumento da atividade na zona euro e a desvalorizar com a recupera\u00e7\u00e3o dos rendimentos nos EUA; o apetite pelo risco e a oferta de energia tamb\u00e9m influenciam as moedas.\" \/>\n<meta property=\"og:url\" content=\"https:\/\/portaltela.pt\/noticias\/2026\/01\/21\/euro-cai-mas-mantem-se-nos-117-dolares\/\" \/>\n<meta property=\"og:site_name\" content=\"Portal Tela Portugal\" \/>\n<meta property=\"article:published_time\" content=\"2026-01-22T00:37:00+00:00\" \/>\n<meta name=\"author\" content=\"Telinha\" \/>\n<meta name=\"twitter:card\" content=\"summary_large_image\" \/>\n<meta name=\"twitter:label1\" content=\"Escrito por\" \/>\n\t<meta name=\"twitter:data1\" content=\"Telinha\" \/>\n\t<meta name=\"twitter:label2\" content=\"Tempo estimado de leitura\" \/>\n\t<meta name=\"twitter:data2\" content=\"1 minuto\" \/>\n<script type=\"application\/ld+json\" class=\"yoast-schema-graph\">{\"@context\":\"https:\/\/schema.org\",\"@graph\":[{\"@type\":\"Article\",\"@id\":\"https:\/\/portaltela.pt\/noticias\/2026\/01\/21\/euro-cai-mas-mantem-se-nos-117-dolares\/#article\",\"isPartOf\":{\"@id\":\"https:\/\/portaltela.pt\/noticias\/2026\/01\/21\/euro-cai-mas-mantem-se-nos-117-dolares\/\"},\"author\":{\"name\":\"Telinha\",\"@id\":\"https:\/\/portaltela.pt\/#\/schema\/person\/c4278d4a6028830caff9ee44b42d32ed\"},\"headline\":\"Euro cai, mas mant\u00e9m-se nos 1,17 d\u00f3lares\",\"datePublished\":\"2026-01-22T00:37:00+00:00\",\"mainEntityOfPage\":{\"@id\":\"https:\/\/portaltela.pt\/noticias\/2026\/01\/21\/euro-cai-mas-mantem-se-nos-117-dolares\/\"},\"wordCount\":219,\"image\":{\"@id\":\"https:\/\/portaltela.pt\/noticias\/2026\/01\/21\/euro-cai-mas-mantem-se-nos-117-dolares\/#primaryimage\"},\"thumbnailUrl\":\"https:\/\/portaltela.pt\/s.01k8rhncp4jt1\/2026\/01\/unnamed-file-4541.jpg\",\"keywords\":[\"BCE\",\"Divisas\",\"economia\",\"Europa\",\"pol\u00edtica\"],\"articleSection\":[\"Not\u00edcias\"],\"inLanguage\":\"pt-PT\"},{\"@type\":\"WebPage\",\"@id\":\"https:\/\/portaltela.pt\/noticias\/2026\/01\/21\/euro-cai-mas-mantem-se-nos-117-dolares\/\",\"url\":\"https:\/\/portaltela.pt\/noticias\/2026\/01\/21\/euro-cai-mas-mantem-se-nos-117-dolares\/\",\"name\":\"Euro cai, mas mant\u00e9m-se nos 1,17 d\u00f3lares - Portal Tela Portugal\",\"isPartOf\":{\"@id\":\"https:\/\/portaltela.pt\/#website\"},\"primaryImageOfPage\":{\"@id\":\"https:\/\/portaltela.pt\/noticias\/2026\/01\/21\/euro-cai-mas-mantem-se-nos-117-dolares\/#primaryimage\"},\"image\":{\"@id\":\"https:\/\/portaltela.pt\/noticias\/2026\/01\/21\/euro-cai-mas-mantem-se-nos-117-dolares\/#primaryimage\"},\"thumbnailUrl\":\"https:\/\/portaltela.pt\/s.01k8rhncp4jt1\/2026\/01\/unnamed-file-4541.jpg\",\"datePublished\":\"2026-01-22T00:37:00+00:00\",\"author\":{\"@id\":\"https:\/\/portaltela.pt\/#\/schema\/person\/c4278d4a6028830caff9ee44b42d32ed\"},\"breadcrumb\":{\"@id\":\"https:\/\/portaltela.pt\/noticias\/2026\/01\/21\/euro-cai-mas-mantem-se-nos-117-dolares\/#breadcrumb\"},\"inLanguage\":\"pt-PT\",\"potentialAction\":[{\"@type\":\"ReadAction\",\"target\":[\"https:\/\/portaltela.pt\/noticias\/2026\/01\/21\/euro-cai-mas-mantem-se-nos-117-dolares\/\"]}]},{\"@type\":\"ImageObject\",\"inLanguage\":\"pt-PT\",\"@id\":\"https:\/\/portaltela.pt\/noticias\/2026\/01\/21\/euro-cai-mas-mantem-se-nos-117-dolares\/#primaryimage\",\"url\":\"https:\/\/portaltela.pt\/s.01k8rhncp4jt1\/2026\/01\/unnamed-file-4541.jpg\",\"contentUrl\":\"https:\/\/portaltela.pt\/s.01k8rhncp4jt1\/2026\/01\/unnamed-file-4541.jpg\",\"width\":796,\"height\":448,\"caption\":\"Euro caiu mas manteve-se no patamar dos 1,17 d\u00f3lares\"},{\"@type\":\"BreadcrumbList\",\"@id\":\"https:\/\/portaltela.pt\/noticias\/2026\/01\/21\/euro-cai-mas-mantem-se-nos-117-dolares\/#breadcrumb\",\"itemListElement\":[{\"@type\":\"ListItem\",\"position\":1,\"name\":\"In\u00edcio\",\"item\":\"https:\/\/portaltela.pt\/\"},{\"@type\":\"ListItem\",\"position\":2,\"name\":\"Euro cai, mas mant\u00e9m-se nos 1,17 d\u00f3lares\"}]},{\"@type\":\"WebSite\",\"@id\":\"https:\/\/portaltela.pt\/#website\",\"url\":\"https:\/\/portaltela.pt\/\",\"name\":\"Portal Tela Portugal\",\"description\":\"\",\"potentialAction\":[{\"@type\":\"SearchAction\",\"target\":{\"@type\":\"EntryPoint\",\"urlTemplate\":\"https:\/\/portaltela.pt\/?s={search_term_string}\"},\"query-input\":{\"@type\":\"PropertyValueSpecification\",\"valueRequired\":true,\"valueName\":\"search_term_string\"}}],\"inLanguage\":\"pt-PT\"},{\"@type\":\"Person\",\"@id\":\"https:\/\/portaltela.pt\/#\/schema\/person\/c4278d4a6028830caff9ee44b42d32ed\",\"name\":\"Telinha\",\"image\":{\"@type\":\"ImageObject\",\"inLanguage\":\"pt-PT\",\"@id\":\"https:\/\/portaltela.pt\/s.01k8rhncp4jt1\/2025\/11\/talking-bot-125x125.png\",\"url\":\"https:\/\/portaltela.pt\/s.01k8rhncp4jt1\/2025\/11\/talking-bot-125x125.png\",\"contentUrl\":\"https:\/\/portaltela.pt\/s.01k8rhncp4jt1\/2025\/11\/talking-bot-125x125.png\",\"caption\":\"Telinha\"},\"sameAs\":[\"https:\/\/portaltela.pt\/\"],\"url\":\"https:\/\/portaltela.pt\/por\/367410592786\/\"}]}<\/script>\n<!-- \/ Yoast SEO plugin. -->","yoast_head_json":{"title":"Euro cai, mas mant\u00e9m-se nos 1,17 d\u00f3lares - Portal Tela Portugal","robots":{"index":"index","follow":"follow","max-snippet":"max-snippet:-1","max-image-preview":"max-image-preview:large","max-video-preview":"max-video-preview:-1"},"og_locale":"pt_PT","og_type":"article","og_title":"Euro cai, mas mant\u00e9m-se nos 1,17 d\u00f3lares - Portal Tela Portugal","og_description":"O euro caiu para 1,1702 d\u00f3lares \u00e0 hora de Lisboa, face a 1,1732 d\u00f3lares na ter\u00e7a-feira, mantendo\u2011se acima de 1,17 USD. O Banco Central Europeu fixou a taxa de c\u00e2mbio de refer\u00eancia do euro em 1,1739 d\u00f3lares. O euro desceu face \u00e0 libra e ao iene, cotando\u2011se a 0,87166 libra e a 185,05 iene por euro. Donald Trump, em Davos, excluiu o uso da for\u00e7a para tomar a Gronel\u00e2ndia, dizendo que n\u00e3o vai recorrer a esse meio. Economistas do Bundesbank apontam que o euro tende a valorizar\u2011se com o aumento da atividade na zona euro e a desvalorizar com a recupera\u00e7\u00e3o dos rendimentos nos EUA; o apetite pelo risco e a oferta de energia tamb\u00e9m influenciam as moedas.","og_url":"https:\/\/portaltela.pt\/noticias\/2026\/01\/21\/euro-cai-mas-mantem-se-nos-117-dolares\/","og_site_name":"Portal Tela Portugal","article_published_time":"2026-01-22T00:37:00+00:00","author":"Telinha","twitter_card":"summary_large_image","twitter_misc":{"Escrito por":"Telinha","Tempo estimado de leitura":"1 minuto"},"schema":{"@context":"https:\/\/schema.org","@graph":[{"@type":"Article","@id":"https:\/\/portaltela.pt\/noticias\/2026\/01\/21\/euro-cai-mas-mantem-se-nos-117-dolares\/#article","isPartOf":{"@id":"https:\/\/portaltela.pt\/noticias\/2026\/01\/21\/euro-cai-mas-mantem-se-nos-117-dolares\/"},"author":{"name":"Telinha","@id":"https:\/\/portaltela.pt\/#\/schema\/person\/c4278d4a6028830caff9ee44b42d32ed"},"headline":"Euro cai, mas mant\u00e9m-se nos 1,17 d\u00f3lares","datePublished":"2026-01-22T00:37:00+00:00","mainEntityOfPage":{"@id":"https:\/\/portaltela.pt\/noticias\/2026\/01\/21\/euro-cai-mas-mantem-se-nos-117-dolares\/"},"wordCount":219,"image":{"@id":"https:\/\/portaltela.pt\/noticias\/2026\/01\/21\/euro-cai-mas-mantem-se-nos-117-dolares\/#primaryimage"},"thumbnailUrl":"https:\/\/portaltela.pt\/s.01k8rhncp4jt1\/2026\/01\/unnamed-file-4541.jpg","keywords":["BCE","Divisas","economia","Europa","pol\u00edtica"],"articleSection":["Not\u00edcias"],"inLanguage":"pt-PT"},{"@type":"WebPage","@id":"https:\/\/portaltela.pt\/noticias\/2026\/01\/21\/euro-cai-mas-mantem-se-nos-117-dolares\/","url":"https:\/\/portaltela.pt\/noticias\/2026\/01\/21\/euro-cai-mas-mantem-se-nos-117-dolares\/","name":"Euro cai, mas mant\u00e9m-se nos 1,17 d\u00f3lares - Portal Tela Portugal","isPartOf":{"@id":"https:\/\/portaltela.pt\/#website"},"primaryImageOfPage":{"@id":"https:\/\/portaltela.pt\/noticias\/2026\/01\/21\/euro-cai-mas-mantem-se-nos-117-dolares\/#primaryimage"},"image":{"@id":"https:\/\/portaltela.pt\/noticias\/2026\/01\/21\/euro-cai-mas-mantem-se-nos-117-dolares\/#primaryimage"},"thumbnailUrl":"https:\/\/portaltela.pt\/s.01k8rhncp4jt1\/2026\/01\/unnamed-file-4541.jpg","datePublished":"2026-01-22T00:37:00+00:00","author":{"@id":"https:\/\/portaltela.pt\/#\/schema\/person\/c4278d4a6028830caff9ee44b42d32ed"},"breadcrumb":{"@id":"https:\/\/portaltela.pt\/noticias\/2026\/01\/21\/euro-cai-mas-mantem-se-nos-117-dolares\/#breadcrumb"},"inLanguage":"pt-PT","potentialAction":[{"@type":"ReadAction","target":["https:\/\/portaltela.pt\/noticias\/2026\/01\/21\/euro-cai-mas-mantem-se-nos-117-dolares\/"]}]},{"@type":"ImageObject","inLanguage":"pt-PT","@id":"https:\/\/portaltela.pt\/noticias\/2026\/01\/21\/euro-cai-mas-mantem-se-nos-117-dolares\/#primaryimage","url":"https:\/\/portaltela.pt\/s.01k8rhncp4jt1\/2026\/01\/unnamed-file-4541.jpg","contentUrl":"https:\/\/portaltela.pt\/s.01k8rhncp4jt1\/2026\/01\/unnamed-file-4541.jpg","width":796,"height":448,"caption":"Euro caiu mas manteve-se no patamar dos 1,17 d\u00f3lares"},{"@type":"BreadcrumbList","@id":"https:\/\/portaltela.pt\/noticias\/2026\/01\/21\/euro-cai-mas-mantem-se-nos-117-dolares\/#breadcrumb","itemListElement":[{"@type":"ListItem","position":1,"name":"In\u00edcio","item":"https:\/\/portaltela.pt\/"},{"@type":"ListItem","position":2,"name":"Euro cai, mas mant\u00e9m-se nos 1,17 d\u00f3lares"}]},{"@type":"WebSite","@id":"https:\/\/portaltela.pt\/#website","url":"https:\/\/portaltela.pt\/","name":"Portal Tela Portugal","description":"","potentialAction":[{"@type":"SearchAction","target":{"@type":"EntryPoint","urlTemplate":"https:\/\/portaltela.pt\/?s={search_term_string}"},"query-input":{"@type":"PropertyValueSpecification","valueRequired":true,"valueName":"search_term_string"}}],"inLanguage":"pt-PT"},{"@type":"Person","@id":"https:\/\/portaltela.pt\/#\/schema\/person\/c4278d4a6028830caff9ee44b42d32ed","name":"Telinha","image":{"@type":"ImageObject","inLanguage":"pt-PT","@id":"https:\/\/portaltela.pt\/s.01k8rhncp4jt1\/2025\/11\/talking-bot-125x125.png","url":"https:\/\/portaltela.pt\/s.01k8rhncp4jt1\/2025\/11\/talking-bot-125x125.png","contentUrl":"https:\/\/portaltela.pt\/s.01k8rhncp4jt1\/2025\/11\/talking-bot-125x125.png","caption":"Telinha"},"sameAs":["https:\/\/portaltela.pt\/"],"url":"https:\/\/portaltela.pt\/por\/367410592786\/"}]}},"_links":{"self":[{"href":"https:\/\/portaltela.pt\/api\/wp\/v2\/posts\/162083","targetHints":{"allow":["GET"]}}],"collection":[{"href":"https:\/\/portaltela.pt\/api\/wp\/v2\/posts"}],"about":[{"href":"https:\/\/portaltela.pt\/api\/wp\/v2\/types\/post"}],"author":[{"embeddable":true,"href":"https:\/\/portaltela.pt\/api\/wp\/v2\/users\/2"}],"replies":[{"embeddable":true,"href":"https:\/\/portaltela.pt\/api\/wp\/v2\/comments?post=162083"}],"version-history":[{"count":0,"href":"https:\/\/portaltela.pt\/api\/wp\/v2\/posts\/162083\/revisions"}],"wp:featuredmedia":[{"embeddable":true,"href":"https:\/\/portaltela.pt\/api\/wp\/v2\/media\/162092"}],"wp:attachment":[{"href":"https:\/\/portaltela.pt\/api\/wp\/v2\/media?parent=162083"}],"wp:term":[{"taxonomy":"category","embeddable":true,"href":"https:\/\/portaltela.pt\/api\/wp\/v2\/categories?post=162083"},{"taxonomy":"post_tag","embeddable":true,"href":"https:\/\/portaltela.pt\/api\/wp\/v2\/tags?post=162083"}],"curies":[{"name":"wp","href":"https:\/\/api.w.org\/{rel}","templated":true}]}}