{"id":162068,"date":"2026-01-21T21:10:56","date_gmt":"2026-01-22T00:10:56","guid":{"rendered":"https:\/\/portaltela.pt\/noticias\/2026\/01\/21\/cm-vagos-informacao-e-medidas-de-prevencao-contra-gripe-das-aves\/"},"modified":"2026-01-21T21:10:56","modified_gmt":"2026-01-22T00:10:56","slug":"cm-vagos-informacao-e-medidas-de-prevencao-contra-gripe-das-aves","status":"publish","type":"post","link":"https:\/\/portaltela.pt\/noticias\/2026\/01\/21\/cm-vagos-informacao-e-medidas-de-prevencao-contra-gripe-das-aves\/","title":{"rendered":"CM Vagos: Informa\u00e7\u00e3o e medidas de preven\u00e7\u00e3o contra gripe das aves"},"content":{"rendered":"<p>A C\u00e2mara Municipal de Vagos e a Dire\u00e7\u00e3o-Geral de Alimenta\u00e7\u00e3o e Veterin\u00e1ria anunciaram a dete\u00e7\u00e3o de um novo foco de gripe avi\u00e1ria em Portugal. A doen\u00e7a \u00e9 causada por um v\u00edrus que afeta aves, incluindo esp\u00e9cies selvagens, de capoeira e aves mantidas em cativeiro. O an\u00fancio refor\u00e7a a gravidade da situa\u00e7\u00e3o na Uni\u00e3o Europeia e o aumento de focos de alta patogenicidade.<\/p>\n<p>Como resposta, foi determinado o confinamento de todas as aves de capoeira e aves em cativeiro situadas nas zonas de alto risco. O objetivo \u00e9 evitar o contacto com aves selvagens e impedir a transmiss\u00e3o do v\u00edrus para aves dom\u00e9sticas. As \u00e1reas classificadas como alto risco constam de um anexo do edital.<\/p>\n<p>A DGAV tem reiterado aos detentores de aves a necessidade de cumprir medidas de biosseguran\u00e7a e boas pr\u00e1ticas de produ\u00e7\u00e3o. Evitar contatos entre aves dom\u00e9sticas e selvagens \u00e9 considerado essencial para reduzir a propaga\u00e7\u00e3o.<\/p>\n<h3>Zonas de alto risco<\/h3>\n<p>A classifica\u00e7\u00e3o das zonas de alto risco est\u00e1 discriminada no anexo do edital. As autoridades enfatizam a import\u00e2ncia de acatar as medidas de confinamento e de fitness sanit\u00e1ria para prevenir novos surtos.<\/p>\n<h3>Contatos e reporte<\/h3>\n<p>Qualquer suspeita de infe\u00e7\u00e3o deve ser reportada \u00e0 DGAV. O \u00f3rg\u00e3o mant\u00e9m servi\u00e7o central da administra\u00e7\u00e3o direta com autonomia administrativa para coordenar as a\u00e7\u00f5es de vigil\u00e2ncia e resposta.<\/p>\n","protected":false},"excerpt":{"rendered":"<ul>\n<li>A C\u00e2mara Municipal de Vagos e a Dire\u00e7\u00e3o-Geral de Alimenta\u00e7\u00e3o e Veterin\u00e1ria anunciam um novo foco de gripe das aves em Portugal.<\/li>\n<li>De formapreventiva, foi determinado o confinamento de todas as aves de capoeira e aves em cativeiro nas zonas de alto risco para evitar contacto com aves selvagens.<\/li>\n<li>As zonas de alto risco est\u00e3o discriminadas no anexo do edital publicado pela autarquia.<\/li>\n<li>A DGAV tem pedido aos detentores de aves que cumpram as medidas de biosseguran\u00e7a e boas pr\u00e1ticas de produ\u00e7\u00e3o para prevenir a transmiss\u00e3o entre aves dom\u00e9sticas e selvagens.<\/li>\n<li>Qualquer suspeita de infe\u00e7\u00e3o deve ser reportada \u00e0 DGAV.<\/li>\n<\/ul>\n","protected":false},"author":2,"featured_media":162074,"comment_status":"closed","ping_status":"closed","sticky":false,"template":"","format":"standard","meta":{"footnotes":""},"categories":[1],"tags":[3091,3771,1905,3499,271,374],"class_list":["post-162068","post","type-post","status-publish","format-standard","has-post-thumbnail","hentry","category-noticias","tag-animais","tag-biosseguranca","tag-gripe","tag-pecuaria","tag-saude-publica","tag-vigilancia-epidemiologica"],"yoast_head":"<!-- This site is optimized with the Yoast SEO plugin v27.2 - https:\/\/yoast.com\/product\/yoast-seo-wordpress\/ -->\n<title>CM Vagos: Informa\u00e7\u00e3o e medidas de preven\u00e7\u00e3o contra gripe das aves - Portal Tela Portugal<\/title>\n<meta name=\"robots\" content=\"index, follow, max-snippet:-1, max-image-preview:large, max-video-preview:-1\" \/>\n<meta property=\"og:locale\" content=\"pt_PT\" \/>\n<meta property=\"og:type\" content=\"article\" \/>\n<meta property=\"og:title\" content=\"CM Vagos: Informa\u00e7\u00e3o e medidas de preven\u00e7\u00e3o contra gripe das aves - Portal Tela Portugal\" \/>\n<meta property=\"og:description\" content=\"A C\u00e2mara Municipal de Vagos e a Dire\u00e7\u00e3o-Geral de Alimenta\u00e7\u00e3o e Veterin\u00e1ria anunciam um novo foco de gripe das aves em Portugal. De formapreventiva, foi determinado o confinamento de todas as aves de capoeira e aves em cativeiro nas zonas de alto risco para evitar contacto com aves selvagens. As zonas de alto risco est\u00e3o discriminadas no anexo do edital publicado pela autarquia. A DGAV tem pedido aos detentores de aves que cumpram as medidas de biosseguran\u00e7a e boas pr\u00e1ticas de produ\u00e7\u00e3o para prevenir a transmiss\u00e3o entre aves dom\u00e9sticas e selvagens. Qualquer suspeita de infe\u00e7\u00e3o deve ser reportada \u00e0 DGAV.\" \/>\n<meta property=\"og:url\" content=\"https:\/\/portaltela.pt\/noticias\/2026\/01\/21\/cm-vagos-informacao-e-medidas-de-prevencao-contra-gripe-das-aves\/\" \/>\n<meta property=\"og:site_name\" content=\"Portal Tela Portugal\" \/>\n<meta property=\"article:published_time\" content=\"2026-01-22T00:10:56+00:00\" \/>\n<meta name=\"author\" content=\"Telinha\" \/>\n<meta name=\"twitter:card\" content=\"summary_large_image\" \/>\n<meta name=\"twitter:label1\" content=\"Escrito por\" \/>\n\t<meta name=\"twitter:data1\" content=\"Telinha\" \/>\n\t<meta name=\"twitter:label2\" content=\"Tempo estimado de leitura\" \/>\n\t<meta name=\"twitter:data2\" content=\"1 minuto\" \/>\n<script type=\"application\/ld+json\" class=\"yoast-schema-graph\">{\"@context\":\"https:\/\/schema.org\",\"@graph\":[{\"@type\":\"Article\",\"@id\":\"https:\/\/portaltela.pt\/noticias\/2026\/01\/21\/cm-vagos-informacao-e-medidas-de-prevencao-contra-gripe-das-aves\/#article\",\"isPartOf\":{\"@id\":\"https:\/\/portaltela.pt\/noticias\/2026\/01\/21\/cm-vagos-informacao-e-medidas-de-prevencao-contra-gripe-das-aves\/\"},\"author\":{\"name\":\"Telinha\",\"@id\":\"https:\/\/portaltela.pt\/#\/schema\/person\/c4278d4a6028830caff9ee44b42d32ed\"},\"headline\":\"CM Vagos: Informa\u00e7\u00e3o e medidas de preven\u00e7\u00e3o contra gripe das aves\",\"datePublished\":\"2026-01-22T00:10:56+00:00\",\"mainEntityOfPage\":{\"@id\":\"https:\/\/portaltela.pt\/noticias\/2026\/01\/21\/cm-vagos-informacao-e-medidas-de-prevencao-contra-gripe-das-aves\/\"},\"wordCount\":255,\"image\":{\"@id\":\"https:\/\/portaltela.pt\/noticias\/2026\/01\/21\/cm-vagos-informacao-e-medidas-de-prevencao-contra-gripe-das-aves\/#primaryimage\"},\"thumbnailUrl\":\"https:\/\/portaltela.pt\/s.01k8rhncp4jt1\/2026\/01\/unnamed-file-4540.jpg\",\"keywords\":[\"animais\",\"biosseguran\u00e7a\",\"gripe\",\"pecu\u00e1ria\",\"sa\u00fade p\u00fablica\",\"vigil\u00e2ncia epidemiol\u00f3gica\"],\"articleSection\":[\"Not\u00edcias\"],\"inLanguage\":\"pt-PT\"},{\"@type\":\"WebPage\",\"@id\":\"https:\/\/portaltela.pt\/noticias\/2026\/01\/21\/cm-vagos-informacao-e-medidas-de-prevencao-contra-gripe-das-aves\/\",\"url\":\"https:\/\/portaltela.pt\/noticias\/2026\/01\/21\/cm-vagos-informacao-e-medidas-de-prevencao-contra-gripe-das-aves\/\",\"name\":\"CM Vagos: Informa\u00e7\u00e3o e medidas de preven\u00e7\u00e3o contra gripe das aves - Portal Tela Portugal\",\"isPartOf\":{\"@id\":\"https:\/\/portaltela.pt\/#website\"},\"primaryImageOfPage\":{\"@id\":\"https:\/\/portaltela.pt\/noticias\/2026\/01\/21\/cm-vagos-informacao-e-medidas-de-prevencao-contra-gripe-das-aves\/#primaryimage\"},\"image\":{\"@id\":\"https:\/\/portaltela.pt\/noticias\/2026\/01\/21\/cm-vagos-informacao-e-medidas-de-prevencao-contra-gripe-das-aves\/#primaryimage\"},\"thumbnailUrl\":\"https:\/\/portaltela.pt\/s.01k8rhncp4jt1\/2026\/01\/unnamed-file-4540.jpg\",\"datePublished\":\"2026-01-22T00:10:56+00:00\",\"author\":{\"@id\":\"https:\/\/portaltela.pt\/#\/schema\/person\/c4278d4a6028830caff9ee44b42d32ed\"},\"breadcrumb\":{\"@id\":\"https:\/\/portaltela.pt\/noticias\/2026\/01\/21\/cm-vagos-informacao-e-medidas-de-prevencao-contra-gripe-das-aves\/#breadcrumb\"},\"inLanguage\":\"pt-PT\",\"potentialAction\":[{\"@type\":\"ReadAction\",\"target\":[\"https:\/\/portaltela.pt\/noticias\/2026\/01\/21\/cm-vagos-informacao-e-medidas-de-prevencao-contra-gripe-das-aves\/\"]}]},{\"@type\":\"ImageObject\",\"inLanguage\":\"pt-PT\",\"@id\":\"https:\/\/portaltela.pt\/noticias\/2026\/01\/21\/cm-vagos-informacao-e-medidas-de-prevencao-contra-gripe-das-aves\/#primaryimage\",\"url\":\"https:\/\/portaltela.pt\/s.01k8rhncp4jt1\/2026\/01\/unnamed-file-4540.jpg\",\"contentUrl\":\"https:\/\/portaltela.pt\/s.01k8rhncp4jt1\/2026\/01\/unnamed-file-4540.jpg\",\"width\":796,\"height\":448,\"caption\":\"CM Vagos \/ GRIPE DAS AVES \u2013 INFORMA\u00c7\u00c3O E PREVEN\u00c7\u00c3O\"},{\"@type\":\"BreadcrumbList\",\"@id\":\"https:\/\/portaltela.pt\/noticias\/2026\/01\/21\/cm-vagos-informacao-e-medidas-de-prevencao-contra-gripe-das-aves\/#breadcrumb\",\"itemListElement\":[{\"@type\":\"ListItem\",\"position\":1,\"name\":\"In\u00edcio\",\"item\":\"https:\/\/portaltela.pt\/\"},{\"@type\":\"ListItem\",\"position\":2,\"name\":\"CM Vagos: Informa\u00e7\u00e3o e medidas de preven\u00e7\u00e3o contra gripe das aves\"}]},{\"@type\":\"WebSite\",\"@id\":\"https:\/\/portaltela.pt\/#website\",\"url\":\"https:\/\/portaltela.pt\/\",\"name\":\"Portal Tela Portugal\",\"description\":\"\",\"potentialAction\":[{\"@type\":\"SearchAction\",\"target\":{\"@type\":\"EntryPoint\",\"urlTemplate\":\"https:\/\/portaltela.pt\/?s={search_term_string}\"},\"query-input\":{\"@type\":\"PropertyValueSpecification\",\"valueRequired\":true,\"valueName\":\"search_term_string\"}}],\"inLanguage\":\"pt-PT\"},{\"@type\":\"Person\",\"@id\":\"https:\/\/portaltela.pt\/#\/schema\/person\/c4278d4a6028830caff9ee44b42d32ed\",\"name\":\"Telinha\",\"image\":{\"@type\":\"ImageObject\",\"inLanguage\":\"pt-PT\",\"@id\":\"https:\/\/portaltela.pt\/s.01k8rhncp4jt1\/2025\/11\/talking-bot-125x125.png\",\"url\":\"https:\/\/portaltela.pt\/s.01k8rhncp4jt1\/2025\/11\/talking-bot-125x125.png\",\"contentUrl\":\"https:\/\/portaltela.pt\/s.01k8rhncp4jt1\/2025\/11\/talking-bot-125x125.png\",\"caption\":\"Telinha\"},\"sameAs\":[\"https:\/\/portaltela.pt\/\"],\"url\":\"https:\/\/portaltela.pt\/por\/367410592786\/\"}]}<\/script>\n<!-- \/ Yoast SEO plugin. -->","yoast_head_json":{"title":"CM Vagos: Informa\u00e7\u00e3o e medidas de preven\u00e7\u00e3o contra gripe das aves - Portal Tela Portugal","robots":{"index":"index","follow":"follow","max-snippet":"max-snippet:-1","max-image-preview":"max-image-preview:large","max-video-preview":"max-video-preview:-1"},"og_locale":"pt_PT","og_type":"article","og_title":"CM Vagos: Informa\u00e7\u00e3o e medidas de preven\u00e7\u00e3o contra gripe das aves - Portal Tela Portugal","og_description":"A C\u00e2mara Municipal de Vagos e a Dire\u00e7\u00e3o-Geral de Alimenta\u00e7\u00e3o e Veterin\u00e1ria anunciam um novo foco de gripe das aves em Portugal. De formapreventiva, foi determinado o confinamento de todas as aves de capoeira e aves em cativeiro nas zonas de alto risco para evitar contacto com aves selvagens. As zonas de alto risco est\u00e3o discriminadas no anexo do edital publicado pela autarquia. A DGAV tem pedido aos detentores de aves que cumpram as medidas de biosseguran\u00e7a e boas pr\u00e1ticas de produ\u00e7\u00e3o para prevenir a transmiss\u00e3o entre aves dom\u00e9sticas e selvagens. Qualquer suspeita de infe\u00e7\u00e3o deve ser reportada \u00e0 DGAV.","og_url":"https:\/\/portaltela.pt\/noticias\/2026\/01\/21\/cm-vagos-informacao-e-medidas-de-prevencao-contra-gripe-das-aves\/","og_site_name":"Portal Tela Portugal","article_published_time":"2026-01-22T00:10:56+00:00","author":"Telinha","twitter_card":"summary_large_image","twitter_misc":{"Escrito por":"Telinha","Tempo estimado de leitura":"1 minuto"},"schema":{"@context":"https:\/\/schema.org","@graph":[{"@type":"Article","@id":"https:\/\/portaltela.pt\/noticias\/2026\/01\/21\/cm-vagos-informacao-e-medidas-de-prevencao-contra-gripe-das-aves\/#article","isPartOf":{"@id":"https:\/\/portaltela.pt\/noticias\/2026\/01\/21\/cm-vagos-informacao-e-medidas-de-prevencao-contra-gripe-das-aves\/"},"author":{"name":"Telinha","@id":"https:\/\/portaltela.pt\/#\/schema\/person\/c4278d4a6028830caff9ee44b42d32ed"},"headline":"CM Vagos: Informa\u00e7\u00e3o e medidas de preven\u00e7\u00e3o contra gripe das aves","datePublished":"2026-01-22T00:10:56+00:00","mainEntityOfPage":{"@id":"https:\/\/portaltela.pt\/noticias\/2026\/01\/21\/cm-vagos-informacao-e-medidas-de-prevencao-contra-gripe-das-aves\/"},"wordCount":255,"image":{"@id":"https:\/\/portaltela.pt\/noticias\/2026\/01\/21\/cm-vagos-informacao-e-medidas-de-prevencao-contra-gripe-das-aves\/#primaryimage"},"thumbnailUrl":"https:\/\/portaltela.pt\/s.01k8rhncp4jt1\/2026\/01\/unnamed-file-4540.jpg","keywords":["animais","biosseguran\u00e7a","gripe","pecu\u00e1ria","sa\u00fade p\u00fablica","vigil\u00e2ncia epidemiol\u00f3gica"],"articleSection":["Not\u00edcias"],"inLanguage":"pt-PT"},{"@type":"WebPage","@id":"https:\/\/portaltela.pt\/noticias\/2026\/01\/21\/cm-vagos-informacao-e-medidas-de-prevencao-contra-gripe-das-aves\/","url":"https:\/\/portaltela.pt\/noticias\/2026\/01\/21\/cm-vagos-informacao-e-medidas-de-prevencao-contra-gripe-das-aves\/","name":"CM Vagos: Informa\u00e7\u00e3o e medidas de preven\u00e7\u00e3o contra gripe das aves - Portal Tela Portugal","isPartOf":{"@id":"https:\/\/portaltela.pt\/#website"},"primaryImageOfPage":{"@id":"https:\/\/portaltela.pt\/noticias\/2026\/01\/21\/cm-vagos-informacao-e-medidas-de-prevencao-contra-gripe-das-aves\/#primaryimage"},"image":{"@id":"https:\/\/portaltela.pt\/noticias\/2026\/01\/21\/cm-vagos-informacao-e-medidas-de-prevencao-contra-gripe-das-aves\/#primaryimage"},"thumbnailUrl":"https:\/\/portaltela.pt\/s.01k8rhncp4jt1\/2026\/01\/unnamed-file-4540.jpg","datePublished":"2026-01-22T00:10:56+00:00","author":{"@id":"https:\/\/portaltela.pt\/#\/schema\/person\/c4278d4a6028830caff9ee44b42d32ed"},"breadcrumb":{"@id":"https:\/\/portaltela.pt\/noticias\/2026\/01\/21\/cm-vagos-informacao-e-medidas-de-prevencao-contra-gripe-das-aves\/#breadcrumb"},"inLanguage":"pt-PT","potentialAction":[{"@type":"ReadAction","target":["https:\/\/portaltela.pt\/noticias\/2026\/01\/21\/cm-vagos-informacao-e-medidas-de-prevencao-contra-gripe-das-aves\/"]}]},{"@type":"ImageObject","inLanguage":"pt-PT","@id":"https:\/\/portaltela.pt\/noticias\/2026\/01\/21\/cm-vagos-informacao-e-medidas-de-prevencao-contra-gripe-das-aves\/#primaryimage","url":"https:\/\/portaltela.pt\/s.01k8rhncp4jt1\/2026\/01\/unnamed-file-4540.jpg","contentUrl":"https:\/\/portaltela.pt\/s.01k8rhncp4jt1\/2026\/01\/unnamed-file-4540.jpg","width":796,"height":448,"caption":"CM Vagos \/ GRIPE DAS AVES \u2013 INFORMA\u00c7\u00c3O E PREVEN\u00c7\u00c3O"},{"@type":"BreadcrumbList","@id":"https:\/\/portaltela.pt\/noticias\/2026\/01\/21\/cm-vagos-informacao-e-medidas-de-prevencao-contra-gripe-das-aves\/#breadcrumb","itemListElement":[{"@type":"ListItem","position":1,"name":"In\u00edcio","item":"https:\/\/portaltela.pt\/"},{"@type":"ListItem","position":2,"name":"CM Vagos: Informa\u00e7\u00e3o e medidas de preven\u00e7\u00e3o contra gripe das aves"}]},{"@type":"WebSite","@id":"https:\/\/portaltela.pt\/#website","url":"https:\/\/portaltela.pt\/","name":"Portal Tela Portugal","description":"","potentialAction":[{"@type":"SearchAction","target":{"@type":"EntryPoint","urlTemplate":"https:\/\/portaltela.pt\/?s={search_term_string}"},"query-input":{"@type":"PropertyValueSpecification","valueRequired":true,"valueName":"search_term_string"}}],"inLanguage":"pt-PT"},{"@type":"Person","@id":"https:\/\/portaltela.pt\/#\/schema\/person\/c4278d4a6028830caff9ee44b42d32ed","name":"Telinha","image":{"@type":"ImageObject","inLanguage":"pt-PT","@id":"https:\/\/portaltela.pt\/s.01k8rhncp4jt1\/2025\/11\/talking-bot-125x125.png","url":"https:\/\/portaltela.pt\/s.01k8rhncp4jt1\/2025\/11\/talking-bot-125x125.png","contentUrl":"https:\/\/portaltela.pt\/s.01k8rhncp4jt1\/2025\/11\/talking-bot-125x125.png","caption":"Telinha"},"sameAs":["https:\/\/portaltela.pt\/"],"url":"https:\/\/portaltela.pt\/por\/367410592786\/"}]}},"_links":{"self":[{"href":"https:\/\/portaltela.pt\/api\/wp\/v2\/posts\/162068","targetHints":{"allow":["GET"]}}],"collection":[{"href":"https:\/\/portaltela.pt\/api\/wp\/v2\/posts"}],"about":[{"href":"https:\/\/portaltela.pt\/api\/wp\/v2\/types\/post"}],"author":[{"embeddable":true,"href":"https:\/\/portaltela.pt\/api\/wp\/v2\/users\/2"}],"replies":[{"embeddable":true,"href":"https:\/\/portaltela.pt\/api\/wp\/v2\/comments?post=162068"}],"version-history":[{"count":0,"href":"https:\/\/portaltela.pt\/api\/wp\/v2\/posts\/162068\/revisions"}],"wp:featuredmedia":[{"embeddable":true,"href":"https:\/\/portaltela.pt\/api\/wp\/v2\/media\/162074"}],"wp:attachment":[{"href":"https:\/\/portaltela.pt\/api\/wp\/v2\/media?parent=162068"}],"wp:term":[{"taxonomy":"category","embeddable":true,"href":"https:\/\/portaltela.pt\/api\/wp\/v2\/categories?post=162068"},{"taxonomy":"post_tag","embeddable":true,"href":"https:\/\/portaltela.pt\/api\/wp\/v2\/tags?post=162068"}],"curies":[{"name":"wp","href":"https:\/\/api.w.org\/{rel}","templated":true}]}}