{"id":162064,"date":"2026-01-21T21:29:00","date_gmt":"2026-01-22T00:29:00","guid":{"rendered":"https:\/\/portaltela.pt\/noticias\/2026\/01\/21\/onu-classifica-conselho-de-paz-para-gaza-como-amorfo-e-reafirma-carta\/"},"modified":"2026-01-21T21:29:00","modified_gmt":"2026-01-22T00:29:00","slug":"onu-classifica-conselho-de-paz-para-gaza-como-amorfo-e-reafirma-carta","status":"publish","type":"post","link":"https:\/\/portaltela.pt\/noticias\/2026\/01\/21\/onu-classifica-conselho-de-paz-para-gaza-como-amorfo-e-reafirma-carta\/","title":{"rendered":"ONU classifica Conselho de Paz para Gaza como amorfo e reafirma Carta"},"content":{"rendered":"<p>O secret\u00e1rio-geral da ONU, Ant\u00f3nio Guterres, disse que o Conselho de Paz criado por Washington para a Faixa de Gaza est\u00e1, por enquanto, \u201camorfo\u201d e que o apoio da organiza\u00e7\u00e3o \u00e9 exclusivamente para o trabalho no enclave. A observa\u00e7\u00e3o foi feita por meio do porta-voz Farhan Haq, durante a confer\u00eancia de imprensa di\u00e1ria em Nova Iorque.<\/p>\n<p>Na pra\u00e7a Davos, no F\u00f3rum Econ\u00f3mico Mundial, est\u00e1 anunciada a cerim\u00f3nia de assinatura para hoje que formaliza o Conselho de Paz, presidida por Donald Trump. O Presidente dos EUA afirmou que o \u00f3rg\u00e3o foi criado devido \u00e0 falta de apoio da ONU para resolver guerras. Haq sublinhou que o Conselho continua limitado ao tema de Gaza.<\/p>\n<h3>Contexto e papel da ONU<\/h3>\n<p>Haq reiterou que o Conselho de Seguran\u00e7a apoiou o Conselho de Paz apenas para o trabalho na Faixa de Gaza e que a ONU continua a cumprir a resolu\u00e7\u00e3o correspondente. A organiza\u00e7\u00e3o tamb\u00e9m destacou que n\u00e3o est\u00e1 preocupada com outras entidades que coexistem com a ONU ao longo dos 80 anos de atividade.<\/p>\n<p>At\u00e9 \u00e0 data, cerca de 50 chefes de Estado e de Governo foram convidados e j\u00e1 cerca de 35 confirmaram participa\u00e7\u00e3o. Israel, Argentina e Egito integram a lista de membros. Fran\u00e7a, Noruega e Su\u00e9cia rejeitaram a ades\u00e3o, enquanto R\u00fassia, Brasil e Espanha ainda estudam a proposta.<\/p>\n<h3>Rea\u00e7\u00f5es e perspetivas<\/h3>\n<p>Trump criticou a institui\u00e7\u00e3o, mas Haq indicou que a ONU trabalha para melhorar o funcionamento do Conselho de Paz. A organiza\u00e7\u00e3o afirmou que continuar\u00e1 a promover a paz, respeitando o direito internacional e buscando solu\u00e7\u00f5es dur\u00e1veis para os conflitos.<\/p>\n<p>A ONU mant\u00e9m o foco no cumprimento da Carta das Na\u00e7\u00f5es Unidas e no enfrentamento das causas profundas dos conflitos, sem incentivar posi\u00e7\u00f5es pol\u00edticas ou mudan\u00e7as r\u00e1pidas de regime.<\/p>\n","protected":false},"excerpt":{"rendered":"<ul>\n<li>A ONU mant\u00e9m que o Conselho de Paz criado para Gaza \u00e9, por agora, \u201camorfo\u201d e que o apoio ao \u00f3rg\u00e3o \u00e9 estritamente pelo trabalho na Faixa de Gaza, afirmou Farhan Haq, porta-voz de Ant\u00f3nio Guterres.<\/li>\n<li>O secret\u00e1rio-geral reiterou que a ONU est\u00e1 fiel \u00e0 sua Carta e aos seus objetivos, sem desviar do programa e da miss\u00e3o da organiza\u00e7\u00e3o.<\/li>\n<li>Em Davos, Donald Trump vai presidir a assinatura que formaliza o Conselho de Paz, pretendendo depois expandir os seus poderes para rivalizar com o Conselho de Seguran\u00e7a das Na\u00e7\u00f5es Unidas.<\/li>\n<li>O Conselho de Seguran\u00e7a apoiou o Conselho de Paz apenas pelo trabalho em Gaza, e a ONU garante que o \u00f3rg\u00e3o continua a cumprir a resolu\u00e7\u00e3o relacionada com a regi\u00e3o.<\/li>\n<li>Pa\u00edses j\u00e1 confirmaram ades\u00e3o: Israel, Argentina e Egito; Fran\u00e7a, Noruega e Su\u00e9cia rejeitaram; R\u00fassia, Brasil e Espanha ainda est\u00e3o a analisar; cerca de 35 dos 50 dirigentes convidados j\u00e1 confirmaram presen\u00e7a.<\/li>\n<\/ul>\n","protected":false},"author":2,"featured_media":162071,"comment_status":"closed","ping_status":"closed","sticky":false,"template":"","format":"standard","meta":{"footnotes":""},"categories":[1],"tags":[3251,2198,29,1465,2127,466],"class_list":["post-162064","post","type-post","status-publish","format-standard","has-post-thumbnail","hentry","category-noticias","tag-carta-das-nacoes-unidas","tag-conflitos-internacionais","tag-diplomacia","tag-direitos-internacionais","tag-nacoes-unidas","tag-organizacao-internacional"],"yoast_head":"<!-- This site is optimized with the Yoast SEO plugin v27.2 - https:\/\/yoast.com\/product\/yoast-seo-wordpress\/ -->\n<title>ONU classifica Conselho de Paz para Gaza como amorfo e reafirma Carta - Portal Tela Portugal<\/title>\n<meta name=\"robots\" content=\"index, follow, max-snippet:-1, max-image-preview:large, max-video-preview:-1\" \/>\n<meta property=\"og:locale\" content=\"pt_PT\" \/>\n<meta property=\"og:type\" content=\"article\" \/>\n<meta property=\"og:title\" content=\"ONU classifica Conselho de Paz para Gaza como amorfo e reafirma Carta - Portal Tela Portugal\" \/>\n<meta property=\"og:description\" content=\"A ONU mant\u00e9m que o Conselho de Paz criado para Gaza \u00e9, por agora, \u201camorfo\u201d e que o apoio ao \u00f3rg\u00e3o \u00e9 estritamente pelo trabalho na Faixa de Gaza, afirmou Farhan Haq, porta-voz de Ant\u00f3nio Guterres. O secret\u00e1rio-geral reiterou que a ONU est\u00e1 fiel \u00e0 sua Carta e aos seus objetivos, sem desviar do programa e da miss\u00e3o da organiza\u00e7\u00e3o. Em Davos, Donald Trump vai presidir a assinatura que formaliza o Conselho de Paz, pretendendo depois expandir os seus poderes para rivalizar com o Conselho de Seguran\u00e7a das Na\u00e7\u00f5es Unidas. O Conselho de Seguran\u00e7a apoiou o Conselho de Paz apenas pelo trabalho em Gaza, e a ONU garante que o \u00f3rg\u00e3o continua a cumprir a resolu\u00e7\u00e3o relacionada com a regi\u00e3o. Pa\u00edses j\u00e1 confirmaram ades\u00e3o: Israel, Argentina e Egito; Fran\u00e7a, Noruega e Su\u00e9cia rejeitaram; R\u00fassia, Brasil e Espanha ainda est\u00e3o a analisar; cerca de 35 dos 50 dirigentes convidados j\u00e1 confirmaram presen\u00e7a.\" \/>\n<meta property=\"og:url\" content=\"https:\/\/portaltela.pt\/noticias\/2026\/01\/21\/onu-classifica-conselho-de-paz-para-gaza-como-amorfo-e-reafirma-carta\/\" \/>\n<meta property=\"og:site_name\" content=\"Portal Tela Portugal\" \/>\n<meta property=\"article:published_time\" content=\"2026-01-22T00:29:00+00:00\" \/>\n<meta name=\"author\" content=\"Telinha\" \/>\n<meta name=\"twitter:card\" content=\"summary_large_image\" \/>\n<meta name=\"twitter:label1\" content=\"Escrito por\" \/>\n\t<meta name=\"twitter:data1\" content=\"Telinha\" \/>\n\t<meta name=\"twitter:label2\" content=\"Tempo estimado de leitura\" \/>\n\t<meta name=\"twitter:data2\" content=\"2 minutos\" \/>\n<script type=\"application\/ld+json\" class=\"yoast-schema-graph\">{\"@context\":\"https:\/\/schema.org\",\"@graph\":[{\"@type\":\"Article\",\"@id\":\"https:\/\/portaltela.pt\/noticias\/2026\/01\/21\/onu-classifica-conselho-de-paz-para-gaza-como-amorfo-e-reafirma-carta\/#article\",\"isPartOf\":{\"@id\":\"https:\/\/portaltela.pt\/noticias\/2026\/01\/21\/onu-classifica-conselho-de-paz-para-gaza-como-amorfo-e-reafirma-carta\/\"},\"author\":{\"name\":\"Telinha\",\"@id\":\"https:\/\/portaltela.pt\/#\/schema\/person\/c4278d4a6028830caff9ee44b42d32ed\"},\"headline\":\"ONU classifica Conselho de Paz para Gaza como amorfo e reafirma Carta\",\"datePublished\":\"2026-01-22T00:29:00+00:00\",\"mainEntityOfPage\":{\"@id\":\"https:\/\/portaltela.pt\/noticias\/2026\/01\/21\/onu-classifica-conselho-de-paz-para-gaza-como-amorfo-e-reafirma-carta\/\"},\"wordCount\":325,\"image\":{\"@id\":\"https:\/\/portaltela.pt\/noticias\/2026\/01\/21\/onu-classifica-conselho-de-paz-para-gaza-como-amorfo-e-reafirma-carta\/#primaryimage\"},\"thumbnailUrl\":\"https:\/\/portaltela.pt\/s.01k8rhncp4jt1\/2026\/01\/34373450.jpg\",\"keywords\":[\"Carta das Na\u00e7\u00f5es Unidas\",\"conflitos internacionais\",\"diplomacia\",\"direitos internacionais\",\"Na\u00e7\u00f5es Unidas\",\"organiza\u00e7\u00e3o internacional\"],\"articleSection\":[\"Not\u00edcias\"],\"inLanguage\":\"pt-PT\"},{\"@type\":\"WebPage\",\"@id\":\"https:\/\/portaltela.pt\/noticias\/2026\/01\/21\/onu-classifica-conselho-de-paz-para-gaza-como-amorfo-e-reafirma-carta\/\",\"url\":\"https:\/\/portaltela.pt\/noticias\/2026\/01\/21\/onu-classifica-conselho-de-paz-para-gaza-como-amorfo-e-reafirma-carta\/\",\"name\":\"ONU classifica Conselho de Paz para Gaza como amorfo e reafirma Carta - Portal Tela Portugal\",\"isPartOf\":{\"@id\":\"https:\/\/portaltela.pt\/#website\"},\"primaryImageOfPage\":{\"@id\":\"https:\/\/portaltela.pt\/noticias\/2026\/01\/21\/onu-classifica-conselho-de-paz-para-gaza-como-amorfo-e-reafirma-carta\/#primaryimage\"},\"image\":{\"@id\":\"https:\/\/portaltela.pt\/noticias\/2026\/01\/21\/onu-classifica-conselho-de-paz-para-gaza-como-amorfo-e-reafirma-carta\/#primaryimage\"},\"thumbnailUrl\":\"https:\/\/portaltela.pt\/s.01k8rhncp4jt1\/2026\/01\/34373450.jpg\",\"datePublished\":\"2026-01-22T00:29:00+00:00\",\"author\":{\"@id\":\"https:\/\/portaltela.pt\/#\/schema\/person\/c4278d4a6028830caff9ee44b42d32ed\"},\"breadcrumb\":{\"@id\":\"https:\/\/portaltela.pt\/noticias\/2026\/01\/21\/onu-classifica-conselho-de-paz-para-gaza-como-amorfo-e-reafirma-carta\/#breadcrumb\"},\"inLanguage\":\"pt-PT\",\"potentialAction\":[{\"@type\":\"ReadAction\",\"target\":[\"https:\/\/portaltela.pt\/noticias\/2026\/01\/21\/onu-classifica-conselho-de-paz-para-gaza-como-amorfo-e-reafirma-carta\/\"]}]},{\"@type\":\"ImageObject\",\"inLanguage\":\"pt-PT\",\"@id\":\"https:\/\/portaltela.pt\/noticias\/2026\/01\/21\/onu-classifica-conselho-de-paz-para-gaza-como-amorfo-e-reafirma-carta\/#primaryimage\",\"url\":\"https:\/\/portaltela.pt\/s.01k8rhncp4jt1\/2026\/01\/34373450.jpg\",\"contentUrl\":\"https:\/\/portaltela.pt\/s.01k8rhncp4jt1\/2026\/01\/34373450.jpg\",\"width\":796,\"height\":448,\"caption\":\"EPA09479283 The United Nations headquarters building is seen from inside the General Assembly hall before heads of state begin to address the 76th Session of the U.N. General Assembly in New York City, USA, 21 September 2021.\"},{\"@type\":\"BreadcrumbList\",\"@id\":\"https:\/\/portaltela.pt\/noticias\/2026\/01\/21\/onu-classifica-conselho-de-paz-para-gaza-como-amorfo-e-reafirma-carta\/#breadcrumb\",\"itemListElement\":[{\"@type\":\"ListItem\",\"position\":1,\"name\":\"In\u00edcio\",\"item\":\"https:\/\/portaltela.pt\/\"},{\"@type\":\"ListItem\",\"position\":2,\"name\":\"ONU classifica Conselho de Paz para Gaza como amorfo e reafirma Carta\"}]},{\"@type\":\"WebSite\",\"@id\":\"https:\/\/portaltela.pt\/#website\",\"url\":\"https:\/\/portaltela.pt\/\",\"name\":\"Portal Tela Portugal\",\"description\":\"\",\"potentialAction\":[{\"@type\":\"SearchAction\",\"target\":{\"@type\":\"EntryPoint\",\"urlTemplate\":\"https:\/\/portaltela.pt\/?s={search_term_string}\"},\"query-input\":{\"@type\":\"PropertyValueSpecification\",\"valueRequired\":true,\"valueName\":\"search_term_string\"}}],\"inLanguage\":\"pt-PT\"},{\"@type\":\"Person\",\"@id\":\"https:\/\/portaltela.pt\/#\/schema\/person\/c4278d4a6028830caff9ee44b42d32ed\",\"name\":\"Telinha\",\"image\":{\"@type\":\"ImageObject\",\"inLanguage\":\"pt-PT\",\"@id\":\"https:\/\/portaltela.pt\/s.01k8rhncp4jt1\/2025\/11\/talking-bot-125x125.png\",\"url\":\"https:\/\/portaltela.pt\/s.01k8rhncp4jt1\/2025\/11\/talking-bot-125x125.png\",\"contentUrl\":\"https:\/\/portaltela.pt\/s.01k8rhncp4jt1\/2025\/11\/talking-bot-125x125.png\",\"caption\":\"Telinha\"},\"sameAs\":[\"https:\/\/portaltela.pt\/\"],\"url\":\"https:\/\/portaltela.pt\/por\/367410592786\/\"}]}<\/script>\n<!-- \/ Yoast SEO plugin. -->","yoast_head_json":{"title":"ONU classifica Conselho de Paz para Gaza como amorfo e reafirma Carta - Portal Tela Portugal","robots":{"index":"index","follow":"follow","max-snippet":"max-snippet:-1","max-image-preview":"max-image-preview:large","max-video-preview":"max-video-preview:-1"},"og_locale":"pt_PT","og_type":"article","og_title":"ONU classifica Conselho de Paz para Gaza como amorfo e reafirma Carta - Portal Tela Portugal","og_description":"A ONU mant\u00e9m que o Conselho de Paz criado para Gaza \u00e9, por agora, \u201camorfo\u201d e que o apoio ao \u00f3rg\u00e3o \u00e9 estritamente pelo trabalho na Faixa de Gaza, afirmou Farhan Haq, porta-voz de Ant\u00f3nio Guterres. O secret\u00e1rio-geral reiterou que a ONU est\u00e1 fiel \u00e0 sua Carta e aos seus objetivos, sem desviar do programa e da miss\u00e3o da organiza\u00e7\u00e3o. Em Davos, Donald Trump vai presidir a assinatura que formaliza o Conselho de Paz, pretendendo depois expandir os seus poderes para rivalizar com o Conselho de Seguran\u00e7a das Na\u00e7\u00f5es Unidas. O Conselho de Seguran\u00e7a apoiou o Conselho de Paz apenas pelo trabalho em Gaza, e a ONU garante que o \u00f3rg\u00e3o continua a cumprir a resolu\u00e7\u00e3o relacionada com a regi\u00e3o. Pa\u00edses j\u00e1 confirmaram ades\u00e3o: Israel, Argentina e Egito; Fran\u00e7a, Noruega e Su\u00e9cia rejeitaram; R\u00fassia, Brasil e Espanha ainda est\u00e3o a analisar; cerca de 35 dos 50 dirigentes convidados j\u00e1 confirmaram presen\u00e7a.","og_url":"https:\/\/portaltela.pt\/noticias\/2026\/01\/21\/onu-classifica-conselho-de-paz-para-gaza-como-amorfo-e-reafirma-carta\/","og_site_name":"Portal Tela Portugal","article_published_time":"2026-01-22T00:29:00+00:00","author":"Telinha","twitter_card":"summary_large_image","twitter_misc":{"Escrito por":"Telinha","Tempo estimado de leitura":"2 minutos"},"schema":{"@context":"https:\/\/schema.org","@graph":[{"@type":"Article","@id":"https:\/\/portaltela.pt\/noticias\/2026\/01\/21\/onu-classifica-conselho-de-paz-para-gaza-como-amorfo-e-reafirma-carta\/#article","isPartOf":{"@id":"https:\/\/portaltela.pt\/noticias\/2026\/01\/21\/onu-classifica-conselho-de-paz-para-gaza-como-amorfo-e-reafirma-carta\/"},"author":{"name":"Telinha","@id":"https:\/\/portaltela.pt\/#\/schema\/person\/c4278d4a6028830caff9ee44b42d32ed"},"headline":"ONU classifica Conselho de Paz para Gaza como amorfo e reafirma Carta","datePublished":"2026-01-22T00:29:00+00:00","mainEntityOfPage":{"@id":"https:\/\/portaltela.pt\/noticias\/2026\/01\/21\/onu-classifica-conselho-de-paz-para-gaza-como-amorfo-e-reafirma-carta\/"},"wordCount":325,"image":{"@id":"https:\/\/portaltela.pt\/noticias\/2026\/01\/21\/onu-classifica-conselho-de-paz-para-gaza-como-amorfo-e-reafirma-carta\/#primaryimage"},"thumbnailUrl":"https:\/\/portaltela.pt\/s.01k8rhncp4jt1\/2026\/01\/34373450.jpg","keywords":["Carta das Na\u00e7\u00f5es Unidas","conflitos internacionais","diplomacia","direitos internacionais","Na\u00e7\u00f5es Unidas","organiza\u00e7\u00e3o internacional"],"articleSection":["Not\u00edcias"],"inLanguage":"pt-PT"},{"@type":"WebPage","@id":"https:\/\/portaltela.pt\/noticias\/2026\/01\/21\/onu-classifica-conselho-de-paz-para-gaza-como-amorfo-e-reafirma-carta\/","url":"https:\/\/portaltela.pt\/noticias\/2026\/01\/21\/onu-classifica-conselho-de-paz-para-gaza-como-amorfo-e-reafirma-carta\/","name":"ONU classifica Conselho de Paz para Gaza como amorfo e reafirma Carta - Portal Tela Portugal","isPartOf":{"@id":"https:\/\/portaltela.pt\/#website"},"primaryImageOfPage":{"@id":"https:\/\/portaltela.pt\/noticias\/2026\/01\/21\/onu-classifica-conselho-de-paz-para-gaza-como-amorfo-e-reafirma-carta\/#primaryimage"},"image":{"@id":"https:\/\/portaltela.pt\/noticias\/2026\/01\/21\/onu-classifica-conselho-de-paz-para-gaza-como-amorfo-e-reafirma-carta\/#primaryimage"},"thumbnailUrl":"https:\/\/portaltela.pt\/s.01k8rhncp4jt1\/2026\/01\/34373450.jpg","datePublished":"2026-01-22T00:29:00+00:00","author":{"@id":"https:\/\/portaltela.pt\/#\/schema\/person\/c4278d4a6028830caff9ee44b42d32ed"},"breadcrumb":{"@id":"https:\/\/portaltela.pt\/noticias\/2026\/01\/21\/onu-classifica-conselho-de-paz-para-gaza-como-amorfo-e-reafirma-carta\/#breadcrumb"},"inLanguage":"pt-PT","potentialAction":[{"@type":"ReadAction","target":["https:\/\/portaltela.pt\/noticias\/2026\/01\/21\/onu-classifica-conselho-de-paz-para-gaza-como-amorfo-e-reafirma-carta\/"]}]},{"@type":"ImageObject","inLanguage":"pt-PT","@id":"https:\/\/portaltela.pt\/noticias\/2026\/01\/21\/onu-classifica-conselho-de-paz-para-gaza-como-amorfo-e-reafirma-carta\/#primaryimage","url":"https:\/\/portaltela.pt\/s.01k8rhncp4jt1\/2026\/01\/34373450.jpg","contentUrl":"https:\/\/portaltela.pt\/s.01k8rhncp4jt1\/2026\/01\/34373450.jpg","width":796,"height":448,"caption":"EPA09479283 The United Nations headquarters building is seen from inside the General Assembly hall before heads of state begin to address the 76th Session of the U.N. General Assembly in New York City, USA, 21 September 2021."},{"@type":"BreadcrumbList","@id":"https:\/\/portaltela.pt\/noticias\/2026\/01\/21\/onu-classifica-conselho-de-paz-para-gaza-como-amorfo-e-reafirma-carta\/#breadcrumb","itemListElement":[{"@type":"ListItem","position":1,"name":"In\u00edcio","item":"https:\/\/portaltela.pt\/"},{"@type":"ListItem","position":2,"name":"ONU classifica Conselho de Paz para Gaza como amorfo e reafirma Carta"}]},{"@type":"WebSite","@id":"https:\/\/portaltela.pt\/#website","url":"https:\/\/portaltela.pt\/","name":"Portal Tela Portugal","description":"","potentialAction":[{"@type":"SearchAction","target":{"@type":"EntryPoint","urlTemplate":"https:\/\/portaltela.pt\/?s={search_term_string}"},"query-input":{"@type":"PropertyValueSpecification","valueRequired":true,"valueName":"search_term_string"}}],"inLanguage":"pt-PT"},{"@type":"Person","@id":"https:\/\/portaltela.pt\/#\/schema\/person\/c4278d4a6028830caff9ee44b42d32ed","name":"Telinha","image":{"@type":"ImageObject","inLanguage":"pt-PT","@id":"https:\/\/portaltela.pt\/s.01k8rhncp4jt1\/2025\/11\/talking-bot-125x125.png","url":"https:\/\/portaltela.pt\/s.01k8rhncp4jt1\/2025\/11\/talking-bot-125x125.png","contentUrl":"https:\/\/portaltela.pt\/s.01k8rhncp4jt1\/2025\/11\/talking-bot-125x125.png","caption":"Telinha"},"sameAs":["https:\/\/portaltela.pt\/"],"url":"https:\/\/portaltela.pt\/por\/367410592786\/"}]}},"_links":{"self":[{"href":"https:\/\/portaltela.pt\/api\/wp\/v2\/posts\/162064","targetHints":{"allow":["GET"]}}],"collection":[{"href":"https:\/\/portaltela.pt\/api\/wp\/v2\/posts"}],"about":[{"href":"https:\/\/portaltela.pt\/api\/wp\/v2\/types\/post"}],"author":[{"embeddable":true,"href":"https:\/\/portaltela.pt\/api\/wp\/v2\/users\/2"}],"replies":[{"embeddable":true,"href":"https:\/\/portaltela.pt\/api\/wp\/v2\/comments?post=162064"}],"version-history":[{"count":0,"href":"https:\/\/portaltela.pt\/api\/wp\/v2\/posts\/162064\/revisions"}],"wp:featuredmedia":[{"embeddable":true,"href":"https:\/\/portaltela.pt\/api\/wp\/v2\/media\/162071"}],"wp:attachment":[{"href":"https:\/\/portaltela.pt\/api\/wp\/v2\/media?parent=162064"}],"wp:term":[{"taxonomy":"category","embeddable":true,"href":"https:\/\/portaltela.pt\/api\/wp\/v2\/categories?post=162064"},{"taxonomy":"post_tag","embeddable":true,"href":"https:\/\/portaltela.pt\/api\/wp\/v2\/tags?post=162064"}],"curies":[{"name":"wp","href":"https:\/\/api.w.org\/{rel}","templated":true}]}}