{"id":162063,"date":"2026-01-21T21:34:00","date_gmt":"2026-01-22T00:34:00","guid":{"rendered":"https:\/\/portaltela.pt\/noticias\/2026\/01\/21\/milei-afirma-que-a-america-sera-o-farol-num-mundo-a-despertar\/"},"modified":"2026-01-21T21:34:00","modified_gmt":"2026-01-22T00:34:00","slug":"milei-afirma-que-a-america-sera-o-farol-num-mundo-a-despertar","status":"publish","type":"post","link":"https:\/\/portaltela.pt\/noticias\/politica\/2026\/01\/21\/milei-afirma-que-a-america-sera-o-farol-num-mundo-a-despertar\/","title":{"rendered":"Milei afirma que a Am\u00e9rica ser\u00e1 o farol num mundo a despertar"},"content":{"rendered":"<p>O presidente argentino, Javier Milei, afirmou nesta quarta-feira no F\u00f3rum de Davos, Su\u00ed\u00e7a, que o mundo come\u00e7ou a despertar e que a Am\u00e9rica ser\u00e1 o farol do Ocidente. A interven\u00e7\u00e3o enfatizou o renascer das ideias de liberdade na regi\u00e3o.<\/p>\n<p>Milei vincou que 2026 traz boas not\u00edcias, citando o que chamou de renascer das ideias de liberdade na Am\u00e9rica, onde tem assistido a vit\u00f3rias de candidatos conservadores em pa\u00edses como Chile, Bol\u00edvia e Honduras.<\/p>\n<p>O chefe de Estado destacou que o Ocidente poder\u00e1 pagar a d\u00edvida civilizacional ao retornar aos valores da filosofia grega, do direito romano e dos princ\u00edpios judaico-crist\u00e3os. Foi defendida a ideia de um futuro melhor aliado \u00e0 liberdade.<\/p>\n<p>O discurso deste ano foi mais moderado do que anteriores, centrando-se na defesa de um capitalismo de livre iniciativa descrito como justo e eficiente, com refer\u00eancias a economistas ultraliberais.<\/p>\n<p>Milei referiu que a intelig\u00eancia artificial pode impulsionar o crescimento e o bem-estar, desde que a pol\u00edtica n\u00e3o interfira excessivamente na inova\u00e7\u00e3o. Acertou que governos devem facilitar avan\u00e7os, n\u00e3o dificultar.<\/p>\n<p>O presidente argentino sublinhou as reformas implementadas no pa\u00eds desde 2023, atribuindo o progresso ao esfor\u00e7o do governo na \u00e1rea de desregula\u00e7\u00e3o e transforma\u00e7\u00e3o do Estado, liderado por Federico Sturzenegger, segundo afirmou.<\/p>\n<p>Ao longo do discurso, Milei lembrou epis\u00f3dios de anos anteriores no mesmo f\u00f3rum, marcados por cr\u00edticas ao que chamou de socialismo e ao wokismo, que associou a riscos para a liberdade. Tamb\u00e9m citou propostas de reforma econ\u00f4mica em curso no pa\u00eds.<\/p>\n","protected":false},"excerpt":{"rendered":"<ul>\n<li>Milei afirmou em Davos que o mundo come\u00e7ou a despertar e que a Am\u00e9rica ser\u00e1 o farol do Ocidente.<\/li>\n<li>Alega que 2026 traz boas not\u00edcias, com o renascer das ideias de liberdade na Am\u00e9rica, citando Chile, Bol\u00edvia e Honduras.<\/li>\n<li>Defende o capitalismo de livre iniciativa, cita economistas ultraliberais e afirma que Maquiavel morreu.<\/li>\n<li>Diz que a Intelig\u00eancia Artificial vai impulsionar crescimento e bem-estar e pede aos pol\u00edticos para n\u00e3o atrapalharem quem melhora o mundo.<\/li>\n<li>Referiu reformas na Argentina desde 2023, incluindo 13.500 reformas estruturais lideradas pelo ministro da Desregula\u00e7\u00e3o e Transforma\u00e7\u00e3o do Estado, Federico Sturzenegger, sob o slogan Make Argentina Great Again.<\/li>\n<\/ul>\n","protected":false},"author":2,"featured_media":162066,"comment_status":"closed","ping_status":"closed","sticky":false,"template":"","format":"standard","meta":{"footnotes":""},"categories":[1,5],"tags":[28,2894,2920,3512,1928],"class_list":["post-162063","post","type-post","status-publish","format-standard","has-post-thumbnail","hentry","category-noticias","category-politica","tag-economia","tag-filosofia","tag-liberdade-de-expressao","tag-liberdade-de-imprensa","tag-ocidente"],"yoast_head":"<!-- This site is optimized with the Yoast SEO plugin v27.2 - https:\/\/yoast.com\/product\/yoast-seo-wordpress\/ -->\n<title>Milei afirma que a Am\u00e9rica ser\u00e1 o farol num mundo a despertar - Portal Tela Portugal<\/title>\n<meta name=\"robots\" content=\"index, follow, max-snippet:-1, max-image-preview:large, max-video-preview:-1\" \/>\n<meta property=\"og:locale\" content=\"pt_PT\" \/>\n<meta property=\"og:type\" content=\"article\" \/>\n<meta property=\"og:title\" content=\"Milei afirma que a Am\u00e9rica ser\u00e1 o farol num mundo a despertar - Portal Tela Portugal\" \/>\n<meta property=\"og:description\" content=\"Milei afirmou em Davos que o mundo come\u00e7ou a despertar e que a Am\u00e9rica ser\u00e1 o farol do Ocidente. Alega que 2026 traz boas not\u00edcias, com o renascer das ideias de liberdade na Am\u00e9rica, citando Chile, Bol\u00edvia e Honduras. Defende o capitalismo de livre iniciativa, cita economistas ultraliberais e afirma que Maquiavel morreu. Diz que a Intelig\u00eancia Artificial vai impulsionar crescimento e bem-estar e pede aos pol\u00edticos para n\u00e3o atrapalharem quem melhora o mundo. Referiu reformas na Argentina desde 2023, incluindo 13.500 reformas estruturais lideradas pelo ministro da Desregula\u00e7\u00e3o e Transforma\u00e7\u00e3o do Estado, Federico Sturzenegger, sob o slogan Make Argentina Great Again.\" \/>\n<meta property=\"og:url\" content=\"https:\/\/portaltela.pt\/noticias\/2026\/01\/21\/milei-afirma-que-a-america-sera-o-farol-num-mundo-a-despertar\/\" \/>\n<meta property=\"og:site_name\" content=\"Portal Tela Portugal\" \/>\n<meta property=\"article:published_time\" content=\"2026-01-22T00:34:00+00:00\" \/>\n<meta name=\"author\" content=\"Telinha\" \/>\n<meta name=\"twitter:card\" content=\"summary_large_image\" \/>\n<meta name=\"twitter:label1\" content=\"Escrito por\" \/>\n\t<meta name=\"twitter:data1\" content=\"Telinha\" \/>\n\t<meta name=\"twitter:label2\" content=\"Tempo estimado de leitura\" \/>\n\t<meta name=\"twitter:data2\" content=\"1 minuto\" \/>\n<script type=\"application\/ld+json\" class=\"yoast-schema-graph\">{\"@context\":\"https:\/\/schema.org\",\"@graph\":[{\"@type\":\"Article\",\"@id\":\"https:\/\/portaltela.pt\/noticias\/2026\/01\/21\/milei-afirma-que-a-america-sera-o-farol-num-mundo-a-despertar\/#article\",\"isPartOf\":{\"@id\":\"https:\/\/portaltela.pt\/noticias\/2026\/01\/21\/milei-afirma-que-a-america-sera-o-farol-num-mundo-a-despertar\/\"},\"author\":{\"name\":\"Telinha\",\"@id\":\"https:\/\/portaltela.pt\/#\/schema\/person\/c4278d4a6028830caff9ee44b42d32ed\"},\"headline\":\"Milei afirma que a Am\u00e9rica ser\u00e1 o farol num mundo a despertar\",\"datePublished\":\"2026-01-22T00:34:00+00:00\",\"mainEntityOfPage\":{\"@id\":\"https:\/\/portaltela.pt\/noticias\/2026\/01\/21\/milei-afirma-que-a-america-sera-o-farol-num-mundo-a-despertar\/\"},\"wordCount\":284,\"image\":{\"@id\":\"https:\/\/portaltela.pt\/noticias\/2026\/01\/21\/milei-afirma-que-a-america-sera-o-farol-num-mundo-a-despertar\/#primaryimage\"},\"thumbnailUrl\":\"https:\/\/portaltela.pt\/s.01k8rhncp4jt1\/2026\/01\/46397482.jpg\",\"keywords\":[\"economia\",\"filosofia\",\"liberdade de express\u00e3o\",\"liberdade de imprensa\",\"ocidente\"],\"articleSection\":[\"Not\u00edcias\",\"Pol\u00edtica\"],\"inLanguage\":\"pt-PT\"},{\"@type\":\"WebPage\",\"@id\":\"https:\/\/portaltela.pt\/noticias\/2026\/01\/21\/milei-afirma-que-a-america-sera-o-farol-num-mundo-a-despertar\/\",\"url\":\"https:\/\/portaltela.pt\/noticias\/2026\/01\/21\/milei-afirma-que-a-america-sera-o-farol-num-mundo-a-despertar\/\",\"name\":\"Milei afirma que a Am\u00e9rica ser\u00e1 o farol num mundo a despertar - Portal Tela Portugal\",\"isPartOf\":{\"@id\":\"https:\/\/portaltela.pt\/#website\"},\"primaryImageOfPage\":{\"@id\":\"https:\/\/portaltela.pt\/noticias\/2026\/01\/21\/milei-afirma-que-a-america-sera-o-farol-num-mundo-a-despertar\/#primaryimage\"},\"image\":{\"@id\":\"https:\/\/portaltela.pt\/noticias\/2026\/01\/21\/milei-afirma-que-a-america-sera-o-farol-num-mundo-a-despertar\/#primaryimage\"},\"thumbnailUrl\":\"https:\/\/portaltela.pt\/s.01k8rhncp4jt1\/2026\/01\/46397482.jpg\",\"datePublished\":\"2026-01-22T00:34:00+00:00\",\"author\":{\"@id\":\"https:\/\/portaltela.pt\/#\/schema\/person\/c4278d4a6028830caff9ee44b42d32ed\"},\"breadcrumb\":{\"@id\":\"https:\/\/portaltela.pt\/noticias\/2026\/01\/21\/milei-afirma-que-a-america-sera-o-farol-num-mundo-a-despertar\/#breadcrumb\"},\"inLanguage\":\"pt-PT\",\"potentialAction\":[{\"@type\":\"ReadAction\",\"target\":[\"https:\/\/portaltela.pt\/noticias\/2026\/01\/21\/milei-afirma-que-a-america-sera-o-farol-num-mundo-a-despertar\/\"]}]},{\"@type\":\"ImageObject\",\"inLanguage\":\"pt-PT\",\"@id\":\"https:\/\/portaltela.pt\/noticias\/2026\/01\/21\/milei-afirma-que-a-america-sera-o-farol-num-mundo-a-despertar\/#primaryimage\",\"url\":\"https:\/\/portaltela.pt\/s.01k8rhncp4jt1\/2026\/01\/46397482.jpg\",\"contentUrl\":\"https:\/\/portaltela.pt\/s.01k8rhncp4jt1\/2026\/01\/46397482.jpg\",\"width\":796,\"height\":448,\"caption\":\"Javier Milei, President of Argentina speaks during his Special Address at the 56th annual meeting of the World Economic Forum (WEF) in Davos, Switzerland, 21 January 2026.\"},{\"@type\":\"BreadcrumbList\",\"@id\":\"https:\/\/portaltela.pt\/noticias\/2026\/01\/21\/milei-afirma-que-a-america-sera-o-farol-num-mundo-a-despertar\/#breadcrumb\",\"itemListElement\":[{\"@type\":\"ListItem\",\"position\":1,\"name\":\"In\u00edcio\",\"item\":\"https:\/\/portaltela.pt\/\"},{\"@type\":\"ListItem\",\"position\":2,\"name\":\"Milei afirma que a Am\u00e9rica ser\u00e1 o farol num mundo a despertar\"}]},{\"@type\":\"WebSite\",\"@id\":\"https:\/\/portaltela.pt\/#website\",\"url\":\"https:\/\/portaltela.pt\/\",\"name\":\"Portal Tela Portugal\",\"description\":\"\",\"potentialAction\":[{\"@type\":\"SearchAction\",\"target\":{\"@type\":\"EntryPoint\",\"urlTemplate\":\"https:\/\/portaltela.pt\/?s={search_term_string}\"},\"query-input\":{\"@type\":\"PropertyValueSpecification\",\"valueRequired\":true,\"valueName\":\"search_term_string\"}}],\"inLanguage\":\"pt-PT\"},{\"@type\":\"Person\",\"@id\":\"https:\/\/portaltela.pt\/#\/schema\/person\/c4278d4a6028830caff9ee44b42d32ed\",\"name\":\"Telinha\",\"image\":{\"@type\":\"ImageObject\",\"inLanguage\":\"pt-PT\",\"@id\":\"https:\/\/portaltela.pt\/s.01k8rhncp4jt1\/2025\/11\/talking-bot-125x125.png\",\"url\":\"https:\/\/portaltela.pt\/s.01k8rhncp4jt1\/2025\/11\/talking-bot-125x125.png\",\"contentUrl\":\"https:\/\/portaltela.pt\/s.01k8rhncp4jt1\/2025\/11\/talking-bot-125x125.png\",\"caption\":\"Telinha\"},\"sameAs\":[\"https:\/\/portaltela.pt\/\"],\"url\":\"https:\/\/portaltela.pt\/por\/367410592786\/\"}]}<\/script>\n<!-- \/ Yoast SEO plugin. -->","yoast_head_json":{"title":"Milei afirma que a Am\u00e9rica ser\u00e1 o farol num mundo a despertar - Portal Tela Portugal","robots":{"index":"index","follow":"follow","max-snippet":"max-snippet:-1","max-image-preview":"max-image-preview:large","max-video-preview":"max-video-preview:-1"},"og_locale":"pt_PT","og_type":"article","og_title":"Milei afirma que a Am\u00e9rica ser\u00e1 o farol num mundo a despertar - Portal Tela Portugal","og_description":"Milei afirmou em Davos que o mundo come\u00e7ou a despertar e que a Am\u00e9rica ser\u00e1 o farol do Ocidente. Alega que 2026 traz boas not\u00edcias, com o renascer das ideias de liberdade na Am\u00e9rica, citando Chile, Bol\u00edvia e Honduras. Defende o capitalismo de livre iniciativa, cita economistas ultraliberais e afirma que Maquiavel morreu. Diz que a Intelig\u00eancia Artificial vai impulsionar crescimento e bem-estar e pede aos pol\u00edticos para n\u00e3o atrapalharem quem melhora o mundo. Referiu reformas na Argentina desde 2023, incluindo 13.500 reformas estruturais lideradas pelo ministro da Desregula\u00e7\u00e3o e Transforma\u00e7\u00e3o do Estado, Federico Sturzenegger, sob o slogan Make Argentina Great Again.","og_url":"https:\/\/portaltela.pt\/noticias\/2026\/01\/21\/milei-afirma-que-a-america-sera-o-farol-num-mundo-a-despertar\/","og_site_name":"Portal Tela Portugal","article_published_time":"2026-01-22T00:34:00+00:00","author":"Telinha","twitter_card":"summary_large_image","twitter_misc":{"Escrito por":"Telinha","Tempo estimado de leitura":"1 minuto"},"schema":{"@context":"https:\/\/schema.org","@graph":[{"@type":"Article","@id":"https:\/\/portaltela.pt\/noticias\/2026\/01\/21\/milei-afirma-que-a-america-sera-o-farol-num-mundo-a-despertar\/#article","isPartOf":{"@id":"https:\/\/portaltela.pt\/noticias\/2026\/01\/21\/milei-afirma-que-a-america-sera-o-farol-num-mundo-a-despertar\/"},"author":{"name":"Telinha","@id":"https:\/\/portaltela.pt\/#\/schema\/person\/c4278d4a6028830caff9ee44b42d32ed"},"headline":"Milei afirma que a Am\u00e9rica ser\u00e1 o farol num mundo a despertar","datePublished":"2026-01-22T00:34:00+00:00","mainEntityOfPage":{"@id":"https:\/\/portaltela.pt\/noticias\/2026\/01\/21\/milei-afirma-que-a-america-sera-o-farol-num-mundo-a-despertar\/"},"wordCount":284,"image":{"@id":"https:\/\/portaltela.pt\/noticias\/2026\/01\/21\/milei-afirma-que-a-america-sera-o-farol-num-mundo-a-despertar\/#primaryimage"},"thumbnailUrl":"https:\/\/portaltela.pt\/s.01k8rhncp4jt1\/2026\/01\/46397482.jpg","keywords":["economia","filosofia","liberdade de express\u00e3o","liberdade de imprensa","ocidente"],"articleSection":["Not\u00edcias","Pol\u00edtica"],"inLanguage":"pt-PT"},{"@type":"WebPage","@id":"https:\/\/portaltela.pt\/noticias\/2026\/01\/21\/milei-afirma-que-a-america-sera-o-farol-num-mundo-a-despertar\/","url":"https:\/\/portaltela.pt\/noticias\/2026\/01\/21\/milei-afirma-que-a-america-sera-o-farol-num-mundo-a-despertar\/","name":"Milei afirma que a Am\u00e9rica ser\u00e1 o farol num mundo a despertar - Portal Tela Portugal","isPartOf":{"@id":"https:\/\/portaltela.pt\/#website"},"primaryImageOfPage":{"@id":"https:\/\/portaltela.pt\/noticias\/2026\/01\/21\/milei-afirma-que-a-america-sera-o-farol-num-mundo-a-despertar\/#primaryimage"},"image":{"@id":"https:\/\/portaltela.pt\/noticias\/2026\/01\/21\/milei-afirma-que-a-america-sera-o-farol-num-mundo-a-despertar\/#primaryimage"},"thumbnailUrl":"https:\/\/portaltela.pt\/s.01k8rhncp4jt1\/2026\/01\/46397482.jpg","datePublished":"2026-01-22T00:34:00+00:00","author":{"@id":"https:\/\/portaltela.pt\/#\/schema\/person\/c4278d4a6028830caff9ee44b42d32ed"},"breadcrumb":{"@id":"https:\/\/portaltela.pt\/noticias\/2026\/01\/21\/milei-afirma-que-a-america-sera-o-farol-num-mundo-a-despertar\/#breadcrumb"},"inLanguage":"pt-PT","potentialAction":[{"@type":"ReadAction","target":["https:\/\/portaltela.pt\/noticias\/2026\/01\/21\/milei-afirma-que-a-america-sera-o-farol-num-mundo-a-despertar\/"]}]},{"@type":"ImageObject","inLanguage":"pt-PT","@id":"https:\/\/portaltela.pt\/noticias\/2026\/01\/21\/milei-afirma-que-a-america-sera-o-farol-num-mundo-a-despertar\/#primaryimage","url":"https:\/\/portaltela.pt\/s.01k8rhncp4jt1\/2026\/01\/46397482.jpg","contentUrl":"https:\/\/portaltela.pt\/s.01k8rhncp4jt1\/2026\/01\/46397482.jpg","width":796,"height":448,"caption":"Javier Milei, President of Argentina speaks during his Special Address at the 56th annual meeting of the World Economic Forum (WEF) in Davos, Switzerland, 21 January 2026."},{"@type":"BreadcrumbList","@id":"https:\/\/portaltela.pt\/noticias\/2026\/01\/21\/milei-afirma-que-a-america-sera-o-farol-num-mundo-a-despertar\/#breadcrumb","itemListElement":[{"@type":"ListItem","position":1,"name":"In\u00edcio","item":"https:\/\/portaltela.pt\/"},{"@type":"ListItem","position":2,"name":"Milei afirma que a Am\u00e9rica ser\u00e1 o farol num mundo a despertar"}]},{"@type":"WebSite","@id":"https:\/\/portaltela.pt\/#website","url":"https:\/\/portaltela.pt\/","name":"Portal Tela Portugal","description":"","potentialAction":[{"@type":"SearchAction","target":{"@type":"EntryPoint","urlTemplate":"https:\/\/portaltela.pt\/?s={search_term_string}"},"query-input":{"@type":"PropertyValueSpecification","valueRequired":true,"valueName":"search_term_string"}}],"inLanguage":"pt-PT"},{"@type":"Person","@id":"https:\/\/portaltela.pt\/#\/schema\/person\/c4278d4a6028830caff9ee44b42d32ed","name":"Telinha","image":{"@type":"ImageObject","inLanguage":"pt-PT","@id":"https:\/\/portaltela.pt\/s.01k8rhncp4jt1\/2025\/11\/talking-bot-125x125.png","url":"https:\/\/portaltela.pt\/s.01k8rhncp4jt1\/2025\/11\/talking-bot-125x125.png","contentUrl":"https:\/\/portaltela.pt\/s.01k8rhncp4jt1\/2025\/11\/talking-bot-125x125.png","caption":"Telinha"},"sameAs":["https:\/\/portaltela.pt\/"],"url":"https:\/\/portaltela.pt\/por\/367410592786\/"}]}},"_links":{"self":[{"href":"https:\/\/portaltela.pt\/api\/wp\/v2\/posts\/162063","targetHints":{"allow":["GET"]}}],"collection":[{"href":"https:\/\/portaltela.pt\/api\/wp\/v2\/posts"}],"about":[{"href":"https:\/\/portaltela.pt\/api\/wp\/v2\/types\/post"}],"author":[{"embeddable":true,"href":"https:\/\/portaltela.pt\/api\/wp\/v2\/users\/2"}],"replies":[{"embeddable":true,"href":"https:\/\/portaltela.pt\/api\/wp\/v2\/comments?post=162063"}],"version-history":[{"count":0,"href":"https:\/\/portaltela.pt\/api\/wp\/v2\/posts\/162063\/revisions"}],"wp:featuredmedia":[{"embeddable":true,"href":"https:\/\/portaltela.pt\/api\/wp\/v2\/media\/162066"}],"wp:attachment":[{"href":"https:\/\/portaltela.pt\/api\/wp\/v2\/media?parent=162063"}],"wp:term":[{"taxonomy":"category","embeddable":true,"href":"https:\/\/portaltela.pt\/api\/wp\/v2\/categories?post=162063"},{"taxonomy":"post_tag","embeddable":true,"href":"https:\/\/portaltela.pt\/api\/wp\/v2\/tags?post=162063"}],"curies":[{"name":"wp","href":"https:\/\/api.w.org\/{rel}","templated":true}]}}