{"id":162039,"date":"2026-01-21T21:22:00","date_gmt":"2026-01-22T00:22:00","guid":{"rendered":"https:\/\/portaltela.pt\/noticias\/2026\/01\/21\/carlos-alexandre-quer-garantir-transparencia-ao-sns-e-nao-agir-como-justiceiro\/"},"modified":"2026-01-21T21:22:00","modified_gmt":"2026-01-22T00:22:00","slug":"carlos-alexandre-quer-garantir-transparencia-ao-sns-e-nao-agir-como-justiceiro","status":"publish","type":"post","link":"https:\/\/portaltela.pt\/noticias\/2026\/01\/21\/carlos-alexandre-quer-garantir-transparencia-ao-sns-e-nao-agir-como-justiceiro\/","title":{"rendered":"Carlos Alexandre quer garantir transpar\u00eancia ao SNS e n\u00e3o agir como justiceiro"},"content":{"rendered":"<p>Carlos Alexandre assumiu a presid\u00eancia da Comiss\u00e3o de Combate \u00e0 Fraude no Servi\u00e7o Nacional de Sa\u00fade (CCF-SNS) para promover maior transpar\u00eancia e produtividade no SNS, assegurando que n\u00e3o atua como justiceiro. A afirma\u00e7\u00e3o foi feita nesta quarta-feira, no parlamento.<\/p>\n<p>O juiz desembargador explicou que aceitou o cargo a pedido do Governo, perto de sair para a jubila\u00e7\u00e3o. Referiu que o SNS \u00e9 uma institui\u00e7\u00e3o fundamental para o sistema democr\u00e1tico e que a dedicar\u00e1 a uma fun\u00e7\u00e3o de preven\u00e7\u00e3o e dete\u00e7\u00e3o de fraudes.<\/p>\n<p>A audi\u00e7\u00e3o ocorreu na Comiss\u00e3o de Sa\u00fade, a pedido da Iniciativa Liberal, para esclarecer o funcionamento pr\u00e1tico da estrutura. O magistrado lembrou que j\u00e1 colaborou com entidades fora do poder judicial ao longo da carreira.<\/p>\n<p>At\u00e9 aqui, indicou que o \u00fanico contacto relevante fora dos tribunais ocorreu com a Pol\u00edcia Judici\u00e1ria Militar, em 2000, enfatizando a mudan\u00e7a de etapas profissionais e a vontade de contribuir para o SNS.<\/p>\n<p>A CCF-SNS, criada no final de novembro pelo Governo, ter\u00e1 elementos permanentes da Pol\u00edcia Judici\u00e1ria, da Inspe\u00e7\u00e3o-Geral da Sa\u00fade, das Finan\u00e7as e da Infarmed. O foco \u00e9 reduzir fraudes em atos m\u00e9dicos, compras, contratos e procedimentos hospitalares.<\/p>\n<p>Tem como objetivo centralizar, coordenar e executar a estrat\u00e9gia de preven\u00e7\u00e3o e dete\u00e7\u00e3o de fraudes no SNS, integrando a\u00e7\u00f5es de preven\u00e7\u00e3o, detec\u00e7\u00e3o e investiga\u00e7\u00e3o de irregularidades no servi\u00e7o p\u00fablico de sa\u00fade.<\/p>\n<p>O magistrado destacou que conta com a coopera\u00e7\u00e3o do Governo e das demais entidades administrativas, afirmando ter grandes expectativas para um trabalho \u00fatil na \u00e1rea da sa\u00fade. A entrevista manteve o tom institucional e sem julgamentos.<\/p>\n<p>Questionado sobre articula\u00e7\u00e3o com entidades judiciais, afirmou conhecer os intervenientes e ter perspetivas de atua\u00e7\u00e3o conjunta, sem se desviar do objetivo de fortalecer a transpar\u00eancia no SNS.<\/p>\n","protected":false},"excerpt":{"rendered":"<ul>\n<li>O juiz desembargador Carlos Alexandre assumiu a presid\u00eancia da Comiss\u00e3o de Combate \u00e0 Fraude no Servi\u00e7o Nacional de Sa\u00fade (CCF-SNS) para promover mais transpar\u00eancia e produtividade no SNS, n\u00e3o para ser justiceiro.<\/li>\n<li>A audi\u00e7\u00e3o na Comiss\u00e3o de Sa\u00fade, a pedido da Iniciativa Liberal, visou perceber como a estrutura vai funcionar na pr\u00e1tica.<\/li>\n<li>O SNS emprega cerca de 150 mil pessoas; a CCF-SNS \u00e9 composta por elementos permanentes da Pol\u00edcia Judici\u00e1ria, da Inspe\u00e7\u00e3o Geral da Sa\u00fade, das Finan\u00e7as e da Autoridade Nacional do Medicamento (Infarmed).<\/li>\n<li>A comiss\u00e3o tem como objetivo centralizar, coordenar e executar a estrat\u00e9gia de preven\u00e7\u00e3o e dete\u00e7\u00e3o de fraudes relacionadas com atos m\u00e9dicos, receitas, compras, contratos e procedimentos hospitalares.<\/li>\n<li>Carlos Alexandre afirmou que n\u00e3o ter\u00e1 ganho adicional e que pode entrar a pens\u00e3o de jubila\u00e7\u00e3o em 60 dias; destacou que aceitou o cargo por reconhecer a import\u00e2ncia do SNS e a necessidade de proteg\u00ea-lo, a menos de 100 dias de se aposentar.<\/li>\n<\/ul>\n","protected":false},"author":2,"featured_media":162040,"comment_status":"closed","ping_status":"closed","sticky":false,"template":"","format":"standard","meta":{"footnotes":""},"categories":[1],"tags":[3089,3678,3680,217,1802,1775],"class_list":["post-162039","post","type-post","status-publish","format-standard","has-post-thumbnail","hentry","category-noticias","tag-fraudes-documentais","tag-infarmed","tag-inspecao-geral-da-saude","tag-investigacao-criminal","tag-policia-judiciaria","tag-sns"],"yoast_head":"<!-- This site is optimized with the Yoast SEO plugin v27.2 - https:\/\/yoast.com\/product\/yoast-seo-wordpress\/ -->\n<title>Carlos Alexandre quer garantir transpar\u00eancia ao SNS e n\u00e3o agir como justiceiro - Portal Tela Portugal<\/title>\n<meta name=\"robots\" content=\"index, follow, max-snippet:-1, max-image-preview:large, max-video-preview:-1\" \/>\n<meta property=\"og:locale\" content=\"pt_PT\" \/>\n<meta property=\"og:type\" content=\"article\" \/>\n<meta property=\"og:title\" content=\"Carlos Alexandre quer garantir transpar\u00eancia ao SNS e n\u00e3o agir como justiceiro - Portal Tela Portugal\" \/>\n<meta property=\"og:description\" content=\"O juiz desembargador Carlos Alexandre assumiu a presid\u00eancia da Comiss\u00e3o de Combate \u00e0 Fraude no Servi\u00e7o Nacional de Sa\u00fade (CCF-SNS) para promover mais transpar\u00eancia e produtividade no SNS, n\u00e3o para ser justiceiro. A audi\u00e7\u00e3o na Comiss\u00e3o de Sa\u00fade, a pedido da Iniciativa Liberal, visou perceber como a estrutura vai funcionar na pr\u00e1tica. O SNS emprega cerca de 150 mil pessoas; a CCF-SNS \u00e9 composta por elementos permanentes da Pol\u00edcia Judici\u00e1ria, da Inspe\u00e7\u00e3o Geral da Sa\u00fade, das Finan\u00e7as e da Autoridade Nacional do Medicamento (Infarmed). A comiss\u00e3o tem como objetivo centralizar, coordenar e executar a estrat\u00e9gia de preven\u00e7\u00e3o e dete\u00e7\u00e3o de fraudes relacionadas com atos m\u00e9dicos, receitas, compras, contratos e procedimentos hospitalares. Carlos Alexandre afirmou que n\u00e3o ter\u00e1 ganho adicional e que pode entrar a pens\u00e3o de jubila\u00e7\u00e3o em 60 dias; destacou que aceitou o cargo por reconhecer a import\u00e2ncia do SNS e a necessidade de proteg\u00ea-lo, a menos de 100 dias de se aposentar.\" \/>\n<meta property=\"og:url\" content=\"https:\/\/portaltela.pt\/noticias\/2026\/01\/21\/carlos-alexandre-quer-garantir-transparencia-ao-sns-e-nao-agir-como-justiceiro\/\" \/>\n<meta property=\"og:site_name\" content=\"Portal Tela Portugal\" \/>\n<meta property=\"article:published_time\" content=\"2026-01-22T00:22:00+00:00\" \/>\n<meta name=\"author\" content=\"Telinha\" \/>\n<meta name=\"twitter:card\" content=\"summary_large_image\" \/>\n<meta name=\"twitter:label1\" content=\"Escrito por\" \/>\n\t<meta name=\"twitter:data1\" content=\"Telinha\" \/>\n\t<meta name=\"twitter:label2\" content=\"Tempo estimado de leitura\" \/>\n\t<meta name=\"twitter:data2\" content=\"2 minutos\" \/>\n<script type=\"application\/ld+json\" class=\"yoast-schema-graph\">{\"@context\":\"https:\/\/schema.org\",\"@graph\":[{\"@type\":\"Article\",\"@id\":\"https:\/\/portaltela.pt\/noticias\/2026\/01\/21\/carlos-alexandre-quer-garantir-transparencia-ao-sns-e-nao-agir-como-justiceiro\/#article\",\"isPartOf\":{\"@id\":\"https:\/\/portaltela.pt\/noticias\/2026\/01\/21\/carlos-alexandre-quer-garantir-transparencia-ao-sns-e-nao-agir-como-justiceiro\/\"},\"author\":{\"name\":\"Telinha\",\"@id\":\"https:\/\/portaltela.pt\/#\/schema\/person\/c4278d4a6028830caff9ee44b42d32ed\"},\"headline\":\"Carlos Alexandre quer garantir transpar\u00eancia ao SNS e n\u00e3o agir como justiceiro\",\"datePublished\":\"2026-01-22T00:22:00+00:00\",\"mainEntityOfPage\":{\"@id\":\"https:\/\/portaltela.pt\/noticias\/2026\/01\/21\/carlos-alexandre-quer-garantir-transparencia-ao-sns-e-nao-agir-como-justiceiro\/\"},\"wordCount\":332,\"image\":{\"@id\":\"https:\/\/portaltela.pt\/noticias\/2026\/01\/21\/carlos-alexandre-quer-garantir-transparencia-ao-sns-e-nao-agir-como-justiceiro\/#primaryimage\"},\"thumbnailUrl\":\"https:\/\/portaltela.pt\/s.01k8rhncp4jt1\/2026\/01\/23866239-scaled_770x433_acf_cropped-1.jpg\",\"keywords\":[\"fraudes documentais\",\"Infarmed\",\"Inspe\u00e7\u00e3o Geral da Sa\u00fade\",\"investiga\u00e7\u00e3o criminal\",\"Pol\u00edcia Judici\u00e1ria\",\"SNS\"],\"articleSection\":[\"Not\u00edcias\"],\"inLanguage\":\"pt-PT\"},{\"@type\":\"WebPage\",\"@id\":\"https:\/\/portaltela.pt\/noticias\/2026\/01\/21\/carlos-alexandre-quer-garantir-transparencia-ao-sns-e-nao-agir-como-justiceiro\/\",\"url\":\"https:\/\/portaltela.pt\/noticias\/2026\/01\/21\/carlos-alexandre-quer-garantir-transparencia-ao-sns-e-nao-agir-como-justiceiro\/\",\"name\":\"Carlos Alexandre quer garantir transpar\u00eancia ao SNS e n\u00e3o agir como justiceiro - Portal Tela Portugal\",\"isPartOf\":{\"@id\":\"https:\/\/portaltela.pt\/#website\"},\"primaryImageOfPage\":{\"@id\":\"https:\/\/portaltela.pt\/noticias\/2026\/01\/21\/carlos-alexandre-quer-garantir-transparencia-ao-sns-e-nao-agir-como-justiceiro\/#primaryimage\"},\"image\":{\"@id\":\"https:\/\/portaltela.pt\/noticias\/2026\/01\/21\/carlos-alexandre-quer-garantir-transparencia-ao-sns-e-nao-agir-como-justiceiro\/#primaryimage\"},\"thumbnailUrl\":\"https:\/\/portaltela.pt\/s.01k8rhncp4jt1\/2026\/01\/23866239-scaled_770x433_acf_cropped-1.jpg\",\"datePublished\":\"2026-01-22T00:22:00+00:00\",\"author\":{\"@id\":\"https:\/\/portaltela.pt\/#\/schema\/person\/c4278d4a6028830caff9ee44b42d32ed\"},\"breadcrumb\":{\"@id\":\"https:\/\/portaltela.pt\/noticias\/2026\/01\/21\/carlos-alexandre-quer-garantir-transparencia-ao-sns-e-nao-agir-como-justiceiro\/#breadcrumb\"},\"inLanguage\":\"pt-PT\",\"potentialAction\":[{\"@type\":\"ReadAction\",\"target\":[\"https:\/\/portaltela.pt\/noticias\/2026\/01\/21\/carlos-alexandre-quer-garantir-transparencia-ao-sns-e-nao-agir-como-justiceiro\/\"]}]},{\"@type\":\"ImageObject\",\"inLanguage\":\"pt-PT\",\"@id\":\"https:\/\/portaltela.pt\/noticias\/2026\/01\/21\/carlos-alexandre-quer-garantir-transparencia-ao-sns-e-nao-agir-como-justiceiro\/#primaryimage\",\"url\":\"https:\/\/portaltela.pt\/s.01k8rhncp4jt1\/2026\/01\/23866239-scaled_770x433_acf_cropped-1.jpg\",\"contentUrl\":\"https:\/\/portaltela.pt\/s.01k8rhncp4jt1\/2026\/01\/23866239-scaled_770x433_acf_cropped-1.jpg\",\"width\":796,\"height\":448,\"caption\":\"Photo\"},{\"@type\":\"BreadcrumbList\",\"@id\":\"https:\/\/portaltela.pt\/noticias\/2026\/01\/21\/carlos-alexandre-quer-garantir-transparencia-ao-sns-e-nao-agir-como-justiceiro\/#breadcrumb\",\"itemListElement\":[{\"@type\":\"ListItem\",\"position\":1,\"name\":\"In\u00edcio\",\"item\":\"https:\/\/portaltela.pt\/\"},{\"@type\":\"ListItem\",\"position\":2,\"name\":\"Carlos Alexandre quer garantir transpar\u00eancia ao SNS e n\u00e3o agir como justiceiro\"}]},{\"@type\":\"WebSite\",\"@id\":\"https:\/\/portaltela.pt\/#website\",\"url\":\"https:\/\/portaltela.pt\/\",\"name\":\"Portal Tela Portugal\",\"description\":\"\",\"potentialAction\":[{\"@type\":\"SearchAction\",\"target\":{\"@type\":\"EntryPoint\",\"urlTemplate\":\"https:\/\/portaltela.pt\/?s={search_term_string}\"},\"query-input\":{\"@type\":\"PropertyValueSpecification\",\"valueRequired\":true,\"valueName\":\"search_term_string\"}}],\"inLanguage\":\"pt-PT\"},{\"@type\":\"Person\",\"@id\":\"https:\/\/portaltela.pt\/#\/schema\/person\/c4278d4a6028830caff9ee44b42d32ed\",\"name\":\"Telinha\",\"image\":{\"@type\":\"ImageObject\",\"inLanguage\":\"pt-PT\",\"@id\":\"https:\/\/portaltela.pt\/s.01k8rhncp4jt1\/2025\/11\/talking-bot-125x125.png\",\"url\":\"https:\/\/portaltela.pt\/s.01k8rhncp4jt1\/2025\/11\/talking-bot-125x125.png\",\"contentUrl\":\"https:\/\/portaltela.pt\/s.01k8rhncp4jt1\/2025\/11\/talking-bot-125x125.png\",\"caption\":\"Telinha\"},\"sameAs\":[\"https:\/\/portaltela.pt\/\"],\"url\":\"https:\/\/portaltela.pt\/por\/367410592786\/\"}]}<\/script>\n<!-- \/ Yoast SEO plugin. -->","yoast_head_json":{"title":"Carlos Alexandre quer garantir transpar\u00eancia ao SNS e n\u00e3o agir como justiceiro - Portal Tela Portugal","robots":{"index":"index","follow":"follow","max-snippet":"max-snippet:-1","max-image-preview":"max-image-preview:large","max-video-preview":"max-video-preview:-1"},"og_locale":"pt_PT","og_type":"article","og_title":"Carlos Alexandre quer garantir transpar\u00eancia ao SNS e n\u00e3o agir como justiceiro - Portal Tela Portugal","og_description":"O juiz desembargador Carlos Alexandre assumiu a presid\u00eancia da Comiss\u00e3o de Combate \u00e0 Fraude no Servi\u00e7o Nacional de Sa\u00fade (CCF-SNS) para promover mais transpar\u00eancia e produtividade no SNS, n\u00e3o para ser justiceiro. A audi\u00e7\u00e3o na Comiss\u00e3o de Sa\u00fade, a pedido da Iniciativa Liberal, visou perceber como a estrutura vai funcionar na pr\u00e1tica. O SNS emprega cerca de 150 mil pessoas; a CCF-SNS \u00e9 composta por elementos permanentes da Pol\u00edcia Judici\u00e1ria, da Inspe\u00e7\u00e3o Geral da Sa\u00fade, das Finan\u00e7as e da Autoridade Nacional do Medicamento (Infarmed). A comiss\u00e3o tem como objetivo centralizar, coordenar e executar a estrat\u00e9gia de preven\u00e7\u00e3o e dete\u00e7\u00e3o de fraudes relacionadas com atos m\u00e9dicos, receitas, compras, contratos e procedimentos hospitalares. Carlos Alexandre afirmou que n\u00e3o ter\u00e1 ganho adicional e que pode entrar a pens\u00e3o de jubila\u00e7\u00e3o em 60 dias; destacou que aceitou o cargo por reconhecer a import\u00e2ncia do SNS e a necessidade de proteg\u00ea-lo, a menos de 100 dias de se aposentar.","og_url":"https:\/\/portaltela.pt\/noticias\/2026\/01\/21\/carlos-alexandre-quer-garantir-transparencia-ao-sns-e-nao-agir-como-justiceiro\/","og_site_name":"Portal Tela Portugal","article_published_time":"2026-01-22T00:22:00+00:00","author":"Telinha","twitter_card":"summary_large_image","twitter_misc":{"Escrito por":"Telinha","Tempo estimado de leitura":"2 minutos"},"schema":{"@context":"https:\/\/schema.org","@graph":[{"@type":"Article","@id":"https:\/\/portaltela.pt\/noticias\/2026\/01\/21\/carlos-alexandre-quer-garantir-transparencia-ao-sns-e-nao-agir-como-justiceiro\/#article","isPartOf":{"@id":"https:\/\/portaltela.pt\/noticias\/2026\/01\/21\/carlos-alexandre-quer-garantir-transparencia-ao-sns-e-nao-agir-como-justiceiro\/"},"author":{"name":"Telinha","@id":"https:\/\/portaltela.pt\/#\/schema\/person\/c4278d4a6028830caff9ee44b42d32ed"},"headline":"Carlos Alexandre quer garantir transpar\u00eancia ao SNS e n\u00e3o agir como justiceiro","datePublished":"2026-01-22T00:22:00+00:00","mainEntityOfPage":{"@id":"https:\/\/portaltela.pt\/noticias\/2026\/01\/21\/carlos-alexandre-quer-garantir-transparencia-ao-sns-e-nao-agir-como-justiceiro\/"},"wordCount":332,"image":{"@id":"https:\/\/portaltela.pt\/noticias\/2026\/01\/21\/carlos-alexandre-quer-garantir-transparencia-ao-sns-e-nao-agir-como-justiceiro\/#primaryimage"},"thumbnailUrl":"https:\/\/portaltela.pt\/s.01k8rhncp4jt1\/2026\/01\/23866239-scaled_770x433_acf_cropped-1.jpg","keywords":["fraudes documentais","Infarmed","Inspe\u00e7\u00e3o Geral da Sa\u00fade","investiga\u00e7\u00e3o criminal","Pol\u00edcia Judici\u00e1ria","SNS"],"articleSection":["Not\u00edcias"],"inLanguage":"pt-PT"},{"@type":"WebPage","@id":"https:\/\/portaltela.pt\/noticias\/2026\/01\/21\/carlos-alexandre-quer-garantir-transparencia-ao-sns-e-nao-agir-como-justiceiro\/","url":"https:\/\/portaltela.pt\/noticias\/2026\/01\/21\/carlos-alexandre-quer-garantir-transparencia-ao-sns-e-nao-agir-como-justiceiro\/","name":"Carlos Alexandre quer garantir transpar\u00eancia ao SNS e n\u00e3o agir como justiceiro - Portal Tela Portugal","isPartOf":{"@id":"https:\/\/portaltela.pt\/#website"},"primaryImageOfPage":{"@id":"https:\/\/portaltela.pt\/noticias\/2026\/01\/21\/carlos-alexandre-quer-garantir-transparencia-ao-sns-e-nao-agir-como-justiceiro\/#primaryimage"},"image":{"@id":"https:\/\/portaltela.pt\/noticias\/2026\/01\/21\/carlos-alexandre-quer-garantir-transparencia-ao-sns-e-nao-agir-como-justiceiro\/#primaryimage"},"thumbnailUrl":"https:\/\/portaltela.pt\/s.01k8rhncp4jt1\/2026\/01\/23866239-scaled_770x433_acf_cropped-1.jpg","datePublished":"2026-01-22T00:22:00+00:00","author":{"@id":"https:\/\/portaltela.pt\/#\/schema\/person\/c4278d4a6028830caff9ee44b42d32ed"},"breadcrumb":{"@id":"https:\/\/portaltela.pt\/noticias\/2026\/01\/21\/carlos-alexandre-quer-garantir-transparencia-ao-sns-e-nao-agir-como-justiceiro\/#breadcrumb"},"inLanguage":"pt-PT","potentialAction":[{"@type":"ReadAction","target":["https:\/\/portaltela.pt\/noticias\/2026\/01\/21\/carlos-alexandre-quer-garantir-transparencia-ao-sns-e-nao-agir-como-justiceiro\/"]}]},{"@type":"ImageObject","inLanguage":"pt-PT","@id":"https:\/\/portaltela.pt\/noticias\/2026\/01\/21\/carlos-alexandre-quer-garantir-transparencia-ao-sns-e-nao-agir-como-justiceiro\/#primaryimage","url":"https:\/\/portaltela.pt\/s.01k8rhncp4jt1\/2026\/01\/23866239-scaled_770x433_acf_cropped-1.jpg","contentUrl":"https:\/\/portaltela.pt\/s.01k8rhncp4jt1\/2026\/01\/23866239-scaled_770x433_acf_cropped-1.jpg","width":796,"height":448,"caption":"Photo"},{"@type":"BreadcrumbList","@id":"https:\/\/portaltela.pt\/noticias\/2026\/01\/21\/carlos-alexandre-quer-garantir-transparencia-ao-sns-e-nao-agir-como-justiceiro\/#breadcrumb","itemListElement":[{"@type":"ListItem","position":1,"name":"In\u00edcio","item":"https:\/\/portaltela.pt\/"},{"@type":"ListItem","position":2,"name":"Carlos Alexandre quer garantir transpar\u00eancia ao SNS e n\u00e3o agir como justiceiro"}]},{"@type":"WebSite","@id":"https:\/\/portaltela.pt\/#website","url":"https:\/\/portaltela.pt\/","name":"Portal Tela Portugal","description":"","potentialAction":[{"@type":"SearchAction","target":{"@type":"EntryPoint","urlTemplate":"https:\/\/portaltela.pt\/?s={search_term_string}"},"query-input":{"@type":"PropertyValueSpecification","valueRequired":true,"valueName":"search_term_string"}}],"inLanguage":"pt-PT"},{"@type":"Person","@id":"https:\/\/portaltela.pt\/#\/schema\/person\/c4278d4a6028830caff9ee44b42d32ed","name":"Telinha","image":{"@type":"ImageObject","inLanguage":"pt-PT","@id":"https:\/\/portaltela.pt\/s.01k8rhncp4jt1\/2025\/11\/talking-bot-125x125.png","url":"https:\/\/portaltela.pt\/s.01k8rhncp4jt1\/2025\/11\/talking-bot-125x125.png","contentUrl":"https:\/\/portaltela.pt\/s.01k8rhncp4jt1\/2025\/11\/talking-bot-125x125.png","caption":"Telinha"},"sameAs":["https:\/\/portaltela.pt\/"],"url":"https:\/\/portaltela.pt\/por\/367410592786\/"}]}},"_links":{"self":[{"href":"https:\/\/portaltela.pt\/api\/wp\/v2\/posts\/162039","targetHints":{"allow":["GET"]}}],"collection":[{"href":"https:\/\/portaltela.pt\/api\/wp\/v2\/posts"}],"about":[{"href":"https:\/\/portaltela.pt\/api\/wp\/v2\/types\/post"}],"author":[{"embeddable":true,"href":"https:\/\/portaltela.pt\/api\/wp\/v2\/users\/2"}],"replies":[{"embeddable":true,"href":"https:\/\/portaltela.pt\/api\/wp\/v2\/comments?post=162039"}],"version-history":[{"count":0,"href":"https:\/\/portaltela.pt\/api\/wp\/v2\/posts\/162039\/revisions"}],"wp:featuredmedia":[{"embeddable":true,"href":"https:\/\/portaltela.pt\/api\/wp\/v2\/media\/162040"}],"wp:attachment":[{"href":"https:\/\/portaltela.pt\/api\/wp\/v2\/media?parent=162039"}],"wp:term":[{"taxonomy":"category","embeddable":true,"href":"https:\/\/portaltela.pt\/api\/wp\/v2\/categories?post=162039"},{"taxonomy":"post_tag","embeddable":true,"href":"https:\/\/portaltela.pt\/api\/wp\/v2\/tags?post=162039"}],"curies":[{"name":"wp","href":"https:\/\/api.w.org\/{rel}","templated":true}]}}