{"id":161977,"date":"2026-01-21T21:05:06","date_gmt":"2026-01-22T00:05:06","guid":{"rendered":"https:\/\/portaltela.pt\/noticias\/2026\/01\/21\/habitantes-da-gronelandia-aumentam-reservas-de-alimentos-face-a-trump\/"},"modified":"2026-01-21T21:05:06","modified_gmt":"2026-01-22T00:05:06","slug":"habitantes-da-gronelandia-aumentam-reservas-de-alimentos-face-a-trump","status":"publish","type":"post","link":"https:\/\/portaltela.pt\/noticias\/internacional\/2026\/01\/21\/habitantes-da-gronelandia-aumentam-reservas-de-alimentos-face-a-trump\/","title":{"rendered":"Habitantes da Gronel\u00e2ndia aumentam reservas de alimentos face a Trump"},"content":{"rendered":"<p>Habitantes da Gronel\u00e2ndia refor\u00e7aram as reservas de alimentos face a poss\u00edveis impactos no abastecimento. A medida surge na sequ\u00eancia de informa\u00e7\u00f5es associadas a declara\u00e7\u00f5es de Donald Trump, consideradas amea\u00e7as para o envio de bens b\u00e1sicos \u00e0 regi\u00e3o.<\/p>\n<p>Segundo relatos locais, fam\u00edlias come\u00e7aram a estocar itens n\u00e3o perec\u00edveis e refor\u00e7ar redes de distribui\u00e7\u00e3o informal dentro de comunidades remotas. A a\u00e7\u00e3o visa mitigar eventuais interrup\u00e7\u00f5es no fornecimento de alimentos.<\/p>\n<p>N\u00e3o h\u00e1 confirma\u00e7\u00e3o oficial sobre a origem dessas amea\u00e7as nem sobre prazos ou medidas espec\u00edficas de resposta. O fen\u00f3meno foi observado em v\u00e1rias comunidades ao longo do territ\u00f3rio insular.<\/p>\n","protected":false},"excerpt":{"rendered":"<ul>\n<li>Habitantes da Gronel\u00e2ndia refor\u00e7am reservas de alimentos perante amea\u00e7as de Trump.<\/li>\n<li>Os residentes preparam-se para eventuais impactos no abastecimento.<\/li>\n<li>A a\u00e7\u00e3o reflete preocupa\u00e7\u00f5es com a disponibilidade de alimentos no curto prazo.<\/li>\n<li>A not\u00edcia destaca a rea\u00e7\u00e3o da comunidade local frente \u00e0 tens\u00e3o internacional.<\/li>\n<\/ul>\n","protected":false},"author":2,"featured_media":162014,"comment_status":"closed","ping_status":"closed","sticky":false,"template":"","format":"standard","meta":{"footnotes":""},"categories":[4,1],"tags":[1503,2421,212,3184,81,2832],"class_list":["post-161977","post","type-post","status-publish","format-standard","has-post-thumbnail","hentry","category-internacional","category-noticias","tag-abastecimento-de-agua","tag-abastecimentos","tag-abuso-de-poder","tag-gronelandia","tag-internacionais","tag-politica"],"yoast_head":"<!-- This site is optimized with the Yoast SEO plugin v27.2 - https:\/\/yoast.com\/product\/yoast-seo-wordpress\/ -->\n<title>Habitantes da Gronel\u00e2ndia aumentam reservas de alimentos face a Trump - Portal Tela Portugal<\/title>\n<meta name=\"robots\" content=\"index, follow, max-snippet:-1, max-image-preview:large, max-video-preview:-1\" \/>\n<meta property=\"og:locale\" content=\"pt_PT\" \/>\n<meta property=\"og:type\" content=\"article\" \/>\n<meta property=\"og:title\" content=\"Habitantes da Gronel\u00e2ndia aumentam reservas de alimentos face a Trump - Portal Tela Portugal\" \/>\n<meta property=\"og:description\" content=\"Habitantes da Gronel\u00e2ndia refor\u00e7am reservas de alimentos perante amea\u00e7as de Trump. Os residentes preparam-se para eventuais impactos no abastecimento. A a\u00e7\u00e3o reflete preocupa\u00e7\u00f5es com a disponibilidade de alimentos no curto prazo. A not\u00edcia destaca a rea\u00e7\u00e3o da comunidade local frente \u00e0 tens\u00e3o internacional.\" \/>\n<meta property=\"og:url\" content=\"https:\/\/portaltela.pt\/noticias\/2026\/01\/21\/habitantes-da-gronelandia-aumentam-reservas-de-alimentos-face-a-trump\/\" \/>\n<meta property=\"og:site_name\" content=\"Portal Tela Portugal\" \/>\n<meta property=\"article:published_time\" content=\"2026-01-22T00:05:06+00:00\" \/>\n<meta name=\"author\" content=\"Telinha\" \/>\n<meta name=\"twitter:card\" content=\"summary_large_image\" \/>\n<meta name=\"twitter:label1\" content=\"Escrito por\" \/>\n\t<meta name=\"twitter:data1\" content=\"Telinha\" \/>\n\t<meta name=\"twitter:label2\" content=\"Tempo estimado de leitura\" \/>\n\t<meta name=\"twitter:data2\" content=\"1 minuto\" \/>\n<script type=\"application\/ld+json\" class=\"yoast-schema-graph\">{\"@context\":\"https:\/\/schema.org\",\"@graph\":[{\"@type\":\"Article\",\"@id\":\"https:\/\/portaltela.pt\/noticias\/2026\/01\/21\/habitantes-da-gronelandia-aumentam-reservas-de-alimentos-face-a-trump\/#article\",\"isPartOf\":{\"@id\":\"https:\/\/portaltela.pt\/noticias\/2026\/01\/21\/habitantes-da-gronelandia-aumentam-reservas-de-alimentos-face-a-trump\/\"},\"author\":{\"name\":\"Telinha\",\"@id\":\"https:\/\/portaltela.pt\/#\/schema\/person\/c4278d4a6028830caff9ee44b42d32ed\"},\"headline\":\"Habitantes da Gronel\u00e2ndia aumentam reservas de alimentos face a Trump\",\"datePublished\":\"2026-01-22T00:05:06+00:00\",\"mainEntityOfPage\":{\"@id\":\"https:\/\/portaltela.pt\/noticias\/2026\/01\/21\/habitantes-da-gronelandia-aumentam-reservas-de-alimentos-face-a-trump\/\"},\"wordCount\":130,\"image\":{\"@id\":\"https:\/\/portaltela.pt\/noticias\/2026\/01\/21\/habitantes-da-gronelandia-aumentam-reservas-de-alimentos-face-a-trump\/#primaryimage\"},\"thumbnailUrl\":\"https:\/\/portaltela.pt\/s.01k8rhncp4jt1\/2026\/01\/img_1200x721uu2026-01-21-23-04-01-2416453.jpg\",\"keywords\":[\"abastecimento de \u00e1gua\",\"abastecimentos\",\"abuso de poder\",\"Gronel\u00c3\u00a2ndia\",\"internacionais\",\"pol\u00edtica\"],\"articleSection\":[\"Internacional\",\"Not\u00edcias\"],\"inLanguage\":\"pt-PT\"},{\"@type\":\"WebPage\",\"@id\":\"https:\/\/portaltela.pt\/noticias\/2026\/01\/21\/habitantes-da-gronelandia-aumentam-reservas-de-alimentos-face-a-trump\/\",\"url\":\"https:\/\/portaltela.pt\/noticias\/2026\/01\/21\/habitantes-da-gronelandia-aumentam-reservas-de-alimentos-face-a-trump\/\",\"name\":\"Habitantes da Gronel\u00e2ndia aumentam reservas de alimentos face a Trump - Portal Tela Portugal\",\"isPartOf\":{\"@id\":\"https:\/\/portaltela.pt\/#website\"},\"primaryImageOfPage\":{\"@id\":\"https:\/\/portaltela.pt\/noticias\/2026\/01\/21\/habitantes-da-gronelandia-aumentam-reservas-de-alimentos-face-a-trump\/#primaryimage\"},\"image\":{\"@id\":\"https:\/\/portaltela.pt\/noticias\/2026\/01\/21\/habitantes-da-gronelandia-aumentam-reservas-de-alimentos-face-a-trump\/#primaryimage\"},\"thumbnailUrl\":\"https:\/\/portaltela.pt\/s.01k8rhncp4jt1\/2026\/01\/img_1200x721uu2026-01-21-23-04-01-2416453.jpg\",\"datePublished\":\"2026-01-22T00:05:06+00:00\",\"author\":{\"@id\":\"https:\/\/portaltela.pt\/#\/schema\/person\/c4278d4a6028830caff9ee44b42d32ed\"},\"breadcrumb\":{\"@id\":\"https:\/\/portaltela.pt\/noticias\/2026\/01\/21\/habitantes-da-gronelandia-aumentam-reservas-de-alimentos-face-a-trump\/#breadcrumb\"},\"inLanguage\":\"pt-PT\",\"potentialAction\":[{\"@type\":\"ReadAction\",\"target\":[\"https:\/\/portaltela.pt\/noticias\/2026\/01\/21\/habitantes-da-gronelandia-aumentam-reservas-de-alimentos-face-a-trump\/\"]}]},{\"@type\":\"ImageObject\",\"inLanguage\":\"pt-PT\",\"@id\":\"https:\/\/portaltela.pt\/noticias\/2026\/01\/21\/habitantes-da-gronelandia-aumentam-reservas-de-alimentos-face-a-trump\/#primaryimage\",\"url\":\"https:\/\/portaltela.pt\/s.01k8rhncp4jt1\/2026\/01\/img_1200x721uu2026-01-21-23-04-01-2416453.jpg\",\"contentUrl\":\"https:\/\/portaltela.pt\/s.01k8rhncp4jt1\/2026\/01\/img_1200x721uu2026-01-21-23-04-01-2416453.jpg\",\"width\":796,\"height\":448,\"caption\":\"Habitantes da Gronel\u00e2ndia refor\u00e7am reservas de alimentos perante amea\u00e7as de Trump\"},{\"@type\":\"BreadcrumbList\",\"@id\":\"https:\/\/portaltela.pt\/noticias\/2026\/01\/21\/habitantes-da-gronelandia-aumentam-reservas-de-alimentos-face-a-trump\/#breadcrumb\",\"itemListElement\":[{\"@type\":\"ListItem\",\"position\":1,\"name\":\"In\u00edcio\",\"item\":\"https:\/\/portaltela.pt\/\"},{\"@type\":\"ListItem\",\"position\":2,\"name\":\"Habitantes da Gronel\u00e2ndia aumentam reservas de alimentos face a Trump\"}]},{\"@type\":\"WebSite\",\"@id\":\"https:\/\/portaltela.pt\/#website\",\"url\":\"https:\/\/portaltela.pt\/\",\"name\":\"Portal Tela Portugal\",\"description\":\"\",\"potentialAction\":[{\"@type\":\"SearchAction\",\"target\":{\"@type\":\"EntryPoint\",\"urlTemplate\":\"https:\/\/portaltela.pt\/?s={search_term_string}\"},\"query-input\":{\"@type\":\"PropertyValueSpecification\",\"valueRequired\":true,\"valueName\":\"search_term_string\"}}],\"inLanguage\":\"pt-PT\"},{\"@type\":\"Person\",\"@id\":\"https:\/\/portaltela.pt\/#\/schema\/person\/c4278d4a6028830caff9ee44b42d32ed\",\"name\":\"Telinha\",\"image\":{\"@type\":\"ImageObject\",\"inLanguage\":\"pt-PT\",\"@id\":\"https:\/\/portaltela.pt\/s.01k8rhncp4jt1\/2025\/11\/talking-bot-125x125.png\",\"url\":\"https:\/\/portaltela.pt\/s.01k8rhncp4jt1\/2025\/11\/talking-bot-125x125.png\",\"contentUrl\":\"https:\/\/portaltela.pt\/s.01k8rhncp4jt1\/2025\/11\/talking-bot-125x125.png\",\"caption\":\"Telinha\"},\"sameAs\":[\"https:\/\/portaltela.pt\/\"],\"url\":\"https:\/\/portaltela.pt\/por\/367410592786\/\"}]}<\/script>\n<!-- \/ Yoast SEO plugin. -->","yoast_head_json":{"title":"Habitantes da Gronel\u00e2ndia aumentam reservas de alimentos face a Trump - Portal Tela Portugal","robots":{"index":"index","follow":"follow","max-snippet":"max-snippet:-1","max-image-preview":"max-image-preview:large","max-video-preview":"max-video-preview:-1"},"og_locale":"pt_PT","og_type":"article","og_title":"Habitantes da Gronel\u00e2ndia aumentam reservas de alimentos face a Trump - Portal Tela Portugal","og_description":"Habitantes da Gronel\u00e2ndia refor\u00e7am reservas de alimentos perante amea\u00e7as de Trump. Os residentes preparam-se para eventuais impactos no abastecimento. A a\u00e7\u00e3o reflete preocupa\u00e7\u00f5es com a disponibilidade de alimentos no curto prazo. A not\u00edcia destaca a rea\u00e7\u00e3o da comunidade local frente \u00e0 tens\u00e3o internacional.","og_url":"https:\/\/portaltela.pt\/noticias\/2026\/01\/21\/habitantes-da-gronelandia-aumentam-reservas-de-alimentos-face-a-trump\/","og_site_name":"Portal Tela Portugal","article_published_time":"2026-01-22T00:05:06+00:00","author":"Telinha","twitter_card":"summary_large_image","twitter_misc":{"Escrito por":"Telinha","Tempo estimado de leitura":"1 minuto"},"schema":{"@context":"https:\/\/schema.org","@graph":[{"@type":"Article","@id":"https:\/\/portaltela.pt\/noticias\/2026\/01\/21\/habitantes-da-gronelandia-aumentam-reservas-de-alimentos-face-a-trump\/#article","isPartOf":{"@id":"https:\/\/portaltela.pt\/noticias\/2026\/01\/21\/habitantes-da-gronelandia-aumentam-reservas-de-alimentos-face-a-trump\/"},"author":{"name":"Telinha","@id":"https:\/\/portaltela.pt\/#\/schema\/person\/c4278d4a6028830caff9ee44b42d32ed"},"headline":"Habitantes da Gronel\u00e2ndia aumentam reservas de alimentos face a Trump","datePublished":"2026-01-22T00:05:06+00:00","mainEntityOfPage":{"@id":"https:\/\/portaltela.pt\/noticias\/2026\/01\/21\/habitantes-da-gronelandia-aumentam-reservas-de-alimentos-face-a-trump\/"},"wordCount":130,"image":{"@id":"https:\/\/portaltela.pt\/noticias\/2026\/01\/21\/habitantes-da-gronelandia-aumentam-reservas-de-alimentos-face-a-trump\/#primaryimage"},"thumbnailUrl":"https:\/\/portaltela.pt\/s.01k8rhncp4jt1\/2026\/01\/img_1200x721uu2026-01-21-23-04-01-2416453.jpg","keywords":["abastecimento de \u00e1gua","abastecimentos","abuso de poder","Gronel\u00c3\u00a2ndia","internacionais","pol\u00edtica"],"articleSection":["Internacional","Not\u00edcias"],"inLanguage":"pt-PT"},{"@type":"WebPage","@id":"https:\/\/portaltela.pt\/noticias\/2026\/01\/21\/habitantes-da-gronelandia-aumentam-reservas-de-alimentos-face-a-trump\/","url":"https:\/\/portaltela.pt\/noticias\/2026\/01\/21\/habitantes-da-gronelandia-aumentam-reservas-de-alimentos-face-a-trump\/","name":"Habitantes da Gronel\u00e2ndia aumentam reservas de alimentos face a Trump - Portal Tela Portugal","isPartOf":{"@id":"https:\/\/portaltela.pt\/#website"},"primaryImageOfPage":{"@id":"https:\/\/portaltela.pt\/noticias\/2026\/01\/21\/habitantes-da-gronelandia-aumentam-reservas-de-alimentos-face-a-trump\/#primaryimage"},"image":{"@id":"https:\/\/portaltela.pt\/noticias\/2026\/01\/21\/habitantes-da-gronelandia-aumentam-reservas-de-alimentos-face-a-trump\/#primaryimage"},"thumbnailUrl":"https:\/\/portaltela.pt\/s.01k8rhncp4jt1\/2026\/01\/img_1200x721uu2026-01-21-23-04-01-2416453.jpg","datePublished":"2026-01-22T00:05:06+00:00","author":{"@id":"https:\/\/portaltela.pt\/#\/schema\/person\/c4278d4a6028830caff9ee44b42d32ed"},"breadcrumb":{"@id":"https:\/\/portaltela.pt\/noticias\/2026\/01\/21\/habitantes-da-gronelandia-aumentam-reservas-de-alimentos-face-a-trump\/#breadcrumb"},"inLanguage":"pt-PT","potentialAction":[{"@type":"ReadAction","target":["https:\/\/portaltela.pt\/noticias\/2026\/01\/21\/habitantes-da-gronelandia-aumentam-reservas-de-alimentos-face-a-trump\/"]}]},{"@type":"ImageObject","inLanguage":"pt-PT","@id":"https:\/\/portaltela.pt\/noticias\/2026\/01\/21\/habitantes-da-gronelandia-aumentam-reservas-de-alimentos-face-a-trump\/#primaryimage","url":"https:\/\/portaltela.pt\/s.01k8rhncp4jt1\/2026\/01\/img_1200x721uu2026-01-21-23-04-01-2416453.jpg","contentUrl":"https:\/\/portaltela.pt\/s.01k8rhncp4jt1\/2026\/01\/img_1200x721uu2026-01-21-23-04-01-2416453.jpg","width":796,"height":448,"caption":"Habitantes da Gronel\u00e2ndia refor\u00e7am reservas de alimentos perante amea\u00e7as de Trump"},{"@type":"BreadcrumbList","@id":"https:\/\/portaltela.pt\/noticias\/2026\/01\/21\/habitantes-da-gronelandia-aumentam-reservas-de-alimentos-face-a-trump\/#breadcrumb","itemListElement":[{"@type":"ListItem","position":1,"name":"In\u00edcio","item":"https:\/\/portaltela.pt\/"},{"@type":"ListItem","position":2,"name":"Habitantes da Gronel\u00e2ndia aumentam reservas de alimentos face a Trump"}]},{"@type":"WebSite","@id":"https:\/\/portaltela.pt\/#website","url":"https:\/\/portaltela.pt\/","name":"Portal Tela Portugal","description":"","potentialAction":[{"@type":"SearchAction","target":{"@type":"EntryPoint","urlTemplate":"https:\/\/portaltela.pt\/?s={search_term_string}"},"query-input":{"@type":"PropertyValueSpecification","valueRequired":true,"valueName":"search_term_string"}}],"inLanguage":"pt-PT"},{"@type":"Person","@id":"https:\/\/portaltela.pt\/#\/schema\/person\/c4278d4a6028830caff9ee44b42d32ed","name":"Telinha","image":{"@type":"ImageObject","inLanguage":"pt-PT","@id":"https:\/\/portaltela.pt\/s.01k8rhncp4jt1\/2025\/11\/talking-bot-125x125.png","url":"https:\/\/portaltela.pt\/s.01k8rhncp4jt1\/2025\/11\/talking-bot-125x125.png","contentUrl":"https:\/\/portaltela.pt\/s.01k8rhncp4jt1\/2025\/11\/talking-bot-125x125.png","caption":"Telinha"},"sameAs":["https:\/\/portaltela.pt\/"],"url":"https:\/\/portaltela.pt\/por\/367410592786\/"}]}},"_links":{"self":[{"href":"https:\/\/portaltela.pt\/api\/wp\/v2\/posts\/161977","targetHints":{"allow":["GET"]}}],"collection":[{"href":"https:\/\/portaltela.pt\/api\/wp\/v2\/posts"}],"about":[{"href":"https:\/\/portaltela.pt\/api\/wp\/v2\/types\/post"}],"author":[{"embeddable":true,"href":"https:\/\/portaltela.pt\/api\/wp\/v2\/users\/2"}],"replies":[{"embeddable":true,"href":"https:\/\/portaltela.pt\/api\/wp\/v2\/comments?post=161977"}],"version-history":[{"count":0,"href":"https:\/\/portaltela.pt\/api\/wp\/v2\/posts\/161977\/revisions"}],"wp:featuredmedia":[{"embeddable":true,"href":"https:\/\/portaltela.pt\/api\/wp\/v2\/media\/162014"}],"wp:attachment":[{"href":"https:\/\/portaltela.pt\/api\/wp\/v2\/media?parent=161977"}],"wp:term":[{"taxonomy":"category","embeddable":true,"href":"https:\/\/portaltela.pt\/api\/wp\/v2\/categories?post=161977"},{"taxonomy":"post_tag","embeddable":true,"href":"https:\/\/portaltela.pt\/api\/wp\/v2\/tags?post=161977"}],"curies":[{"name":"wp","href":"https:\/\/api.w.org\/{rel}","templated":true}]}}