{"id":161967,"date":"2026-01-21T20:41:39","date_gmt":"2026-01-21T23:41:39","guid":{"rendered":"https:\/\/portaltela.pt\/noticias\/2026\/01\/21\/cds-pp-nao-apoia-nenhum-candidato-na-segunda-volta\/"},"modified":"2026-01-21T20:41:39","modified_gmt":"2026-01-21T23:41:39","slug":"cds-pp-nao-apoia-nenhum-candidato-na-segunda-volta","status":"publish","type":"post","link":"https:\/\/portaltela.pt\/noticias\/politica\/2026\/01\/21\/cds-pp-nao-apoia-nenhum-candidato-na-segunda-volta\/","title":{"rendered":"CDS-PP n\u00e3o apoia nenhum candidato na segunda volta"},"content":{"rendered":"<p>O CDS-PP anunciou hoje que n\u00e3o vai apoiar nenhum dos candidatos na segunda volta das presidenciais. O partido afirma que mant\u00e9m a oposi\u00e7\u00e3o ao socialismo e rejeita o populismo.<\/p>\n<p>Durante a leitura de um comunicado da comiss\u00e3o executiva, o vice-presidente \u00c1lvaro Castello-Branco destacou que o CDS n\u00e3o est\u00e1 alinhado com nenhum dos candidatos colocados pelo eleitorado para o confronto final.<\/p>\n<p>No final da reuni\u00e3o, o CDS reiterou que n\u00e3o ter\u00e1 qualquer empenhamento org\u00e2nico nem institucional na segunda volta, nem apoiar\u00e1 Ant\u00f3nio Jos\u00e9 Seguro nem Andr\u00e9 Ventura.<\/p>\n<h3>Resultados da primeira volta e datas da segunda volta<\/h3>\n<p>Segundo o escrut\u00ednio provis\u00f3rio, Ant\u00f3nio Jos\u00e9 Seguro ficou em primeiro com 31,1% dos votos e Andr\u00e9 Ventura com 23,5%. Os resultados s\u00e3o da Secretaria-geral do Minist\u00e9rio da Administra\u00e7\u00e3o Interna.<\/p>\n<p>O candidato Lu\u00eds Marques Mendes, apoiado por PSD e CDS-PP, ficou em quinto lugar, com cerca de 11% dos votos.<\/p>\n<p>Para a segunda volta, o voto antecipado em mobilidade pode ser realizado no dia 1 de fevereiro, enquanto a segunda volta est\u00e1 marcada para 8 de fevereiro.<\/p>\n","protected":false},"excerpt":{"rendered":"<ul>\n<li>O CDS-PP n\u00e3o vai apoiar nenhum dos candidatos na segunda volta das presidenciais, afirmando que combate o socialismo e rejeita o populismo.<\/li>\n<\/ul>\n<p>\u2022<\/p>\n<ul>\n<li>\u00c1lvaro Castello-Branco disse que o CDS n\u00e3o est\u00e1 pr\u00f3ximo de nenhum candidato que o povo legitimamente quis colocar no confronto da segunda volta.<\/li>\n<\/ul>\n<p>\u2022<\/p>\n<ul>\n<li>O partido n\u00e3o ter\u00e1 empenhamento org\u00e2nico nem institucional nem apoio a Ant\u00f3nio Jos\u00e9 Seguro nem a Andr\u00e9 Ventura na segunda volta.<\/li>\n<\/ul>\n<p>\u2022<\/p>\n<ul>\n<li>Ant\u00f3nio Jos\u00e9 Seguro obteve 31,1% e Andr\u00e9 Ventura 23,5% na primeira volta; a segunda volta \u00e9 no dia 08 de fevereiro.<\/li>\n<\/ul>\n<p>\u2022<\/p>\n<ul>\n<li>Lu\u00eds Marques Mendes, apoiado por PSD e CDS-PP, ficou em quinto com cerca de 11%; votos antecipados por mobilidade podem ser feitos no dia 01 de fevereiro.<\/li>\n<\/ul>\n","protected":false},"author":2,"featured_media":162013,"comment_status":"closed","ping_status":"closed","sticky":false,"template":"","format":"standard","meta":{"footnotes":""},"categories":[1,5],"tags":[2478,3763,3767,3676,2832,3001],"class_list":["post-161967","post","type-post","status-publish","format-standard","has-post-thumbnail","hentry","category-noticias","category-politica","tag-cds","tag-cds-cds","tag-oposicao","tag-partido-socialista","tag-politica","tag-presidenciais"],"yoast_head":"<!-- This site is optimized with the Yoast SEO plugin v27.2 - https:\/\/yoast.com\/product\/yoast-seo-wordpress\/ -->\n<title>CDS-PP n\u00e3o apoia nenhum candidato na segunda volta - Portal Tela Portugal<\/title>\n<meta name=\"robots\" content=\"index, follow, max-snippet:-1, max-image-preview:large, max-video-preview:-1\" \/>\n<meta property=\"og:locale\" content=\"pt_PT\" \/>\n<meta property=\"og:type\" content=\"article\" \/>\n<meta property=\"og:title\" content=\"CDS-PP n\u00e3o apoia nenhum candidato na segunda volta - Portal Tela Portugal\" \/>\n<meta property=\"og:description\" content=\"O CDS-PP n\u00e3o vai apoiar nenhum dos candidatos na segunda volta das presidenciais, afirmando que combate o socialismo e rejeita o populismo. \u2022 \u00c1lvaro Castello-Branco disse que o CDS n\u00e3o est\u00e1 pr\u00f3ximo de nenhum candidato que o povo legitimamente quis colocar no confronto da segunda volta. \u2022 O partido n\u00e3o ter\u00e1 empenhamento org\u00e2nico nem institucional nem apoio a Ant\u00f3nio Jos\u00e9 Seguro nem a Andr\u00e9 Ventura na segunda volta. \u2022 Ant\u00f3nio Jos\u00e9 Seguro obteve 31,1% e Andr\u00e9 Ventura 23,5% na primeira volta; a segunda volta \u00e9 no dia 08 de fevereiro. \u2022 Lu\u00eds Marques Mendes, apoiado por PSD e CDS-PP, ficou em quinto com cerca de 11%; votos antecipados por mobilidade podem ser feitos no dia 01 de fevereiro.\" \/>\n<meta property=\"og:url\" content=\"https:\/\/portaltela.pt\/noticias\/2026\/01\/21\/cds-pp-nao-apoia-nenhum-candidato-na-segunda-volta\/\" \/>\n<meta property=\"og:site_name\" content=\"Portal Tela Portugal\" \/>\n<meta property=\"article:published_time\" content=\"2026-01-21T23:41:39+00:00\" \/>\n<meta name=\"author\" content=\"Telinha\" \/>\n<meta name=\"twitter:card\" content=\"summary_large_image\" \/>\n<meta name=\"twitter:label1\" content=\"Escrito por\" \/>\n\t<meta name=\"twitter:data1\" content=\"Telinha\" \/>\n\t<meta name=\"twitter:label2\" content=\"Tempo estimado de leitura\" \/>\n\t<meta name=\"twitter:data2\" content=\"1 minuto\" \/>\n<script type=\"application\/ld+json\" class=\"yoast-schema-graph\">{\"@context\":\"https:\/\/schema.org\",\"@graph\":[{\"@type\":\"Article\",\"@id\":\"https:\/\/portaltela.pt\/noticias\/2026\/01\/21\/cds-pp-nao-apoia-nenhum-candidato-na-segunda-volta\/#article\",\"isPartOf\":{\"@id\":\"https:\/\/portaltela.pt\/noticias\/2026\/01\/21\/cds-pp-nao-apoia-nenhum-candidato-na-segunda-volta\/\"},\"author\":{\"name\":\"Telinha\",\"@id\":\"https:\/\/portaltela.pt\/#\/schema\/person\/c4278d4a6028830caff9ee44b42d32ed\"},\"headline\":\"CDS-PP n\u00e3o apoia nenhum candidato na segunda volta\",\"datePublished\":\"2026-01-21T23:41:39+00:00\",\"mainEntityOfPage\":{\"@id\":\"https:\/\/portaltela.pt\/noticias\/2026\/01\/21\/cds-pp-nao-apoia-nenhum-candidato-na-segunda-volta\/\"},\"wordCount\":191,\"image\":{\"@id\":\"https:\/\/portaltela.pt\/noticias\/2026\/01\/21\/cds-pp-nao-apoia-nenhum-candidato-na-segunda-volta\/#primaryimage\"},\"thumbnailUrl\":\"https:\/\/portaltela.pt\/s.01k8rhncp4jt1\/2026\/01\/unnamed-file-4533.jpg\",\"keywords\":[\"CDS\",\"CDS\/CDS\",\"oposi\u00e7\u00e3o\",\"Partido Socialista\",\"pol\u00edtica\",\"Presidenciais\"],\"articleSection\":[\"Not\u00edcias\",\"Pol\u00edtica\"],\"inLanguage\":\"pt-PT\"},{\"@type\":\"WebPage\",\"@id\":\"https:\/\/portaltela.pt\/noticias\/2026\/01\/21\/cds-pp-nao-apoia-nenhum-candidato-na-segunda-volta\/\",\"url\":\"https:\/\/portaltela.pt\/noticias\/2026\/01\/21\/cds-pp-nao-apoia-nenhum-candidato-na-segunda-volta\/\",\"name\":\"CDS-PP n\u00e3o apoia nenhum candidato na segunda volta - Portal Tela Portugal\",\"isPartOf\":{\"@id\":\"https:\/\/portaltela.pt\/#website\"},\"primaryImageOfPage\":{\"@id\":\"https:\/\/portaltela.pt\/noticias\/2026\/01\/21\/cds-pp-nao-apoia-nenhum-candidato-na-segunda-volta\/#primaryimage\"},\"image\":{\"@id\":\"https:\/\/portaltela.pt\/noticias\/2026\/01\/21\/cds-pp-nao-apoia-nenhum-candidato-na-segunda-volta\/#primaryimage\"},\"thumbnailUrl\":\"https:\/\/portaltela.pt\/s.01k8rhncp4jt1\/2026\/01\/unnamed-file-4533.jpg\",\"datePublished\":\"2026-01-21T23:41:39+00:00\",\"author\":{\"@id\":\"https:\/\/portaltela.pt\/#\/schema\/person\/c4278d4a6028830caff9ee44b42d32ed\"},\"breadcrumb\":{\"@id\":\"https:\/\/portaltela.pt\/noticias\/2026\/01\/21\/cds-pp-nao-apoia-nenhum-candidato-na-segunda-volta\/#breadcrumb\"},\"inLanguage\":\"pt-PT\",\"potentialAction\":[{\"@type\":\"ReadAction\",\"target\":[\"https:\/\/portaltela.pt\/noticias\/2026\/01\/21\/cds-pp-nao-apoia-nenhum-candidato-na-segunda-volta\/\"]}]},{\"@type\":\"ImageObject\",\"inLanguage\":\"pt-PT\",\"@id\":\"https:\/\/portaltela.pt\/noticias\/2026\/01\/21\/cds-pp-nao-apoia-nenhum-candidato-na-segunda-volta\/#primaryimage\",\"url\":\"https:\/\/portaltela.pt\/s.01k8rhncp4jt1\/2026\/01\/unnamed-file-4533.jpg\",\"contentUrl\":\"https:\/\/portaltela.pt\/s.01k8rhncp4jt1\/2026\/01\/unnamed-file-4533.jpg\",\"width\":796,\"height\":448,\"caption\":\"CDS-PP n\u00e3o vai apoiar nenhum dos candidatos na segunda volta\"},{\"@type\":\"BreadcrumbList\",\"@id\":\"https:\/\/portaltela.pt\/noticias\/2026\/01\/21\/cds-pp-nao-apoia-nenhum-candidato-na-segunda-volta\/#breadcrumb\",\"itemListElement\":[{\"@type\":\"ListItem\",\"position\":1,\"name\":\"In\u00edcio\",\"item\":\"https:\/\/portaltela.pt\/\"},{\"@type\":\"ListItem\",\"position\":2,\"name\":\"CDS-PP n\u00e3o apoia nenhum candidato na segunda volta\"}]},{\"@type\":\"WebSite\",\"@id\":\"https:\/\/portaltela.pt\/#website\",\"url\":\"https:\/\/portaltela.pt\/\",\"name\":\"Portal Tela Portugal\",\"description\":\"\",\"potentialAction\":[{\"@type\":\"SearchAction\",\"target\":{\"@type\":\"EntryPoint\",\"urlTemplate\":\"https:\/\/portaltela.pt\/?s={search_term_string}\"},\"query-input\":{\"@type\":\"PropertyValueSpecification\",\"valueRequired\":true,\"valueName\":\"search_term_string\"}}],\"inLanguage\":\"pt-PT\"},{\"@type\":\"Person\",\"@id\":\"https:\/\/portaltela.pt\/#\/schema\/person\/c4278d4a6028830caff9ee44b42d32ed\",\"name\":\"Telinha\",\"image\":{\"@type\":\"ImageObject\",\"inLanguage\":\"pt-PT\",\"@id\":\"https:\/\/portaltela.pt\/s.01k8rhncp4jt1\/2025\/11\/talking-bot-125x125.png\",\"url\":\"https:\/\/portaltela.pt\/s.01k8rhncp4jt1\/2025\/11\/talking-bot-125x125.png\",\"contentUrl\":\"https:\/\/portaltela.pt\/s.01k8rhncp4jt1\/2025\/11\/talking-bot-125x125.png\",\"caption\":\"Telinha\"},\"sameAs\":[\"https:\/\/portaltela.pt\/\"],\"url\":\"https:\/\/portaltela.pt\/por\/367410592786\/\"}]}<\/script>\n<!-- \/ Yoast SEO plugin. -->","yoast_head_json":{"title":"CDS-PP n\u00e3o apoia nenhum candidato na segunda volta - Portal Tela Portugal","robots":{"index":"index","follow":"follow","max-snippet":"max-snippet:-1","max-image-preview":"max-image-preview:large","max-video-preview":"max-video-preview:-1"},"og_locale":"pt_PT","og_type":"article","og_title":"CDS-PP n\u00e3o apoia nenhum candidato na segunda volta - Portal Tela Portugal","og_description":"O CDS-PP n\u00e3o vai apoiar nenhum dos candidatos na segunda volta das presidenciais, afirmando que combate o socialismo e rejeita o populismo. \u2022 \u00c1lvaro Castello-Branco disse que o CDS n\u00e3o est\u00e1 pr\u00f3ximo de nenhum candidato que o povo legitimamente quis colocar no confronto da segunda volta. \u2022 O partido n\u00e3o ter\u00e1 empenhamento org\u00e2nico nem institucional nem apoio a Ant\u00f3nio Jos\u00e9 Seguro nem a Andr\u00e9 Ventura na segunda volta. \u2022 Ant\u00f3nio Jos\u00e9 Seguro obteve 31,1% e Andr\u00e9 Ventura 23,5% na primeira volta; a segunda volta \u00e9 no dia 08 de fevereiro. \u2022 Lu\u00eds Marques Mendes, apoiado por PSD e CDS-PP, ficou em quinto com cerca de 11%; votos antecipados por mobilidade podem ser feitos no dia 01 de fevereiro.","og_url":"https:\/\/portaltela.pt\/noticias\/2026\/01\/21\/cds-pp-nao-apoia-nenhum-candidato-na-segunda-volta\/","og_site_name":"Portal Tela Portugal","article_published_time":"2026-01-21T23:41:39+00:00","author":"Telinha","twitter_card":"summary_large_image","twitter_misc":{"Escrito por":"Telinha","Tempo estimado de leitura":"1 minuto"},"schema":{"@context":"https:\/\/schema.org","@graph":[{"@type":"Article","@id":"https:\/\/portaltela.pt\/noticias\/2026\/01\/21\/cds-pp-nao-apoia-nenhum-candidato-na-segunda-volta\/#article","isPartOf":{"@id":"https:\/\/portaltela.pt\/noticias\/2026\/01\/21\/cds-pp-nao-apoia-nenhum-candidato-na-segunda-volta\/"},"author":{"name":"Telinha","@id":"https:\/\/portaltela.pt\/#\/schema\/person\/c4278d4a6028830caff9ee44b42d32ed"},"headline":"CDS-PP n\u00e3o apoia nenhum candidato na segunda volta","datePublished":"2026-01-21T23:41:39+00:00","mainEntityOfPage":{"@id":"https:\/\/portaltela.pt\/noticias\/2026\/01\/21\/cds-pp-nao-apoia-nenhum-candidato-na-segunda-volta\/"},"wordCount":191,"image":{"@id":"https:\/\/portaltela.pt\/noticias\/2026\/01\/21\/cds-pp-nao-apoia-nenhum-candidato-na-segunda-volta\/#primaryimage"},"thumbnailUrl":"https:\/\/portaltela.pt\/s.01k8rhncp4jt1\/2026\/01\/unnamed-file-4533.jpg","keywords":["CDS","CDS\/CDS","oposi\u00e7\u00e3o","Partido Socialista","pol\u00edtica","Presidenciais"],"articleSection":["Not\u00edcias","Pol\u00edtica"],"inLanguage":"pt-PT"},{"@type":"WebPage","@id":"https:\/\/portaltela.pt\/noticias\/2026\/01\/21\/cds-pp-nao-apoia-nenhum-candidato-na-segunda-volta\/","url":"https:\/\/portaltela.pt\/noticias\/2026\/01\/21\/cds-pp-nao-apoia-nenhum-candidato-na-segunda-volta\/","name":"CDS-PP n\u00e3o apoia nenhum candidato na segunda volta - Portal Tela Portugal","isPartOf":{"@id":"https:\/\/portaltela.pt\/#website"},"primaryImageOfPage":{"@id":"https:\/\/portaltela.pt\/noticias\/2026\/01\/21\/cds-pp-nao-apoia-nenhum-candidato-na-segunda-volta\/#primaryimage"},"image":{"@id":"https:\/\/portaltela.pt\/noticias\/2026\/01\/21\/cds-pp-nao-apoia-nenhum-candidato-na-segunda-volta\/#primaryimage"},"thumbnailUrl":"https:\/\/portaltela.pt\/s.01k8rhncp4jt1\/2026\/01\/unnamed-file-4533.jpg","datePublished":"2026-01-21T23:41:39+00:00","author":{"@id":"https:\/\/portaltela.pt\/#\/schema\/person\/c4278d4a6028830caff9ee44b42d32ed"},"breadcrumb":{"@id":"https:\/\/portaltela.pt\/noticias\/2026\/01\/21\/cds-pp-nao-apoia-nenhum-candidato-na-segunda-volta\/#breadcrumb"},"inLanguage":"pt-PT","potentialAction":[{"@type":"ReadAction","target":["https:\/\/portaltela.pt\/noticias\/2026\/01\/21\/cds-pp-nao-apoia-nenhum-candidato-na-segunda-volta\/"]}]},{"@type":"ImageObject","inLanguage":"pt-PT","@id":"https:\/\/portaltela.pt\/noticias\/2026\/01\/21\/cds-pp-nao-apoia-nenhum-candidato-na-segunda-volta\/#primaryimage","url":"https:\/\/portaltela.pt\/s.01k8rhncp4jt1\/2026\/01\/unnamed-file-4533.jpg","contentUrl":"https:\/\/portaltela.pt\/s.01k8rhncp4jt1\/2026\/01\/unnamed-file-4533.jpg","width":796,"height":448,"caption":"CDS-PP n\u00e3o vai apoiar nenhum dos candidatos na segunda volta"},{"@type":"BreadcrumbList","@id":"https:\/\/portaltela.pt\/noticias\/2026\/01\/21\/cds-pp-nao-apoia-nenhum-candidato-na-segunda-volta\/#breadcrumb","itemListElement":[{"@type":"ListItem","position":1,"name":"In\u00edcio","item":"https:\/\/portaltela.pt\/"},{"@type":"ListItem","position":2,"name":"CDS-PP n\u00e3o apoia nenhum candidato na segunda volta"}]},{"@type":"WebSite","@id":"https:\/\/portaltela.pt\/#website","url":"https:\/\/portaltela.pt\/","name":"Portal Tela Portugal","description":"","potentialAction":[{"@type":"SearchAction","target":{"@type":"EntryPoint","urlTemplate":"https:\/\/portaltela.pt\/?s={search_term_string}"},"query-input":{"@type":"PropertyValueSpecification","valueRequired":true,"valueName":"search_term_string"}}],"inLanguage":"pt-PT"},{"@type":"Person","@id":"https:\/\/portaltela.pt\/#\/schema\/person\/c4278d4a6028830caff9ee44b42d32ed","name":"Telinha","image":{"@type":"ImageObject","inLanguage":"pt-PT","@id":"https:\/\/portaltela.pt\/s.01k8rhncp4jt1\/2025\/11\/talking-bot-125x125.png","url":"https:\/\/portaltela.pt\/s.01k8rhncp4jt1\/2025\/11\/talking-bot-125x125.png","contentUrl":"https:\/\/portaltela.pt\/s.01k8rhncp4jt1\/2025\/11\/talking-bot-125x125.png","caption":"Telinha"},"sameAs":["https:\/\/portaltela.pt\/"],"url":"https:\/\/portaltela.pt\/por\/367410592786\/"}]}},"_links":{"self":[{"href":"https:\/\/portaltela.pt\/api\/wp\/v2\/posts\/161967","targetHints":{"allow":["GET"]}}],"collection":[{"href":"https:\/\/portaltela.pt\/api\/wp\/v2\/posts"}],"about":[{"href":"https:\/\/portaltela.pt\/api\/wp\/v2\/types\/post"}],"author":[{"embeddable":true,"href":"https:\/\/portaltela.pt\/api\/wp\/v2\/users\/2"}],"replies":[{"embeddable":true,"href":"https:\/\/portaltela.pt\/api\/wp\/v2\/comments?post=161967"}],"version-history":[{"count":0,"href":"https:\/\/portaltela.pt\/api\/wp\/v2\/posts\/161967\/revisions"}],"wp:featuredmedia":[{"embeddable":true,"href":"https:\/\/portaltela.pt\/api\/wp\/v2\/media\/162013"}],"wp:attachment":[{"href":"https:\/\/portaltela.pt\/api\/wp\/v2\/media?parent=161967"}],"wp:term":[{"taxonomy":"category","embeddable":true,"href":"https:\/\/portaltela.pt\/api\/wp\/v2\/categories?post=161967"},{"taxonomy":"post_tag","embeddable":true,"href":"https:\/\/portaltela.pt\/api\/wp\/v2\/tags?post=161967"}],"curies":[{"name":"wp","href":"https:\/\/api.w.org\/{rel}","templated":true}]}}