{"id":161951,"date":"2026-01-21T21:02:23","date_gmt":"2026-01-22T00:02:23","guid":{"rendered":"https:\/\/portaltela.pt\/noticias\/2026\/01\/21\/juventus-vs-benfica-em-direto-cobertura-do-jornal-record\/"},"modified":"2026-01-21T21:02:23","modified_gmt":"2026-01-22T00:02:23","slug":"juventus-vs-benfica-em-direto-cobertura-do-jornal-record","status":"publish","type":"post","link":"https:\/\/portaltela.pt\/desporto\/futebol\/2026\/01\/21\/juventus-vs-benfica-em-direto-cobertura-do-jornal-record\/","title":{"rendered":"Juventus vs Benfica em direto, cobertura do Jornal Record"},"content":{"rendered":"<p>A Juventus e o Benfica empataram 1-1 na estreia da fase de grupos da Liga dos Campe\u00f5es, no Juventus Stadium, em Turim. O encontro aconteceu na noite de 21 de setembro de 2026, com ambas as equipas a procurar a vit\u00f3ria desde o apito inicial.<\/p>\n<p>Aos 23 minutos, a Juventus adiantou-se atrav\u00e9s de Paulo Dybala, num remate de fora da \u00e1rea que traiu Vlachodimos. O Benfica respondeu aos 37 minutos, num contra-ataque finalizado por Rafa Silva, desviando num defesa advers\u00e1rio e enganando o guarda-redes italiano.<\/p>\n<p>Na segunda parte, houve procura do golo da vit\u00f3ria por parte de ambas as forma\u00e7\u00f5es, sem sucesso. Aos 78 minutos, Gon\u00e7alo Ramos esteve perto de marcar pelo Benfica ao rematar ao poste.<\/p>\n<h3>Ficha do jogo<\/h3>\n<ul>\n<li>Data: 21 de setembro de 2026<\/li>\n<li>Local: Juventus Stadium, Turim<\/li>\n<li>\u00c1rbitro: Antonio Mateu Lahoz<\/li>\n<li>Resultado: Juventus 1-1 Benfica<\/li>\n<li>Golos: Paulo Dybala (23&#8242;), Rafa Silva (37&#8242;)<\/li>\n<\/ul>\n","protected":false},"excerpt":{"rendered":"<ul>\n<li>Juventus e Benfica empataram 1-1 na estreia na fase de grupos da Liga dos Campe\u00f5es, no Juventus Stadium, em Turim.<\/li>\n<li>O golo da Juventus surgiu aos 23 minutos, por Paulo Dybala, num remate de fora da \u00e1rea; o Benfica empatou aos 37 minutos com Rafa Silva, que desviou em defesa advers\u00e1ria.<\/li>\n<li>Na segunda parte, as duas equipas tentaram a vit\u00f3ria, mas o marcador n\u00e3o se mudou.<\/li>\n<li>O Benfica teve uma ocasi\u00e3o de ouro aos 78 minutos, com Gon\u00e7alo Ramos a rematar ao poste.<\/li>\n<li>Ficha do encontro: data 21 de setembro de 2026; local Juventus Stadium, Turim; \u00e1rbitro Antonio Mateu Lahoz; resultado 1-1; golos de Dybala e Rafa Silva.<\/li>\n<\/ul>\n","protected":false},"author":2,"featured_media":161957,"comment_status":"closed","ping_status":"closed","sticky":false,"template":"","format":"standard","meta":{"footnotes":""},"categories":[21,24],"tags":[1946,3577,2112,32,48],"class_list":["post-161951","post","type-post","status-publish","format-standard","has-post-thumbnail","hentry","category-desporto","category-futebol","tag-benfica","tag-champions-league","tag-dybala","tag-futebol","tag-gols"],"yoast_head":"<!-- This site is optimized with the Yoast SEO plugin v27.2 - https:\/\/yoast.com\/product\/yoast-seo-wordpress\/ -->\n<title>Juventus vs Benfica em direto, cobertura do Jornal Record - Portal Tela Portugal<\/title>\n<meta name=\"robots\" content=\"index, follow, max-snippet:-1, max-image-preview:large, max-video-preview:-1\" \/>\n<meta property=\"og:locale\" content=\"pt_PT\" \/>\n<meta property=\"og:type\" content=\"article\" \/>\n<meta property=\"og:title\" content=\"Juventus vs Benfica em direto, cobertura do Jornal Record - Portal Tela Portugal\" \/>\n<meta property=\"og:description\" content=\"Juventus e Benfica empataram 1-1 na estreia na fase de grupos da Liga dos Campe\u00f5es, no Juventus Stadium, em Turim. O golo da Juventus surgiu aos 23 minutos, por Paulo Dybala, num remate de fora da \u00e1rea; o Benfica empatou aos 37 minutos com Rafa Silva, que desviou em defesa advers\u00e1ria. Na segunda parte, as duas equipas tentaram a vit\u00f3ria, mas o marcador n\u00e3o se mudou. O Benfica teve uma ocasi\u00e3o de ouro aos 78 minutos, com Gon\u00e7alo Ramos a rematar ao poste. Ficha do encontro: data 21 de setembro de 2026; local Juventus Stadium, Turim; \u00e1rbitro Antonio Mateu Lahoz; resultado 1-1; golos de Dybala e Rafa Silva.\" \/>\n<meta property=\"og:url\" content=\"https:\/\/portaltela.pt\/noticias\/2026\/01\/21\/juventus-vs-benfica-em-direto-cobertura-do-jornal-record\/\" \/>\n<meta property=\"og:site_name\" content=\"Portal Tela Portugal\" \/>\n<meta property=\"article:published_time\" content=\"2026-01-22T00:02:23+00:00\" \/>\n<meta name=\"author\" content=\"Telinha\" \/>\n<meta name=\"twitter:card\" content=\"summary_large_image\" \/>\n<meta name=\"twitter:label1\" content=\"Escrito por\" \/>\n\t<meta name=\"twitter:data1\" content=\"Telinha\" \/>\n\t<meta name=\"twitter:label2\" content=\"Tempo estimado de leitura\" \/>\n\t<meta name=\"twitter:data2\" content=\"1 minuto\" \/>\n<script type=\"application\/ld+json\" class=\"yoast-schema-graph\">{\"@context\":\"https:\/\/schema.org\",\"@graph\":[{\"@type\":\"Article\",\"@id\":\"https:\/\/portaltela.pt\/noticias\/2026\/01\/21\/juventus-vs-benfica-em-direto-cobertura-do-jornal-record\/#article\",\"isPartOf\":{\"@id\":\"https:\/\/portaltela.pt\/noticias\/2026\/01\/21\/juventus-vs-benfica-em-direto-cobertura-do-jornal-record\/\"},\"author\":{\"name\":\"Telinha\",\"@id\":\"https:\/\/portaltela.pt\/#\/schema\/person\/c4278d4a6028830caff9ee44b42d32ed\"},\"headline\":\"Juventus vs Benfica em direto, cobertura do Jornal Record\",\"datePublished\":\"2026-01-22T00:02:23+00:00\",\"mainEntityOfPage\":{\"@id\":\"https:\/\/portaltela.pt\/noticias\/2026\/01\/21\/juventus-vs-benfica-em-direto-cobertura-do-jornal-record\/\"},\"wordCount\":152,\"image\":{\"@id\":\"https:\/\/portaltela.pt\/noticias\/2026\/01\/21\/juventus-vs-benfica-em-direto-cobertura-do-jornal-record\/#primaryimage\"},\"thumbnailUrl\":\"https:\/\/portaltela.pt\/s.01k8rhncp4jt1\/2026\/01\/imagemDefaultJED_posjogo-35.jpg\",\"keywords\":[\"Benfica\",\"Champions League\",\"Dybala\",\"futebol\",\"gols\"],\"articleSection\":[\"Desporto\",\"Futebol\"],\"inLanguage\":\"pt-PT\"},{\"@type\":\"WebPage\",\"@id\":\"https:\/\/portaltela.pt\/noticias\/2026\/01\/21\/juventus-vs-benfica-em-direto-cobertura-do-jornal-record\/\",\"url\":\"https:\/\/portaltela.pt\/noticias\/2026\/01\/21\/juventus-vs-benfica-em-direto-cobertura-do-jornal-record\/\",\"name\":\"Juventus vs Benfica em direto, cobertura do Jornal Record - Portal Tela Portugal\",\"isPartOf\":{\"@id\":\"https:\/\/portaltela.pt\/#website\"},\"primaryImageOfPage\":{\"@id\":\"https:\/\/portaltela.pt\/noticias\/2026\/01\/21\/juventus-vs-benfica-em-direto-cobertura-do-jornal-record\/#primaryimage\"},\"image\":{\"@id\":\"https:\/\/portaltela.pt\/noticias\/2026\/01\/21\/juventus-vs-benfica-em-direto-cobertura-do-jornal-record\/#primaryimage\"},\"thumbnailUrl\":\"https:\/\/portaltela.pt\/s.01k8rhncp4jt1\/2026\/01\/imagemDefaultJED_posjogo-35.jpg\",\"datePublished\":\"2026-01-22T00:02:23+00:00\",\"author\":{\"@id\":\"https:\/\/portaltela.pt\/#\/schema\/person\/c4278d4a6028830caff9ee44b42d32ed\"},\"breadcrumb\":{\"@id\":\"https:\/\/portaltela.pt\/noticias\/2026\/01\/21\/juventus-vs-benfica-em-direto-cobertura-do-jornal-record\/#breadcrumb\"},\"inLanguage\":\"pt-PT\",\"potentialAction\":[{\"@type\":\"ReadAction\",\"target\":[\"https:\/\/portaltela.pt\/noticias\/2026\/01\/21\/juventus-vs-benfica-em-direto-cobertura-do-jornal-record\/\"]}]},{\"@type\":\"ImageObject\",\"inLanguage\":\"pt-PT\",\"@id\":\"https:\/\/portaltela.pt\/noticias\/2026\/01\/21\/juventus-vs-benfica-em-direto-cobertura-do-jornal-record\/#primaryimage\",\"url\":\"https:\/\/portaltela.pt\/s.01k8rhncp4jt1\/2026\/01\/imagemDefaultJED_posjogo-35.jpg\",\"contentUrl\":\"https:\/\/portaltela.pt\/s.01k8rhncp4jt1\/2026\/01\/imagemDefaultJED_posjogo-35.jpg\",\"width\":796,\"height\":448,\"caption\":\"Photo\"},{\"@type\":\"BreadcrumbList\",\"@id\":\"https:\/\/portaltela.pt\/noticias\/2026\/01\/21\/juventus-vs-benfica-em-direto-cobertura-do-jornal-record\/#breadcrumb\",\"itemListElement\":[{\"@type\":\"ListItem\",\"position\":1,\"name\":\"In\u00edcio\",\"item\":\"https:\/\/portaltela.pt\/\"},{\"@type\":\"ListItem\",\"position\":2,\"name\":\"Juventus vs Benfica em direto, cobertura do Jornal Record\"}]},{\"@type\":\"WebSite\",\"@id\":\"https:\/\/portaltela.pt\/#website\",\"url\":\"https:\/\/portaltela.pt\/\",\"name\":\"Portal Tela Portugal\",\"description\":\"\",\"potentialAction\":[{\"@type\":\"SearchAction\",\"target\":{\"@type\":\"EntryPoint\",\"urlTemplate\":\"https:\/\/portaltela.pt\/?s={search_term_string}\"},\"query-input\":{\"@type\":\"PropertyValueSpecification\",\"valueRequired\":true,\"valueName\":\"search_term_string\"}}],\"inLanguage\":\"pt-PT\"},{\"@type\":\"Person\",\"@id\":\"https:\/\/portaltela.pt\/#\/schema\/person\/c4278d4a6028830caff9ee44b42d32ed\",\"name\":\"Telinha\",\"image\":{\"@type\":\"ImageObject\",\"inLanguage\":\"pt-PT\",\"@id\":\"https:\/\/portaltela.pt\/s.01k8rhncp4jt1\/2025\/11\/talking-bot-125x125.png\",\"url\":\"https:\/\/portaltela.pt\/s.01k8rhncp4jt1\/2025\/11\/talking-bot-125x125.png\",\"contentUrl\":\"https:\/\/portaltela.pt\/s.01k8rhncp4jt1\/2025\/11\/talking-bot-125x125.png\",\"caption\":\"Telinha\"},\"sameAs\":[\"https:\/\/portaltela.pt\/\"],\"url\":\"https:\/\/portaltela.pt\/por\/367410592786\/\"}]}<\/script>\n<!-- \/ Yoast SEO plugin. -->","yoast_head_json":{"title":"Juventus vs Benfica em direto, cobertura do Jornal Record - Portal Tela Portugal","robots":{"index":"index","follow":"follow","max-snippet":"max-snippet:-1","max-image-preview":"max-image-preview:large","max-video-preview":"max-video-preview:-1"},"og_locale":"pt_PT","og_type":"article","og_title":"Juventus vs Benfica em direto, cobertura do Jornal Record - Portal Tela Portugal","og_description":"Juventus e Benfica empataram 1-1 na estreia na fase de grupos da Liga dos Campe\u00f5es, no Juventus Stadium, em Turim. O golo da Juventus surgiu aos 23 minutos, por Paulo Dybala, num remate de fora da \u00e1rea; o Benfica empatou aos 37 minutos com Rafa Silva, que desviou em defesa advers\u00e1ria. Na segunda parte, as duas equipas tentaram a vit\u00f3ria, mas o marcador n\u00e3o se mudou. O Benfica teve uma ocasi\u00e3o de ouro aos 78 minutos, com Gon\u00e7alo Ramos a rematar ao poste. Ficha do encontro: data 21 de setembro de 2026; local Juventus Stadium, Turim; \u00e1rbitro Antonio Mateu Lahoz; resultado 1-1; golos de Dybala e Rafa Silva.","og_url":"https:\/\/portaltela.pt\/noticias\/2026\/01\/21\/juventus-vs-benfica-em-direto-cobertura-do-jornal-record\/","og_site_name":"Portal Tela Portugal","article_published_time":"2026-01-22T00:02:23+00:00","author":"Telinha","twitter_card":"summary_large_image","twitter_misc":{"Escrito por":"Telinha","Tempo estimado de leitura":"1 minuto"},"schema":{"@context":"https:\/\/schema.org","@graph":[{"@type":"Article","@id":"https:\/\/portaltela.pt\/noticias\/2026\/01\/21\/juventus-vs-benfica-em-direto-cobertura-do-jornal-record\/#article","isPartOf":{"@id":"https:\/\/portaltela.pt\/noticias\/2026\/01\/21\/juventus-vs-benfica-em-direto-cobertura-do-jornal-record\/"},"author":{"name":"Telinha","@id":"https:\/\/portaltela.pt\/#\/schema\/person\/c4278d4a6028830caff9ee44b42d32ed"},"headline":"Juventus vs Benfica em direto, cobertura do Jornal Record","datePublished":"2026-01-22T00:02:23+00:00","mainEntityOfPage":{"@id":"https:\/\/portaltela.pt\/noticias\/2026\/01\/21\/juventus-vs-benfica-em-direto-cobertura-do-jornal-record\/"},"wordCount":152,"image":{"@id":"https:\/\/portaltela.pt\/noticias\/2026\/01\/21\/juventus-vs-benfica-em-direto-cobertura-do-jornal-record\/#primaryimage"},"thumbnailUrl":"https:\/\/portaltela.pt\/s.01k8rhncp4jt1\/2026\/01\/imagemDefaultJED_posjogo-35.jpg","keywords":["Benfica","Champions League","Dybala","futebol","gols"],"articleSection":["Desporto","Futebol"],"inLanguage":"pt-PT"},{"@type":"WebPage","@id":"https:\/\/portaltela.pt\/noticias\/2026\/01\/21\/juventus-vs-benfica-em-direto-cobertura-do-jornal-record\/","url":"https:\/\/portaltela.pt\/noticias\/2026\/01\/21\/juventus-vs-benfica-em-direto-cobertura-do-jornal-record\/","name":"Juventus vs Benfica em direto, cobertura do Jornal Record - Portal Tela Portugal","isPartOf":{"@id":"https:\/\/portaltela.pt\/#website"},"primaryImageOfPage":{"@id":"https:\/\/portaltela.pt\/noticias\/2026\/01\/21\/juventus-vs-benfica-em-direto-cobertura-do-jornal-record\/#primaryimage"},"image":{"@id":"https:\/\/portaltela.pt\/noticias\/2026\/01\/21\/juventus-vs-benfica-em-direto-cobertura-do-jornal-record\/#primaryimage"},"thumbnailUrl":"https:\/\/portaltela.pt\/s.01k8rhncp4jt1\/2026\/01\/imagemDefaultJED_posjogo-35.jpg","datePublished":"2026-01-22T00:02:23+00:00","author":{"@id":"https:\/\/portaltela.pt\/#\/schema\/person\/c4278d4a6028830caff9ee44b42d32ed"},"breadcrumb":{"@id":"https:\/\/portaltela.pt\/noticias\/2026\/01\/21\/juventus-vs-benfica-em-direto-cobertura-do-jornal-record\/#breadcrumb"},"inLanguage":"pt-PT","potentialAction":[{"@type":"ReadAction","target":["https:\/\/portaltela.pt\/noticias\/2026\/01\/21\/juventus-vs-benfica-em-direto-cobertura-do-jornal-record\/"]}]},{"@type":"ImageObject","inLanguage":"pt-PT","@id":"https:\/\/portaltela.pt\/noticias\/2026\/01\/21\/juventus-vs-benfica-em-direto-cobertura-do-jornal-record\/#primaryimage","url":"https:\/\/portaltela.pt\/s.01k8rhncp4jt1\/2026\/01\/imagemDefaultJED_posjogo-35.jpg","contentUrl":"https:\/\/portaltela.pt\/s.01k8rhncp4jt1\/2026\/01\/imagemDefaultJED_posjogo-35.jpg","width":796,"height":448,"caption":"Photo"},{"@type":"BreadcrumbList","@id":"https:\/\/portaltela.pt\/noticias\/2026\/01\/21\/juventus-vs-benfica-em-direto-cobertura-do-jornal-record\/#breadcrumb","itemListElement":[{"@type":"ListItem","position":1,"name":"In\u00edcio","item":"https:\/\/portaltela.pt\/"},{"@type":"ListItem","position":2,"name":"Juventus vs Benfica em direto, cobertura do Jornal Record"}]},{"@type":"WebSite","@id":"https:\/\/portaltela.pt\/#website","url":"https:\/\/portaltela.pt\/","name":"Portal Tela Portugal","description":"","potentialAction":[{"@type":"SearchAction","target":{"@type":"EntryPoint","urlTemplate":"https:\/\/portaltela.pt\/?s={search_term_string}"},"query-input":{"@type":"PropertyValueSpecification","valueRequired":true,"valueName":"search_term_string"}}],"inLanguage":"pt-PT"},{"@type":"Person","@id":"https:\/\/portaltela.pt\/#\/schema\/person\/c4278d4a6028830caff9ee44b42d32ed","name":"Telinha","image":{"@type":"ImageObject","inLanguage":"pt-PT","@id":"https:\/\/portaltela.pt\/s.01k8rhncp4jt1\/2025\/11\/talking-bot-125x125.png","url":"https:\/\/portaltela.pt\/s.01k8rhncp4jt1\/2025\/11\/talking-bot-125x125.png","contentUrl":"https:\/\/portaltela.pt\/s.01k8rhncp4jt1\/2025\/11\/talking-bot-125x125.png","caption":"Telinha"},"sameAs":["https:\/\/portaltela.pt\/"],"url":"https:\/\/portaltela.pt\/por\/367410592786\/"}]}},"_links":{"self":[{"href":"https:\/\/portaltela.pt\/api\/wp\/v2\/posts\/161951","targetHints":{"allow":["GET"]}}],"collection":[{"href":"https:\/\/portaltela.pt\/api\/wp\/v2\/posts"}],"about":[{"href":"https:\/\/portaltela.pt\/api\/wp\/v2\/types\/post"}],"author":[{"embeddable":true,"href":"https:\/\/portaltela.pt\/api\/wp\/v2\/users\/2"}],"replies":[{"embeddable":true,"href":"https:\/\/portaltela.pt\/api\/wp\/v2\/comments?post=161951"}],"version-history":[{"count":0,"href":"https:\/\/portaltela.pt\/api\/wp\/v2\/posts\/161951\/revisions"}],"wp:featuredmedia":[{"embeddable":true,"href":"https:\/\/portaltela.pt\/api\/wp\/v2\/media\/161957"}],"wp:attachment":[{"href":"https:\/\/portaltela.pt\/api\/wp\/v2\/media?parent=161951"}],"wp:term":[{"taxonomy":"category","embeddable":true,"href":"https:\/\/portaltela.pt\/api\/wp\/v2\/categories?post=161951"},{"taxonomy":"post_tag","embeddable":true,"href":"https:\/\/portaltela.pt\/api\/wp\/v2\/tags?post=161951"}],"curies":[{"name":"wp","href":"https:\/\/api.w.org\/{rel}","templated":true}]}}