{"id":161911,"date":"2026-01-21T20:41:00","date_gmt":"2026-01-21T23:41:00","guid":{"rendered":"https:\/\/portaltela.pt\/noticias\/2026\/01\/21\/ventura-procura-jovens-de-cotrim\/"},"modified":"2026-01-21T20:41:00","modified_gmt":"2026-01-21T23:41:00","slug":"ventura-procura-jovens-de-cotrim","status":"publish","type":"post","link":"https:\/\/portaltela.pt\/noticias\/politica\/2026\/01\/21\/ventura-procura-jovens-de-cotrim\/","title":{"rendered":"Ventura procura jovens de Cotrim"},"content":{"rendered":"<p>A l\u00edder do Chega, Andr\u00e9 Ventura, esteve presente numa interven\u00e7\u00e3o sobre o tema da emigra\u00e7\u00e3o e das oportunidades em Portugal. O discurso enfatizou que a sa\u00edda de jovens qualificados pode \u201cempurrar\u201d o pa\u00eds para fora do estado de progresso, sem apontar solu\u00e7\u00f5es simples.<\/p>\n<p>Uma jovem rec\u00e9m-formada em Jornalismo alertou para a falta de oportunidades e indicou a pretens\u00e3o de trabalhar no estrangeiro. Ventura apelou \u00e0 paci\u00eancia dos eleitores e afirmou que a miss\u00e3o do Chega se completa quando os que foram obrigados a sair regressarem ao pa\u00eds.<\/p>\n<p>O l\u00edder referiu que o futuro passa por n\u00e3o deixar partir os jovens, criticando a persist\u00eancia de sal\u00e1rios baixos. Defendeu a liberta\u00e7\u00e3o das empresas para pagar melhor e recordou apoios j\u00e1 concedidos pelo Chega, como o IRS Jovem e a Habita\u00e7\u00e3o Jovem, no passado.<\/p>\n<h3>Perspectivas pol\u00edticas<\/h3>\n<p>Durante o encontro, uma estudante de Direito denunciou um professor por associar o Chega a uma amea\u00e7a \u00e0 democracia. Ventura reiterou que o partido n\u00e3o perseguir\u00e1 quem pensa de forma distinta, mantendo o tom firme e plural.<\/p>\n<p>O discurso enfatizou a oposi\u00e7\u00e3o entre o socialismo e a liberdade, e a ideia de normalizar o Chega nas universidades. O pol\u00edtico afirmou que, se chegar ao poder, as nomea\u00e7\u00f5es deixariam de depender do cart\u00e3o partid\u00e1rio, impondo uma meritocracia.<\/p>\n<p>Ventura destacou o papel das redes sociais na comunica\u00e7\u00e3o direta com o eleitorado, citando alcance de um canal televisivo e de Instagram. Afirmou que a imprensa o ataca, argumentando que a estrat\u00e9gia massiva serve para chegar aos apoiantes.<\/p>\n<p>Atrav\u00e9s de testemunhos de uma m\u00e3e solit\u00e1ria v\u00edtima de viol\u00eancia dom\u00e9stica, o l\u00edder prometeu erradicar uma cultura de subs\u00eddios f\u00e1ceis. Disse que h\u00e1 distin\u00e7\u00e3o entre quem trabalha e quem enfrenta dificuldades, apoiando quem precisa sem abandonar quem trabalha.<\/p>\n<p>Um objetivo central \u00e9 reunir eleitores que votaram em figuras como Gouveia e Melo, mantendo a promessa de abranger amplamente o eleitorado liberal. Ventura criticou a posi\u00e7\u00e3o de certos membros do PSD e a forma como a pol\u00edtica se define ap\u00f3s as elei\u00e7\u00f5es.<\/p>\n","protected":false},"excerpt":{"rendered":"<ul>\n<li>Ventura afirma que a grande luta hoje \u00e9 entre socialismo e liberdade, destacando a emigra\u00e7\u00e3o: uma jovem rec\u00e9m-formada em Jornalismo alertou para falta de oportunidades; pediu paci\u00eancia para n\u00e3o emigrar e disse que a miss\u00e3o s\u00f3 termina quando voltarem todos os que precisam sair.<\/li>\n<li>O l\u00edder do Chega defende que o futuro passa por manter os jovens no pa\u00eds, libertar as empresas para pagar sal\u00e1rios mais altos e lembra apoios j\u00e1 existentes, como o IRS Jovem, a Descida do IRS e a Habita\u00e7\u00e3o Jovem.<\/li>\n<li>Reagiu a uma estudante de Direito que o acusou de populismo, garantindo que o Chega n\u00e3o ir\u00e1 perseguir quem pensa diferente.<\/li>\n<li>Afirmou que, caso chegue ao poder, as nomea\u00e7\u00f5es deixar\u00e3o de depender do cart\u00e3o partid\u00e1rio e haver\u00e1 meritocracia; diz que o partido trabalha para normalizar a sua presen\u00e7a nas universidades e usa as redes sociais para falar diretamente com o eleitorado.<\/li>\n<li>Promete cortar subs\u00eddios e combater quem n\u00e3o trabalha, destacando apoio a m\u00e3es e v\u00edtimas de viol\u00eancia dom\u00e9stica; pretende conquistar eleitores de v\u00e1rias fa\u00e7\u00f5es e comentou que alguns no PSD n\u00e3o votariam nele se estiverem mais preocupados com a configura\u00e7\u00e3o pol\u00edtica.<\/li>\n<\/ul>\n","protected":false},"author":2,"featured_media":161914,"comment_status":"closed","ping_status":"closed","sticky":false,"template":"","format":"standard","meta":{"footnotes":""},"categories":[1,5],"tags":[3423,902,1010,2844,2832,58],"class_list":["post-161911","post","type-post","status-publish","format-standard","has-post-thumbnail","hentry","category-noticias","category-politica","tag-a-iniciativa-liberal","tag-emigracao","tag-habitacao-publica","tag-jovens","tag-politica","tag-universidades"],"yoast_head":"<!-- This site is optimized with the Yoast SEO plugin v27.2 - https:\/\/yoast.com\/product\/yoast-seo-wordpress\/ -->\n<title>Ventura procura jovens de Cotrim - Portal Tela Portugal<\/title>\n<meta name=\"robots\" content=\"index, follow, max-snippet:-1, max-image-preview:large, max-video-preview:-1\" \/>\n<meta property=\"og:locale\" content=\"pt_PT\" \/>\n<meta property=\"og:type\" content=\"article\" \/>\n<meta property=\"og:title\" content=\"Ventura procura jovens de Cotrim - Portal Tela Portugal\" \/>\n<meta property=\"og:description\" content=\"Ventura afirma que a grande luta hoje \u00e9 entre socialismo e liberdade, destacando a emigra\u00e7\u00e3o: uma jovem rec\u00e9m-formada em Jornalismo alertou para falta de oportunidades; pediu paci\u00eancia para n\u00e3o emigrar e disse que a miss\u00e3o s\u00f3 termina quando voltarem todos os que precisam sair. O l\u00edder do Chega defende que o futuro passa por manter os jovens no pa\u00eds, libertar as empresas para pagar sal\u00e1rios mais altos e lembra apoios j\u00e1 existentes, como o IRS Jovem, a Descida do IRS e a Habita\u00e7\u00e3o Jovem. Reagiu a uma estudante de Direito que o acusou de populismo, garantindo que o Chega n\u00e3o ir\u00e1 perseguir quem pensa diferente. Afirmou que, caso chegue ao poder, as nomea\u00e7\u00f5es deixar\u00e3o de depender do cart\u00e3o partid\u00e1rio e haver\u00e1 meritocracia; diz que o partido trabalha para normalizar a sua presen\u00e7a nas universidades e usa as redes sociais para falar diretamente com o eleitorado. Promete cortar subs\u00eddios e combater quem n\u00e3o trabalha, destacando apoio a m\u00e3es e v\u00edtimas de viol\u00eancia dom\u00e9stica; pretende conquistar eleitores de v\u00e1rias fa\u00e7\u00f5es e comentou que alguns no PSD n\u00e3o votariam nele se estiverem mais preocupados com a configura\u00e7\u00e3o pol\u00edtica.\" \/>\n<meta property=\"og:url\" content=\"https:\/\/portaltela.pt\/noticias\/2026\/01\/21\/ventura-procura-jovens-de-cotrim\/\" \/>\n<meta property=\"og:site_name\" content=\"Portal Tela Portugal\" \/>\n<meta property=\"article:published_time\" content=\"2026-01-21T23:41:00+00:00\" \/>\n<meta name=\"author\" content=\"Telinha\" \/>\n<meta name=\"twitter:card\" content=\"summary_large_image\" \/>\n<meta name=\"twitter:label1\" content=\"Escrito por\" \/>\n\t<meta name=\"twitter:data1\" content=\"Telinha\" \/>\n\t<meta name=\"twitter:label2\" content=\"Tempo estimado de leitura\" \/>\n\t<meta name=\"twitter:data2\" content=\"2 minutos\" \/>\n<script type=\"application\/ld+json\" class=\"yoast-schema-graph\">{\"@context\":\"https:\/\/schema.org\",\"@graph\":[{\"@type\":\"Article\",\"@id\":\"https:\/\/portaltela.pt\/noticias\/2026\/01\/21\/ventura-procura-jovens-de-cotrim\/#article\",\"isPartOf\":{\"@id\":\"https:\/\/portaltela.pt\/noticias\/2026\/01\/21\/ventura-procura-jovens-de-cotrim\/\"},\"author\":{\"name\":\"Telinha\",\"@id\":\"https:\/\/portaltela.pt\/#\/schema\/person\/c4278d4a6028830caff9ee44b42d32ed\"},\"headline\":\"Ventura procura jovens de Cotrim\",\"datePublished\":\"2026-01-21T23:41:00+00:00\",\"mainEntityOfPage\":{\"@id\":\"https:\/\/portaltela.pt\/noticias\/2026\/01\/21\/ventura-procura-jovens-de-cotrim\/\"},\"wordCount\":371,\"image\":{\"@id\":\"https:\/\/portaltela.pt\/noticias\/2026\/01\/21\/ventura-procura-jovens-de-cotrim\/#primaryimage\"},\"thumbnailUrl\":\"https:\/\/portaltela.pt\/s.01k8rhncp4jt1\/2026\/01\/doc2026012146398665ma-07893.jpg\",\"keywords\":[\"A Iniciativa Liberal\",\"emigra\u00e7\u00e3o\",\"habita\u00e7\u00e3o p\u00fablica\",\"jovens\",\"pol\u00edtica\",\"universidades\"],\"articleSection\":[\"Not\u00edcias\",\"Pol\u00edtica\"],\"inLanguage\":\"pt-PT\"},{\"@type\":\"WebPage\",\"@id\":\"https:\/\/portaltela.pt\/noticias\/2026\/01\/21\/ventura-procura-jovens-de-cotrim\/\",\"url\":\"https:\/\/portaltela.pt\/noticias\/2026\/01\/21\/ventura-procura-jovens-de-cotrim\/\",\"name\":\"Ventura procura jovens de Cotrim - Portal Tela Portugal\",\"isPartOf\":{\"@id\":\"https:\/\/portaltela.pt\/#website\"},\"primaryImageOfPage\":{\"@id\":\"https:\/\/portaltela.pt\/noticias\/2026\/01\/21\/ventura-procura-jovens-de-cotrim\/#primaryimage\"},\"image\":{\"@id\":\"https:\/\/portaltela.pt\/noticias\/2026\/01\/21\/ventura-procura-jovens-de-cotrim\/#primaryimage\"},\"thumbnailUrl\":\"https:\/\/portaltela.pt\/s.01k8rhncp4jt1\/2026\/01\/doc2026012146398665ma-07893.jpg\",\"datePublished\":\"2026-01-21T23:41:00+00:00\",\"author\":{\"@id\":\"https:\/\/portaltela.pt\/#\/schema\/person\/c4278d4a6028830caff9ee44b42d32ed\"},\"breadcrumb\":{\"@id\":\"https:\/\/portaltela.pt\/noticias\/2026\/01\/21\/ventura-procura-jovens-de-cotrim\/#breadcrumb\"},\"inLanguage\":\"pt-PT\",\"potentialAction\":[{\"@type\":\"ReadAction\",\"target\":[\"https:\/\/portaltela.pt\/noticias\/2026\/01\/21\/ventura-procura-jovens-de-cotrim\/\"]}]},{\"@type\":\"ImageObject\",\"inLanguage\":\"pt-PT\",\"@id\":\"https:\/\/portaltela.pt\/noticias\/2026\/01\/21\/ventura-procura-jovens-de-cotrim\/#primaryimage\",\"url\":\"https:\/\/portaltela.pt\/s.01k8rhncp4jt1\/2026\/01\/doc2026012146398665ma-07893.jpg\",\"contentUrl\":\"https:\/\/portaltela.pt\/s.01k8rhncp4jt1\/2026\/01\/doc2026012146398665ma-07893.jpg\",\"width\":796,\"height\":448,\"caption\":\"Photo\"},{\"@type\":\"BreadcrumbList\",\"@id\":\"https:\/\/portaltela.pt\/noticias\/2026\/01\/21\/ventura-procura-jovens-de-cotrim\/#breadcrumb\",\"itemListElement\":[{\"@type\":\"ListItem\",\"position\":1,\"name\":\"In\u00edcio\",\"item\":\"https:\/\/portaltela.pt\/\"},{\"@type\":\"ListItem\",\"position\":2,\"name\":\"Ventura procura jovens de Cotrim\"}]},{\"@type\":\"WebSite\",\"@id\":\"https:\/\/portaltela.pt\/#website\",\"url\":\"https:\/\/portaltela.pt\/\",\"name\":\"Portal Tela Portugal\",\"description\":\"\",\"potentialAction\":[{\"@type\":\"SearchAction\",\"target\":{\"@type\":\"EntryPoint\",\"urlTemplate\":\"https:\/\/portaltela.pt\/?s={search_term_string}\"},\"query-input\":{\"@type\":\"PropertyValueSpecification\",\"valueRequired\":true,\"valueName\":\"search_term_string\"}}],\"inLanguage\":\"pt-PT\"},{\"@type\":\"Person\",\"@id\":\"https:\/\/portaltela.pt\/#\/schema\/person\/c4278d4a6028830caff9ee44b42d32ed\",\"name\":\"Telinha\",\"image\":{\"@type\":\"ImageObject\",\"inLanguage\":\"pt-PT\",\"@id\":\"https:\/\/portaltela.pt\/s.01k8rhncp4jt1\/2025\/11\/talking-bot-125x125.png\",\"url\":\"https:\/\/portaltela.pt\/s.01k8rhncp4jt1\/2025\/11\/talking-bot-125x125.png\",\"contentUrl\":\"https:\/\/portaltela.pt\/s.01k8rhncp4jt1\/2025\/11\/talking-bot-125x125.png\",\"caption\":\"Telinha\"},\"sameAs\":[\"https:\/\/portaltela.pt\/\"],\"url\":\"https:\/\/portaltela.pt\/por\/367410592786\/\"}]}<\/script>\n<!-- \/ Yoast SEO plugin. -->","yoast_head_json":{"title":"Ventura procura jovens de Cotrim - Portal Tela Portugal","robots":{"index":"index","follow":"follow","max-snippet":"max-snippet:-1","max-image-preview":"max-image-preview:large","max-video-preview":"max-video-preview:-1"},"og_locale":"pt_PT","og_type":"article","og_title":"Ventura procura jovens de Cotrim - Portal Tela Portugal","og_description":"Ventura afirma que a grande luta hoje \u00e9 entre socialismo e liberdade, destacando a emigra\u00e7\u00e3o: uma jovem rec\u00e9m-formada em Jornalismo alertou para falta de oportunidades; pediu paci\u00eancia para n\u00e3o emigrar e disse que a miss\u00e3o s\u00f3 termina quando voltarem todos os que precisam sair. O l\u00edder do Chega defende que o futuro passa por manter os jovens no pa\u00eds, libertar as empresas para pagar sal\u00e1rios mais altos e lembra apoios j\u00e1 existentes, como o IRS Jovem, a Descida do IRS e a Habita\u00e7\u00e3o Jovem. Reagiu a uma estudante de Direito que o acusou de populismo, garantindo que o Chega n\u00e3o ir\u00e1 perseguir quem pensa diferente. Afirmou que, caso chegue ao poder, as nomea\u00e7\u00f5es deixar\u00e3o de depender do cart\u00e3o partid\u00e1rio e haver\u00e1 meritocracia; diz que o partido trabalha para normalizar a sua presen\u00e7a nas universidades e usa as redes sociais para falar diretamente com o eleitorado. Promete cortar subs\u00eddios e combater quem n\u00e3o trabalha, destacando apoio a m\u00e3es e v\u00edtimas de viol\u00eancia dom\u00e9stica; pretende conquistar eleitores de v\u00e1rias fa\u00e7\u00f5es e comentou que alguns no PSD n\u00e3o votariam nele se estiverem mais preocupados com a configura\u00e7\u00e3o pol\u00edtica.","og_url":"https:\/\/portaltela.pt\/noticias\/2026\/01\/21\/ventura-procura-jovens-de-cotrim\/","og_site_name":"Portal Tela Portugal","article_published_time":"2026-01-21T23:41:00+00:00","author":"Telinha","twitter_card":"summary_large_image","twitter_misc":{"Escrito por":"Telinha","Tempo estimado de leitura":"2 minutos"},"schema":{"@context":"https:\/\/schema.org","@graph":[{"@type":"Article","@id":"https:\/\/portaltela.pt\/noticias\/2026\/01\/21\/ventura-procura-jovens-de-cotrim\/#article","isPartOf":{"@id":"https:\/\/portaltela.pt\/noticias\/2026\/01\/21\/ventura-procura-jovens-de-cotrim\/"},"author":{"name":"Telinha","@id":"https:\/\/portaltela.pt\/#\/schema\/person\/c4278d4a6028830caff9ee44b42d32ed"},"headline":"Ventura procura jovens de Cotrim","datePublished":"2026-01-21T23:41:00+00:00","mainEntityOfPage":{"@id":"https:\/\/portaltela.pt\/noticias\/2026\/01\/21\/ventura-procura-jovens-de-cotrim\/"},"wordCount":371,"image":{"@id":"https:\/\/portaltela.pt\/noticias\/2026\/01\/21\/ventura-procura-jovens-de-cotrim\/#primaryimage"},"thumbnailUrl":"https:\/\/portaltela.pt\/s.01k8rhncp4jt1\/2026\/01\/doc2026012146398665ma-07893.jpg","keywords":["A Iniciativa Liberal","emigra\u00e7\u00e3o","habita\u00e7\u00e3o p\u00fablica","jovens","pol\u00edtica","universidades"],"articleSection":["Not\u00edcias","Pol\u00edtica"],"inLanguage":"pt-PT"},{"@type":"WebPage","@id":"https:\/\/portaltela.pt\/noticias\/2026\/01\/21\/ventura-procura-jovens-de-cotrim\/","url":"https:\/\/portaltela.pt\/noticias\/2026\/01\/21\/ventura-procura-jovens-de-cotrim\/","name":"Ventura procura jovens de Cotrim - Portal Tela Portugal","isPartOf":{"@id":"https:\/\/portaltela.pt\/#website"},"primaryImageOfPage":{"@id":"https:\/\/portaltela.pt\/noticias\/2026\/01\/21\/ventura-procura-jovens-de-cotrim\/#primaryimage"},"image":{"@id":"https:\/\/portaltela.pt\/noticias\/2026\/01\/21\/ventura-procura-jovens-de-cotrim\/#primaryimage"},"thumbnailUrl":"https:\/\/portaltela.pt\/s.01k8rhncp4jt1\/2026\/01\/doc2026012146398665ma-07893.jpg","datePublished":"2026-01-21T23:41:00+00:00","author":{"@id":"https:\/\/portaltela.pt\/#\/schema\/person\/c4278d4a6028830caff9ee44b42d32ed"},"breadcrumb":{"@id":"https:\/\/portaltela.pt\/noticias\/2026\/01\/21\/ventura-procura-jovens-de-cotrim\/#breadcrumb"},"inLanguage":"pt-PT","potentialAction":[{"@type":"ReadAction","target":["https:\/\/portaltela.pt\/noticias\/2026\/01\/21\/ventura-procura-jovens-de-cotrim\/"]}]},{"@type":"ImageObject","inLanguage":"pt-PT","@id":"https:\/\/portaltela.pt\/noticias\/2026\/01\/21\/ventura-procura-jovens-de-cotrim\/#primaryimage","url":"https:\/\/portaltela.pt\/s.01k8rhncp4jt1\/2026\/01\/doc2026012146398665ma-07893.jpg","contentUrl":"https:\/\/portaltela.pt\/s.01k8rhncp4jt1\/2026\/01\/doc2026012146398665ma-07893.jpg","width":796,"height":448,"caption":"Photo"},{"@type":"BreadcrumbList","@id":"https:\/\/portaltela.pt\/noticias\/2026\/01\/21\/ventura-procura-jovens-de-cotrim\/#breadcrumb","itemListElement":[{"@type":"ListItem","position":1,"name":"In\u00edcio","item":"https:\/\/portaltela.pt\/"},{"@type":"ListItem","position":2,"name":"Ventura procura jovens de Cotrim"}]},{"@type":"WebSite","@id":"https:\/\/portaltela.pt\/#website","url":"https:\/\/portaltela.pt\/","name":"Portal Tela Portugal","description":"","potentialAction":[{"@type":"SearchAction","target":{"@type":"EntryPoint","urlTemplate":"https:\/\/portaltela.pt\/?s={search_term_string}"},"query-input":{"@type":"PropertyValueSpecification","valueRequired":true,"valueName":"search_term_string"}}],"inLanguage":"pt-PT"},{"@type":"Person","@id":"https:\/\/portaltela.pt\/#\/schema\/person\/c4278d4a6028830caff9ee44b42d32ed","name":"Telinha","image":{"@type":"ImageObject","inLanguage":"pt-PT","@id":"https:\/\/portaltela.pt\/s.01k8rhncp4jt1\/2025\/11\/talking-bot-125x125.png","url":"https:\/\/portaltela.pt\/s.01k8rhncp4jt1\/2025\/11\/talking-bot-125x125.png","contentUrl":"https:\/\/portaltela.pt\/s.01k8rhncp4jt1\/2025\/11\/talking-bot-125x125.png","caption":"Telinha"},"sameAs":["https:\/\/portaltela.pt\/"],"url":"https:\/\/portaltela.pt\/por\/367410592786\/"}]}},"_links":{"self":[{"href":"https:\/\/portaltela.pt\/api\/wp\/v2\/posts\/161911","targetHints":{"allow":["GET"]}}],"collection":[{"href":"https:\/\/portaltela.pt\/api\/wp\/v2\/posts"}],"about":[{"href":"https:\/\/portaltela.pt\/api\/wp\/v2\/types\/post"}],"author":[{"embeddable":true,"href":"https:\/\/portaltela.pt\/api\/wp\/v2\/users\/2"}],"replies":[{"embeddable":true,"href":"https:\/\/portaltela.pt\/api\/wp\/v2\/comments?post=161911"}],"version-history":[{"count":0,"href":"https:\/\/portaltela.pt\/api\/wp\/v2\/posts\/161911\/revisions"}],"wp:featuredmedia":[{"embeddable":true,"href":"https:\/\/portaltela.pt\/api\/wp\/v2\/media\/161914"}],"wp:attachment":[{"href":"https:\/\/portaltela.pt\/api\/wp\/v2\/media?parent=161911"}],"wp:term":[{"taxonomy":"category","embeddable":true,"href":"https:\/\/portaltela.pt\/api\/wp\/v2\/categories?post=161911"},{"taxonomy":"post_tag","embeddable":true,"href":"https:\/\/portaltela.pt\/api\/wp\/v2\/tags?post=161911"}],"curies":[{"name":"wp","href":"https:\/\/api.w.org\/{rel}","templated":true}]}}