{"id":161355,"date":"2026-01-21T18:09:00","date_gmt":"2026-01-21T21:09:00","guid":{"rendered":"https:\/\/portaltela.pt\/noticias\/2026\/01\/21\/sporting-dispensa-st-juste-e-braga-oficializa-reforco\/"},"modified":"2026-01-21T18:09:00","modified_gmt":"2026-01-21T21:09:00","slug":"sporting-dispensa-st-juste-e-braga-oficializa-reforco","status":"publish","type":"post","link":"https:\/\/portaltela.pt\/desporto\/futebol\/2026\/01\/21\/sporting-dispensa-st-juste-e-braga-oficializa-reforco\/","title":{"rendered":"Sporting dispensa St. Juste e Braga oficializa refor\u00e7o"},"content":{"rendered":"<p>O Sporting encerrou o v\u00ednculo com o central St. Juste, que rescindiu o contrato com o clube de Alvalade at\u00e9 ao final da temporada. O defesa neerland\u00eas dever\u00e1 regressar ao Feyenoord, no seu pa\u00eds, ap\u00f3s n\u00e3o entrar nos planos do treinador Rui Borges desde o ver\u00e3o anterior. Em contrapartida, o Sporting oficializou a contrata\u00e7\u00e3o do extremo Faye, ex-Granada, com contrato at\u00e9 2030 e uma cl\u00e1usula de rescis\u00e3o de 80 milh\u00f5es de euros.<\/p>\n<p>Na mesma janela de transfer\u00eancias, o Braga assinou com o m\u00e9dio Tiknaz, de 21 anos, at\u00e9 2030. O acordo com o Besiktas envolve 7 milh\u00f5es de euros, mais 500 mil em objetivos, e uma cl\u00e1usula de 40 milh\u00f5es. O Besiktas mant\u00e9m 20% da mais-valia de uma futura transfer\u00eancia.<\/p>\n<h3>Sporting<\/h3>\n<p>St. Juste n\u00e3o \u00e9 mais jogador do Sporting ap\u00f3s rescis\u00e3o. O defesa central dever\u00e1 regressar aos Pa\u00edses Baixos para representar o Feyenoord. A sa\u00edda acontece sem desfecho para retorno imediato ao plantel.<\/p>\n<h3>Braga<\/h3>\n<p>Tiknaz chega ao Braga como refor\u00e7o de inverno. Assina por cinco temporadas, com condi\u00e7\u00e3o de 40 milh\u00f5es na cl\u00e1usula de rescis\u00e3o. O Besiktas recebe 7 milh\u00f5es fixos, mais 500 mil por objetivos.<\/p>\n<h3>Benfica<\/h3>\n<p>Rafa Silva j\u00e1 est\u00e1 em Lisboa para o regresso ao Benfica, mas ainda h\u00e1 ajustes no contrato. A oficializa\u00e7\u00e3o da transfer\u00eancia do Besiktas para a Luz est\u00e1 prevista para quinta-feira.<\/p>\n<h3>Alverca<\/h3>\n<p>Alverca aproxima-se da resolu\u00e7\u00e3o da proibi\u00e7\u00e3o de inscri\u00e7\u00e3o de jogadores imposta pela FIFA. O clube j\u00e1 pagou a d\u00edvida ao Atl\u00e9tico Mineiro pela contrata\u00e7\u00e3o de Matheus Mendes.<\/p>\n<h3>Estrela da Amadora<\/h3>\n<p>Kikas deixou o Estrela da Amadora para o Eupen, da B\u00e9lgica. Hamulic, do Toulouse, foi apontado como hip\u00f3tese, mas a transfer\u00eancia n\u00e3o se concretizou.<\/p>\n<h3>Bournemouth<\/h3>\n<p>Rayan, atacante brasileiro de 19 anos, vai para a Premier League. A transfer\u00eancia dever\u00e1 custar cerca de 35 milh\u00f5es de euros ao Bournemouth, sem confirmar ainda a situa\u00e7\u00e3o de outros ativos no clube.<\/p>\n<h3>Marselha<\/h3>\n<p>Ethan Nwaneri, de 19 anos, pode mudar-se para o Marselha em regime de empr\u00e9stimo junto do Arsenal. A ced\u00eancia n\u00e3o inclui op\u00e7\u00e3o de compra e dever\u00e1 manter-se at\u00e9 ao fim da temporada.<\/p>\n","protected":false},"excerpt":{"rendered":"<ul>\n<li>Sporting dispensa o central neerland\u00eas St. Juste, que dever\u00e1 regressar ao Feyenoord; o clube oficializou a contrata\u00e7\u00e3o do extremo Faye at\u00e9 2030, com cl\u00e1usula de rescis\u00e3o de 80 milh\u00f5es de euros.<\/li>\n<li>Braga anuncia Tiknaz, m\u00e9dio de 21 anos, como refor\u00e7o de inverno at\u00e9 2030; a opera\u00e7\u00e3o envolve sete milh\u00f5es de euros mais 500 mil em objetivos, com cl\u00e1usula de rescis\u00e3o de 40 milh\u00f5es e 20% da mais-valia para o Besiktas.<\/li>\n<li>Benfica sinaliza o regresso de Rafa Silva a Lisboa; a assinatura do contrato e a oficializa\u00e7\u00e3o da transfer\u00eancia do Besiktas para a Luz devem ocorrer na quinta-feira.<\/li>\n<li>Alverca avan\u00e7a para resolver a proibi\u00e7\u00e3o de inscri\u00e7\u00e3o de jogadores da FIFA, ap\u00f3s j\u00e1 ter pago a d\u00edvida ao Atl\u00e9tico Mineiro pela contrata\u00e7\u00e3o de Matheus Mendes.<\/li>\n<li>Estrela da Amadora continua a procurar um ponta de lan\u00e7a para substituir Kikas; Hamulic, apontado anteriormente, n\u00e3o dever\u00e1 transferir-se.<\/li>\n<\/ul>\n","protected":false},"author":2,"featured_media":161388,"comment_status":"closed","ping_status":"closed","sticky":false,"template":"","format":"standard","meta":{"footnotes":""},"categories":[21,24],"tags":[1946,3747,1207,32,1771,1652],"class_list":["post-161355","post","type-post","status-publish","format-standard","has-post-thumbnail","hentry","category-desporto","category-futebol","tag-benfica","tag-besiktas","tag-braga","tag-futebol","tag-marselha","tag-sporting"],"yoast_head":"<!-- This site is optimized with the Yoast SEO plugin v27.2 - https:\/\/yoast.com\/product\/yoast-seo-wordpress\/ -->\n<title>Sporting dispensa St. Juste e Braga oficializa refor\u00e7o - Portal Tela Portugal<\/title>\n<meta name=\"robots\" content=\"index, follow, max-snippet:-1, max-image-preview:large, max-video-preview:-1\" \/>\n<meta property=\"og:locale\" content=\"pt_PT\" \/>\n<meta property=\"og:type\" content=\"article\" \/>\n<meta property=\"og:title\" content=\"Sporting dispensa St. Juste e Braga oficializa refor\u00e7o - Portal Tela Portugal\" \/>\n<meta property=\"og:description\" content=\"Sporting dispensa o central neerland\u00eas St. Juste, que dever\u00e1 regressar ao Feyenoord; o clube oficializou a contrata\u00e7\u00e3o do extremo Faye at\u00e9 2030, com cl\u00e1usula de rescis\u00e3o de 80 milh\u00f5es de euros. Braga anuncia Tiknaz, m\u00e9dio de 21 anos, como refor\u00e7o de inverno at\u00e9 2030; a opera\u00e7\u00e3o envolve sete milh\u00f5es de euros mais 500 mil em objetivos, com cl\u00e1usula de rescis\u00e3o de 40 milh\u00f5es e 20% da mais-valia para o Besiktas. Benfica sinaliza o regresso de Rafa Silva a Lisboa; a assinatura do contrato e a oficializa\u00e7\u00e3o da transfer\u00eancia do Besiktas para a Luz devem ocorrer na quinta-feira. Alverca avan\u00e7a para resolver a proibi\u00e7\u00e3o de inscri\u00e7\u00e3o de jogadores da FIFA, ap\u00f3s j\u00e1 ter pago a d\u00edvida ao Atl\u00e9tico Mineiro pela contrata\u00e7\u00e3o de Matheus Mendes. Estrela da Amadora continua a procurar um ponta de lan\u00e7a para substituir Kikas; Hamulic, apontado anteriormente, n\u00e3o dever\u00e1 transferir-se.\" \/>\n<meta property=\"og:url\" content=\"https:\/\/portaltela.pt\/noticias\/2026\/01\/21\/sporting-dispensa-st-juste-e-braga-oficializa-reforco\/\" \/>\n<meta property=\"og:site_name\" content=\"Portal Tela Portugal\" \/>\n<meta property=\"article:published_time\" content=\"2026-01-21T21:09:00+00:00\" \/>\n<meta name=\"author\" content=\"Telinha\" \/>\n<meta name=\"twitter:card\" content=\"summary_large_image\" \/>\n<meta name=\"twitter:label1\" content=\"Escrito por\" \/>\n\t<meta name=\"twitter:data1\" content=\"Telinha\" \/>\n\t<meta name=\"twitter:label2\" content=\"Tempo estimado de leitura\" \/>\n\t<meta name=\"twitter:data2\" content=\"2 minutos\" \/>\n<script type=\"application\/ld+json\" class=\"yoast-schema-graph\">{\"@context\":\"https:\/\/schema.org\",\"@graph\":[{\"@type\":\"Article\",\"@id\":\"https:\/\/portaltela.pt\/noticias\/2026\/01\/21\/sporting-dispensa-st-juste-e-braga-oficializa-reforco\/#article\",\"isPartOf\":{\"@id\":\"https:\/\/portaltela.pt\/noticias\/2026\/01\/21\/sporting-dispensa-st-juste-e-braga-oficializa-reforco\/\"},\"author\":{\"name\":\"Telinha\",\"@id\":\"https:\/\/portaltela.pt\/#\/schema\/person\/c4278d4a6028830caff9ee44b42d32ed\"},\"headline\":\"Sporting dispensa St. Juste e Braga oficializa refor\u00e7o\",\"datePublished\":\"2026-01-21T21:09:00+00:00\",\"mainEntityOfPage\":{\"@id\":\"https:\/\/portaltela.pt\/noticias\/2026\/01\/21\/sporting-dispensa-st-juste-e-braga-oficializa-reforco\/\"},\"wordCount\":380,\"image\":{\"@id\":\"https:\/\/portaltela.pt\/noticias\/2026\/01\/21\/sporting-dispensa-st-juste-e-braga-oficializa-reforco\/#primaryimage\"},\"thumbnailUrl\":\"https:\/\/portaltela.pt\/s.01k8rhncp4jt1\/2026\/01\/image-1375.jpg\",\"keywords\":[\"Benfica\",\"Besiktas\",\"Braga\",\"futebol\",\"Marselha\",\"Sporting\"],\"articleSection\":[\"Desporto\",\"Futebol\"],\"inLanguage\":\"pt-PT\"},{\"@type\":\"WebPage\",\"@id\":\"https:\/\/portaltela.pt\/noticias\/2026\/01\/21\/sporting-dispensa-st-juste-e-braga-oficializa-reforco\/\",\"url\":\"https:\/\/portaltela.pt\/noticias\/2026\/01\/21\/sporting-dispensa-st-juste-e-braga-oficializa-reforco\/\",\"name\":\"Sporting dispensa St. Juste e Braga oficializa refor\u00e7o - Portal Tela Portugal\",\"isPartOf\":{\"@id\":\"https:\/\/portaltela.pt\/#website\"},\"primaryImageOfPage\":{\"@id\":\"https:\/\/portaltela.pt\/noticias\/2026\/01\/21\/sporting-dispensa-st-juste-e-braga-oficializa-reforco\/#primaryimage\"},\"image\":{\"@id\":\"https:\/\/portaltela.pt\/noticias\/2026\/01\/21\/sporting-dispensa-st-juste-e-braga-oficializa-reforco\/#primaryimage\"},\"thumbnailUrl\":\"https:\/\/portaltela.pt\/s.01k8rhncp4jt1\/2026\/01\/image-1375.jpg\",\"datePublished\":\"2026-01-21T21:09:00+00:00\",\"author\":{\"@id\":\"https:\/\/portaltela.pt\/#\/schema\/person\/c4278d4a6028830caff9ee44b42d32ed\"},\"breadcrumb\":{\"@id\":\"https:\/\/portaltela.pt\/noticias\/2026\/01\/21\/sporting-dispensa-st-juste-e-braga-oficializa-reforco\/#breadcrumb\"},\"inLanguage\":\"pt-PT\",\"potentialAction\":[{\"@type\":\"ReadAction\",\"target\":[\"https:\/\/portaltela.pt\/noticias\/2026\/01\/21\/sporting-dispensa-st-juste-e-braga-oficializa-reforco\/\"]}]},{\"@type\":\"ImageObject\",\"inLanguage\":\"pt-PT\",\"@id\":\"https:\/\/portaltela.pt\/noticias\/2026\/01\/21\/sporting-dispensa-st-juste-e-braga-oficializa-reforco\/#primaryimage\",\"url\":\"https:\/\/portaltela.pt\/s.01k8rhncp4jt1\/2026\/01\/image-1375.jpg\",\"contentUrl\":\"https:\/\/portaltela.pt\/s.01k8rhncp4jt1\/2026\/01\/image-1375.jpg\",\"width\":796,\"height\":448,\"caption\":\"St. Juste foi campe\u00e3o pelo Sporting nas duas \u00faltimas \u00e9pocas, mas na atual deixou de ser op\u00e7\u00e3o\"},{\"@type\":\"BreadcrumbList\",\"@id\":\"https:\/\/portaltela.pt\/noticias\/2026\/01\/21\/sporting-dispensa-st-juste-e-braga-oficializa-reforco\/#breadcrumb\",\"itemListElement\":[{\"@type\":\"ListItem\",\"position\":1,\"name\":\"In\u00edcio\",\"item\":\"https:\/\/portaltela.pt\/\"},{\"@type\":\"ListItem\",\"position\":2,\"name\":\"Sporting dispensa St. Juste e Braga oficializa refor\u00e7o\"}]},{\"@type\":\"WebSite\",\"@id\":\"https:\/\/portaltela.pt\/#website\",\"url\":\"https:\/\/portaltela.pt\/\",\"name\":\"Portal Tela Portugal\",\"description\":\"\",\"potentialAction\":[{\"@type\":\"SearchAction\",\"target\":{\"@type\":\"EntryPoint\",\"urlTemplate\":\"https:\/\/portaltela.pt\/?s={search_term_string}\"},\"query-input\":{\"@type\":\"PropertyValueSpecification\",\"valueRequired\":true,\"valueName\":\"search_term_string\"}}],\"inLanguage\":\"pt-PT\"},{\"@type\":\"Person\",\"@id\":\"https:\/\/portaltela.pt\/#\/schema\/person\/c4278d4a6028830caff9ee44b42d32ed\",\"name\":\"Telinha\",\"image\":{\"@type\":\"ImageObject\",\"inLanguage\":\"pt-PT\",\"@id\":\"https:\/\/portaltela.pt\/s.01k8rhncp4jt1\/2025\/11\/talking-bot-125x125.png\",\"url\":\"https:\/\/portaltela.pt\/s.01k8rhncp4jt1\/2025\/11\/talking-bot-125x125.png\",\"contentUrl\":\"https:\/\/portaltela.pt\/s.01k8rhncp4jt1\/2025\/11\/talking-bot-125x125.png\",\"caption\":\"Telinha\"},\"sameAs\":[\"https:\/\/portaltela.pt\/\"],\"url\":\"https:\/\/portaltela.pt\/por\/367410592786\/\"}]}<\/script>\n<!-- \/ Yoast SEO plugin. -->","yoast_head_json":{"title":"Sporting dispensa St. Juste e Braga oficializa refor\u00e7o - Portal Tela Portugal","robots":{"index":"index","follow":"follow","max-snippet":"max-snippet:-1","max-image-preview":"max-image-preview:large","max-video-preview":"max-video-preview:-1"},"og_locale":"pt_PT","og_type":"article","og_title":"Sporting dispensa St. Juste e Braga oficializa refor\u00e7o - Portal Tela Portugal","og_description":"Sporting dispensa o central neerland\u00eas St. Juste, que dever\u00e1 regressar ao Feyenoord; o clube oficializou a contrata\u00e7\u00e3o do extremo Faye at\u00e9 2030, com cl\u00e1usula de rescis\u00e3o de 80 milh\u00f5es de euros. Braga anuncia Tiknaz, m\u00e9dio de 21 anos, como refor\u00e7o de inverno at\u00e9 2030; a opera\u00e7\u00e3o envolve sete milh\u00f5es de euros mais 500 mil em objetivos, com cl\u00e1usula de rescis\u00e3o de 40 milh\u00f5es e 20% da mais-valia para o Besiktas. Benfica sinaliza o regresso de Rafa Silva a Lisboa; a assinatura do contrato e a oficializa\u00e7\u00e3o da transfer\u00eancia do Besiktas para a Luz devem ocorrer na quinta-feira. Alverca avan\u00e7a para resolver a proibi\u00e7\u00e3o de inscri\u00e7\u00e3o de jogadores da FIFA, ap\u00f3s j\u00e1 ter pago a d\u00edvida ao Atl\u00e9tico Mineiro pela contrata\u00e7\u00e3o de Matheus Mendes. Estrela da Amadora continua a procurar um ponta de lan\u00e7a para substituir Kikas; Hamulic, apontado anteriormente, n\u00e3o dever\u00e1 transferir-se.","og_url":"https:\/\/portaltela.pt\/noticias\/2026\/01\/21\/sporting-dispensa-st-juste-e-braga-oficializa-reforco\/","og_site_name":"Portal Tela Portugal","article_published_time":"2026-01-21T21:09:00+00:00","author":"Telinha","twitter_card":"summary_large_image","twitter_misc":{"Escrito por":"Telinha","Tempo estimado de leitura":"2 minutos"},"schema":{"@context":"https:\/\/schema.org","@graph":[{"@type":"Article","@id":"https:\/\/portaltela.pt\/noticias\/2026\/01\/21\/sporting-dispensa-st-juste-e-braga-oficializa-reforco\/#article","isPartOf":{"@id":"https:\/\/portaltela.pt\/noticias\/2026\/01\/21\/sporting-dispensa-st-juste-e-braga-oficializa-reforco\/"},"author":{"name":"Telinha","@id":"https:\/\/portaltela.pt\/#\/schema\/person\/c4278d4a6028830caff9ee44b42d32ed"},"headline":"Sporting dispensa St. Juste e Braga oficializa refor\u00e7o","datePublished":"2026-01-21T21:09:00+00:00","mainEntityOfPage":{"@id":"https:\/\/portaltela.pt\/noticias\/2026\/01\/21\/sporting-dispensa-st-juste-e-braga-oficializa-reforco\/"},"wordCount":380,"image":{"@id":"https:\/\/portaltela.pt\/noticias\/2026\/01\/21\/sporting-dispensa-st-juste-e-braga-oficializa-reforco\/#primaryimage"},"thumbnailUrl":"https:\/\/portaltela.pt\/s.01k8rhncp4jt1\/2026\/01\/image-1375.jpg","keywords":["Benfica","Besiktas","Braga","futebol","Marselha","Sporting"],"articleSection":["Desporto","Futebol"],"inLanguage":"pt-PT"},{"@type":"WebPage","@id":"https:\/\/portaltela.pt\/noticias\/2026\/01\/21\/sporting-dispensa-st-juste-e-braga-oficializa-reforco\/","url":"https:\/\/portaltela.pt\/noticias\/2026\/01\/21\/sporting-dispensa-st-juste-e-braga-oficializa-reforco\/","name":"Sporting dispensa St. Juste e Braga oficializa refor\u00e7o - Portal Tela Portugal","isPartOf":{"@id":"https:\/\/portaltela.pt\/#website"},"primaryImageOfPage":{"@id":"https:\/\/portaltela.pt\/noticias\/2026\/01\/21\/sporting-dispensa-st-juste-e-braga-oficializa-reforco\/#primaryimage"},"image":{"@id":"https:\/\/portaltela.pt\/noticias\/2026\/01\/21\/sporting-dispensa-st-juste-e-braga-oficializa-reforco\/#primaryimage"},"thumbnailUrl":"https:\/\/portaltela.pt\/s.01k8rhncp4jt1\/2026\/01\/image-1375.jpg","datePublished":"2026-01-21T21:09:00+00:00","author":{"@id":"https:\/\/portaltela.pt\/#\/schema\/person\/c4278d4a6028830caff9ee44b42d32ed"},"breadcrumb":{"@id":"https:\/\/portaltela.pt\/noticias\/2026\/01\/21\/sporting-dispensa-st-juste-e-braga-oficializa-reforco\/#breadcrumb"},"inLanguage":"pt-PT","potentialAction":[{"@type":"ReadAction","target":["https:\/\/portaltela.pt\/noticias\/2026\/01\/21\/sporting-dispensa-st-juste-e-braga-oficializa-reforco\/"]}]},{"@type":"ImageObject","inLanguage":"pt-PT","@id":"https:\/\/portaltela.pt\/noticias\/2026\/01\/21\/sporting-dispensa-st-juste-e-braga-oficializa-reforco\/#primaryimage","url":"https:\/\/portaltela.pt\/s.01k8rhncp4jt1\/2026\/01\/image-1375.jpg","contentUrl":"https:\/\/portaltela.pt\/s.01k8rhncp4jt1\/2026\/01\/image-1375.jpg","width":796,"height":448,"caption":"St. Juste foi campe\u00e3o pelo Sporting nas duas \u00faltimas \u00e9pocas, mas na atual deixou de ser op\u00e7\u00e3o"},{"@type":"BreadcrumbList","@id":"https:\/\/portaltela.pt\/noticias\/2026\/01\/21\/sporting-dispensa-st-juste-e-braga-oficializa-reforco\/#breadcrumb","itemListElement":[{"@type":"ListItem","position":1,"name":"In\u00edcio","item":"https:\/\/portaltela.pt\/"},{"@type":"ListItem","position":2,"name":"Sporting dispensa St. Juste e Braga oficializa refor\u00e7o"}]},{"@type":"WebSite","@id":"https:\/\/portaltela.pt\/#website","url":"https:\/\/portaltela.pt\/","name":"Portal Tela Portugal","description":"","potentialAction":[{"@type":"SearchAction","target":{"@type":"EntryPoint","urlTemplate":"https:\/\/portaltela.pt\/?s={search_term_string}"},"query-input":{"@type":"PropertyValueSpecification","valueRequired":true,"valueName":"search_term_string"}}],"inLanguage":"pt-PT"},{"@type":"Person","@id":"https:\/\/portaltela.pt\/#\/schema\/person\/c4278d4a6028830caff9ee44b42d32ed","name":"Telinha","image":{"@type":"ImageObject","inLanguage":"pt-PT","@id":"https:\/\/portaltela.pt\/s.01k8rhncp4jt1\/2025\/11\/talking-bot-125x125.png","url":"https:\/\/portaltela.pt\/s.01k8rhncp4jt1\/2025\/11\/talking-bot-125x125.png","contentUrl":"https:\/\/portaltela.pt\/s.01k8rhncp4jt1\/2025\/11\/talking-bot-125x125.png","caption":"Telinha"},"sameAs":["https:\/\/portaltela.pt\/"],"url":"https:\/\/portaltela.pt\/por\/367410592786\/"}]}},"_links":{"self":[{"href":"https:\/\/portaltela.pt\/api\/wp\/v2\/posts\/161355","targetHints":{"allow":["GET"]}}],"collection":[{"href":"https:\/\/portaltela.pt\/api\/wp\/v2\/posts"}],"about":[{"href":"https:\/\/portaltela.pt\/api\/wp\/v2\/types\/post"}],"author":[{"embeddable":true,"href":"https:\/\/portaltela.pt\/api\/wp\/v2\/users\/2"}],"replies":[{"embeddable":true,"href":"https:\/\/portaltela.pt\/api\/wp\/v2\/comments?post=161355"}],"version-history":[{"count":0,"href":"https:\/\/portaltela.pt\/api\/wp\/v2\/posts\/161355\/revisions"}],"wp:featuredmedia":[{"embeddable":true,"href":"https:\/\/portaltela.pt\/api\/wp\/v2\/media\/161388"}],"wp:attachment":[{"href":"https:\/\/portaltela.pt\/api\/wp\/v2\/media?parent=161355"}],"wp:term":[{"taxonomy":"category","embeddable":true,"href":"https:\/\/portaltela.pt\/api\/wp\/v2\/categories?post=161355"},{"taxonomy":"post_tag","embeddable":true,"href":"https:\/\/portaltela.pt\/api\/wp\/v2\/tags?post=161355"}],"curies":[{"name":"wp","href":"https:\/\/api.w.org\/{rel}","templated":true}]}}