{"id":161318,"date":"2026-01-21T15:43:00","date_gmt":"2026-01-21T18:43:00","guid":{"rendered":"https:\/\/portaltela.pt\/noticias\/2026\/01\/21\/lesao-de-richard-rios-pode-obrigar-paragem-mais-prolongada\/"},"modified":"2026-01-21T15:43:00","modified_gmt":"2026-01-21T18:43:00","slug":"lesao-de-richard-rios-pode-obrigar-paragem-mais-prolongada","status":"publish","type":"post","link":"https:\/\/portaltela.pt\/desporto\/futebol\/2026\/01\/21\/lesao-de-richard-rios-pode-obrigar-paragem-mais-prolongada\/","title":{"rendered":"Les\u00e3o de Richard R\u00edos pode obrigar paragem mais prolongada"},"content":{"rendered":"<p>O m\u00e9dio Richard R\u00edos pode ficar afastado da competi\u00e7\u00e3o cerca de um m\u00eas ap\u00f3s uma luxa\u00e7\u00e3o traum\u00e1tica do ombro direito sofrida no Drag\u00e3o, a 14. O Benfica n\u00e3o confirmou o tempo de recupera\u00e7\u00e3o. O t\u00e9cnico Jos\u00e9 Mourinho indicou que o internacional colombiano perderia os tr\u00eas jogos seguintes (Rio Ave, Juventus e E. Amadora), insinuando possibilidade de regresso frente ao Real Madrid a 28.<\/p>\n<p>Agora, o selecionador da Col\u00f4mbia, N\u00e9stor Lorenzo, atualizou o estado f\u00edsico do jogador, apontando para uma aus\u00eancia mais prolongada. A avalia\u00e7\u00e3o \u00e9 de quatro a cinco semanas de recupera\u00e7\u00e3o, com a expectativa de que R\u00edos regresse sem complica\u00e7\u00f5es e sem reca\u00eddas.<\/p>\n<p>Para a adapta\u00e7\u00e3o ao Benfica, Lorenzo mostra confian\u00e7a na capacidade do jogador. O t\u00e9cnico ressalta a personalidade dele, que j\u00e1 atuou num clube com elevada press\u00e3o, como o Palmeiras, e diz que h\u00e1 comunica\u00e7\u00e3o regular para orientar o jogador sobre as melhorias necess\u00e1rias semanalmente, bem como o que a sele\u00e7\u00e3o exige quando est\u00e1 convocado.<\/p>\n<h3>Estado de sa\u00fade e recupera\u00e7\u00e3o<\/h3>\n<p>A proje\u00e7\u00e3o de quatro a cinco semanas de recupera\u00e7\u00e3o sugere que R\u00edos pode falhar v\u00e1rios compromissos do Benfica, incluindo jogos de maior express\u00e3o na fase de adapta\u00e7\u00e3o. A evolu\u00e7\u00e3o ser\u00e1 acompanhada pela equipa t\u00e9cnica e pela federa\u00e7\u00e3o colombiana, com atualiza\u00e7\u00f5es a serem comunicadas pelos canais oficiais.<\/p>\n","protected":false},"excerpt":{"rendered":"<ul>\n<li>O m\u00e9dio Richard R\u00edos sofreu uma luxa\u00e7\u00e3o anterior traum\u00e1tica no ombro direito no Drag\u00e3o, no dia 14, ficando afastado.<\/li>\n<li>Jos\u00e9 Mourinho informou que o colombiano n\u00e3o jogaria os tr\u00eas pr\u00f3ximos encontros (Rio Ave, Juventus e E. Amadora), sugerindo possibilidade de regresso para a rece\u00e7\u00e3o ao Real Madrid, no dia 28.<\/li>\n<li>O selecionador da Col\u00f4mbia, N\u00e9stor Lorenzo, disse que a recupera\u00e7\u00e3o pode levar quatro a cinco semanas, com objetivo de regresso sem reca\u00eddas.<\/li>\n<li>Lorenzo destaca que R\u00edos tem personalidade e j\u00e1 jogou num clube com press\u00e3o semelhante (Palmeiras), confidenciando confian\u00e7a na adapta\u00e7\u00e3o ao Benfica.<\/li>\n<li>O t\u00e9cnico afirmou manter contacto frequente com o jogador para orientar o que a equipa e a sele\u00e7\u00e3o precisam quando ele est\u00e1 dispon\u00edvel.<\/li>\n<\/ul>\n","protected":false},"author":2,"featured_media":161339,"comment_status":"closed","ping_status":"closed","sticky":false,"template":"","format":"standard","meta":{"footnotes":""},"categories":[21,24],"tags":[1946,2469,32,3338,1735,2538],"class_list":["post-161318","post","type-post","status-publish","format-standard","has-post-thumbnail","hentry","category-desporto","category-futebol","tag-benfica","tag-colombia","tag-futebol","tag-futebol-internacional","tag-lesionados","tag-lesoes"],"yoast_head":"<!-- This site is optimized with the Yoast SEO plugin v27.2 - https:\/\/yoast.com\/product\/yoast-seo-wordpress\/ -->\n<title>Les\u00e3o de Richard R\u00edos pode obrigar paragem mais prolongada - Portal Tela Portugal<\/title>\n<meta name=\"robots\" content=\"index, follow, max-snippet:-1, max-image-preview:large, max-video-preview:-1\" \/>\n<meta property=\"og:locale\" content=\"pt_PT\" \/>\n<meta property=\"og:type\" content=\"article\" \/>\n<meta property=\"og:title\" content=\"Les\u00e3o de Richard R\u00edos pode obrigar paragem mais prolongada - Portal Tela Portugal\" \/>\n<meta property=\"og:description\" content=\"O m\u00e9dio Richard R\u00edos sofreu uma luxa\u00e7\u00e3o anterior traum\u00e1tica no ombro direito no Drag\u00e3o, no dia 14, ficando afastado. Jos\u00e9 Mourinho informou que o colombiano n\u00e3o jogaria os tr\u00eas pr\u00f3ximos encontros (Rio Ave, Juventus e E. Amadora), sugerindo possibilidade de regresso para a rece\u00e7\u00e3o ao Real Madrid, no dia 28. O selecionador da Col\u00f4mbia, N\u00e9stor Lorenzo, disse que a recupera\u00e7\u00e3o pode levar quatro a cinco semanas, com objetivo de regresso sem reca\u00eddas. Lorenzo destaca que R\u00edos tem personalidade e j\u00e1 jogou num clube com press\u00e3o semelhante (Palmeiras), confidenciando confian\u00e7a na adapta\u00e7\u00e3o ao Benfica. O t\u00e9cnico afirmou manter contacto frequente com o jogador para orientar o que a equipa e a sele\u00e7\u00e3o precisam quando ele est\u00e1 dispon\u00edvel.\" \/>\n<meta property=\"og:url\" content=\"https:\/\/portaltela.pt\/noticias\/2026\/01\/21\/lesao-de-richard-rios-pode-obrigar-paragem-mais-prolongada\/\" \/>\n<meta property=\"og:site_name\" content=\"Portal Tela Portugal\" \/>\n<meta property=\"article:published_time\" content=\"2026-01-21T18:43:00+00:00\" \/>\n<meta name=\"author\" content=\"Telinha\" \/>\n<meta name=\"twitter:card\" content=\"summary_large_image\" \/>\n<meta name=\"twitter:label1\" content=\"Escrito por\" \/>\n\t<meta name=\"twitter:data1\" content=\"Telinha\" \/>\n\t<meta name=\"twitter:label2\" content=\"Tempo estimado de leitura\" \/>\n\t<meta name=\"twitter:data2\" content=\"1 minuto\" \/>\n<script type=\"application\/ld+json\" class=\"yoast-schema-graph\">{\"@context\":\"https:\/\/schema.org\",\"@graph\":[{\"@type\":\"Article\",\"@id\":\"https:\/\/portaltela.pt\/noticias\/2026\/01\/21\/lesao-de-richard-rios-pode-obrigar-paragem-mais-prolongada\/#article\",\"isPartOf\":{\"@id\":\"https:\/\/portaltela.pt\/noticias\/2026\/01\/21\/lesao-de-richard-rios-pode-obrigar-paragem-mais-prolongada\/\"},\"author\":{\"name\":\"Telinha\",\"@id\":\"https:\/\/portaltela.pt\/#\/schema\/person\/c4278d4a6028830caff9ee44b42d32ed\"},\"headline\":\"Les\u00e3o de Richard R\u00edos pode obrigar paragem mais prolongada\",\"datePublished\":\"2026-01-21T18:43:00+00:00\",\"mainEntityOfPage\":{\"@id\":\"https:\/\/portaltela.pt\/noticias\/2026\/01\/21\/lesao-de-richard-rios-pode-obrigar-paragem-mais-prolongada\/\"},\"wordCount\":257,\"image\":{\"@id\":\"https:\/\/portaltela.pt\/noticias\/2026\/01\/21\/lesao-de-richard-rios-pode-obrigar-paragem-mais-prolongada\/#primaryimage\"},\"thumbnailUrl\":\"https:\/\/portaltela.pt\/s.01k8rhncp4jt1\/2026\/01\/img_1200x721uu2026-01-14-21-41-51-2414796-5.jpg\",\"keywords\":[\"Benfica\",\"Col\u00f4mbia\",\"futebol\",\"futebol internacional\",\"Lesionados\",\"les\u00f5es\"],\"articleSection\":[\"Desporto\",\"Futebol\"],\"inLanguage\":\"pt-PT\"},{\"@type\":\"WebPage\",\"@id\":\"https:\/\/portaltela.pt\/noticias\/2026\/01\/21\/lesao-de-richard-rios-pode-obrigar-paragem-mais-prolongada\/\",\"url\":\"https:\/\/portaltela.pt\/noticias\/2026\/01\/21\/lesao-de-richard-rios-pode-obrigar-paragem-mais-prolongada\/\",\"name\":\"Les\u00e3o de Richard R\u00edos pode obrigar paragem mais prolongada - Portal Tela Portugal\",\"isPartOf\":{\"@id\":\"https:\/\/portaltela.pt\/#website\"},\"primaryImageOfPage\":{\"@id\":\"https:\/\/portaltela.pt\/noticias\/2026\/01\/21\/lesao-de-richard-rios-pode-obrigar-paragem-mais-prolongada\/#primaryimage\"},\"image\":{\"@id\":\"https:\/\/portaltela.pt\/noticias\/2026\/01\/21\/lesao-de-richard-rios-pode-obrigar-paragem-mais-prolongada\/#primaryimage\"},\"thumbnailUrl\":\"https:\/\/portaltela.pt\/s.01k8rhncp4jt1\/2026\/01\/img_1200x721uu2026-01-14-21-41-51-2414796-5.jpg\",\"datePublished\":\"2026-01-21T18:43:00+00:00\",\"author\":{\"@id\":\"https:\/\/portaltela.pt\/#\/schema\/person\/c4278d4a6028830caff9ee44b42d32ed\"},\"breadcrumb\":{\"@id\":\"https:\/\/portaltela.pt\/noticias\/2026\/01\/21\/lesao-de-richard-rios-pode-obrigar-paragem-mais-prolongada\/#breadcrumb\"},\"inLanguage\":\"pt-PT\",\"potentialAction\":[{\"@type\":\"ReadAction\",\"target\":[\"https:\/\/portaltela.pt\/noticias\/2026\/01\/21\/lesao-de-richard-rios-pode-obrigar-paragem-mais-prolongada\/\"]}]},{\"@type\":\"ImageObject\",\"inLanguage\":\"pt-PT\",\"@id\":\"https:\/\/portaltela.pt\/noticias\/2026\/01\/21\/lesao-de-richard-rios-pode-obrigar-paragem-mais-prolongada\/#primaryimage\",\"url\":\"https:\/\/portaltela.pt\/s.01k8rhncp4jt1\/2026\/01\/img_1200x721uu2026-01-14-21-41-51-2414796-5.jpg\",\"contentUrl\":\"https:\/\/portaltela.pt\/s.01k8rhncp4jt1\/2026\/01\/img_1200x721uu2026-01-14-21-41-51-2414796-5.jpg\",\"width\":796,\"height\":448,\"caption\":\"Les\u00e3o de Richard R\u00edos pode obrigar a paragem mais prolongada\"},{\"@type\":\"BreadcrumbList\",\"@id\":\"https:\/\/portaltela.pt\/noticias\/2026\/01\/21\/lesao-de-richard-rios-pode-obrigar-paragem-mais-prolongada\/#breadcrumb\",\"itemListElement\":[{\"@type\":\"ListItem\",\"position\":1,\"name\":\"In\u00edcio\",\"item\":\"https:\/\/portaltela.pt\/\"},{\"@type\":\"ListItem\",\"position\":2,\"name\":\"Les\u00e3o de Richard R\u00edos pode obrigar paragem mais prolongada\"}]},{\"@type\":\"WebSite\",\"@id\":\"https:\/\/portaltela.pt\/#website\",\"url\":\"https:\/\/portaltela.pt\/\",\"name\":\"Portal Tela Portugal\",\"description\":\"\",\"potentialAction\":[{\"@type\":\"SearchAction\",\"target\":{\"@type\":\"EntryPoint\",\"urlTemplate\":\"https:\/\/portaltela.pt\/?s={search_term_string}\"},\"query-input\":{\"@type\":\"PropertyValueSpecification\",\"valueRequired\":true,\"valueName\":\"search_term_string\"}}],\"inLanguage\":\"pt-PT\"},{\"@type\":\"Person\",\"@id\":\"https:\/\/portaltela.pt\/#\/schema\/person\/c4278d4a6028830caff9ee44b42d32ed\",\"name\":\"Telinha\",\"image\":{\"@type\":\"ImageObject\",\"inLanguage\":\"pt-PT\",\"@id\":\"https:\/\/portaltela.pt\/s.01k8rhncp4jt1\/2025\/11\/talking-bot-125x125.png\",\"url\":\"https:\/\/portaltela.pt\/s.01k8rhncp4jt1\/2025\/11\/talking-bot-125x125.png\",\"contentUrl\":\"https:\/\/portaltela.pt\/s.01k8rhncp4jt1\/2025\/11\/talking-bot-125x125.png\",\"caption\":\"Telinha\"},\"sameAs\":[\"https:\/\/portaltela.pt\/\"],\"url\":\"https:\/\/portaltela.pt\/por\/367410592786\/\"}]}<\/script>\n<!-- \/ Yoast SEO plugin. -->","yoast_head_json":{"title":"Les\u00e3o de Richard R\u00edos pode obrigar paragem mais prolongada - Portal Tela Portugal","robots":{"index":"index","follow":"follow","max-snippet":"max-snippet:-1","max-image-preview":"max-image-preview:large","max-video-preview":"max-video-preview:-1"},"og_locale":"pt_PT","og_type":"article","og_title":"Les\u00e3o de Richard R\u00edos pode obrigar paragem mais prolongada - Portal Tela Portugal","og_description":"O m\u00e9dio Richard R\u00edos sofreu uma luxa\u00e7\u00e3o anterior traum\u00e1tica no ombro direito no Drag\u00e3o, no dia 14, ficando afastado. Jos\u00e9 Mourinho informou que o colombiano n\u00e3o jogaria os tr\u00eas pr\u00f3ximos encontros (Rio Ave, Juventus e E. Amadora), sugerindo possibilidade de regresso para a rece\u00e7\u00e3o ao Real Madrid, no dia 28. O selecionador da Col\u00f4mbia, N\u00e9stor Lorenzo, disse que a recupera\u00e7\u00e3o pode levar quatro a cinco semanas, com objetivo de regresso sem reca\u00eddas. Lorenzo destaca que R\u00edos tem personalidade e j\u00e1 jogou num clube com press\u00e3o semelhante (Palmeiras), confidenciando confian\u00e7a na adapta\u00e7\u00e3o ao Benfica. O t\u00e9cnico afirmou manter contacto frequente com o jogador para orientar o que a equipa e a sele\u00e7\u00e3o precisam quando ele est\u00e1 dispon\u00edvel.","og_url":"https:\/\/portaltela.pt\/noticias\/2026\/01\/21\/lesao-de-richard-rios-pode-obrigar-paragem-mais-prolongada\/","og_site_name":"Portal Tela Portugal","article_published_time":"2026-01-21T18:43:00+00:00","author":"Telinha","twitter_card":"summary_large_image","twitter_misc":{"Escrito por":"Telinha","Tempo estimado de leitura":"1 minuto"},"schema":{"@context":"https:\/\/schema.org","@graph":[{"@type":"Article","@id":"https:\/\/portaltela.pt\/noticias\/2026\/01\/21\/lesao-de-richard-rios-pode-obrigar-paragem-mais-prolongada\/#article","isPartOf":{"@id":"https:\/\/portaltela.pt\/noticias\/2026\/01\/21\/lesao-de-richard-rios-pode-obrigar-paragem-mais-prolongada\/"},"author":{"name":"Telinha","@id":"https:\/\/portaltela.pt\/#\/schema\/person\/c4278d4a6028830caff9ee44b42d32ed"},"headline":"Les\u00e3o de Richard R\u00edos pode obrigar paragem mais prolongada","datePublished":"2026-01-21T18:43:00+00:00","mainEntityOfPage":{"@id":"https:\/\/portaltela.pt\/noticias\/2026\/01\/21\/lesao-de-richard-rios-pode-obrigar-paragem-mais-prolongada\/"},"wordCount":257,"image":{"@id":"https:\/\/portaltela.pt\/noticias\/2026\/01\/21\/lesao-de-richard-rios-pode-obrigar-paragem-mais-prolongada\/#primaryimage"},"thumbnailUrl":"https:\/\/portaltela.pt\/s.01k8rhncp4jt1\/2026\/01\/img_1200x721uu2026-01-14-21-41-51-2414796-5.jpg","keywords":["Benfica","Col\u00f4mbia","futebol","futebol internacional","Lesionados","les\u00f5es"],"articleSection":["Desporto","Futebol"],"inLanguage":"pt-PT"},{"@type":"WebPage","@id":"https:\/\/portaltela.pt\/noticias\/2026\/01\/21\/lesao-de-richard-rios-pode-obrigar-paragem-mais-prolongada\/","url":"https:\/\/portaltela.pt\/noticias\/2026\/01\/21\/lesao-de-richard-rios-pode-obrigar-paragem-mais-prolongada\/","name":"Les\u00e3o de Richard R\u00edos pode obrigar paragem mais prolongada - Portal Tela Portugal","isPartOf":{"@id":"https:\/\/portaltela.pt\/#website"},"primaryImageOfPage":{"@id":"https:\/\/portaltela.pt\/noticias\/2026\/01\/21\/lesao-de-richard-rios-pode-obrigar-paragem-mais-prolongada\/#primaryimage"},"image":{"@id":"https:\/\/portaltela.pt\/noticias\/2026\/01\/21\/lesao-de-richard-rios-pode-obrigar-paragem-mais-prolongada\/#primaryimage"},"thumbnailUrl":"https:\/\/portaltela.pt\/s.01k8rhncp4jt1\/2026\/01\/img_1200x721uu2026-01-14-21-41-51-2414796-5.jpg","datePublished":"2026-01-21T18:43:00+00:00","author":{"@id":"https:\/\/portaltela.pt\/#\/schema\/person\/c4278d4a6028830caff9ee44b42d32ed"},"breadcrumb":{"@id":"https:\/\/portaltela.pt\/noticias\/2026\/01\/21\/lesao-de-richard-rios-pode-obrigar-paragem-mais-prolongada\/#breadcrumb"},"inLanguage":"pt-PT","potentialAction":[{"@type":"ReadAction","target":["https:\/\/portaltela.pt\/noticias\/2026\/01\/21\/lesao-de-richard-rios-pode-obrigar-paragem-mais-prolongada\/"]}]},{"@type":"ImageObject","inLanguage":"pt-PT","@id":"https:\/\/portaltela.pt\/noticias\/2026\/01\/21\/lesao-de-richard-rios-pode-obrigar-paragem-mais-prolongada\/#primaryimage","url":"https:\/\/portaltela.pt\/s.01k8rhncp4jt1\/2026\/01\/img_1200x721uu2026-01-14-21-41-51-2414796-5.jpg","contentUrl":"https:\/\/portaltela.pt\/s.01k8rhncp4jt1\/2026\/01\/img_1200x721uu2026-01-14-21-41-51-2414796-5.jpg","width":796,"height":448,"caption":"Les\u00e3o de Richard R\u00edos pode obrigar a paragem mais prolongada"},{"@type":"BreadcrumbList","@id":"https:\/\/portaltela.pt\/noticias\/2026\/01\/21\/lesao-de-richard-rios-pode-obrigar-paragem-mais-prolongada\/#breadcrumb","itemListElement":[{"@type":"ListItem","position":1,"name":"In\u00edcio","item":"https:\/\/portaltela.pt\/"},{"@type":"ListItem","position":2,"name":"Les\u00e3o de Richard R\u00edos pode obrigar paragem mais prolongada"}]},{"@type":"WebSite","@id":"https:\/\/portaltela.pt\/#website","url":"https:\/\/portaltela.pt\/","name":"Portal Tela Portugal","description":"","potentialAction":[{"@type":"SearchAction","target":{"@type":"EntryPoint","urlTemplate":"https:\/\/portaltela.pt\/?s={search_term_string}"},"query-input":{"@type":"PropertyValueSpecification","valueRequired":true,"valueName":"search_term_string"}}],"inLanguage":"pt-PT"},{"@type":"Person","@id":"https:\/\/portaltela.pt\/#\/schema\/person\/c4278d4a6028830caff9ee44b42d32ed","name":"Telinha","image":{"@type":"ImageObject","inLanguage":"pt-PT","@id":"https:\/\/portaltela.pt\/s.01k8rhncp4jt1\/2025\/11\/talking-bot-125x125.png","url":"https:\/\/portaltela.pt\/s.01k8rhncp4jt1\/2025\/11\/talking-bot-125x125.png","contentUrl":"https:\/\/portaltela.pt\/s.01k8rhncp4jt1\/2025\/11\/talking-bot-125x125.png","caption":"Telinha"},"sameAs":["https:\/\/portaltela.pt\/"],"url":"https:\/\/portaltela.pt\/por\/367410592786\/"}]}},"_links":{"self":[{"href":"https:\/\/portaltela.pt\/api\/wp\/v2\/posts\/161318","targetHints":{"allow":["GET"]}}],"collection":[{"href":"https:\/\/portaltela.pt\/api\/wp\/v2\/posts"}],"about":[{"href":"https:\/\/portaltela.pt\/api\/wp\/v2\/types\/post"}],"author":[{"embeddable":true,"href":"https:\/\/portaltela.pt\/api\/wp\/v2\/users\/2"}],"replies":[{"embeddable":true,"href":"https:\/\/portaltela.pt\/api\/wp\/v2\/comments?post=161318"}],"version-history":[{"count":0,"href":"https:\/\/portaltela.pt\/api\/wp\/v2\/posts\/161318\/revisions"}],"wp:featuredmedia":[{"embeddable":true,"href":"https:\/\/portaltela.pt\/api\/wp\/v2\/media\/161339"}],"wp:attachment":[{"href":"https:\/\/portaltela.pt\/api\/wp\/v2\/media?parent=161318"}],"wp:term":[{"taxonomy":"category","embeddable":true,"href":"https:\/\/portaltela.pt\/api\/wp\/v2\/categories?post=161318"},{"taxonomy":"post_tag","embeddable":true,"href":"https:\/\/portaltela.pt\/api\/wp\/v2\/tags?post=161318"}],"curies":[{"name":"wp","href":"https:\/\/api.w.org\/{rel}","templated":true}]}}