{"id":161288,"date":"2026-01-21T17:38:00","date_gmt":"2026-01-21T20:38:00","guid":{"rendered":"https:\/\/portaltela.pt\/noticias\/2026\/01\/21\/aeroporto-de-lisboa-regista-14-detidos-em-quatro-dias\/"},"modified":"2026-01-21T17:38:00","modified_gmt":"2026-01-21T20:38:00","slug":"aeroporto-de-lisboa-regista-14-detidos-em-quatro-dias","status":"publish","type":"post","link":"https:\/\/portaltela.pt\/noticias\/2026\/01\/21\/aeroporto-de-lisboa-regista-14-detidos-em-quatro-dias\/","title":{"rendered":"Aeroporto de Lisboa regista 14 detidos em quatro dias"},"content":{"rendered":"<p>Nos \u00faltimos quatro dias, o Aeroporto Humberto Delgado, em Lisboa, registou 14 deten\u00e7\u00f5es no \u00e2mbito do controlo fronteiri\u00e7o. As a\u00e7\u00f5es decorreram entre 15 e 18 de janeiro e envolveram documentos falsos, aux\u00edlio \u00e0 imigra\u00e7\u00e3o ilegal e um Mandado de Deten\u00e7\u00e3o Europeu (MDE) por tr\u00e1fico de droga.<\/p>\n<p>A PSP anunciou 10 deten\u00e7\u00f5es por falsifica\u00e7\u00e3o de documentos, duas por uso de documento alheio, uma por aux\u00edlio \u00e0 imigra\u00e7\u00e3o ilegal e um MDE emitido pelas autoridades italianas. O detido no MDE \u00e9 de origem senegalesa e encontra-se em vaga de extradi\u00e7\u00e3o.<\/p>\n<p>Cinco recusas de entrada tamb\u00e9m foram registadas, entre os dias 15 e 18, no espa\u00e7o Schengen. Os controlos destacaram a persist\u00eancia de utilizarem documenta\u00e7\u00e3o falsificada para entrar ou circular no espa\u00e7o europeu.<\/p>\n<p>O MDE foi cumprido junto de um arguido que ficar\u00e1 \u00e0 guarda para interrogat\u00f3rio, aguardando o decorrer do processo de extradi\u00e7\u00e3o. A coopera\u00e7\u00e3o europeia sustenta a a\u00e7\u00e3o judici\u00e1ria neste caso.<\/p>\n<p>Entre as deten\u00e7\u00f5es por falsifica\u00e7\u00e3o, cinco indiv\u00edduos s\u00e3o de origem vietnamita. Em duas situa\u00e7\u00f5es, passageiros tentaram usar documentos leg\u00edtimos pertencentes a terceiros para contornar os controlos.<\/p>\n<p>Uma cidad\u00e3 estrangeira foi detida pelo crime de aux\u00edlio \u00e0 imigra\u00e7\u00e3o ilegal. A PSP detalha que o esquema envolvia passaportes espanh\u00f3is falsos, com uma cidad\u00e3 espanhola a coordenar o circuito juntamente com outros quatro estrangeiros.<\/p>\n<p>A entrada de cinco estrangeiros foi recusada, com interdi\u00e7\u00e3o de entrada no espa\u00e7o Schengen por tr\u00eas anos. Quatro foram j\u00e1 afastados do pa\u00eds; est\u00e1 programado o afastamento coercivo de uma mulher que se recusou a reembarcar.<\/p>\n","protected":false},"excerpt":{"rendered":"<ul>\n<li>A PSP deteve 14 pessoas no Aeroporto de Lisboa entre 15 e 18 de janeiro: 10 por falsifica\u00e7\u00e3o de documentos, 2 por uso de documento alheio, 1 por aux\u00edlio \u00e0 imigra\u00e7\u00e3o ilegal e 1 por Mandado de Deten\u00e7\u00e3o Europeu por tr\u00e1fico de droga, sendo este \u00faltimo emitido pelas autoridades italianas e o detido de origem senegalesa.<\/li>\n<li>O arguido submetido ao Mandado de Deten\u00e7\u00e3o Europeu aguarda o decorrer do processo de extradi\u00e7\u00e3o, no \u00e2mbito da coopera\u00e7\u00e3o judici\u00e1ria europeia.<\/li>\n<li>Cinco recusas de entrada foram registadas no espa\u00e7o Schengen durante o mesmo per\u00edodo, no Aeroporto Humberto Delgado.<\/li>\n<li>Das 10 deten\u00e7\u00f5es por falsifica\u00e7\u00e3o de documentos, algumas utilizavam passaportes contrafeitos; cinco detidos s\u00e3o de origem vietnamita e, noutras ocorr\u00eancias, houve uso de documentos leg\u00edtimos pertencentes a terceiros.<\/li>\n<li>No \u00e2mbito de um esquema de aux\u00edlio \u00e0 imigra\u00e7\u00e3o ilegal, foi detida uma cidad\u00e3 estrangeira ligada a uma rede que usava passaportes espanh\u00f3is falsos; cinco estrangeiros tiveram entrada recusada e tr\u00eas anos \u00e9 o per\u00edodo de interdi\u00e7\u00e3o de entrada no espa\u00e7o Schengen. Quatro j\u00e1 foram afastados, com um caso de afastamento coercivo em curso.<\/li>\n<\/ul>\n","protected":false},"author":2,"featured_media":161301,"comment_status":"closed","ping_status":"closed","sticky":false,"template":"","format":"standard","meta":{"footnotes":""},"categories":[1],"tags":[3302,1203,2605,260,712,1381],"class_list":["post-161288","post","type-post","status-publish","format-standard","has-post-thumbnail","hentry","category-noticias","tag-aeroportos","tag-auxilio-a-imigracao-ilegal","tag-documentos","tag-falsificacao-de-documentos","tag-imigracao","tag-psp"],"yoast_head":"<!-- This site is optimized with the Yoast SEO plugin v27.2 - https:\/\/yoast.com\/product\/yoast-seo-wordpress\/ -->\n<title>Aeroporto de Lisboa regista 14 detidos em quatro dias - Portal Tela Portugal<\/title>\n<meta name=\"robots\" content=\"index, follow, max-snippet:-1, max-image-preview:large, max-video-preview:-1\" \/>\n<meta property=\"og:locale\" content=\"pt_PT\" \/>\n<meta property=\"og:type\" content=\"article\" \/>\n<meta property=\"og:title\" content=\"Aeroporto de Lisboa regista 14 detidos em quatro dias - Portal Tela Portugal\" \/>\n<meta property=\"og:description\" content=\"A PSP deteve 14 pessoas no Aeroporto de Lisboa entre 15 e 18 de janeiro: 10 por falsifica\u00e7\u00e3o de documentos, 2 por uso de documento alheio, 1 por aux\u00edlio \u00e0 imigra\u00e7\u00e3o ilegal e 1 por Mandado de Deten\u00e7\u00e3o Europeu por tr\u00e1fico de droga, sendo este \u00faltimo emitido pelas autoridades italianas e o detido de origem senegalesa. O arguido submetido ao Mandado de Deten\u00e7\u00e3o Europeu aguarda o decorrer do processo de extradi\u00e7\u00e3o, no \u00e2mbito da coopera\u00e7\u00e3o judici\u00e1ria europeia. Cinco recusas de entrada foram registadas no espa\u00e7o Schengen durante o mesmo per\u00edodo, no Aeroporto Humberto Delgado. Das 10 deten\u00e7\u00f5es por falsifica\u00e7\u00e3o de documentos, algumas utilizavam passaportes contrafeitos; cinco detidos s\u00e3o de origem vietnamita e, noutras ocorr\u00eancias, houve uso de documentos leg\u00edtimos pertencentes a terceiros. No \u00e2mbito de um esquema de aux\u00edlio \u00e0 imigra\u00e7\u00e3o ilegal, foi detida uma cidad\u00e3 estrangeira ligada a uma rede que usava passaportes espanh\u00f3is falsos; cinco estrangeiros tiveram entrada recusada e tr\u00eas anos \u00e9 o per\u00edodo de interdi\u00e7\u00e3o de entrada no espa\u00e7o Schengen. Quatro j\u00e1 foram afastados, com um caso de afastamento coercivo em curso.\" \/>\n<meta property=\"og:url\" content=\"https:\/\/portaltela.pt\/noticias\/2026\/01\/21\/aeroporto-de-lisboa-regista-14-detidos-em-quatro-dias\/\" \/>\n<meta property=\"og:site_name\" content=\"Portal Tela Portugal\" \/>\n<meta property=\"article:published_time\" content=\"2026-01-21T20:38:00+00:00\" \/>\n<meta name=\"author\" content=\"Telinha\" \/>\n<meta name=\"twitter:card\" content=\"summary_large_image\" \/>\n<meta name=\"twitter:label1\" content=\"Escrito por\" \/>\n\t<meta name=\"twitter:data1\" content=\"Telinha\" \/>\n\t<meta name=\"twitter:label2\" content=\"Tempo estimado de leitura\" \/>\n\t<meta name=\"twitter:data2\" content=\"1 minuto\" \/>\n<script type=\"application\/ld+json\" class=\"yoast-schema-graph\">{\"@context\":\"https:\/\/schema.org\",\"@graph\":[{\"@type\":\"Article\",\"@id\":\"https:\/\/portaltela.pt\/noticias\/2026\/01\/21\/aeroporto-de-lisboa-regista-14-detidos-em-quatro-dias\/#article\",\"isPartOf\":{\"@id\":\"https:\/\/portaltela.pt\/noticias\/2026\/01\/21\/aeroporto-de-lisboa-regista-14-detidos-em-quatro-dias\/\"},\"author\":{\"name\":\"Telinha\",\"@id\":\"https:\/\/portaltela.pt\/#\/schema\/person\/c4278d4a6028830caff9ee44b42d32ed\"},\"headline\":\"Aeroporto de Lisboa regista 14 detidos em quatro dias\",\"datePublished\":\"2026-01-21T20:38:00+00:00\",\"mainEntityOfPage\":{\"@id\":\"https:\/\/portaltela.pt\/noticias\/2026\/01\/21\/aeroporto-de-lisboa-regista-14-detidos-em-quatro-dias\/\"},\"wordCount\":279,\"image\":{\"@id\":\"https:\/\/portaltela.pt\/noticias\/2026\/01\/21\/aeroporto-de-lisboa-regista-14-detidos-em-quatro-dias\/#primaryimage\"},\"thumbnailUrl\":\"https:\/\/portaltela.pt\/s.01k8rhncp4jt1\/2026\/01\/46310958.jpg\",\"keywords\":[\"aeroportos\",\"aux\u00edlio \u00e0 imigra\u00e7\u00e3o ilegal\",\"documentos\",\"falsifica\u00e7\u00e3o de documentos\",\"imigra\u00e7\u00e3o\",\"PSP\"],\"articleSection\":[\"Not\u00edcias\"],\"inLanguage\":\"pt-PT\"},{\"@type\":\"WebPage\",\"@id\":\"https:\/\/portaltela.pt\/noticias\/2026\/01\/21\/aeroporto-de-lisboa-regista-14-detidos-em-quatro-dias\/\",\"url\":\"https:\/\/portaltela.pt\/noticias\/2026\/01\/21\/aeroporto-de-lisboa-regista-14-detidos-em-quatro-dias\/\",\"name\":\"Aeroporto de Lisboa regista 14 detidos em quatro dias - Portal Tela Portugal\",\"isPartOf\":{\"@id\":\"https:\/\/portaltela.pt\/#website\"},\"primaryImageOfPage\":{\"@id\":\"https:\/\/portaltela.pt\/noticias\/2026\/01\/21\/aeroporto-de-lisboa-regista-14-detidos-em-quatro-dias\/#primaryimage\"},\"image\":{\"@id\":\"https:\/\/portaltela.pt\/noticias\/2026\/01\/21\/aeroporto-de-lisboa-regista-14-detidos-em-quatro-dias\/#primaryimage\"},\"thumbnailUrl\":\"https:\/\/portaltela.pt\/s.01k8rhncp4jt1\/2026\/01\/46310958.jpg\",\"datePublished\":\"2026-01-21T20:38:00+00:00\",\"author\":{\"@id\":\"https:\/\/portaltela.pt\/#\/schema\/person\/c4278d4a6028830caff9ee44b42d32ed\"},\"breadcrumb\":{\"@id\":\"https:\/\/portaltela.pt\/noticias\/2026\/01\/21\/aeroporto-de-lisboa-regista-14-detidos-em-quatro-dias\/#breadcrumb\"},\"inLanguage\":\"pt-PT\",\"potentialAction\":[{\"@type\":\"ReadAction\",\"target\":[\"https:\/\/portaltela.pt\/noticias\/2026\/01\/21\/aeroporto-de-lisboa-regista-14-detidos-em-quatro-dias\/\"]}]},{\"@type\":\"ImageObject\",\"inLanguage\":\"pt-PT\",\"@id\":\"https:\/\/portaltela.pt\/noticias\/2026\/01\/21\/aeroporto-de-lisboa-regista-14-detidos-em-quatro-dias\/#primaryimage\",\"url\":\"https:\/\/portaltela.pt\/s.01k8rhncp4jt1\/2026\/01\/46310958.jpg\",\"contentUrl\":\"https:\/\/portaltela.pt\/s.01k8rhncp4jt1\/2026\/01\/46310958.jpg\",\"width\":796,\"height\":448,\"caption\":\"Instala\u00e7\u00f5es do Aeroporto Humberto Delgado, em Lisboa, 07 de janeiro de 2026. PSP. Pol\u00edcia. CARLOS M. ALMEIDA\/LUSA\"},{\"@type\":\"BreadcrumbList\",\"@id\":\"https:\/\/portaltela.pt\/noticias\/2026\/01\/21\/aeroporto-de-lisboa-regista-14-detidos-em-quatro-dias\/#breadcrumb\",\"itemListElement\":[{\"@type\":\"ListItem\",\"position\":1,\"name\":\"In\u00edcio\",\"item\":\"https:\/\/portaltela.pt\/\"},{\"@type\":\"ListItem\",\"position\":2,\"name\":\"Aeroporto de Lisboa regista 14 detidos em quatro dias\"}]},{\"@type\":\"WebSite\",\"@id\":\"https:\/\/portaltela.pt\/#website\",\"url\":\"https:\/\/portaltela.pt\/\",\"name\":\"Portal Tela Portugal\",\"description\":\"\",\"potentialAction\":[{\"@type\":\"SearchAction\",\"target\":{\"@type\":\"EntryPoint\",\"urlTemplate\":\"https:\/\/portaltela.pt\/?s={search_term_string}\"},\"query-input\":{\"@type\":\"PropertyValueSpecification\",\"valueRequired\":true,\"valueName\":\"search_term_string\"}}],\"inLanguage\":\"pt-PT\"},{\"@type\":\"Person\",\"@id\":\"https:\/\/portaltela.pt\/#\/schema\/person\/c4278d4a6028830caff9ee44b42d32ed\",\"name\":\"Telinha\",\"image\":{\"@type\":\"ImageObject\",\"inLanguage\":\"pt-PT\",\"@id\":\"https:\/\/portaltela.pt\/s.01k8rhncp4jt1\/2025\/11\/talking-bot-125x125.png\",\"url\":\"https:\/\/portaltela.pt\/s.01k8rhncp4jt1\/2025\/11\/talking-bot-125x125.png\",\"contentUrl\":\"https:\/\/portaltela.pt\/s.01k8rhncp4jt1\/2025\/11\/talking-bot-125x125.png\",\"caption\":\"Telinha\"},\"sameAs\":[\"https:\/\/portaltela.pt\/\"],\"url\":\"https:\/\/portaltela.pt\/por\/367410592786\/\"}]}<\/script>\n<!-- \/ Yoast SEO plugin. -->","yoast_head_json":{"title":"Aeroporto de Lisboa regista 14 detidos em quatro dias - Portal Tela Portugal","robots":{"index":"index","follow":"follow","max-snippet":"max-snippet:-1","max-image-preview":"max-image-preview:large","max-video-preview":"max-video-preview:-1"},"og_locale":"pt_PT","og_type":"article","og_title":"Aeroporto de Lisboa regista 14 detidos em quatro dias - Portal Tela Portugal","og_description":"A PSP deteve 14 pessoas no Aeroporto de Lisboa entre 15 e 18 de janeiro: 10 por falsifica\u00e7\u00e3o de documentos, 2 por uso de documento alheio, 1 por aux\u00edlio \u00e0 imigra\u00e7\u00e3o ilegal e 1 por Mandado de Deten\u00e7\u00e3o Europeu por tr\u00e1fico de droga, sendo este \u00faltimo emitido pelas autoridades italianas e o detido de origem senegalesa. O arguido submetido ao Mandado de Deten\u00e7\u00e3o Europeu aguarda o decorrer do processo de extradi\u00e7\u00e3o, no \u00e2mbito da coopera\u00e7\u00e3o judici\u00e1ria europeia. Cinco recusas de entrada foram registadas no espa\u00e7o Schengen durante o mesmo per\u00edodo, no Aeroporto Humberto Delgado. Das 10 deten\u00e7\u00f5es por falsifica\u00e7\u00e3o de documentos, algumas utilizavam passaportes contrafeitos; cinco detidos s\u00e3o de origem vietnamita e, noutras ocorr\u00eancias, houve uso de documentos leg\u00edtimos pertencentes a terceiros. No \u00e2mbito de um esquema de aux\u00edlio \u00e0 imigra\u00e7\u00e3o ilegal, foi detida uma cidad\u00e3 estrangeira ligada a uma rede que usava passaportes espanh\u00f3is falsos; cinco estrangeiros tiveram entrada recusada e tr\u00eas anos \u00e9 o per\u00edodo de interdi\u00e7\u00e3o de entrada no espa\u00e7o Schengen. Quatro j\u00e1 foram afastados, com um caso de afastamento coercivo em curso.","og_url":"https:\/\/portaltela.pt\/noticias\/2026\/01\/21\/aeroporto-de-lisboa-regista-14-detidos-em-quatro-dias\/","og_site_name":"Portal Tela Portugal","article_published_time":"2026-01-21T20:38:00+00:00","author":"Telinha","twitter_card":"summary_large_image","twitter_misc":{"Escrito por":"Telinha","Tempo estimado de leitura":"1 minuto"},"schema":{"@context":"https:\/\/schema.org","@graph":[{"@type":"Article","@id":"https:\/\/portaltela.pt\/noticias\/2026\/01\/21\/aeroporto-de-lisboa-regista-14-detidos-em-quatro-dias\/#article","isPartOf":{"@id":"https:\/\/portaltela.pt\/noticias\/2026\/01\/21\/aeroporto-de-lisboa-regista-14-detidos-em-quatro-dias\/"},"author":{"name":"Telinha","@id":"https:\/\/portaltela.pt\/#\/schema\/person\/c4278d4a6028830caff9ee44b42d32ed"},"headline":"Aeroporto de Lisboa regista 14 detidos em quatro dias","datePublished":"2026-01-21T20:38:00+00:00","mainEntityOfPage":{"@id":"https:\/\/portaltela.pt\/noticias\/2026\/01\/21\/aeroporto-de-lisboa-regista-14-detidos-em-quatro-dias\/"},"wordCount":279,"image":{"@id":"https:\/\/portaltela.pt\/noticias\/2026\/01\/21\/aeroporto-de-lisboa-regista-14-detidos-em-quatro-dias\/#primaryimage"},"thumbnailUrl":"https:\/\/portaltela.pt\/s.01k8rhncp4jt1\/2026\/01\/46310958.jpg","keywords":["aeroportos","aux\u00edlio \u00e0 imigra\u00e7\u00e3o ilegal","documentos","falsifica\u00e7\u00e3o de documentos","imigra\u00e7\u00e3o","PSP"],"articleSection":["Not\u00edcias"],"inLanguage":"pt-PT"},{"@type":"WebPage","@id":"https:\/\/portaltela.pt\/noticias\/2026\/01\/21\/aeroporto-de-lisboa-regista-14-detidos-em-quatro-dias\/","url":"https:\/\/portaltela.pt\/noticias\/2026\/01\/21\/aeroporto-de-lisboa-regista-14-detidos-em-quatro-dias\/","name":"Aeroporto de Lisboa regista 14 detidos em quatro dias - Portal Tela Portugal","isPartOf":{"@id":"https:\/\/portaltela.pt\/#website"},"primaryImageOfPage":{"@id":"https:\/\/portaltela.pt\/noticias\/2026\/01\/21\/aeroporto-de-lisboa-regista-14-detidos-em-quatro-dias\/#primaryimage"},"image":{"@id":"https:\/\/portaltela.pt\/noticias\/2026\/01\/21\/aeroporto-de-lisboa-regista-14-detidos-em-quatro-dias\/#primaryimage"},"thumbnailUrl":"https:\/\/portaltela.pt\/s.01k8rhncp4jt1\/2026\/01\/46310958.jpg","datePublished":"2026-01-21T20:38:00+00:00","author":{"@id":"https:\/\/portaltela.pt\/#\/schema\/person\/c4278d4a6028830caff9ee44b42d32ed"},"breadcrumb":{"@id":"https:\/\/portaltela.pt\/noticias\/2026\/01\/21\/aeroporto-de-lisboa-regista-14-detidos-em-quatro-dias\/#breadcrumb"},"inLanguage":"pt-PT","potentialAction":[{"@type":"ReadAction","target":["https:\/\/portaltela.pt\/noticias\/2026\/01\/21\/aeroporto-de-lisboa-regista-14-detidos-em-quatro-dias\/"]}]},{"@type":"ImageObject","inLanguage":"pt-PT","@id":"https:\/\/portaltela.pt\/noticias\/2026\/01\/21\/aeroporto-de-lisboa-regista-14-detidos-em-quatro-dias\/#primaryimage","url":"https:\/\/portaltela.pt\/s.01k8rhncp4jt1\/2026\/01\/46310958.jpg","contentUrl":"https:\/\/portaltela.pt\/s.01k8rhncp4jt1\/2026\/01\/46310958.jpg","width":796,"height":448,"caption":"Instala\u00e7\u00f5es do Aeroporto Humberto Delgado, em Lisboa, 07 de janeiro de 2026. PSP. Pol\u00edcia. CARLOS M. ALMEIDA\/LUSA"},{"@type":"BreadcrumbList","@id":"https:\/\/portaltela.pt\/noticias\/2026\/01\/21\/aeroporto-de-lisboa-regista-14-detidos-em-quatro-dias\/#breadcrumb","itemListElement":[{"@type":"ListItem","position":1,"name":"In\u00edcio","item":"https:\/\/portaltela.pt\/"},{"@type":"ListItem","position":2,"name":"Aeroporto de Lisboa regista 14 detidos em quatro dias"}]},{"@type":"WebSite","@id":"https:\/\/portaltela.pt\/#website","url":"https:\/\/portaltela.pt\/","name":"Portal Tela Portugal","description":"","potentialAction":[{"@type":"SearchAction","target":{"@type":"EntryPoint","urlTemplate":"https:\/\/portaltela.pt\/?s={search_term_string}"},"query-input":{"@type":"PropertyValueSpecification","valueRequired":true,"valueName":"search_term_string"}}],"inLanguage":"pt-PT"},{"@type":"Person","@id":"https:\/\/portaltela.pt\/#\/schema\/person\/c4278d4a6028830caff9ee44b42d32ed","name":"Telinha","image":{"@type":"ImageObject","inLanguage":"pt-PT","@id":"https:\/\/portaltela.pt\/s.01k8rhncp4jt1\/2025\/11\/talking-bot-125x125.png","url":"https:\/\/portaltela.pt\/s.01k8rhncp4jt1\/2025\/11\/talking-bot-125x125.png","contentUrl":"https:\/\/portaltela.pt\/s.01k8rhncp4jt1\/2025\/11\/talking-bot-125x125.png","caption":"Telinha"},"sameAs":["https:\/\/portaltela.pt\/"],"url":"https:\/\/portaltela.pt\/por\/367410592786\/"}]}},"_links":{"self":[{"href":"https:\/\/portaltela.pt\/api\/wp\/v2\/posts\/161288","targetHints":{"allow":["GET"]}}],"collection":[{"href":"https:\/\/portaltela.pt\/api\/wp\/v2\/posts"}],"about":[{"href":"https:\/\/portaltela.pt\/api\/wp\/v2\/types\/post"}],"author":[{"embeddable":true,"href":"https:\/\/portaltela.pt\/api\/wp\/v2\/users\/2"}],"replies":[{"embeddable":true,"href":"https:\/\/portaltela.pt\/api\/wp\/v2\/comments?post=161288"}],"version-history":[{"count":0,"href":"https:\/\/portaltela.pt\/api\/wp\/v2\/posts\/161288\/revisions"}],"wp:featuredmedia":[{"embeddable":true,"href":"https:\/\/portaltela.pt\/api\/wp\/v2\/media\/161301"}],"wp:attachment":[{"href":"https:\/\/portaltela.pt\/api\/wp\/v2\/media?parent=161288"}],"wp:term":[{"taxonomy":"category","embeddable":true,"href":"https:\/\/portaltela.pt\/api\/wp\/v2\/categories?post=161288"},{"taxonomy":"post_tag","embeddable":true,"href":"https:\/\/portaltela.pt\/api\/wp\/v2\/tags?post=161288"}],"curies":[{"name":"wp","href":"https:\/\/api.w.org\/{rel}","templated":true}]}}