{"id":161269,"date":"2026-01-21T17:39:00","date_gmt":"2026-01-21T20:39:00","guid":{"rendered":"https:\/\/portaltela.pt\/noticias\/2026\/01\/21\/vodafone-sauda-orientacao-de-bruxelas\/"},"modified":"2026-01-21T17:39:00","modified_gmt":"2026-01-21T20:39:00","slug":"vodafone-sauda-orientacao-de-bruxelas","status":"publish","type":"post","link":"https:\/\/portaltela.pt\/noticias\/2026\/01\/21\/vodafone-sauda-orientacao-de-bruxelas\/","title":{"rendered":"Vodafone sa\u00fada orienta\u00e7\u00e3o de Bruxelas"},"content":{"rendered":"<p>A Vodafone reagiu esta quarta-feira \u00e0 proposta europeia DNA, destacando a orienta\u00e7\u00e3o clara sobre espectro e a desativa\u00e7\u00e3o de infraestruturas de cobre. A empresa afirma que a medida \u00e9 positiva para a cria\u00e7\u00e3o de um mercado \u00fanico de telecomunica\u00e7\u00f5es, mas considera insuficiente para a competitividade europeia.<\/p>\n<p>Fonte oficial do grupo refor\u00e7a que a Uni\u00e3o Europeia est\u00e1 a dar passos no sentido de um mercado \u00fanico, com impacto potencial no investimento em redes. Ainda assim, a Vodafone alerta para entraves regulat\u00f3rios que possam comprometer a inova\u00e7\u00e3o e o crescimento.<\/p>\n<p>A proposta do DNA, apresentada pela Comiss\u00e3o Europeia, pretende modernizar, simplificar e harmonizar regras sobre redes de conectividade na UE. O objetivo \u00e9 criar condi\u00e7\u00f5es para investir em redes m\u00f3veis e fibra \u00f3tica avan\u00e7adas em toda a zona.<\/p>\n<p>No entender da Vodafone, a proposta n\u00e3o prepara a Europa para competir no ecossistema digital global nem estabelece as condi\u00e7\u00f5es necess\u00e1rias para competitividade e crescimento, conforme descrito em relat\u00f3rios de refer\u00eancia de Draghi e Letta.<\/p>\n<p>A empresa avan\u00e7a que, sem resolver entraves burocr\u00e1ticos, a Europa pode perder terreno em \u00e1reas como intelig\u00eancia artificial, cloud e Internet industrial, com impactos na competitividade das empresas europeias.<\/p>\n<p>A Vodafone apela ao Parlamento e ao Conselho para aproveitarem a base do DNA e apresentarem um pacote de reformas mais ambicioso, capaz de assegurar o futuro digital do continente.<\/p>\n<h3>Medidas-chave do DNA<\/h3>\n<p>O texto prev\u00ea um quadro de autoriza\u00e7\u00e3o de espectro a n\u00edvel da UE, promovendo maior consist\u00eancia entre Estados-membros. Licen\u00e7as de espectro devem ser mais longas e renov\u00e1veis por defeito, aumentando previsibilidade para operadores.<\/p>\n<p>Outra meta \u00e9 incentivar a cria\u00e7\u00e3o de conectividade por sat\u00e9lite pan-europeu e tornar mais comum a partilha de espectro entre operadores, para ampliar a cobertura e a efici\u00eancia.<\/p>\n<p>O DNA introduz mecanismos de coopera\u00e7\u00e3o entre fornecedores de conectividade, aplica\u00e7\u00f5es de conte\u00fado e servi\u00e7os na cloud, visando maior sinergia no ecossistema digital.<\/p>\n<p>Os planos nacionais de transi\u00e7\u00e3o obrigat\u00f3rios definem a elimina\u00e7\u00e3o gradual de redes de cobre e a migra\u00e7\u00e3o para redes avan\u00e7adas entre 2030 e 2035. Os Estados-membros devem apresentar os seus planos em 2029.<\/p>\n","protected":false},"excerpt":{"rendered":"<ul>\n<li>A Vodafone felicitou a orienta\u00e7\u00e3o clara da Comiss\u00e3o Europeia sobre espectro e desativa\u00e7\u00e3o de infraestruturas de cobre no \u00e2mbito da proposta DNA.<\/li>\n<li>A empresa afirma que a Europa est\u00e1 a dar passos para um mercado \u00fanico de telecomunica\u00e7\u00f5es, mas que a proposta n\u00e3o prepara a UE para competir no ecossistema digital global.<\/li>\n<li>O DNA visa modernizar e harmonizar regras para incentivar investimentos em redes m\u00f3veis e fibra \u00f3ptica avan\u00e7adas, incluindo autoriza\u00e7\u00e3o de espectro a n\u00edvel da UE e licen\u00e7as mais longas.<\/li>\n<li>A Vodafone alerta que, sem resolver entraves burocr\u00e1ticos e desequil\u00edbrios regulat\u00f3rios, a Europa poder\u00e1 perder terreno em \u00e1reas como IA, cloud e Internet industrial.<\/li>\n<li>O Parlamento e o Conselho devem, com base nesta proposta, avan\u00e7ar para um pacote de reformas mais ambicioso; o DNA prev\u00ea planos nacionais de transi\u00e7\u00e3o obrigat\u00f3rios para eliminar o cobre entre 2030 e 2035, com planos nacionais em 2029.<\/li>\n<\/ul>\n","protected":false},"author":2,"featured_media":161296,"comment_status":"closed","ping_status":"closed","sticky":false,"template":"","format":"standard","meta":{"footnotes":""},"categories":[],"tags":[2086,51,39,2377,2171,2055],"class_list":["post-161269","post","type-post","status-publish","format-standard","has-post-thumbnail","hentry","tag-cloud-soberana","tag-inteligencia-artificial","tag-internet","tag-regulacao-internacional","tag-telecomunicacoes","tag-uniao-europeia"],"yoast_head":"<!-- This site is optimized with the Yoast SEO plugin v27.2 - https:\/\/yoast.com\/product\/yoast-seo-wordpress\/ -->\n<title>Vodafone sa\u00fada orienta\u00e7\u00e3o de Bruxelas - Portal Tela Portugal<\/title>\n<meta name=\"robots\" content=\"index, follow, max-snippet:-1, max-image-preview:large, max-video-preview:-1\" \/>\n<meta property=\"og:locale\" content=\"pt_PT\" \/>\n<meta property=\"og:type\" content=\"article\" \/>\n<meta property=\"og:title\" content=\"Vodafone sa\u00fada orienta\u00e7\u00e3o de Bruxelas - Portal Tela Portugal\" \/>\n<meta property=\"og:description\" content=\"A Vodafone felicitou a orienta\u00e7\u00e3o clara da Comiss\u00e3o Europeia sobre espectro e desativa\u00e7\u00e3o de infraestruturas de cobre no \u00e2mbito da proposta DNA. A empresa afirma que a Europa est\u00e1 a dar passos para um mercado \u00fanico de telecomunica\u00e7\u00f5es, mas que a proposta n\u00e3o prepara a UE para competir no ecossistema digital global. O DNA visa modernizar e harmonizar regras para incentivar investimentos em redes m\u00f3veis e fibra \u00f3ptica avan\u00e7adas, incluindo autoriza\u00e7\u00e3o de espectro a n\u00edvel da UE e licen\u00e7as mais longas. A Vodafone alerta que, sem resolver entraves burocr\u00e1ticos e desequil\u00edbrios regulat\u00f3rios, a Europa poder\u00e1 perder terreno em \u00e1reas como IA, cloud e Internet industrial. O Parlamento e o Conselho devem, com base nesta proposta, avan\u00e7ar para um pacote de reformas mais ambicioso; o DNA prev\u00ea planos nacionais de transi\u00e7\u00e3o obrigat\u00f3rios para eliminar o cobre entre 2030 e 2035, com planos nacionais em 2029.\" \/>\n<meta property=\"og:url\" content=\"https:\/\/portaltela.pt\/noticias\/2026\/01\/21\/vodafone-sauda-orientacao-de-bruxelas\/\" \/>\n<meta property=\"og:site_name\" content=\"Portal Tela Portugal\" \/>\n<meta property=\"article:published_time\" content=\"2026-01-21T20:39:00+00:00\" \/>\n<meta name=\"author\" content=\"Telinha\" \/>\n<meta name=\"twitter:card\" content=\"summary_large_image\" \/>\n<meta name=\"twitter:label1\" content=\"Escrito por\" \/>\n\t<meta name=\"twitter:data1\" content=\"Telinha\" \/>\n\t<meta name=\"twitter:label2\" content=\"Tempo estimado de leitura\" \/>\n\t<meta name=\"twitter:data2\" content=\"2 minutos\" \/>\n<script type=\"application\/ld+json\" class=\"yoast-schema-graph\">{\"@context\":\"https:\/\/schema.org\",\"@graph\":[{\"@type\":\"Article\",\"@id\":\"https:\/\/portaltela.pt\/noticias\/2026\/01\/21\/vodafone-sauda-orientacao-de-bruxelas\/#article\",\"isPartOf\":{\"@id\":\"https:\/\/portaltela.pt\/noticias\/2026\/01\/21\/vodafone-sauda-orientacao-de-bruxelas\/\"},\"author\":{\"name\":\"Telinha\",\"@id\":\"https:\/\/portaltela.pt\/#\/schema\/person\/c4278d4a6028830caff9ee44b42d32ed\"},\"headline\":\"Vodafone sa\u00fada orienta\u00e7\u00e3o de Bruxelas\",\"datePublished\":\"2026-01-21T20:39:00+00:00\",\"mainEntityOfPage\":{\"@id\":\"https:\/\/portaltela.pt\/noticias\/2026\/01\/21\/vodafone-sauda-orientacao-de-bruxelas\/\"},\"wordCount\":377,\"image\":{\"@id\":\"https:\/\/portaltela.pt\/noticias\/2026\/01\/21\/vodafone-sauda-orientacao-de-bruxelas\/#primaryimage\"},\"thumbnailUrl\":\"https:\/\/portaltela.pt\/s.01k8rhncp4jt1\/2026\/01\/42812788-1.jpg\",\"keywords\":[\"cloud soberana\",\"intelig\u00eancia artificial\",\"internet\",\"regula\u00e7\u00e3o internacional\",\"telecomunica\u00e7\u00f5es\",\"Uni\u00e3o Europeia\"],\"inLanguage\":\"pt-PT\"},{\"@type\":\"WebPage\",\"@id\":\"https:\/\/portaltela.pt\/noticias\/2026\/01\/21\/vodafone-sauda-orientacao-de-bruxelas\/\",\"url\":\"https:\/\/portaltela.pt\/noticias\/2026\/01\/21\/vodafone-sauda-orientacao-de-bruxelas\/\",\"name\":\"Vodafone sa\u00fada orienta\u00e7\u00e3o de Bruxelas - Portal Tela Portugal\",\"isPartOf\":{\"@id\":\"https:\/\/portaltela.pt\/#website\"},\"primaryImageOfPage\":{\"@id\":\"https:\/\/portaltela.pt\/noticias\/2026\/01\/21\/vodafone-sauda-orientacao-de-bruxelas\/#primaryimage\"},\"image\":{\"@id\":\"https:\/\/portaltela.pt\/noticias\/2026\/01\/21\/vodafone-sauda-orientacao-de-bruxelas\/#primaryimage\"},\"thumbnailUrl\":\"https:\/\/portaltela.pt\/s.01k8rhncp4jt1\/2026\/01\/42812788-1.jpg\",\"datePublished\":\"2026-01-21T20:39:00+00:00\",\"author\":{\"@id\":\"https:\/\/portaltela.pt\/#\/schema\/person\/c4278d4a6028830caff9ee44b42d32ed\"},\"breadcrumb\":{\"@id\":\"https:\/\/portaltela.pt\/noticias\/2026\/01\/21\/vodafone-sauda-orientacao-de-bruxelas\/#breadcrumb\"},\"inLanguage\":\"pt-PT\",\"potentialAction\":[{\"@type\":\"ReadAction\",\"target\":[\"https:\/\/portaltela.pt\/noticias\/2026\/01\/21\/vodafone-sauda-orientacao-de-bruxelas\/\"]}]},{\"@type\":\"ImageObject\",\"inLanguage\":\"pt-PT\",\"@id\":\"https:\/\/portaltela.pt\/noticias\/2026\/01\/21\/vodafone-sauda-orientacao-de-bruxelas\/#primaryimage\",\"url\":\"https:\/\/portaltela.pt\/s.01k8rhncp4jt1\/2026\/01\/42812788-1.jpg\",\"contentUrl\":\"https:\/\/portaltela.pt\/s.01k8rhncp4jt1\/2026\/01\/42812788-1.jpg\",\"width\":796,\"height\":448,\"caption\":\"epa11324861 Co-Chair of the Bill and Melinda Gates Foundation Bill Gates speaks during the Berlin Global Solutions Summit in Berlin, Germany, 07 May 2024. Berlin Global Solutions Summit, running from 06 to 07 May 2024, is an international conference addressing key policy challenges. EPA\/CLEMENS BILAN\"},{\"@type\":\"BreadcrumbList\",\"@id\":\"https:\/\/portaltela.pt\/noticias\/2026\/01\/21\/vodafone-sauda-orientacao-de-bruxelas\/#breadcrumb\",\"itemListElement\":[{\"@type\":\"ListItem\",\"position\":1,\"name\":\"In\u00edcio\",\"item\":\"https:\/\/portaltela.pt\/\"},{\"@type\":\"ListItem\",\"position\":2,\"name\":\"Vodafone sa\u00fada orienta\u00e7\u00e3o de Bruxelas\"}]},{\"@type\":\"WebSite\",\"@id\":\"https:\/\/portaltela.pt\/#website\",\"url\":\"https:\/\/portaltela.pt\/\",\"name\":\"Portal Tela Portugal\",\"description\":\"\",\"potentialAction\":[{\"@type\":\"SearchAction\",\"target\":{\"@type\":\"EntryPoint\",\"urlTemplate\":\"https:\/\/portaltela.pt\/?s={search_term_string}\"},\"query-input\":{\"@type\":\"PropertyValueSpecification\",\"valueRequired\":true,\"valueName\":\"search_term_string\"}}],\"inLanguage\":\"pt-PT\"},{\"@type\":\"Person\",\"@id\":\"https:\/\/portaltela.pt\/#\/schema\/person\/c4278d4a6028830caff9ee44b42d32ed\",\"name\":\"Telinha\",\"image\":{\"@type\":\"ImageObject\",\"inLanguage\":\"pt-PT\",\"@id\":\"https:\/\/portaltela.pt\/s.01k8rhncp4jt1\/2025\/11\/talking-bot-125x125.png\",\"url\":\"https:\/\/portaltela.pt\/s.01k8rhncp4jt1\/2025\/11\/talking-bot-125x125.png\",\"contentUrl\":\"https:\/\/portaltela.pt\/s.01k8rhncp4jt1\/2025\/11\/talking-bot-125x125.png\",\"caption\":\"Telinha\"},\"sameAs\":[\"https:\/\/portaltela.pt\/\"],\"url\":\"https:\/\/portaltela.pt\/por\/367410592786\/\"}]}<\/script>\n<!-- \/ Yoast SEO plugin. -->","yoast_head_json":{"title":"Vodafone sa\u00fada orienta\u00e7\u00e3o de Bruxelas - Portal Tela Portugal","robots":{"index":"index","follow":"follow","max-snippet":"max-snippet:-1","max-image-preview":"max-image-preview:large","max-video-preview":"max-video-preview:-1"},"og_locale":"pt_PT","og_type":"article","og_title":"Vodafone sa\u00fada orienta\u00e7\u00e3o de Bruxelas - Portal Tela Portugal","og_description":"A Vodafone felicitou a orienta\u00e7\u00e3o clara da Comiss\u00e3o Europeia sobre espectro e desativa\u00e7\u00e3o de infraestruturas de cobre no \u00e2mbito da proposta DNA. A empresa afirma que a Europa est\u00e1 a dar passos para um mercado \u00fanico de telecomunica\u00e7\u00f5es, mas que a proposta n\u00e3o prepara a UE para competir no ecossistema digital global. O DNA visa modernizar e harmonizar regras para incentivar investimentos em redes m\u00f3veis e fibra \u00f3ptica avan\u00e7adas, incluindo autoriza\u00e7\u00e3o de espectro a n\u00edvel da UE e licen\u00e7as mais longas. A Vodafone alerta que, sem resolver entraves burocr\u00e1ticos e desequil\u00edbrios regulat\u00f3rios, a Europa poder\u00e1 perder terreno em \u00e1reas como IA, cloud e Internet industrial. O Parlamento e o Conselho devem, com base nesta proposta, avan\u00e7ar para um pacote de reformas mais ambicioso; o DNA prev\u00ea planos nacionais de transi\u00e7\u00e3o obrigat\u00f3rios para eliminar o cobre entre 2030 e 2035, com planos nacionais em 2029.","og_url":"https:\/\/portaltela.pt\/noticias\/2026\/01\/21\/vodafone-sauda-orientacao-de-bruxelas\/","og_site_name":"Portal Tela Portugal","article_published_time":"2026-01-21T20:39:00+00:00","author":"Telinha","twitter_card":"summary_large_image","twitter_misc":{"Escrito por":"Telinha","Tempo estimado de leitura":"2 minutos"},"schema":{"@context":"https:\/\/schema.org","@graph":[{"@type":"Article","@id":"https:\/\/portaltela.pt\/noticias\/2026\/01\/21\/vodafone-sauda-orientacao-de-bruxelas\/#article","isPartOf":{"@id":"https:\/\/portaltela.pt\/noticias\/2026\/01\/21\/vodafone-sauda-orientacao-de-bruxelas\/"},"author":{"name":"Telinha","@id":"https:\/\/portaltela.pt\/#\/schema\/person\/c4278d4a6028830caff9ee44b42d32ed"},"headline":"Vodafone sa\u00fada orienta\u00e7\u00e3o de Bruxelas","datePublished":"2026-01-21T20:39:00+00:00","mainEntityOfPage":{"@id":"https:\/\/portaltela.pt\/noticias\/2026\/01\/21\/vodafone-sauda-orientacao-de-bruxelas\/"},"wordCount":377,"image":{"@id":"https:\/\/portaltela.pt\/noticias\/2026\/01\/21\/vodafone-sauda-orientacao-de-bruxelas\/#primaryimage"},"thumbnailUrl":"https:\/\/portaltela.pt\/s.01k8rhncp4jt1\/2026\/01\/42812788-1.jpg","keywords":["cloud soberana","intelig\u00eancia artificial","internet","regula\u00e7\u00e3o internacional","telecomunica\u00e7\u00f5es","Uni\u00e3o Europeia"],"inLanguage":"pt-PT"},{"@type":"WebPage","@id":"https:\/\/portaltela.pt\/noticias\/2026\/01\/21\/vodafone-sauda-orientacao-de-bruxelas\/","url":"https:\/\/portaltela.pt\/noticias\/2026\/01\/21\/vodafone-sauda-orientacao-de-bruxelas\/","name":"Vodafone sa\u00fada orienta\u00e7\u00e3o de Bruxelas - Portal Tela Portugal","isPartOf":{"@id":"https:\/\/portaltela.pt\/#website"},"primaryImageOfPage":{"@id":"https:\/\/portaltela.pt\/noticias\/2026\/01\/21\/vodafone-sauda-orientacao-de-bruxelas\/#primaryimage"},"image":{"@id":"https:\/\/portaltela.pt\/noticias\/2026\/01\/21\/vodafone-sauda-orientacao-de-bruxelas\/#primaryimage"},"thumbnailUrl":"https:\/\/portaltela.pt\/s.01k8rhncp4jt1\/2026\/01\/42812788-1.jpg","datePublished":"2026-01-21T20:39:00+00:00","author":{"@id":"https:\/\/portaltela.pt\/#\/schema\/person\/c4278d4a6028830caff9ee44b42d32ed"},"breadcrumb":{"@id":"https:\/\/portaltela.pt\/noticias\/2026\/01\/21\/vodafone-sauda-orientacao-de-bruxelas\/#breadcrumb"},"inLanguage":"pt-PT","potentialAction":[{"@type":"ReadAction","target":["https:\/\/portaltela.pt\/noticias\/2026\/01\/21\/vodafone-sauda-orientacao-de-bruxelas\/"]}]},{"@type":"ImageObject","inLanguage":"pt-PT","@id":"https:\/\/portaltela.pt\/noticias\/2026\/01\/21\/vodafone-sauda-orientacao-de-bruxelas\/#primaryimage","url":"https:\/\/portaltela.pt\/s.01k8rhncp4jt1\/2026\/01\/42812788-1.jpg","contentUrl":"https:\/\/portaltela.pt\/s.01k8rhncp4jt1\/2026\/01\/42812788-1.jpg","width":796,"height":448,"caption":"epa11324861 Co-Chair of the Bill and Melinda Gates Foundation Bill Gates speaks during the Berlin Global Solutions Summit in Berlin, Germany, 07 May 2024. Berlin Global Solutions Summit, running from 06 to 07 May 2024, is an international conference addressing key policy challenges. EPA\/CLEMENS BILAN"},{"@type":"BreadcrumbList","@id":"https:\/\/portaltela.pt\/noticias\/2026\/01\/21\/vodafone-sauda-orientacao-de-bruxelas\/#breadcrumb","itemListElement":[{"@type":"ListItem","position":1,"name":"In\u00edcio","item":"https:\/\/portaltela.pt\/"},{"@type":"ListItem","position":2,"name":"Vodafone sa\u00fada orienta\u00e7\u00e3o de Bruxelas"}]},{"@type":"WebSite","@id":"https:\/\/portaltela.pt\/#website","url":"https:\/\/portaltela.pt\/","name":"Portal Tela Portugal","description":"","potentialAction":[{"@type":"SearchAction","target":{"@type":"EntryPoint","urlTemplate":"https:\/\/portaltela.pt\/?s={search_term_string}"},"query-input":{"@type":"PropertyValueSpecification","valueRequired":true,"valueName":"search_term_string"}}],"inLanguage":"pt-PT"},{"@type":"Person","@id":"https:\/\/portaltela.pt\/#\/schema\/person\/c4278d4a6028830caff9ee44b42d32ed","name":"Telinha","image":{"@type":"ImageObject","inLanguage":"pt-PT","@id":"https:\/\/portaltela.pt\/s.01k8rhncp4jt1\/2025\/11\/talking-bot-125x125.png","url":"https:\/\/portaltela.pt\/s.01k8rhncp4jt1\/2025\/11\/talking-bot-125x125.png","contentUrl":"https:\/\/portaltela.pt\/s.01k8rhncp4jt1\/2025\/11\/talking-bot-125x125.png","caption":"Telinha"},"sameAs":["https:\/\/portaltela.pt\/"],"url":"https:\/\/portaltela.pt\/por\/367410592786\/"}]}},"_links":{"self":[{"href":"https:\/\/portaltela.pt\/api\/wp\/v2\/posts\/161269","targetHints":{"allow":["GET"]}}],"collection":[{"href":"https:\/\/portaltela.pt\/api\/wp\/v2\/posts"}],"about":[{"href":"https:\/\/portaltela.pt\/api\/wp\/v2\/types\/post"}],"author":[{"embeddable":true,"href":"https:\/\/portaltela.pt\/api\/wp\/v2\/users\/2"}],"replies":[{"embeddable":true,"href":"https:\/\/portaltela.pt\/api\/wp\/v2\/comments?post=161269"}],"version-history":[{"count":0,"href":"https:\/\/portaltela.pt\/api\/wp\/v2\/posts\/161269\/revisions"}],"wp:featuredmedia":[{"embeddable":true,"href":"https:\/\/portaltela.pt\/api\/wp\/v2\/media\/161296"}],"wp:attachment":[{"href":"https:\/\/portaltela.pt\/api\/wp\/v2\/media?parent=161269"}],"wp:term":[{"taxonomy":"category","embeddable":true,"href":"https:\/\/portaltela.pt\/api\/wp\/v2\/categories?post=161269"},{"taxonomy":"post_tag","embeddable":true,"href":"https:\/\/portaltela.pt\/api\/wp\/v2\/tags?post=161269"}],"curies":[{"name":"wp","href":"https:\/\/api.w.org\/{rel}","templated":true}]}}