{"id":161261,"date":"2026-01-21T17:40:22","date_gmt":"2026-01-21T20:40:22","guid":{"rendered":"https:\/\/portaltela.pt\/noticias\/2026\/01\/21\/jorge-mere-e-reforco-do-penafiel\/"},"modified":"2026-01-21T17:40:22","modified_gmt":"2026-01-21T20:40:22","slug":"jorge-mere-e-reforco-do-penafiel","status":"publish","type":"post","link":"https:\/\/portaltela.pt\/desporto\/futebol\/2026\/01\/21\/jorge-mere-e-reforco-do-penafiel\/","title":{"rendered":"Jorge Mer\u00e9 \u00e9 refor\u00e7o do Penafiel"},"content":{"rendered":"<p>O Penafiel anunciou nesta quarta-feira a contrata\u00e7\u00e3o do defesa central Jorge Mer\u00e9, que chega a t\u00edtulo definitivo at\u00e9 ao final da presente temporada. A transfer\u00eancia ocorreu a custo zero, ap\u00f3s a sa\u00edda do jogador do Club Am\u00e9rica. Mer\u00e9 estava livre e assina pelo clube da 1.\u00aa Liga.<\/p>\n<p>O internacional espanhol fica sem clube desde a sua desvincula\u00e7\u00e3o do Club Am\u00e9rica, equipa mexicana onde atuava por contrato pr\u00f3prio. A contrata\u00e7\u00e3o insere-se na pol\u00edtica de refor\u00e7os do Penafiel para a segunda metade da \u00e9poca.<\/p>\n<h3>Percurso e curr\u00edculum<\/h3>\n<p>Formado no Sporting de Gij\u00f3n, Mer\u00e9 foi s\u00e9nior pela primeira vez no clube espanhol. Representou a sele\u00e7\u00e3o de jovens de Espanha, conquistando t\u00edtulos europeus de sub-19 e sub-21. Deslocou-se depois \u00e0 Alemanha para jogar pelo Col\u00f3nia, onde alcan\u00e7ou a 2.\u00aa Liga.<\/p>\n<p>Nos \u00faltimos anos, o central teve liga\u00e7\u00e3o ao C\u00e1diz, por empr\u00e9stimo da forma\u00e7\u00e3o mexicana, antes de chegar ao Penafiel para a defini\u00e7\u00e3o do seu v\u00ednculo. O jogador chega com experi\u00eancia internacional em fases jovens e na Liga alem\u00e3.<\/p>\n","protected":false},"excerpt":{"rendered":"<ul>\n<li>O Penafiel oficializou a contrata\u00e7\u00e3o do defesa central espanhol Jorge Mer\u00e9, de 28 anos, at\u00e9 ao final da temporada.<\/li>\n<li>Mer\u00e9 chega a custo zero, ap\u00f3s desvincular-se dos mexicanos do Club Am\u00e9rica.<\/li>\n<li>O jogador \u00e9 formado no Sporting de Gij\u00f3n e foi internacional jovem de Espanha, vencendo campeonatos europeus sub-19 e sub-21.<\/li>\n<li>Na Alemanha, atuou pelo Col\u00f3nia, onde conquistou a 2.\u00aa Liga.<\/li>\n<li>Nos \u00faltimos anos esteve ligado ao C\u00e1diz por empr\u00e9stimo da forma\u00e7\u00e3o mexicana.<\/li>\n<\/ul>\n","protected":false},"author":2,"featured_media":161285,"comment_status":"closed","ping_status":"closed","sticky":false,"template":"","format":"standard","meta":{"footnotes":""},"categories":[21,24],"tags":[2500,2031,32,1684,242],"class_list":["post-161261","post","type-post","status-publish","format-standard","has-post-thumbnail","hentry","category-desporto","category-futebol","tag-colonia","tag-espanha","tag-futebol","tag-i-liga","tag-jogadores"],"yoast_head":"<!-- This site is optimized with the Yoast SEO plugin v27.2 - https:\/\/yoast.com\/product\/yoast-seo-wordpress\/ -->\n<title>Jorge Mer\u00e9 \u00e9 refor\u00e7o do Penafiel - Portal Tela Portugal<\/title>\n<meta name=\"robots\" content=\"index, follow, max-snippet:-1, max-image-preview:large, max-video-preview:-1\" \/>\n<meta property=\"og:locale\" content=\"pt_PT\" \/>\n<meta property=\"og:type\" content=\"article\" \/>\n<meta property=\"og:title\" content=\"Jorge Mer\u00e9 \u00e9 refor\u00e7o do Penafiel - Portal Tela Portugal\" \/>\n<meta property=\"og:description\" content=\"O Penafiel oficializou a contrata\u00e7\u00e3o do defesa central espanhol Jorge Mer\u00e9, de 28 anos, at\u00e9 ao final da temporada. Mer\u00e9 chega a custo zero, ap\u00f3s desvincular-se dos mexicanos do Club Am\u00e9rica. O jogador \u00e9 formado no Sporting de Gij\u00f3n e foi internacional jovem de Espanha, vencendo campeonatos europeus sub-19 e sub-21. Na Alemanha, atuou pelo Col\u00f3nia, onde conquistou a 2.\u00aa Liga. Nos \u00faltimos anos esteve ligado ao C\u00e1diz por empr\u00e9stimo da forma\u00e7\u00e3o mexicana.\" \/>\n<meta property=\"og:url\" content=\"https:\/\/portaltela.pt\/noticias\/2026\/01\/21\/jorge-mere-e-reforco-do-penafiel\/\" \/>\n<meta property=\"og:site_name\" content=\"Portal Tela Portugal\" \/>\n<meta property=\"article:published_time\" content=\"2026-01-21T20:40:22+00:00\" \/>\n<meta name=\"author\" content=\"Telinha\" \/>\n<meta name=\"twitter:card\" content=\"summary_large_image\" \/>\n<meta name=\"twitter:label1\" content=\"Escrito por\" \/>\n\t<meta name=\"twitter:data1\" content=\"Telinha\" \/>\n\t<meta name=\"twitter:label2\" content=\"Tempo estimado de leitura\" \/>\n\t<meta name=\"twitter:data2\" content=\"1 minuto\" \/>\n<script type=\"application\/ld+json\" class=\"yoast-schema-graph\">{\"@context\":\"https:\/\/schema.org\",\"@graph\":[{\"@type\":\"Article\",\"@id\":\"https:\/\/portaltela.pt\/noticias\/2026\/01\/21\/jorge-mere-e-reforco-do-penafiel\/#article\",\"isPartOf\":{\"@id\":\"https:\/\/portaltela.pt\/noticias\/2026\/01\/21\/jorge-mere-e-reforco-do-penafiel\/\"},\"author\":{\"name\":\"Telinha\",\"@id\":\"https:\/\/portaltela.pt\/#\/schema\/person\/c4278d4a6028830caff9ee44b42d32ed\"},\"headline\":\"Jorge Mer\u00e9 \u00e9 refor\u00e7o do Penafiel\",\"datePublished\":\"2026-01-21T20:40:22+00:00\",\"mainEntityOfPage\":{\"@id\":\"https:\/\/portaltela.pt\/noticias\/2026\/01\/21\/jorge-mere-e-reforco-do-penafiel\/\"},\"wordCount\":193,\"image\":{\"@id\":\"https:\/\/portaltela.pt\/noticias\/2026\/01\/21\/jorge-mere-e-reforco-do-penafiel\/#primaryimage\"},\"thumbnailUrl\":\"https:\/\/portaltela.pt\/s.01k8rhncp4jt1\/2026\/01\/img_920x518uu2026-01-21-20-37-19-2416404.jpg\",\"keywords\":[\"Col\u00f3nia\",\"Espanha\",\"futebol\",\"I Liga\",\"jogadores\"],\"articleSection\":[\"Desporto\",\"Futebol\"],\"inLanguage\":\"pt-PT\"},{\"@type\":\"WebPage\",\"@id\":\"https:\/\/portaltela.pt\/noticias\/2026\/01\/21\/jorge-mere-e-reforco-do-penafiel\/\",\"url\":\"https:\/\/portaltela.pt\/noticias\/2026\/01\/21\/jorge-mere-e-reforco-do-penafiel\/\",\"name\":\"Jorge Mer\u00e9 \u00e9 refor\u00e7o do Penafiel - Portal Tela Portugal\",\"isPartOf\":{\"@id\":\"https:\/\/portaltela.pt\/#website\"},\"primaryImageOfPage\":{\"@id\":\"https:\/\/portaltela.pt\/noticias\/2026\/01\/21\/jorge-mere-e-reforco-do-penafiel\/#primaryimage\"},\"image\":{\"@id\":\"https:\/\/portaltela.pt\/noticias\/2026\/01\/21\/jorge-mere-e-reforco-do-penafiel\/#primaryimage\"},\"thumbnailUrl\":\"https:\/\/portaltela.pt\/s.01k8rhncp4jt1\/2026\/01\/img_920x518uu2026-01-21-20-37-19-2416404.jpg\",\"datePublished\":\"2026-01-21T20:40:22+00:00\",\"author\":{\"@id\":\"https:\/\/portaltela.pt\/#\/schema\/person\/c4278d4a6028830caff9ee44b42d32ed\"},\"breadcrumb\":{\"@id\":\"https:\/\/portaltela.pt\/noticias\/2026\/01\/21\/jorge-mere-e-reforco-do-penafiel\/#breadcrumb\"},\"inLanguage\":\"pt-PT\",\"potentialAction\":[{\"@type\":\"ReadAction\",\"target\":[\"https:\/\/portaltela.pt\/noticias\/2026\/01\/21\/jorge-mere-e-reforco-do-penafiel\/\"]}]},{\"@type\":\"ImageObject\",\"inLanguage\":\"pt-PT\",\"@id\":\"https:\/\/portaltela.pt\/noticias\/2026\/01\/21\/jorge-mere-e-reforco-do-penafiel\/#primaryimage\",\"url\":\"https:\/\/portaltela.pt\/s.01k8rhncp4jt1\/2026\/01\/img_920x518uu2026-01-21-20-37-19-2416404.jpg\",\"contentUrl\":\"https:\/\/portaltela.pt\/s.01k8rhncp4jt1\/2026\/01\/img_920x518uu2026-01-21-20-37-19-2416404.jpg\",\"width\":796,\"height\":448,\"caption\":\"Jorge Mer\u00e9\"},{\"@type\":\"BreadcrumbList\",\"@id\":\"https:\/\/portaltela.pt\/noticias\/2026\/01\/21\/jorge-mere-e-reforco-do-penafiel\/#breadcrumb\",\"itemListElement\":[{\"@type\":\"ListItem\",\"position\":1,\"name\":\"In\u00edcio\",\"item\":\"https:\/\/portaltela.pt\/\"},{\"@type\":\"ListItem\",\"position\":2,\"name\":\"Jorge Mer\u00e9 \u00e9 refor\u00e7o do Penafiel\"}]},{\"@type\":\"WebSite\",\"@id\":\"https:\/\/portaltela.pt\/#website\",\"url\":\"https:\/\/portaltela.pt\/\",\"name\":\"Portal Tela Portugal\",\"description\":\"\",\"potentialAction\":[{\"@type\":\"SearchAction\",\"target\":{\"@type\":\"EntryPoint\",\"urlTemplate\":\"https:\/\/portaltela.pt\/?s={search_term_string}\"},\"query-input\":{\"@type\":\"PropertyValueSpecification\",\"valueRequired\":true,\"valueName\":\"search_term_string\"}}],\"inLanguage\":\"pt-PT\"},{\"@type\":\"Person\",\"@id\":\"https:\/\/portaltela.pt\/#\/schema\/person\/c4278d4a6028830caff9ee44b42d32ed\",\"name\":\"Telinha\",\"image\":{\"@type\":\"ImageObject\",\"inLanguage\":\"pt-PT\",\"@id\":\"https:\/\/portaltela.pt\/s.01k8rhncp4jt1\/2025\/11\/talking-bot-125x125.png\",\"url\":\"https:\/\/portaltela.pt\/s.01k8rhncp4jt1\/2025\/11\/talking-bot-125x125.png\",\"contentUrl\":\"https:\/\/portaltela.pt\/s.01k8rhncp4jt1\/2025\/11\/talking-bot-125x125.png\",\"caption\":\"Telinha\"},\"sameAs\":[\"https:\/\/portaltela.pt\/\"],\"url\":\"https:\/\/portaltela.pt\/por\/367410592786\/\"}]}<\/script>\n<!-- \/ Yoast SEO plugin. -->","yoast_head_json":{"title":"Jorge Mer\u00e9 \u00e9 refor\u00e7o do Penafiel - Portal Tela Portugal","robots":{"index":"index","follow":"follow","max-snippet":"max-snippet:-1","max-image-preview":"max-image-preview:large","max-video-preview":"max-video-preview:-1"},"og_locale":"pt_PT","og_type":"article","og_title":"Jorge Mer\u00e9 \u00e9 refor\u00e7o do Penafiel - Portal Tela Portugal","og_description":"O Penafiel oficializou a contrata\u00e7\u00e3o do defesa central espanhol Jorge Mer\u00e9, de 28 anos, at\u00e9 ao final da temporada. Mer\u00e9 chega a custo zero, ap\u00f3s desvincular-se dos mexicanos do Club Am\u00e9rica. O jogador \u00e9 formado no Sporting de Gij\u00f3n e foi internacional jovem de Espanha, vencendo campeonatos europeus sub-19 e sub-21. Na Alemanha, atuou pelo Col\u00f3nia, onde conquistou a 2.\u00aa Liga. Nos \u00faltimos anos esteve ligado ao C\u00e1diz por empr\u00e9stimo da forma\u00e7\u00e3o mexicana.","og_url":"https:\/\/portaltela.pt\/noticias\/2026\/01\/21\/jorge-mere-e-reforco-do-penafiel\/","og_site_name":"Portal Tela Portugal","article_published_time":"2026-01-21T20:40:22+00:00","author":"Telinha","twitter_card":"summary_large_image","twitter_misc":{"Escrito por":"Telinha","Tempo estimado de leitura":"1 minuto"},"schema":{"@context":"https:\/\/schema.org","@graph":[{"@type":"Article","@id":"https:\/\/portaltela.pt\/noticias\/2026\/01\/21\/jorge-mere-e-reforco-do-penafiel\/#article","isPartOf":{"@id":"https:\/\/portaltela.pt\/noticias\/2026\/01\/21\/jorge-mere-e-reforco-do-penafiel\/"},"author":{"name":"Telinha","@id":"https:\/\/portaltela.pt\/#\/schema\/person\/c4278d4a6028830caff9ee44b42d32ed"},"headline":"Jorge Mer\u00e9 \u00e9 refor\u00e7o do Penafiel","datePublished":"2026-01-21T20:40:22+00:00","mainEntityOfPage":{"@id":"https:\/\/portaltela.pt\/noticias\/2026\/01\/21\/jorge-mere-e-reforco-do-penafiel\/"},"wordCount":193,"image":{"@id":"https:\/\/portaltela.pt\/noticias\/2026\/01\/21\/jorge-mere-e-reforco-do-penafiel\/#primaryimage"},"thumbnailUrl":"https:\/\/portaltela.pt\/s.01k8rhncp4jt1\/2026\/01\/img_920x518uu2026-01-21-20-37-19-2416404.jpg","keywords":["Col\u00f3nia","Espanha","futebol","I Liga","jogadores"],"articleSection":["Desporto","Futebol"],"inLanguage":"pt-PT"},{"@type":"WebPage","@id":"https:\/\/portaltela.pt\/noticias\/2026\/01\/21\/jorge-mere-e-reforco-do-penafiel\/","url":"https:\/\/portaltela.pt\/noticias\/2026\/01\/21\/jorge-mere-e-reforco-do-penafiel\/","name":"Jorge Mer\u00e9 \u00e9 refor\u00e7o do Penafiel - Portal Tela Portugal","isPartOf":{"@id":"https:\/\/portaltela.pt\/#website"},"primaryImageOfPage":{"@id":"https:\/\/portaltela.pt\/noticias\/2026\/01\/21\/jorge-mere-e-reforco-do-penafiel\/#primaryimage"},"image":{"@id":"https:\/\/portaltela.pt\/noticias\/2026\/01\/21\/jorge-mere-e-reforco-do-penafiel\/#primaryimage"},"thumbnailUrl":"https:\/\/portaltela.pt\/s.01k8rhncp4jt1\/2026\/01\/img_920x518uu2026-01-21-20-37-19-2416404.jpg","datePublished":"2026-01-21T20:40:22+00:00","author":{"@id":"https:\/\/portaltela.pt\/#\/schema\/person\/c4278d4a6028830caff9ee44b42d32ed"},"breadcrumb":{"@id":"https:\/\/portaltela.pt\/noticias\/2026\/01\/21\/jorge-mere-e-reforco-do-penafiel\/#breadcrumb"},"inLanguage":"pt-PT","potentialAction":[{"@type":"ReadAction","target":["https:\/\/portaltela.pt\/noticias\/2026\/01\/21\/jorge-mere-e-reforco-do-penafiel\/"]}]},{"@type":"ImageObject","inLanguage":"pt-PT","@id":"https:\/\/portaltela.pt\/noticias\/2026\/01\/21\/jorge-mere-e-reforco-do-penafiel\/#primaryimage","url":"https:\/\/portaltela.pt\/s.01k8rhncp4jt1\/2026\/01\/img_920x518uu2026-01-21-20-37-19-2416404.jpg","contentUrl":"https:\/\/portaltela.pt\/s.01k8rhncp4jt1\/2026\/01\/img_920x518uu2026-01-21-20-37-19-2416404.jpg","width":796,"height":448,"caption":"Jorge Mer\u00e9"},{"@type":"BreadcrumbList","@id":"https:\/\/portaltela.pt\/noticias\/2026\/01\/21\/jorge-mere-e-reforco-do-penafiel\/#breadcrumb","itemListElement":[{"@type":"ListItem","position":1,"name":"In\u00edcio","item":"https:\/\/portaltela.pt\/"},{"@type":"ListItem","position":2,"name":"Jorge Mer\u00e9 \u00e9 refor\u00e7o do Penafiel"}]},{"@type":"WebSite","@id":"https:\/\/portaltela.pt\/#website","url":"https:\/\/portaltela.pt\/","name":"Portal Tela Portugal","description":"","potentialAction":[{"@type":"SearchAction","target":{"@type":"EntryPoint","urlTemplate":"https:\/\/portaltela.pt\/?s={search_term_string}"},"query-input":{"@type":"PropertyValueSpecification","valueRequired":true,"valueName":"search_term_string"}}],"inLanguage":"pt-PT"},{"@type":"Person","@id":"https:\/\/portaltela.pt\/#\/schema\/person\/c4278d4a6028830caff9ee44b42d32ed","name":"Telinha","image":{"@type":"ImageObject","inLanguage":"pt-PT","@id":"https:\/\/portaltela.pt\/s.01k8rhncp4jt1\/2025\/11\/talking-bot-125x125.png","url":"https:\/\/portaltela.pt\/s.01k8rhncp4jt1\/2025\/11\/talking-bot-125x125.png","contentUrl":"https:\/\/portaltela.pt\/s.01k8rhncp4jt1\/2025\/11\/talking-bot-125x125.png","caption":"Telinha"},"sameAs":["https:\/\/portaltela.pt\/"],"url":"https:\/\/portaltela.pt\/por\/367410592786\/"}]}},"_links":{"self":[{"href":"https:\/\/portaltela.pt\/api\/wp\/v2\/posts\/161261","targetHints":{"allow":["GET"]}}],"collection":[{"href":"https:\/\/portaltela.pt\/api\/wp\/v2\/posts"}],"about":[{"href":"https:\/\/portaltela.pt\/api\/wp\/v2\/types\/post"}],"author":[{"embeddable":true,"href":"https:\/\/portaltela.pt\/api\/wp\/v2\/users\/2"}],"replies":[{"embeddable":true,"href":"https:\/\/portaltela.pt\/api\/wp\/v2\/comments?post=161261"}],"version-history":[{"count":0,"href":"https:\/\/portaltela.pt\/api\/wp\/v2\/posts\/161261\/revisions"}],"wp:featuredmedia":[{"embeddable":true,"href":"https:\/\/portaltela.pt\/api\/wp\/v2\/media\/161285"}],"wp:attachment":[{"href":"https:\/\/portaltela.pt\/api\/wp\/v2\/media?parent=161261"}],"wp:term":[{"taxonomy":"category","embeddable":true,"href":"https:\/\/portaltela.pt\/api\/wp\/v2\/categories?post=161261"},{"taxonomy":"post_tag","embeddable":true,"href":"https:\/\/portaltela.pt\/api\/wp\/v2\/tags?post=161261"}],"curies":[{"name":"wp","href":"https:\/\/api.w.org\/{rel}","templated":true}]}}