{"id":161227,"date":"2026-01-21T16:50:00","date_gmt":"2026-01-21T19:50:00","guid":{"rendered":"https:\/\/portaltela.pt\/noticias\/2026\/01\/21\/carnaval-em-lisboa-recebe-desfiles-da-comunidade-brasileira\/"},"modified":"2026-01-21T16:50:00","modified_gmt":"2026-01-21T19:50:00","slug":"carnaval-em-lisboa-recebe-desfiles-da-comunidade-brasileira","status":"publish","type":"post","link":"https:\/\/portaltela.pt\/noticias\/2026\/01\/21\/carnaval-em-lisboa-recebe-desfiles-da-comunidade-brasileira\/","title":{"rendered":"Carnaval em Lisboa recebe desfiles da comunidade brasileira"},"content":{"rendered":"<p>A cidade de Lisboa vai celebrar o Carnaval com desfiles organizados pela comunidade brasileira, entre 13 e 17 de fevereiro. A iniciativa ocorre no \u00e2mbito de um protocolo de coopera\u00e7\u00e3o entre a C\u00e2mara Municipal de Lisboa (CML) e a embaixada do Brasil em Portugal.<\/p>\n<p>A C\u00e2mara de Lisboa confirmou que s\u00e3o 17 blocos de Carnaval, com percursos em cerca de oito freguesias da cidade. As atividades s\u00e3o promovidas pela Uni\u00e3o dos Blocos de Carnaval de Rua de Lisboa. O conjunto de desfiles assinala o Carnaval no dia 17 de fevereiro.<\/p>\n<p>O protocolo, assinado em 2025 e vigente at\u00e9 2027, reconhece o Carnaval como manifesta\u00e7\u00e3o cultural de interesse para a comunidade brasileira e para a cidade. O apoio municipal inclui licen\u00e7a para ocupa\u00e7\u00e3o de espa\u00e7o p\u00fablico e organiza\u00e7\u00e3o de higiene urbana.<\/p>\n<p>A CML explica que o apoio envolve a emiss\u00e3o de licen\u00e7as e o encaminhamento de documenta\u00e7\u00e3o necess\u00e1ria, bem como o refor\u00e7o da limpeza, a disponibiliza\u00e7\u00e3o de contentores de res\u00edduos urbanos e de reciclagem, e a articula\u00e7\u00e3o com as juntas de freguesia.<\/p>\n<p>Al\u00e9m dos desfiles, o munic\u00edpio adianta a realiza\u00e7\u00e3o de outros eventos carnavalescos pela cidade, entre 13 e 17 de fevereiro, promovidos por v\u00e1rias entidades e com foco regional.<\/p>\n<p>Lisboa n\u00e3o acolhe cortejos de outras zonas do pa\u00eds durante o Carnaval, mas recebe tradicionalmente a Embaixada Real do Carnaval de Torres Vedras antes do fim de semana de festa, para promover o Carnaval junto de residentes e turistas.<\/p>\n<p>Mais de 484 mil cidad\u00e3os brasileiros vivem em Portugal, a maior comunidade imigrante, segundo o Relat\u00f3rio de Migra\u00e7\u00f5es e Asilo de 2024 da AIMA. Em 2023, Lisboa registava 33.407 brasileiros, o valor mais elevado entre os munic\u00edpios.<\/p>\n","protected":false},"excerpt":{"rendered":"<ul>\n<li>Lisboa vai celebrar o Carnaval com desfiles da comunidade brasileira entre 13 e 17 de fevereiro, no \u00e2mbito de um protocolo entre a C\u00e2mara Municipal de Lisboa e a embaixada do Brasil em Portugal.<\/li>\n<li>S\u00e3o 17 blocos de Carnaval, com percursos em cerca de oito freguesias da cidade, organizados pela Uni\u00e3o dos Blocos de Carnaval de Rua de Lisboa.<\/li>\n<li>O protocolo, assinado em 2025 e em vigor at\u00e9 2027, reconhece o Carnaval como manifesta\u00e7\u00e3o cultural de interesse tanto da comunidade brasileira como da cidade.<\/li>\n<li>A C\u00e2mara apoia atrav\u00e9s da emiss\u00e3o de licen\u00e7as para ocupa\u00e7\u00e3o de espa\u00e7o p\u00fablico, refor\u00e7o da limpeza, disponibiliza\u00e7\u00e3o de contentores e articula\u00e7\u00e3o com as juntas de freguesia para a\u00e7\u00f5es de higiene urbana.<\/li>\n<li>Lisboa n\u00e3o recebe cortejos de outras regi\u00f5es, mas acolhe a Embaixada Real do Carnaval de Torres Vedras; o pa\u00eds tem mais de 484 mil cidad\u00e3os brasileiros, sendo Lisboa o concelho com o maior n\u00famero (33.407 em Portugal).<\/li>\n<\/ul>\n","protected":false},"author":2,"featured_media":161244,"comment_status":"closed","ping_status":"closed","sticky":false,"template":"","format":"standard","meta":{"footnotes":""},"categories":[1],"tags":[2547,703,3035,672,981,1456],"class_list":["post-161227","post","type-post","status-publish","format-standard","has-post-thumbnail","hentry","category-noticias","tag-brasil","tag-camara","tag-comunidade","tag-higiene-urbana","tag-lisboa","tag-migracao"],"yoast_head":"<!-- This site is optimized with the Yoast SEO plugin v27.2 - https:\/\/yoast.com\/product\/yoast-seo-wordpress\/ -->\n<title>Carnaval em Lisboa recebe desfiles da comunidade brasileira - Portal Tela Portugal<\/title>\n<meta name=\"robots\" content=\"index, follow, max-snippet:-1, max-image-preview:large, max-video-preview:-1\" \/>\n<meta property=\"og:locale\" content=\"pt_PT\" \/>\n<meta property=\"og:type\" content=\"article\" \/>\n<meta property=\"og:title\" content=\"Carnaval em Lisboa recebe desfiles da comunidade brasileira - Portal Tela Portugal\" \/>\n<meta property=\"og:description\" content=\"Lisboa vai celebrar o Carnaval com desfiles da comunidade brasileira entre 13 e 17 de fevereiro, no \u00e2mbito de um protocolo entre a C\u00e2mara Municipal de Lisboa e a embaixada do Brasil em Portugal. S\u00e3o 17 blocos de Carnaval, com percursos em cerca de oito freguesias da cidade, organizados pela Uni\u00e3o dos Blocos de Carnaval de Rua de Lisboa. O protocolo, assinado em 2025 e em vigor at\u00e9 2027, reconhece o Carnaval como manifesta\u00e7\u00e3o cultural de interesse tanto da comunidade brasileira como da cidade. A C\u00e2mara apoia atrav\u00e9s da emiss\u00e3o de licen\u00e7as para ocupa\u00e7\u00e3o de espa\u00e7o p\u00fablico, refor\u00e7o da limpeza, disponibiliza\u00e7\u00e3o de contentores e articula\u00e7\u00e3o com as juntas de freguesia para a\u00e7\u00f5es de higiene urbana. Lisboa n\u00e3o recebe cortejos de outras regi\u00f5es, mas acolhe a Embaixada Real do Carnaval de Torres Vedras; o pa\u00eds tem mais de 484 mil cidad\u00e3os brasileiros, sendo Lisboa o concelho com o maior n\u00famero (33.407 em Portugal).\" \/>\n<meta property=\"og:url\" content=\"https:\/\/portaltela.pt\/noticias\/2026\/01\/21\/carnaval-em-lisboa-recebe-desfiles-da-comunidade-brasileira\/\" \/>\n<meta property=\"og:site_name\" content=\"Portal Tela Portugal\" \/>\n<meta property=\"article:published_time\" content=\"2026-01-21T19:50:00+00:00\" \/>\n<meta name=\"author\" content=\"Telinha\" \/>\n<meta name=\"twitter:card\" content=\"summary_large_image\" \/>\n<meta name=\"twitter:label1\" content=\"Escrito por\" \/>\n\t<meta name=\"twitter:data1\" content=\"Telinha\" \/>\n\t<meta name=\"twitter:label2\" content=\"Tempo estimado de leitura\" \/>\n\t<meta name=\"twitter:data2\" content=\"1 minuto\" \/>\n<script type=\"application\/ld+json\" class=\"yoast-schema-graph\">{\"@context\":\"https:\/\/schema.org\",\"@graph\":[{\"@type\":\"Article\",\"@id\":\"https:\/\/portaltela.pt\/noticias\/2026\/01\/21\/carnaval-em-lisboa-recebe-desfiles-da-comunidade-brasileira\/#article\",\"isPartOf\":{\"@id\":\"https:\/\/portaltela.pt\/noticias\/2026\/01\/21\/carnaval-em-lisboa-recebe-desfiles-da-comunidade-brasileira\/\"},\"author\":{\"name\":\"Telinha\",\"@id\":\"https:\/\/portaltela.pt\/#\/schema\/person\/c4278d4a6028830caff9ee44b42d32ed\"},\"headline\":\"Carnaval em Lisboa recebe desfiles da comunidade brasileira\",\"datePublished\":\"2026-01-21T19:50:00+00:00\",\"mainEntityOfPage\":{\"@id\":\"https:\/\/portaltela.pt\/noticias\/2026\/01\/21\/carnaval-em-lisboa-recebe-desfiles-da-comunidade-brasileira\/\"},\"wordCount\":301,\"image\":{\"@id\":\"https:\/\/portaltela.pt\/noticias\/2026\/01\/21\/carnaval-em-lisboa-recebe-desfiles-da-comunidade-brasileira\/#primaryimage\"},\"thumbnailUrl\":\"https:\/\/portaltela.pt\/s.01k8rhncp4jt1\/2026\/01\/unnamed-file-4480.jpg\",\"keywords\":[\"Brasil\",\"c\u00e2mara\",\"comunidade\",\"higiene urbana\",\"Lisboa\",\"migra\u00e7\u00e3o\"],\"articleSection\":[\"Not\u00edcias\"],\"inLanguage\":\"pt-PT\"},{\"@type\":\"WebPage\",\"@id\":\"https:\/\/portaltela.pt\/noticias\/2026\/01\/21\/carnaval-em-lisboa-recebe-desfiles-da-comunidade-brasileira\/\",\"url\":\"https:\/\/portaltela.pt\/noticias\/2026\/01\/21\/carnaval-em-lisboa-recebe-desfiles-da-comunidade-brasileira\/\",\"name\":\"Carnaval em Lisboa recebe desfiles da comunidade brasileira - Portal Tela Portugal\",\"isPartOf\":{\"@id\":\"https:\/\/portaltela.pt\/#website\"},\"primaryImageOfPage\":{\"@id\":\"https:\/\/portaltela.pt\/noticias\/2026\/01\/21\/carnaval-em-lisboa-recebe-desfiles-da-comunidade-brasileira\/#primaryimage\"},\"image\":{\"@id\":\"https:\/\/portaltela.pt\/noticias\/2026\/01\/21\/carnaval-em-lisboa-recebe-desfiles-da-comunidade-brasileira\/#primaryimage\"},\"thumbnailUrl\":\"https:\/\/portaltela.pt\/s.01k8rhncp4jt1\/2026\/01\/unnamed-file-4480.jpg\",\"datePublished\":\"2026-01-21T19:50:00+00:00\",\"author\":{\"@id\":\"https:\/\/portaltela.pt\/#\/schema\/person\/c4278d4a6028830caff9ee44b42d32ed\"},\"breadcrumb\":{\"@id\":\"https:\/\/portaltela.pt\/noticias\/2026\/01\/21\/carnaval-em-lisboa-recebe-desfiles-da-comunidade-brasileira\/#breadcrumb\"},\"inLanguage\":\"pt-PT\",\"potentialAction\":[{\"@type\":\"ReadAction\",\"target\":[\"https:\/\/portaltela.pt\/noticias\/2026\/01\/21\/carnaval-em-lisboa-recebe-desfiles-da-comunidade-brasileira\/\"]}]},{\"@type\":\"ImageObject\",\"inLanguage\":\"pt-PT\",\"@id\":\"https:\/\/portaltela.pt\/noticias\/2026\/01\/21\/carnaval-em-lisboa-recebe-desfiles-da-comunidade-brasileira\/#primaryimage\",\"url\":\"https:\/\/portaltela.pt\/s.01k8rhncp4jt1\/2026\/01\/unnamed-file-4480.jpg\",\"contentUrl\":\"https:\/\/portaltela.pt\/s.01k8rhncp4jt1\/2026\/01\/unnamed-file-4480.jpg\",\"width\":796,\"height\":448,\"caption\":\"A CML indicou que est\u00e3o programados outros eventos \\\"um pouco por toda a cidade e organizados por v\u00e1rias entidades\\\"\"},{\"@type\":\"BreadcrumbList\",\"@id\":\"https:\/\/portaltela.pt\/noticias\/2026\/01\/21\/carnaval-em-lisboa-recebe-desfiles-da-comunidade-brasileira\/#breadcrumb\",\"itemListElement\":[{\"@type\":\"ListItem\",\"position\":1,\"name\":\"In\u00edcio\",\"item\":\"https:\/\/portaltela.pt\/\"},{\"@type\":\"ListItem\",\"position\":2,\"name\":\"Carnaval em Lisboa recebe desfiles da comunidade brasileira\"}]},{\"@type\":\"WebSite\",\"@id\":\"https:\/\/portaltela.pt\/#website\",\"url\":\"https:\/\/portaltela.pt\/\",\"name\":\"Portal Tela Portugal\",\"description\":\"\",\"potentialAction\":[{\"@type\":\"SearchAction\",\"target\":{\"@type\":\"EntryPoint\",\"urlTemplate\":\"https:\/\/portaltela.pt\/?s={search_term_string}\"},\"query-input\":{\"@type\":\"PropertyValueSpecification\",\"valueRequired\":true,\"valueName\":\"search_term_string\"}}],\"inLanguage\":\"pt-PT\"},{\"@type\":\"Person\",\"@id\":\"https:\/\/portaltela.pt\/#\/schema\/person\/c4278d4a6028830caff9ee44b42d32ed\",\"name\":\"Telinha\",\"image\":{\"@type\":\"ImageObject\",\"inLanguage\":\"pt-PT\",\"@id\":\"https:\/\/portaltela.pt\/s.01k8rhncp4jt1\/2025\/11\/talking-bot-125x125.png\",\"url\":\"https:\/\/portaltela.pt\/s.01k8rhncp4jt1\/2025\/11\/talking-bot-125x125.png\",\"contentUrl\":\"https:\/\/portaltela.pt\/s.01k8rhncp4jt1\/2025\/11\/talking-bot-125x125.png\",\"caption\":\"Telinha\"},\"sameAs\":[\"https:\/\/portaltela.pt\/\"],\"url\":\"https:\/\/portaltela.pt\/por\/367410592786\/\"}]}<\/script>\n<!-- \/ Yoast SEO plugin. -->","yoast_head_json":{"title":"Carnaval em Lisboa recebe desfiles da comunidade brasileira - Portal Tela Portugal","robots":{"index":"index","follow":"follow","max-snippet":"max-snippet:-1","max-image-preview":"max-image-preview:large","max-video-preview":"max-video-preview:-1"},"og_locale":"pt_PT","og_type":"article","og_title":"Carnaval em Lisboa recebe desfiles da comunidade brasileira - Portal Tela Portugal","og_description":"Lisboa vai celebrar o Carnaval com desfiles da comunidade brasileira entre 13 e 17 de fevereiro, no \u00e2mbito de um protocolo entre a C\u00e2mara Municipal de Lisboa e a embaixada do Brasil em Portugal. S\u00e3o 17 blocos de Carnaval, com percursos em cerca de oito freguesias da cidade, organizados pela Uni\u00e3o dos Blocos de Carnaval de Rua de Lisboa. O protocolo, assinado em 2025 e em vigor at\u00e9 2027, reconhece o Carnaval como manifesta\u00e7\u00e3o cultural de interesse tanto da comunidade brasileira como da cidade. A C\u00e2mara apoia atrav\u00e9s da emiss\u00e3o de licen\u00e7as para ocupa\u00e7\u00e3o de espa\u00e7o p\u00fablico, refor\u00e7o da limpeza, disponibiliza\u00e7\u00e3o de contentores e articula\u00e7\u00e3o com as juntas de freguesia para a\u00e7\u00f5es de higiene urbana. Lisboa n\u00e3o recebe cortejos de outras regi\u00f5es, mas acolhe a Embaixada Real do Carnaval de Torres Vedras; o pa\u00eds tem mais de 484 mil cidad\u00e3os brasileiros, sendo Lisboa o concelho com o maior n\u00famero (33.407 em Portugal).","og_url":"https:\/\/portaltela.pt\/noticias\/2026\/01\/21\/carnaval-em-lisboa-recebe-desfiles-da-comunidade-brasileira\/","og_site_name":"Portal Tela Portugal","article_published_time":"2026-01-21T19:50:00+00:00","author":"Telinha","twitter_card":"summary_large_image","twitter_misc":{"Escrito por":"Telinha","Tempo estimado de leitura":"1 minuto"},"schema":{"@context":"https:\/\/schema.org","@graph":[{"@type":"Article","@id":"https:\/\/portaltela.pt\/noticias\/2026\/01\/21\/carnaval-em-lisboa-recebe-desfiles-da-comunidade-brasileira\/#article","isPartOf":{"@id":"https:\/\/portaltela.pt\/noticias\/2026\/01\/21\/carnaval-em-lisboa-recebe-desfiles-da-comunidade-brasileira\/"},"author":{"name":"Telinha","@id":"https:\/\/portaltela.pt\/#\/schema\/person\/c4278d4a6028830caff9ee44b42d32ed"},"headline":"Carnaval em Lisboa recebe desfiles da comunidade brasileira","datePublished":"2026-01-21T19:50:00+00:00","mainEntityOfPage":{"@id":"https:\/\/portaltela.pt\/noticias\/2026\/01\/21\/carnaval-em-lisboa-recebe-desfiles-da-comunidade-brasileira\/"},"wordCount":301,"image":{"@id":"https:\/\/portaltela.pt\/noticias\/2026\/01\/21\/carnaval-em-lisboa-recebe-desfiles-da-comunidade-brasileira\/#primaryimage"},"thumbnailUrl":"https:\/\/portaltela.pt\/s.01k8rhncp4jt1\/2026\/01\/unnamed-file-4480.jpg","keywords":["Brasil","c\u00e2mara","comunidade","higiene urbana","Lisboa","migra\u00e7\u00e3o"],"articleSection":["Not\u00edcias"],"inLanguage":"pt-PT"},{"@type":"WebPage","@id":"https:\/\/portaltela.pt\/noticias\/2026\/01\/21\/carnaval-em-lisboa-recebe-desfiles-da-comunidade-brasileira\/","url":"https:\/\/portaltela.pt\/noticias\/2026\/01\/21\/carnaval-em-lisboa-recebe-desfiles-da-comunidade-brasileira\/","name":"Carnaval em Lisboa recebe desfiles da comunidade brasileira - Portal Tela Portugal","isPartOf":{"@id":"https:\/\/portaltela.pt\/#website"},"primaryImageOfPage":{"@id":"https:\/\/portaltela.pt\/noticias\/2026\/01\/21\/carnaval-em-lisboa-recebe-desfiles-da-comunidade-brasileira\/#primaryimage"},"image":{"@id":"https:\/\/portaltela.pt\/noticias\/2026\/01\/21\/carnaval-em-lisboa-recebe-desfiles-da-comunidade-brasileira\/#primaryimage"},"thumbnailUrl":"https:\/\/portaltela.pt\/s.01k8rhncp4jt1\/2026\/01\/unnamed-file-4480.jpg","datePublished":"2026-01-21T19:50:00+00:00","author":{"@id":"https:\/\/portaltela.pt\/#\/schema\/person\/c4278d4a6028830caff9ee44b42d32ed"},"breadcrumb":{"@id":"https:\/\/portaltela.pt\/noticias\/2026\/01\/21\/carnaval-em-lisboa-recebe-desfiles-da-comunidade-brasileira\/#breadcrumb"},"inLanguage":"pt-PT","potentialAction":[{"@type":"ReadAction","target":["https:\/\/portaltela.pt\/noticias\/2026\/01\/21\/carnaval-em-lisboa-recebe-desfiles-da-comunidade-brasileira\/"]}]},{"@type":"ImageObject","inLanguage":"pt-PT","@id":"https:\/\/portaltela.pt\/noticias\/2026\/01\/21\/carnaval-em-lisboa-recebe-desfiles-da-comunidade-brasileira\/#primaryimage","url":"https:\/\/portaltela.pt\/s.01k8rhncp4jt1\/2026\/01\/unnamed-file-4480.jpg","contentUrl":"https:\/\/portaltela.pt\/s.01k8rhncp4jt1\/2026\/01\/unnamed-file-4480.jpg","width":796,"height":448,"caption":"A CML indicou que est\u00e3o programados outros eventos \"um pouco por toda a cidade e organizados por v\u00e1rias entidades\""},{"@type":"BreadcrumbList","@id":"https:\/\/portaltela.pt\/noticias\/2026\/01\/21\/carnaval-em-lisboa-recebe-desfiles-da-comunidade-brasileira\/#breadcrumb","itemListElement":[{"@type":"ListItem","position":1,"name":"In\u00edcio","item":"https:\/\/portaltela.pt\/"},{"@type":"ListItem","position":2,"name":"Carnaval em Lisboa recebe desfiles da comunidade brasileira"}]},{"@type":"WebSite","@id":"https:\/\/portaltela.pt\/#website","url":"https:\/\/portaltela.pt\/","name":"Portal Tela Portugal","description":"","potentialAction":[{"@type":"SearchAction","target":{"@type":"EntryPoint","urlTemplate":"https:\/\/portaltela.pt\/?s={search_term_string}"},"query-input":{"@type":"PropertyValueSpecification","valueRequired":true,"valueName":"search_term_string"}}],"inLanguage":"pt-PT"},{"@type":"Person","@id":"https:\/\/portaltela.pt\/#\/schema\/person\/c4278d4a6028830caff9ee44b42d32ed","name":"Telinha","image":{"@type":"ImageObject","inLanguage":"pt-PT","@id":"https:\/\/portaltela.pt\/s.01k8rhncp4jt1\/2025\/11\/talking-bot-125x125.png","url":"https:\/\/portaltela.pt\/s.01k8rhncp4jt1\/2025\/11\/talking-bot-125x125.png","contentUrl":"https:\/\/portaltela.pt\/s.01k8rhncp4jt1\/2025\/11\/talking-bot-125x125.png","caption":"Telinha"},"sameAs":["https:\/\/portaltela.pt\/"],"url":"https:\/\/portaltela.pt\/por\/367410592786\/"}]}},"_links":{"self":[{"href":"https:\/\/portaltela.pt\/api\/wp\/v2\/posts\/161227","targetHints":{"allow":["GET"]}}],"collection":[{"href":"https:\/\/portaltela.pt\/api\/wp\/v2\/posts"}],"about":[{"href":"https:\/\/portaltela.pt\/api\/wp\/v2\/types\/post"}],"author":[{"embeddable":true,"href":"https:\/\/portaltela.pt\/api\/wp\/v2\/users\/2"}],"replies":[{"embeddable":true,"href":"https:\/\/portaltela.pt\/api\/wp\/v2\/comments?post=161227"}],"version-history":[{"count":0,"href":"https:\/\/portaltela.pt\/api\/wp\/v2\/posts\/161227\/revisions"}],"wp:featuredmedia":[{"embeddable":true,"href":"https:\/\/portaltela.pt\/api\/wp\/v2\/media\/161244"}],"wp:attachment":[{"href":"https:\/\/portaltela.pt\/api\/wp\/v2\/media?parent=161227"}],"wp:term":[{"taxonomy":"category","embeddable":true,"href":"https:\/\/portaltela.pt\/api\/wp\/v2\/categories?post=161227"},{"taxonomy":"post_tag","embeddable":true,"href":"https:\/\/portaltela.pt\/api\/wp\/v2\/tags?post=161227"}],"curies":[{"name":"wp","href":"https:\/\/api.w.org\/{rel}","templated":true}]}}