{"id":161210,"date":"2026-01-21T16:52:00","date_gmt":"2026-01-21T19:52:00","guid":{"rendered":"https:\/\/portaltela.pt\/noticias\/2026\/01\/21\/bombeiros-voluntarios-das-taipas-assinalam-o-137o-aniversario\/"},"modified":"2026-01-21T16:52:00","modified_gmt":"2026-01-21T19:52:00","slug":"bombeiros-voluntarios-das-taipas-assinalam-o-137o-aniversario","status":"publish","type":"post","link":"https:\/\/portaltela.pt\/noticias\/2026\/01\/21\/bombeiros-voluntarios-das-taipas-assinalam-o-137o-aniversario\/","title":{"rendered":"Bombeiros Volunt\u00e1rios das Taipas assinalam o 137\u00ba anivers\u00e1rio"},"content":{"rendered":"<p>O Corpo de Bombeiros Volunt\u00e1rios das Taipas celebrou o 137\u00ba anivers\u00e1rio numa cerim\u00f3nia realizada na manh\u00e3 de 1 de maio, no quartel da institui\u00e7\u00e3o, em Guimar\u00e3es. A data incluiu o hastear de bandeiras, uma romagem ao cemit\u00e9rio e uma homenagem no monumento ao Bombeiro, seguida da condecora\u00e7\u00e3o de elementos, da b\u00ean\u00e7\u00e3o de novos ve\u00edculos e da apresenta\u00e7\u00e3o de uma ambul\u00e2ncia de cuidados intensivos.<\/p>\n<p>Domingos Bragan\u00e7a, presidente da C\u00e2mara Municipal de Guimar\u00e3es, destacou a import\u00e2ncia do voluntariado e da profissionaliza\u00e7\u00e3o dos bombeiros, defendendo investimento em equipamentos de prote\u00e7\u00e3o, tecnologia de combate a sinistros e forma\u00e7\u00e3o cont\u00ednua. O autarca apelou ao apoio de entidades p\u00fablicas e privadas para assegurar a documenta\u00e7\u00e3o, forma\u00e7\u00e3o e remunera\u00e7\u00f5es adequadas.<\/p>\n<p>Lu\u00eds Soares, presidente da Dire\u00e7\u00e3o da Associa\u00e7\u00e3o Humanit\u00e1ria dos Bombeiros Volunt\u00e1rios das Taipas, agradeceu o suporte do Munic\u00edpio e a mobiliza\u00e7\u00e3o da comunidade, incluindo presidentes de junta e interesses paroquiais, na angaria\u00e7\u00e3o de fundos para a nova ambul\u00e2ncia de cuidados intensivos. Foram ainda enaltecidos os progressos na valoriza\u00e7\u00e3o dos recursos humanos e na forma\u00e7\u00e3o, com aumentos salariais j\u00e1 implementados.<\/p>\n<h3>Homenagens e reconhecimento<\/h3>\n<p>A sess\u00e3o solene abriu com duas homenagens a terceiros que se destacaram na causa, Alberto Ribeiro e o Comandante Francisco Pereira, seguida da descerragem de uma placa do apoio empresarial \u00e0 corpora\u00e7\u00e3o. As interven\u00e7\u00f5es protocolares enfatizaram a necessidade de modernizar infraestruturas, equipamentos e ve\u00edculos.<\/p>\n<p>Participaram na cerim\u00f3nia diversas autoridades, entre as quais os deputados Ricardo Costa e Ricardo Ara\u00fajo, o secret\u00e1rio da Junta de Freguesia de Caldelas, Jos\u00e9 Fonseca, o Comandante Sub-regional do Ave da ANEPC, Rui Costa, o secret\u00e1rio da Liga dos Bombeiros Portugueses, Jos\u00e9 Beleza, e a presidente da Federa\u00e7\u00e3o de Bombeiros do Distrito de Braga, Ana Damasceno. Estiveram tamb\u00e9m presentes os \u00f3rg\u00e3os sociais dos Bombeiros das Taipas, o Comandante da Corpora\u00e7\u00e3o, Hermenegildo Abreu, e outras entidades locais.<\/p>\n","protected":false},"excerpt":{"rendered":"<ul>\n<li>Os Bombeiros Volunt\u00e1rios das Taipas celebraram o 137\u00ba anivers\u00e1rio a 1 de maio, com hasentar bandeiras, romagem ao cemit\u00e9rio e homenagem no monumento ao Bombeiro.<\/li>\n<li>Seguiu-se a condecora\u00e7\u00e3o de v\u00e1rios elementos, a b\u00ean\u00e7\u00e3o dos novos ve\u00edculos e a apresenta\u00e7\u00e3o da nova ambul\u00e2ncia de cuidados intensivos, contando com a presen\u00e7a de Domingos Bragan\u00e7a e Paulo Lopes Silva.<\/li>\n<li>O presidente da C\u00e2mara Municipal de Guimar\u00e3es, Domingos Bragan\u00e7a, destacou a import\u00e2ncia do voluntariado e pediu apoio para equipamentos, forma\u00e7\u00e3o e remunera\u00e7\u00f5es dos bombeiros.<\/li>\n<li>O presidente da Dire\u00e7\u00e3o da Associa\u00e7\u00e3o Humanit\u00e1ria dos Bombeiros Volunt\u00e1rios das Taipas, Lu\u00eds Soares, agradeceu o apoio municipal e sublinhou a mobiliza\u00e7\u00e3o da comunidade e a\u00e7\u00f5es de forma\u00e7\u00e3o para profissionalizar a equipa.<\/li>\n<li>A cerim\u00f3nia incluiu duas homenagens, descerramento de uma placa de apoio de empresas e interven\u00e7\u00f5es de v\u00e1rias autoridades locais e nacionais ligadas aos bombeiros.<\/li>\n<\/ul>\n","protected":false},"author":2,"featured_media":161231,"comment_status":"closed","ping_status":"closed","sticky":false,"template":"","format":"standard","meta":{"footnotes":""},"categories":[1],"tags":[168,3656,971,3140,1145,320],"class_list":["post-161210","post","type-post","status-publish","format-standard","has-post-thumbnail","hentry","category-noticias","tag-administracao-publica","tag-ambulancias","tag-bombeiros","tag-cuidados-intensivos","tag-guimaraes","tag-protecao-civil"],"yoast_head":"<!-- This site is optimized with the Yoast SEO plugin v27.2 - https:\/\/yoast.com\/product\/yoast-seo-wordpress\/ -->\n<title>Bombeiros Volunt\u00e1rios das Taipas assinalam o 137\u00ba anivers\u00e1rio - Portal Tela Portugal<\/title>\n<meta name=\"robots\" content=\"index, follow, max-snippet:-1, max-image-preview:large, max-video-preview:-1\" \/>\n<meta property=\"og:locale\" content=\"pt_PT\" \/>\n<meta property=\"og:type\" content=\"article\" \/>\n<meta property=\"og:title\" content=\"Bombeiros Volunt\u00e1rios das Taipas assinalam o 137\u00ba anivers\u00e1rio - Portal Tela Portugal\" \/>\n<meta property=\"og:description\" content=\"Os Bombeiros Volunt\u00e1rios das Taipas celebraram o 137\u00ba anivers\u00e1rio a 1 de maio, com hasentar bandeiras, romagem ao cemit\u00e9rio e homenagem no monumento ao Bombeiro. Seguiu-se a condecora\u00e7\u00e3o de v\u00e1rios elementos, a b\u00ean\u00e7\u00e3o dos novos ve\u00edculos e a apresenta\u00e7\u00e3o da nova ambul\u00e2ncia de cuidados intensivos, contando com a presen\u00e7a de Domingos Bragan\u00e7a e Paulo Lopes Silva. O presidente da C\u00e2mara Municipal de Guimar\u00e3es, Domingos Bragan\u00e7a, destacou a import\u00e2ncia do voluntariado e pediu apoio para equipamentos, forma\u00e7\u00e3o e remunera\u00e7\u00f5es dos bombeiros. O presidente da Dire\u00e7\u00e3o da Associa\u00e7\u00e3o Humanit\u00e1ria dos Bombeiros Volunt\u00e1rios das Taipas, Lu\u00eds Soares, agradeceu o apoio municipal e sublinhou a mobiliza\u00e7\u00e3o da comunidade e a\u00e7\u00f5es de forma\u00e7\u00e3o para profissionalizar a equipa. A cerim\u00f3nia incluiu duas homenagens, descerramento de uma placa de apoio de empresas e interven\u00e7\u00f5es de v\u00e1rias autoridades locais e nacionais ligadas aos bombeiros.\" \/>\n<meta property=\"og:url\" content=\"https:\/\/portaltela.pt\/noticias\/2026\/01\/21\/bombeiros-voluntarios-das-taipas-assinalam-o-137o-aniversario\/\" \/>\n<meta property=\"og:site_name\" content=\"Portal Tela Portugal\" \/>\n<meta property=\"article:published_time\" content=\"2026-01-21T19:52:00+00:00\" \/>\n<meta name=\"author\" content=\"Telinha\" \/>\n<meta name=\"twitter:card\" content=\"summary_large_image\" \/>\n<meta name=\"twitter:label1\" content=\"Escrito por\" \/>\n\t<meta name=\"twitter:data1\" content=\"Telinha\" \/>\n\t<meta name=\"twitter:label2\" content=\"Tempo estimado de leitura\" \/>\n\t<meta name=\"twitter:data2\" content=\"2 minutos\" \/>\n<script type=\"application\/ld+json\" class=\"yoast-schema-graph\">{\"@context\":\"https:\/\/schema.org\",\"@graph\":[{\"@type\":\"Article\",\"@id\":\"https:\/\/portaltela.pt\/noticias\/2026\/01\/21\/bombeiros-voluntarios-das-taipas-assinalam-o-137o-aniversario\/#article\",\"isPartOf\":{\"@id\":\"https:\/\/portaltela.pt\/noticias\/2026\/01\/21\/bombeiros-voluntarios-das-taipas-assinalam-o-137o-aniversario\/\"},\"author\":{\"name\":\"Telinha\",\"@id\":\"https:\/\/portaltela.pt\/#\/schema\/person\/c4278d4a6028830caff9ee44b42d32ed\"},\"headline\":\"Bombeiros Volunt\u00e1rios das Taipas assinalam o 137\u00ba anivers\u00e1rio\",\"datePublished\":\"2026-01-21T19:52:00+00:00\",\"mainEntityOfPage\":{\"@id\":\"https:\/\/portaltela.pt\/noticias\/2026\/01\/21\/bombeiros-voluntarios-das-taipas-assinalam-o-137o-aniversario\/\"},\"wordCount\":348,\"image\":{\"@id\":\"https:\/\/portaltela.pt\/noticias\/2026\/01\/21\/bombeiros-voluntarios-das-taipas-assinalam-o-137o-aniversario\/#primaryimage\"},\"thumbnailUrl\":\"https:\/\/portaltela.pt\/s.01k8rhncp4jt1\/2026\/01\/unnamed-file-4476.jpg\",\"keywords\":[\"administra\u00e7\u00e3o p\u00fablica\",\"ambul\u00e2ncias\",\"bombeiros\",\"cuidados intensivos\",\"Guimar\u00e3es\",\"prote\u00e7\u00e3o civil\"],\"articleSection\":[\"Not\u00edcias\"],\"inLanguage\":\"pt-PT\"},{\"@type\":\"WebPage\",\"@id\":\"https:\/\/portaltela.pt\/noticias\/2026\/01\/21\/bombeiros-voluntarios-das-taipas-assinalam-o-137o-aniversario\/\",\"url\":\"https:\/\/portaltela.pt\/noticias\/2026\/01\/21\/bombeiros-voluntarios-das-taipas-assinalam-o-137o-aniversario\/\",\"name\":\"Bombeiros Volunt\u00e1rios das Taipas assinalam o 137\u00ba anivers\u00e1rio - Portal Tela Portugal\",\"isPartOf\":{\"@id\":\"https:\/\/portaltela.pt\/#website\"},\"primaryImageOfPage\":{\"@id\":\"https:\/\/portaltela.pt\/noticias\/2026\/01\/21\/bombeiros-voluntarios-das-taipas-assinalam-o-137o-aniversario\/#primaryimage\"},\"image\":{\"@id\":\"https:\/\/portaltela.pt\/noticias\/2026\/01\/21\/bombeiros-voluntarios-das-taipas-assinalam-o-137o-aniversario\/#primaryimage\"},\"thumbnailUrl\":\"https:\/\/portaltela.pt\/s.01k8rhncp4jt1\/2026\/01\/unnamed-file-4476.jpg\",\"datePublished\":\"2026-01-21T19:52:00+00:00\",\"author\":{\"@id\":\"https:\/\/portaltela.pt\/#\/schema\/person\/c4278d4a6028830caff9ee44b42d32ed\"},\"breadcrumb\":{\"@id\":\"https:\/\/portaltela.pt\/noticias\/2026\/01\/21\/bombeiros-voluntarios-das-taipas-assinalam-o-137o-aniversario\/#breadcrumb\"},\"inLanguage\":\"pt-PT\",\"potentialAction\":[{\"@type\":\"ReadAction\",\"target\":[\"https:\/\/portaltela.pt\/noticias\/2026\/01\/21\/bombeiros-voluntarios-das-taipas-assinalam-o-137o-aniversario\/\"]}]},{\"@type\":\"ImageObject\",\"inLanguage\":\"pt-PT\",\"@id\":\"https:\/\/portaltela.pt\/noticias\/2026\/01\/21\/bombeiros-voluntarios-das-taipas-assinalam-o-137o-aniversario\/#primaryimage\",\"url\":\"https:\/\/portaltela.pt\/s.01k8rhncp4jt1\/2026\/01\/unnamed-file-4476.jpg\",\"contentUrl\":\"https:\/\/portaltela.pt\/s.01k8rhncp4jt1\/2026\/01\/unnamed-file-4476.jpg\",\"width\":796,\"height\":448,\"caption\":\"Bombeiros Volunt\u00e1rios das Taipas celebram o seu 137\u00ba Anivers\u00e1rio\"},{\"@type\":\"BreadcrumbList\",\"@id\":\"https:\/\/portaltela.pt\/noticias\/2026\/01\/21\/bombeiros-voluntarios-das-taipas-assinalam-o-137o-aniversario\/#breadcrumb\",\"itemListElement\":[{\"@type\":\"ListItem\",\"position\":1,\"name\":\"In\u00edcio\",\"item\":\"https:\/\/portaltela.pt\/\"},{\"@type\":\"ListItem\",\"position\":2,\"name\":\"Bombeiros Volunt\u00e1rios das Taipas assinalam o 137\u00ba anivers\u00e1rio\"}]},{\"@type\":\"WebSite\",\"@id\":\"https:\/\/portaltela.pt\/#website\",\"url\":\"https:\/\/portaltela.pt\/\",\"name\":\"Portal Tela Portugal\",\"description\":\"\",\"potentialAction\":[{\"@type\":\"SearchAction\",\"target\":{\"@type\":\"EntryPoint\",\"urlTemplate\":\"https:\/\/portaltela.pt\/?s={search_term_string}\"},\"query-input\":{\"@type\":\"PropertyValueSpecification\",\"valueRequired\":true,\"valueName\":\"search_term_string\"}}],\"inLanguage\":\"pt-PT\"},{\"@type\":\"Person\",\"@id\":\"https:\/\/portaltela.pt\/#\/schema\/person\/c4278d4a6028830caff9ee44b42d32ed\",\"name\":\"Telinha\",\"image\":{\"@type\":\"ImageObject\",\"inLanguage\":\"pt-PT\",\"@id\":\"https:\/\/portaltela.pt\/s.01k8rhncp4jt1\/2025\/11\/talking-bot-125x125.png\",\"url\":\"https:\/\/portaltela.pt\/s.01k8rhncp4jt1\/2025\/11\/talking-bot-125x125.png\",\"contentUrl\":\"https:\/\/portaltela.pt\/s.01k8rhncp4jt1\/2025\/11\/talking-bot-125x125.png\",\"caption\":\"Telinha\"},\"sameAs\":[\"https:\/\/portaltela.pt\/\"],\"url\":\"https:\/\/portaltela.pt\/por\/367410592786\/\"}]}<\/script>\n<!-- \/ Yoast SEO plugin. -->","yoast_head_json":{"title":"Bombeiros Volunt\u00e1rios das Taipas assinalam o 137\u00ba anivers\u00e1rio - Portal Tela Portugal","robots":{"index":"index","follow":"follow","max-snippet":"max-snippet:-1","max-image-preview":"max-image-preview:large","max-video-preview":"max-video-preview:-1"},"og_locale":"pt_PT","og_type":"article","og_title":"Bombeiros Volunt\u00e1rios das Taipas assinalam o 137\u00ba anivers\u00e1rio - Portal Tela Portugal","og_description":"Os Bombeiros Volunt\u00e1rios das Taipas celebraram o 137\u00ba anivers\u00e1rio a 1 de maio, com hasentar bandeiras, romagem ao cemit\u00e9rio e homenagem no monumento ao Bombeiro. Seguiu-se a condecora\u00e7\u00e3o de v\u00e1rios elementos, a b\u00ean\u00e7\u00e3o dos novos ve\u00edculos e a apresenta\u00e7\u00e3o da nova ambul\u00e2ncia de cuidados intensivos, contando com a presen\u00e7a de Domingos Bragan\u00e7a e Paulo Lopes Silva. O presidente da C\u00e2mara Municipal de Guimar\u00e3es, Domingos Bragan\u00e7a, destacou a import\u00e2ncia do voluntariado e pediu apoio para equipamentos, forma\u00e7\u00e3o e remunera\u00e7\u00f5es dos bombeiros. O presidente da Dire\u00e7\u00e3o da Associa\u00e7\u00e3o Humanit\u00e1ria dos Bombeiros Volunt\u00e1rios das Taipas, Lu\u00eds Soares, agradeceu o apoio municipal e sublinhou a mobiliza\u00e7\u00e3o da comunidade e a\u00e7\u00f5es de forma\u00e7\u00e3o para profissionalizar a equipa. A cerim\u00f3nia incluiu duas homenagens, descerramento de uma placa de apoio de empresas e interven\u00e7\u00f5es de v\u00e1rias autoridades locais e nacionais ligadas aos bombeiros.","og_url":"https:\/\/portaltela.pt\/noticias\/2026\/01\/21\/bombeiros-voluntarios-das-taipas-assinalam-o-137o-aniversario\/","og_site_name":"Portal Tela Portugal","article_published_time":"2026-01-21T19:52:00+00:00","author":"Telinha","twitter_card":"summary_large_image","twitter_misc":{"Escrito por":"Telinha","Tempo estimado de leitura":"2 minutos"},"schema":{"@context":"https:\/\/schema.org","@graph":[{"@type":"Article","@id":"https:\/\/portaltela.pt\/noticias\/2026\/01\/21\/bombeiros-voluntarios-das-taipas-assinalam-o-137o-aniversario\/#article","isPartOf":{"@id":"https:\/\/portaltela.pt\/noticias\/2026\/01\/21\/bombeiros-voluntarios-das-taipas-assinalam-o-137o-aniversario\/"},"author":{"name":"Telinha","@id":"https:\/\/portaltela.pt\/#\/schema\/person\/c4278d4a6028830caff9ee44b42d32ed"},"headline":"Bombeiros Volunt\u00e1rios das Taipas assinalam o 137\u00ba anivers\u00e1rio","datePublished":"2026-01-21T19:52:00+00:00","mainEntityOfPage":{"@id":"https:\/\/portaltela.pt\/noticias\/2026\/01\/21\/bombeiros-voluntarios-das-taipas-assinalam-o-137o-aniversario\/"},"wordCount":348,"image":{"@id":"https:\/\/portaltela.pt\/noticias\/2026\/01\/21\/bombeiros-voluntarios-das-taipas-assinalam-o-137o-aniversario\/#primaryimage"},"thumbnailUrl":"https:\/\/portaltela.pt\/s.01k8rhncp4jt1\/2026\/01\/unnamed-file-4476.jpg","keywords":["administra\u00e7\u00e3o p\u00fablica","ambul\u00e2ncias","bombeiros","cuidados intensivos","Guimar\u00e3es","prote\u00e7\u00e3o civil"],"articleSection":["Not\u00edcias"],"inLanguage":"pt-PT"},{"@type":"WebPage","@id":"https:\/\/portaltela.pt\/noticias\/2026\/01\/21\/bombeiros-voluntarios-das-taipas-assinalam-o-137o-aniversario\/","url":"https:\/\/portaltela.pt\/noticias\/2026\/01\/21\/bombeiros-voluntarios-das-taipas-assinalam-o-137o-aniversario\/","name":"Bombeiros Volunt\u00e1rios das Taipas assinalam o 137\u00ba anivers\u00e1rio - Portal Tela Portugal","isPartOf":{"@id":"https:\/\/portaltela.pt\/#website"},"primaryImageOfPage":{"@id":"https:\/\/portaltela.pt\/noticias\/2026\/01\/21\/bombeiros-voluntarios-das-taipas-assinalam-o-137o-aniversario\/#primaryimage"},"image":{"@id":"https:\/\/portaltela.pt\/noticias\/2026\/01\/21\/bombeiros-voluntarios-das-taipas-assinalam-o-137o-aniversario\/#primaryimage"},"thumbnailUrl":"https:\/\/portaltela.pt\/s.01k8rhncp4jt1\/2026\/01\/unnamed-file-4476.jpg","datePublished":"2026-01-21T19:52:00+00:00","author":{"@id":"https:\/\/portaltela.pt\/#\/schema\/person\/c4278d4a6028830caff9ee44b42d32ed"},"breadcrumb":{"@id":"https:\/\/portaltela.pt\/noticias\/2026\/01\/21\/bombeiros-voluntarios-das-taipas-assinalam-o-137o-aniversario\/#breadcrumb"},"inLanguage":"pt-PT","potentialAction":[{"@type":"ReadAction","target":["https:\/\/portaltela.pt\/noticias\/2026\/01\/21\/bombeiros-voluntarios-das-taipas-assinalam-o-137o-aniversario\/"]}]},{"@type":"ImageObject","inLanguage":"pt-PT","@id":"https:\/\/portaltela.pt\/noticias\/2026\/01\/21\/bombeiros-voluntarios-das-taipas-assinalam-o-137o-aniversario\/#primaryimage","url":"https:\/\/portaltela.pt\/s.01k8rhncp4jt1\/2026\/01\/unnamed-file-4476.jpg","contentUrl":"https:\/\/portaltela.pt\/s.01k8rhncp4jt1\/2026\/01\/unnamed-file-4476.jpg","width":796,"height":448,"caption":"Bombeiros Volunt\u00e1rios das Taipas celebram o seu 137\u00ba Anivers\u00e1rio"},{"@type":"BreadcrumbList","@id":"https:\/\/portaltela.pt\/noticias\/2026\/01\/21\/bombeiros-voluntarios-das-taipas-assinalam-o-137o-aniversario\/#breadcrumb","itemListElement":[{"@type":"ListItem","position":1,"name":"In\u00edcio","item":"https:\/\/portaltela.pt\/"},{"@type":"ListItem","position":2,"name":"Bombeiros Volunt\u00e1rios das Taipas assinalam o 137\u00ba anivers\u00e1rio"}]},{"@type":"WebSite","@id":"https:\/\/portaltela.pt\/#website","url":"https:\/\/portaltela.pt\/","name":"Portal Tela Portugal","description":"","potentialAction":[{"@type":"SearchAction","target":{"@type":"EntryPoint","urlTemplate":"https:\/\/portaltela.pt\/?s={search_term_string}"},"query-input":{"@type":"PropertyValueSpecification","valueRequired":true,"valueName":"search_term_string"}}],"inLanguage":"pt-PT"},{"@type":"Person","@id":"https:\/\/portaltela.pt\/#\/schema\/person\/c4278d4a6028830caff9ee44b42d32ed","name":"Telinha","image":{"@type":"ImageObject","inLanguage":"pt-PT","@id":"https:\/\/portaltela.pt\/s.01k8rhncp4jt1\/2025\/11\/talking-bot-125x125.png","url":"https:\/\/portaltela.pt\/s.01k8rhncp4jt1\/2025\/11\/talking-bot-125x125.png","contentUrl":"https:\/\/portaltela.pt\/s.01k8rhncp4jt1\/2025\/11\/talking-bot-125x125.png","caption":"Telinha"},"sameAs":["https:\/\/portaltela.pt\/"],"url":"https:\/\/portaltela.pt\/por\/367410592786\/"}]}},"_links":{"self":[{"href":"https:\/\/portaltela.pt\/api\/wp\/v2\/posts\/161210","targetHints":{"allow":["GET"]}}],"collection":[{"href":"https:\/\/portaltela.pt\/api\/wp\/v2\/posts"}],"about":[{"href":"https:\/\/portaltela.pt\/api\/wp\/v2\/types\/post"}],"author":[{"embeddable":true,"href":"https:\/\/portaltela.pt\/api\/wp\/v2\/users\/2"}],"replies":[{"embeddable":true,"href":"https:\/\/portaltela.pt\/api\/wp\/v2\/comments?post=161210"}],"version-history":[{"count":0,"href":"https:\/\/portaltela.pt\/api\/wp\/v2\/posts\/161210\/revisions"}],"wp:featuredmedia":[{"embeddable":true,"href":"https:\/\/portaltela.pt\/api\/wp\/v2\/media\/161231"}],"wp:attachment":[{"href":"https:\/\/portaltela.pt\/api\/wp\/v2\/media?parent=161210"}],"wp:term":[{"taxonomy":"category","embeddable":true,"href":"https:\/\/portaltela.pt\/api\/wp\/v2\/categories?post=161210"},{"taxonomy":"post_tag","embeddable":true,"href":"https:\/\/portaltela.pt\/api\/wp\/v2\/tags?post=161210"}],"curies":[{"name":"wp","href":"https:\/\/api.w.org\/{rel}","templated":true}]}}