{"id":161051,"date":"2026-01-21T14:39:06","date_gmt":"2026-01-21T17:39:06","guid":{"rendered":"https:\/\/portaltela.pt\/noticias\/2026\/01\/21\/terreno-destinado-a-nova-esquadra-da-psp-na-baixa-da-banheira-foi-vendido\/"},"modified":"2026-01-21T14:39:06","modified_gmt":"2026-01-21T17:39:06","slug":"terreno-destinado-a-nova-esquadra-da-psp-na-baixa-da-banheira-foi-vendido","status":"publish","type":"post","link":"https:\/\/portaltela.pt\/noticias\/politica\/2026\/01\/21\/terreno-destinado-a-nova-esquadra-da-psp-na-baixa-da-banheira-foi-vendido\/","title":{"rendered":"Terreno destinado \u00e0 nova esquadra da PSP na Baixa da Banheira foi vendido"},"content":{"rendered":"<p>O terreno municipal destinado \u00e0 constru\u00e7\u00e3o da nova esquadra da PSP na Baixa da Banheira, Moita, foi vendido, gerando contesta\u00e7\u00e3o pol\u00edtica. A CDU acusa o processo de retrocesso face a uma reivindica\u00e7\u00e3o de mais de 30 anos.<\/p>\n<p>Segundo a CDU, autarquias insistiram junto aos Governos pela instala\u00e7\u00e3o de uma nova esquadra, mantendo a exig\u00eancia ao longo de d\u00e9cadas para melhorar condi\u00e7\u00f5es e meios de seguran\u00e7a no concelho.<\/p>\n<p>A venda ocorreu num contexto de decis\u00e3o pol\u00edtica impulsionada pelo PS e pelo Chega, cuja posi\u00e7\u00e3o anterior contra a aliena\u00e7\u00e3o \u00e9 apresentada como contrariada pela venda do terreno.<\/p>\n<h3>Contexto pol\u00edtico e argumentos<\/h3>\n<p>A CDU afirma que o terreno j\u00e1 estava validado desde 2010 pela PSP e pela Dire\u00e7\u00e3o-Geral de Infraestruturas, que o viam como solu\u00e7\u00e3o adequada. Sustenta que a responsabilidade n\u00e3o pode recair no Minist\u00e9rio da Administra\u00e7\u00e3o Interna.<\/p>\n<p>Os comunistas defendem que persist\u00eancia popular e atua\u00e7\u00e3o local s\u00e3o determinantes para transformar reivindica\u00e7\u00f5es antigas em realidade, citando exemplos como o Centro de Sa\u00fade da Baixa da Banheira.<\/p>\n<p>A posi\u00e7\u00e3o da CDU \u00e9 de defesa de patrim\u00f3nio estrat\u00e9gico e de uma seguran\u00e7a refor\u00e7ada no territ\u00f3rio, sem que a venda seja vista como solu\u00e7\u00e3o vi\u00e1vel para o problema.<\/p>\n","protected":false},"excerpt":{"rendered":"<ul>\n<li>A venda de um terreno municipal identificado para a constru\u00e7\u00e3o da nova esquadra da PSP na Baixa da Banheira, Moita, gerou forte contesta\u00e7\u00e3o pol\u00edtica.<\/li>\n<li>A CDU afirma que a decis\u00e3o representa retrocesso numa reivindica\u00e7\u00e3o com mais de 30 anos da popula\u00e7\u00e3o, que exige melhores condi\u00e7\u00f5es e meios de seguran\u00e7a.<\/li>\n<li>O terreno estava dispon\u00edvel desde 2008, quando a C\u00e2mara Municipal da Moita disponibilizou-o para a constru\u00e7\u00e3o da nova esquadra, e foi validado pela PSP e pela Dire\u00e7\u00e3o-Geral de Infraestruturas em 2010.<\/li>\n<li>A CDU acusa o PS de responsabilidade pela decis\u00e3o de venda e questiona a coer\u00eancia de argumentos, apontando tamb\u00e9m o envolvimento de eleitos do Chega na viabiliza\u00e7\u00e3o da decis\u00e3o.<\/li>\n<li>A CDU promete manter a luta, defendendo que a seguran\u00e7a n\u00e3o se faz com a venda de patrim\u00f3nio estrat\u00e9gico e pedindo persist\u00eancia da participa\u00e7\u00e3o das comunidades e dos eleitos locais.<\/li>\n<\/ul>\n","protected":false},"author":2,"featured_media":161089,"comment_status":"closed","ping_status":"closed","sticky":false,"template":"","format":"standard","meta":{"footnotes":""},"categories":[1,5],"tags":[2143,3569,814,2832,250,2540],"class_list":["post-161051","post","type-post","status-publish","format-standard","has-post-thumbnail","hentry","category-noticias","category-politica","tag-cdu","tag-moita","tag-patrimonio","tag-politica","tag-seguranca-publica","tag-territorio"],"yoast_head":"<!-- This site is optimized with the Yoast SEO plugin v27.2 - https:\/\/yoast.com\/product\/yoast-seo-wordpress\/ -->\n<title>Terreno destinado \u00e0 nova esquadra da PSP na Baixa da Banheira foi vendido - Portal Tela Portugal<\/title>\n<meta name=\"robots\" content=\"index, follow, max-snippet:-1, max-image-preview:large, max-video-preview:-1\" \/>\n<meta property=\"og:locale\" content=\"pt_PT\" \/>\n<meta property=\"og:type\" content=\"article\" \/>\n<meta property=\"og:title\" content=\"Terreno destinado \u00e0 nova esquadra da PSP na Baixa da Banheira foi vendido - Portal Tela Portugal\" \/>\n<meta property=\"og:description\" content=\"A venda de um terreno municipal identificado para a constru\u00e7\u00e3o da nova esquadra da PSP na Baixa da Banheira, Moita, gerou forte contesta\u00e7\u00e3o pol\u00edtica. A CDU afirma que a decis\u00e3o representa retrocesso numa reivindica\u00e7\u00e3o com mais de 30 anos da popula\u00e7\u00e3o, que exige melhores condi\u00e7\u00f5es e meios de seguran\u00e7a. O terreno estava dispon\u00edvel desde 2008, quando a C\u00e2mara Municipal da Moita disponibilizou-o para a constru\u00e7\u00e3o da nova esquadra, e foi validado pela PSP e pela Dire\u00e7\u00e3o-Geral de Infraestruturas em 2010. A CDU acusa o PS de responsabilidade pela decis\u00e3o de venda e questiona a coer\u00eancia de argumentos, apontando tamb\u00e9m o envolvimento de eleitos do Chega na viabiliza\u00e7\u00e3o da decis\u00e3o. A CDU promete manter a luta, defendendo que a seguran\u00e7a n\u00e3o se faz com a venda de patrim\u00f3nio estrat\u00e9gico e pedindo persist\u00eancia da participa\u00e7\u00e3o das comunidades e dos eleitos locais.\" \/>\n<meta property=\"og:url\" content=\"https:\/\/portaltela.pt\/noticias\/2026\/01\/21\/terreno-destinado-a-nova-esquadra-da-psp-na-baixa-da-banheira-foi-vendido\/\" \/>\n<meta property=\"og:site_name\" content=\"Portal Tela Portugal\" \/>\n<meta property=\"article:published_time\" content=\"2026-01-21T17:39:06+00:00\" \/>\n<meta name=\"author\" content=\"Telinha\" \/>\n<meta name=\"twitter:card\" content=\"summary_large_image\" \/>\n<meta name=\"twitter:label1\" content=\"Escrito por\" \/>\n\t<meta name=\"twitter:data1\" content=\"Telinha\" \/>\n\t<meta name=\"twitter:label2\" content=\"Tempo estimado de leitura\" \/>\n\t<meta name=\"twitter:data2\" content=\"1 minuto\" \/>\n<script type=\"application\/ld+json\" class=\"yoast-schema-graph\">{\"@context\":\"https:\/\/schema.org\",\"@graph\":[{\"@type\":\"Article\",\"@id\":\"https:\/\/portaltela.pt\/noticias\/2026\/01\/21\/terreno-destinado-a-nova-esquadra-da-psp-na-baixa-da-banheira-foi-vendido\/#article\",\"isPartOf\":{\"@id\":\"https:\/\/portaltela.pt\/noticias\/2026\/01\/21\/terreno-destinado-a-nova-esquadra-da-psp-na-baixa-da-banheira-foi-vendido\/\"},\"author\":{\"name\":\"Telinha\",\"@id\":\"https:\/\/portaltela.pt\/#\/schema\/person\/c4278d4a6028830caff9ee44b42d32ed\"},\"headline\":\"Terreno destinado \u00e0 nova esquadra da PSP na Baixa da Banheira foi vendido\",\"datePublished\":\"2026-01-21T17:39:06+00:00\",\"mainEntityOfPage\":{\"@id\":\"https:\/\/portaltela.pt\/noticias\/2026\/01\/21\/terreno-destinado-a-nova-esquadra-da-psp-na-baixa-da-banheira-foi-vendido\/\"},\"wordCount\":231,\"image\":{\"@id\":\"https:\/\/portaltela.pt\/noticias\/2026\/01\/21\/terreno-destinado-a-nova-esquadra-da-psp-na-baixa-da-banheira-foi-vendido\/#primaryimage\"},\"thumbnailUrl\":\"https:\/\/portaltela.pt\/s.01k8rhncp4jt1\/2026\/01\/unnamed-file-4467.jpg\",\"keywords\":[\"CDU\",\"Moita\",\"patrim\u00f3nio\",\"pol\u00edtica\",\"seguran\u00e7a p\u00fablica\",\"Territ\u00f3rio\"],\"articleSection\":[\"Not\u00edcias\",\"Pol\u00edtica\"],\"inLanguage\":\"pt-PT\"},{\"@type\":\"WebPage\",\"@id\":\"https:\/\/portaltela.pt\/noticias\/2026\/01\/21\/terreno-destinado-a-nova-esquadra-da-psp-na-baixa-da-banheira-foi-vendido\/\",\"url\":\"https:\/\/portaltela.pt\/noticias\/2026\/01\/21\/terreno-destinado-a-nova-esquadra-da-psp-na-baixa-da-banheira-foi-vendido\/\",\"name\":\"Terreno destinado \u00e0 nova esquadra da PSP na Baixa da Banheira foi vendido - Portal Tela Portugal\",\"isPartOf\":{\"@id\":\"https:\/\/portaltela.pt\/#website\"},\"primaryImageOfPage\":{\"@id\":\"https:\/\/portaltela.pt\/noticias\/2026\/01\/21\/terreno-destinado-a-nova-esquadra-da-psp-na-baixa-da-banheira-foi-vendido\/#primaryimage\"},\"image\":{\"@id\":\"https:\/\/portaltela.pt\/noticias\/2026\/01\/21\/terreno-destinado-a-nova-esquadra-da-psp-na-baixa-da-banheira-foi-vendido\/#primaryimage\"},\"thumbnailUrl\":\"https:\/\/portaltela.pt\/s.01k8rhncp4jt1\/2026\/01\/unnamed-file-4467.jpg\",\"datePublished\":\"2026-01-21T17:39:06+00:00\",\"author\":{\"@id\":\"https:\/\/portaltela.pt\/#\/schema\/person\/c4278d4a6028830caff9ee44b42d32ed\"},\"breadcrumb\":{\"@id\":\"https:\/\/portaltela.pt\/noticias\/2026\/01\/21\/terreno-destinado-a-nova-esquadra-da-psp-na-baixa-da-banheira-foi-vendido\/#breadcrumb\"},\"inLanguage\":\"pt-PT\",\"potentialAction\":[{\"@type\":\"ReadAction\",\"target\":[\"https:\/\/portaltela.pt\/noticias\/2026\/01\/21\/terreno-destinado-a-nova-esquadra-da-psp-na-baixa-da-banheira-foi-vendido\/\"]}]},{\"@type\":\"ImageObject\",\"inLanguage\":\"pt-PT\",\"@id\":\"https:\/\/portaltela.pt\/noticias\/2026\/01\/21\/terreno-destinado-a-nova-esquadra-da-psp-na-baixa-da-banheira-foi-vendido\/#primaryimage\",\"url\":\"https:\/\/portaltela.pt\/s.01k8rhncp4jt1\/2026\/01\/unnamed-file-4467.jpg\",\"contentUrl\":\"https:\/\/portaltela.pt\/s.01k8rhncp4jt1\/2026\/01\/unnamed-file-4467.jpg\",\"width\":796,\"height\":448,\"caption\":\"Moita: terreno destinado \u00e0 nova esquadra da PSP na Baixa da Banheira foi vendido\"},{\"@type\":\"BreadcrumbList\",\"@id\":\"https:\/\/portaltela.pt\/noticias\/2026\/01\/21\/terreno-destinado-a-nova-esquadra-da-psp-na-baixa-da-banheira-foi-vendido\/#breadcrumb\",\"itemListElement\":[{\"@type\":\"ListItem\",\"position\":1,\"name\":\"In\u00edcio\",\"item\":\"https:\/\/portaltela.pt\/\"},{\"@type\":\"ListItem\",\"position\":2,\"name\":\"Terreno destinado \u00e0 nova esquadra da PSP na Baixa da Banheira foi vendido\"}]},{\"@type\":\"WebSite\",\"@id\":\"https:\/\/portaltela.pt\/#website\",\"url\":\"https:\/\/portaltela.pt\/\",\"name\":\"Portal Tela Portugal\",\"description\":\"\",\"potentialAction\":[{\"@type\":\"SearchAction\",\"target\":{\"@type\":\"EntryPoint\",\"urlTemplate\":\"https:\/\/portaltela.pt\/?s={search_term_string}\"},\"query-input\":{\"@type\":\"PropertyValueSpecification\",\"valueRequired\":true,\"valueName\":\"search_term_string\"}}],\"inLanguage\":\"pt-PT\"},{\"@type\":\"Person\",\"@id\":\"https:\/\/portaltela.pt\/#\/schema\/person\/c4278d4a6028830caff9ee44b42d32ed\",\"name\":\"Telinha\",\"image\":{\"@type\":\"ImageObject\",\"inLanguage\":\"pt-PT\",\"@id\":\"https:\/\/portaltela.pt\/s.01k8rhncp4jt1\/2025\/11\/talking-bot-125x125.png\",\"url\":\"https:\/\/portaltela.pt\/s.01k8rhncp4jt1\/2025\/11\/talking-bot-125x125.png\",\"contentUrl\":\"https:\/\/portaltela.pt\/s.01k8rhncp4jt1\/2025\/11\/talking-bot-125x125.png\",\"caption\":\"Telinha\"},\"sameAs\":[\"https:\/\/portaltela.pt\/\"],\"url\":\"https:\/\/portaltela.pt\/por\/367410592786\/\"}]}<\/script>\n<!-- \/ Yoast SEO plugin. -->","yoast_head_json":{"title":"Terreno destinado \u00e0 nova esquadra da PSP na Baixa da Banheira foi vendido - Portal Tela Portugal","robots":{"index":"index","follow":"follow","max-snippet":"max-snippet:-1","max-image-preview":"max-image-preview:large","max-video-preview":"max-video-preview:-1"},"og_locale":"pt_PT","og_type":"article","og_title":"Terreno destinado \u00e0 nova esquadra da PSP na Baixa da Banheira foi vendido - Portal Tela Portugal","og_description":"A venda de um terreno municipal identificado para a constru\u00e7\u00e3o da nova esquadra da PSP na Baixa da Banheira, Moita, gerou forte contesta\u00e7\u00e3o pol\u00edtica. A CDU afirma que a decis\u00e3o representa retrocesso numa reivindica\u00e7\u00e3o com mais de 30 anos da popula\u00e7\u00e3o, que exige melhores condi\u00e7\u00f5es e meios de seguran\u00e7a. O terreno estava dispon\u00edvel desde 2008, quando a C\u00e2mara Municipal da Moita disponibilizou-o para a constru\u00e7\u00e3o da nova esquadra, e foi validado pela PSP e pela Dire\u00e7\u00e3o-Geral de Infraestruturas em 2010. A CDU acusa o PS de responsabilidade pela decis\u00e3o de venda e questiona a coer\u00eancia de argumentos, apontando tamb\u00e9m o envolvimento de eleitos do Chega na viabiliza\u00e7\u00e3o da decis\u00e3o. A CDU promete manter a luta, defendendo que a seguran\u00e7a n\u00e3o se faz com a venda de patrim\u00f3nio estrat\u00e9gico e pedindo persist\u00eancia da participa\u00e7\u00e3o das comunidades e dos eleitos locais.","og_url":"https:\/\/portaltela.pt\/noticias\/2026\/01\/21\/terreno-destinado-a-nova-esquadra-da-psp-na-baixa-da-banheira-foi-vendido\/","og_site_name":"Portal Tela Portugal","article_published_time":"2026-01-21T17:39:06+00:00","author":"Telinha","twitter_card":"summary_large_image","twitter_misc":{"Escrito por":"Telinha","Tempo estimado de leitura":"1 minuto"},"schema":{"@context":"https:\/\/schema.org","@graph":[{"@type":"Article","@id":"https:\/\/portaltela.pt\/noticias\/2026\/01\/21\/terreno-destinado-a-nova-esquadra-da-psp-na-baixa-da-banheira-foi-vendido\/#article","isPartOf":{"@id":"https:\/\/portaltela.pt\/noticias\/2026\/01\/21\/terreno-destinado-a-nova-esquadra-da-psp-na-baixa-da-banheira-foi-vendido\/"},"author":{"name":"Telinha","@id":"https:\/\/portaltela.pt\/#\/schema\/person\/c4278d4a6028830caff9ee44b42d32ed"},"headline":"Terreno destinado \u00e0 nova esquadra da PSP na Baixa da Banheira foi vendido","datePublished":"2026-01-21T17:39:06+00:00","mainEntityOfPage":{"@id":"https:\/\/portaltela.pt\/noticias\/2026\/01\/21\/terreno-destinado-a-nova-esquadra-da-psp-na-baixa-da-banheira-foi-vendido\/"},"wordCount":231,"image":{"@id":"https:\/\/portaltela.pt\/noticias\/2026\/01\/21\/terreno-destinado-a-nova-esquadra-da-psp-na-baixa-da-banheira-foi-vendido\/#primaryimage"},"thumbnailUrl":"https:\/\/portaltela.pt\/s.01k8rhncp4jt1\/2026\/01\/unnamed-file-4467.jpg","keywords":["CDU","Moita","patrim\u00f3nio","pol\u00edtica","seguran\u00e7a p\u00fablica","Territ\u00f3rio"],"articleSection":["Not\u00edcias","Pol\u00edtica"],"inLanguage":"pt-PT"},{"@type":"WebPage","@id":"https:\/\/portaltela.pt\/noticias\/2026\/01\/21\/terreno-destinado-a-nova-esquadra-da-psp-na-baixa-da-banheira-foi-vendido\/","url":"https:\/\/portaltela.pt\/noticias\/2026\/01\/21\/terreno-destinado-a-nova-esquadra-da-psp-na-baixa-da-banheira-foi-vendido\/","name":"Terreno destinado \u00e0 nova esquadra da PSP na Baixa da Banheira foi vendido - Portal Tela Portugal","isPartOf":{"@id":"https:\/\/portaltela.pt\/#website"},"primaryImageOfPage":{"@id":"https:\/\/portaltela.pt\/noticias\/2026\/01\/21\/terreno-destinado-a-nova-esquadra-da-psp-na-baixa-da-banheira-foi-vendido\/#primaryimage"},"image":{"@id":"https:\/\/portaltela.pt\/noticias\/2026\/01\/21\/terreno-destinado-a-nova-esquadra-da-psp-na-baixa-da-banheira-foi-vendido\/#primaryimage"},"thumbnailUrl":"https:\/\/portaltela.pt\/s.01k8rhncp4jt1\/2026\/01\/unnamed-file-4467.jpg","datePublished":"2026-01-21T17:39:06+00:00","author":{"@id":"https:\/\/portaltela.pt\/#\/schema\/person\/c4278d4a6028830caff9ee44b42d32ed"},"breadcrumb":{"@id":"https:\/\/portaltela.pt\/noticias\/2026\/01\/21\/terreno-destinado-a-nova-esquadra-da-psp-na-baixa-da-banheira-foi-vendido\/#breadcrumb"},"inLanguage":"pt-PT","potentialAction":[{"@type":"ReadAction","target":["https:\/\/portaltela.pt\/noticias\/2026\/01\/21\/terreno-destinado-a-nova-esquadra-da-psp-na-baixa-da-banheira-foi-vendido\/"]}]},{"@type":"ImageObject","inLanguage":"pt-PT","@id":"https:\/\/portaltela.pt\/noticias\/2026\/01\/21\/terreno-destinado-a-nova-esquadra-da-psp-na-baixa-da-banheira-foi-vendido\/#primaryimage","url":"https:\/\/portaltela.pt\/s.01k8rhncp4jt1\/2026\/01\/unnamed-file-4467.jpg","contentUrl":"https:\/\/portaltela.pt\/s.01k8rhncp4jt1\/2026\/01\/unnamed-file-4467.jpg","width":796,"height":448,"caption":"Moita: terreno destinado \u00e0 nova esquadra da PSP na Baixa da Banheira foi vendido"},{"@type":"BreadcrumbList","@id":"https:\/\/portaltela.pt\/noticias\/2026\/01\/21\/terreno-destinado-a-nova-esquadra-da-psp-na-baixa-da-banheira-foi-vendido\/#breadcrumb","itemListElement":[{"@type":"ListItem","position":1,"name":"In\u00edcio","item":"https:\/\/portaltela.pt\/"},{"@type":"ListItem","position":2,"name":"Terreno destinado \u00e0 nova esquadra da PSP na Baixa da Banheira foi vendido"}]},{"@type":"WebSite","@id":"https:\/\/portaltela.pt\/#website","url":"https:\/\/portaltela.pt\/","name":"Portal Tela Portugal","description":"","potentialAction":[{"@type":"SearchAction","target":{"@type":"EntryPoint","urlTemplate":"https:\/\/portaltela.pt\/?s={search_term_string}"},"query-input":{"@type":"PropertyValueSpecification","valueRequired":true,"valueName":"search_term_string"}}],"inLanguage":"pt-PT"},{"@type":"Person","@id":"https:\/\/portaltela.pt\/#\/schema\/person\/c4278d4a6028830caff9ee44b42d32ed","name":"Telinha","image":{"@type":"ImageObject","inLanguage":"pt-PT","@id":"https:\/\/portaltela.pt\/s.01k8rhncp4jt1\/2025\/11\/talking-bot-125x125.png","url":"https:\/\/portaltela.pt\/s.01k8rhncp4jt1\/2025\/11\/talking-bot-125x125.png","contentUrl":"https:\/\/portaltela.pt\/s.01k8rhncp4jt1\/2025\/11\/talking-bot-125x125.png","caption":"Telinha"},"sameAs":["https:\/\/portaltela.pt\/"],"url":"https:\/\/portaltela.pt\/por\/367410592786\/"}]}},"_links":{"self":[{"href":"https:\/\/portaltela.pt\/api\/wp\/v2\/posts\/161051","targetHints":{"allow":["GET"]}}],"collection":[{"href":"https:\/\/portaltela.pt\/api\/wp\/v2\/posts"}],"about":[{"href":"https:\/\/portaltela.pt\/api\/wp\/v2\/types\/post"}],"author":[{"embeddable":true,"href":"https:\/\/portaltela.pt\/api\/wp\/v2\/users\/2"}],"replies":[{"embeddable":true,"href":"https:\/\/portaltela.pt\/api\/wp\/v2\/comments?post=161051"}],"version-history":[{"count":0,"href":"https:\/\/portaltela.pt\/api\/wp\/v2\/posts\/161051\/revisions"}],"wp:featuredmedia":[{"embeddable":true,"href":"https:\/\/portaltela.pt\/api\/wp\/v2\/media\/161089"}],"wp:attachment":[{"href":"https:\/\/portaltela.pt\/api\/wp\/v2\/media?parent=161051"}],"wp:term":[{"taxonomy":"category","embeddable":true,"href":"https:\/\/portaltela.pt\/api\/wp\/v2\/categories?post=161051"},{"taxonomy":"post_tag","embeddable":true,"href":"https:\/\/portaltela.pt\/api\/wp\/v2\/tags?post=161051"}],"curies":[{"name":"wp","href":"https:\/\/api.w.org\/{rel}","templated":true}]}}