{"id":160993,"date":"2026-01-21T06:00:00","date_gmt":"2026-01-21T09:00:00","guid":{"rendered":"https:\/\/portaltela.pt\/noticias\/2026\/01\/21\/suarez-sob-lupa-sporting-psg-analisado-em-franca\/"},"modified":"2026-01-21T06:00:00","modified_gmt":"2026-01-21T09:00:00","slug":"suarez-sob-lupa-sporting-psg-analisado-em-franca","status":"publish","type":"post","link":"https:\/\/portaltela.pt\/desporto\/futebol\/2026\/01\/21\/suarez-sob-lupa-sporting-psg-analisado-em-franca\/","title":{"rendered":"Su\u00e1rez sob lupa: Sporting-PSG analisado em Fran\u00e7a"},"content":{"rendered":"<p>O PSG caiu diante do Sporting, por 2-1, em Lisboa, na Liga dos Campe\u00f5es. A derrota aconteceu na primeira noite de 2026 para o t\u00e9cnico Luis Enrique, num jogo em que os franceses dominaram grande parte do encontro, mas sofreram dois golos nos \u00faltimos minutos.<\/p>\n<p>O dom\u00ednio sem \ud6a8\uacfc n\u00e3o se traduziu em finaliza\u00e7\u00e3o eficaz. O PSG teve 75% de posse e 28 remates, mas falhou nas hip\u00f3teses decisivas criadas perto da \u00e1rea contr\u00e1ria. Dois ataques certeiros de Luis Su\u00e1rez, em ocasi\u00f5es raras, bastaram para o Sporting assegurar a vit\u00f3ria.<\/p>\n<p>A an\u00e1lise internacional destaca uma noite frustrante para o PSG, que viu o seu ataque ser pouco eficiente frente a uma defesa lisboeta s\u00f3lida. Lu\u00eds Enrique viu a equipa pressionar sem conseguir converter em golos, especialmente nos minutos finais da partida.<\/p>\n<h3>Dominio de posse e efic\u00e1cia ofensiva<\/h3>\n<p>Os relatos franceses apontam para um PSG dominador, mas sem o rendimento desejado na hora de finalizar. Demb\u00e9l\u00e9 e Dou\u00e9 surgem como exemplos da falta de precis\u00e3o que condenou os campe\u00f5es europeus.<\/p>\n<h3>Impacto na classifica\u00e7\u00e3o<\/h3>\n<p>A derrota pode comprometer a posi\u00e7\u00e3o na fase de grupos, com o PSG a cair provisoriamente para o quinto lugar, dependendo dos outros resultados. A equipa continua bem posicionada para a continuidade na competi\u00e7\u00e3o, mas a derrota complica o caminho para os oitavos.<\/p>\n","protected":false},"excerpt":{"rendered":"<ul>\n<li>O PSG perdeu 2-1 em Alvalade frente ao Sporting, na Liga dos Campe\u00f5es, com dois golos de Luis Su\u00e1rez nos descontos.<\/li>\n<li>Mesmo com 75% de posse de bola e 28 remates, os parisienses n\u00e3o foram eficazes e sofreram na finaliza\u00e7\u00e3o.<\/li>\n<li>L&#8217;\u00c9quipe destaca o dom\u00ednio est\u00e9ril do PSG e os dois golos de Su\u00e1rez, elogiando a atua\u00e7\u00e3o do antigo jogador do Marselha.<\/li>\n<li>Le Parisien aponta que, apesar da derrota, o PSG mant\u00e9m ofensiva dominante, mas complica a tarefa de seguinte fase pela falta de precis\u00e3o no ataque.<\/li>\n<li>Le Monde avisa que a derrota deixa o PSG com 13 pontos em sete jogos, a cair para o quinto lugar e sem garantia de oitavos de final; Le Figaro destaca o rev\u00e9s numa fase cr\u00edtica, com o Newcastle ainda por enfrentar.<\/li>\n<\/ul>\n","protected":false},"author":2,"featured_media":161002,"comment_status":"closed","ping_status":"closed","sticky":false,"template":"","format":"standard","meta":{"footnotes":""},"categories":[21,24],"tags":[3577,3492,32,3272,1982,1652],"class_list":["post-160993","post","type-post","status-publish","format-standard","has-post-thumbnail","hentry","category-desporto","category-futebol","tag-champions-league","tag-dembele","tag-futebol","tag-luis-suarez","tag-paris-saint-germain","tag-sporting"],"yoast_head":"<!-- This site is optimized with the Yoast SEO plugin v27.2 - https:\/\/yoast.com\/product\/yoast-seo-wordpress\/ -->\n<title>Su\u00e1rez sob lupa: Sporting-PSG analisado em Fran\u00e7a - Portal Tela Portugal<\/title>\n<meta name=\"robots\" content=\"index, follow, max-snippet:-1, max-image-preview:large, max-video-preview:-1\" \/>\n<meta property=\"og:locale\" content=\"pt_PT\" \/>\n<meta property=\"og:type\" content=\"article\" \/>\n<meta property=\"og:title\" content=\"Su\u00e1rez sob lupa: Sporting-PSG analisado em Fran\u00e7a - Portal Tela Portugal\" \/>\n<meta property=\"og:description\" content=\"O PSG perdeu 2-1 em Alvalade frente ao Sporting, na Liga dos Campe\u00f5es, com dois golos de Luis Su\u00e1rez nos descontos. Mesmo com 75% de posse de bola e 28 remates, os parisienses n\u00e3o foram eficazes e sofreram na finaliza\u00e7\u00e3o. L&#039;\u00c9quipe destaca o dom\u00ednio est\u00e9ril do PSG e os dois golos de Su\u00e1rez, elogiando a atua\u00e7\u00e3o do antigo jogador do Marselha. Le Parisien aponta que, apesar da derrota, o PSG mant\u00e9m ofensiva dominante, mas complica a tarefa de seguinte fase pela falta de precis\u00e3o no ataque. Le Monde avisa que a derrota deixa o PSG com 13 pontos em sete jogos, a cair para o quinto lugar e sem garantia de oitavos de final; Le Figaro destaca o rev\u00e9s numa fase cr\u00edtica, com o Newcastle ainda por enfrentar.\" \/>\n<meta property=\"og:url\" content=\"https:\/\/portaltela.pt\/noticias\/2026\/01\/21\/suarez-sob-lupa-sporting-psg-analisado-em-franca\/\" \/>\n<meta property=\"og:site_name\" content=\"Portal Tela Portugal\" \/>\n<meta property=\"article:published_time\" content=\"2026-01-21T09:00:00+00:00\" \/>\n<meta name=\"author\" content=\"Telinha\" \/>\n<meta name=\"twitter:card\" content=\"summary_large_image\" \/>\n<meta name=\"twitter:label1\" content=\"Escrito por\" \/>\n\t<meta name=\"twitter:data1\" content=\"Telinha\" \/>\n\t<meta name=\"twitter:label2\" content=\"Tempo estimado de leitura\" \/>\n\t<meta name=\"twitter:data2\" content=\"1 minuto\" \/>\n<script type=\"application\/ld+json\" class=\"yoast-schema-graph\">{\"@context\":\"https:\/\/schema.org\",\"@graph\":[{\"@type\":\"Article\",\"@id\":\"https:\/\/portaltela.pt\/noticias\/2026\/01\/21\/suarez-sob-lupa-sporting-psg-analisado-em-franca\/#article\",\"isPartOf\":{\"@id\":\"https:\/\/portaltela.pt\/noticias\/2026\/01\/21\/suarez-sob-lupa-sporting-psg-analisado-em-franca\/\"},\"author\":{\"name\":\"Telinha\",\"@id\":\"https:\/\/portaltela.pt\/#\/schema\/person\/c4278d4a6028830caff9ee44b42d32ed\"},\"headline\":\"Su\u00e1rez sob lupa: Sporting-PSG analisado em Fran\u00e7a\",\"datePublished\":\"2026-01-21T09:00:00+00:00\",\"mainEntityOfPage\":{\"@id\":\"https:\/\/portaltela.pt\/noticias\/2026\/01\/21\/suarez-sob-lupa-sporting-psg-analisado-em-franca\/\"},\"wordCount\":240,\"image\":{\"@id\":\"https:\/\/portaltela.pt\/noticias\/2026\/01\/21\/suarez-sob-lupa-sporting-psg-analisado-em-franca\/#primaryimage\"},\"thumbnailUrl\":\"https:\/\/portaltela.pt\/s.01k8rhncp4jt1\/2026\/01\/img_1200x721uu2026-01-20-22-17-41-2416127-5.jpg\",\"keywords\":[\"Champions League\",\"Demb\u00e9l\u00e9\",\"futebol\",\"Luis Su\u00e1rez\",\"Paris Saint-Germain\",\"Sporting\"],\"articleSection\":[\"Desporto\",\"Futebol\"],\"inLanguage\":\"pt-PT\"},{\"@type\":\"WebPage\",\"@id\":\"https:\/\/portaltela.pt\/noticias\/2026\/01\/21\/suarez-sob-lupa-sporting-psg-analisado-em-franca\/\",\"url\":\"https:\/\/portaltela.pt\/noticias\/2026\/01\/21\/suarez-sob-lupa-sporting-psg-analisado-em-franca\/\",\"name\":\"Su\u00e1rez sob lupa: Sporting-PSG analisado em Fran\u00e7a - Portal Tela Portugal\",\"isPartOf\":{\"@id\":\"https:\/\/portaltela.pt\/#website\"},\"primaryImageOfPage\":{\"@id\":\"https:\/\/portaltela.pt\/noticias\/2026\/01\/21\/suarez-sob-lupa-sporting-psg-analisado-em-franca\/#primaryimage\"},\"image\":{\"@id\":\"https:\/\/portaltela.pt\/noticias\/2026\/01\/21\/suarez-sob-lupa-sporting-psg-analisado-em-franca\/#primaryimage\"},\"thumbnailUrl\":\"https:\/\/portaltela.pt\/s.01k8rhncp4jt1\/2026\/01\/img_1200x721uu2026-01-20-22-17-41-2416127-5.jpg\",\"datePublished\":\"2026-01-21T09:00:00+00:00\",\"author\":{\"@id\":\"https:\/\/portaltela.pt\/#\/schema\/person\/c4278d4a6028830caff9ee44b42d32ed\"},\"breadcrumb\":{\"@id\":\"https:\/\/portaltela.pt\/noticias\/2026\/01\/21\/suarez-sob-lupa-sporting-psg-analisado-em-franca\/#breadcrumb\"},\"inLanguage\":\"pt-PT\",\"potentialAction\":[{\"@type\":\"ReadAction\",\"target\":[\"https:\/\/portaltela.pt\/noticias\/2026\/01\/21\/suarez-sob-lupa-sporting-psg-analisado-em-franca\/\"]}]},{\"@type\":\"ImageObject\",\"inLanguage\":\"pt-PT\",\"@id\":\"https:\/\/portaltela.pt\/noticias\/2026\/01\/21\/suarez-sob-lupa-sporting-psg-analisado-em-franca\/#primaryimage\",\"url\":\"https:\/\/portaltela.pt\/s.01k8rhncp4jt1\/2026\/01\/img_1200x721uu2026-01-20-22-17-41-2416127-5.jpg\",\"contentUrl\":\"https:\/\/portaltela.pt\/s.01k8rhncp4jt1\/2026\/01\/img_1200x721uu2026-01-20-22-17-41-2416127-5.jpg\",\"width\":796,\"height\":448,\"caption\":\"Su\u00e1rez\"},{\"@type\":\"BreadcrumbList\",\"@id\":\"https:\/\/portaltela.pt\/noticias\/2026\/01\/21\/suarez-sob-lupa-sporting-psg-analisado-em-franca\/#breadcrumb\",\"itemListElement\":[{\"@type\":\"ListItem\",\"position\":1,\"name\":\"In\u00edcio\",\"item\":\"https:\/\/portaltela.pt\/\"},{\"@type\":\"ListItem\",\"position\":2,\"name\":\"Su\u00e1rez sob lupa: Sporting-PSG analisado em Fran\u00e7a\"}]},{\"@type\":\"WebSite\",\"@id\":\"https:\/\/portaltela.pt\/#website\",\"url\":\"https:\/\/portaltela.pt\/\",\"name\":\"Portal Tela Portugal\",\"description\":\"\",\"potentialAction\":[{\"@type\":\"SearchAction\",\"target\":{\"@type\":\"EntryPoint\",\"urlTemplate\":\"https:\/\/portaltela.pt\/?s={search_term_string}\"},\"query-input\":{\"@type\":\"PropertyValueSpecification\",\"valueRequired\":true,\"valueName\":\"search_term_string\"}}],\"inLanguage\":\"pt-PT\"},{\"@type\":\"Person\",\"@id\":\"https:\/\/portaltela.pt\/#\/schema\/person\/c4278d4a6028830caff9ee44b42d32ed\",\"name\":\"Telinha\",\"image\":{\"@type\":\"ImageObject\",\"inLanguage\":\"pt-PT\",\"@id\":\"https:\/\/portaltela.pt\/s.01k8rhncp4jt1\/2025\/11\/talking-bot-125x125.png\",\"url\":\"https:\/\/portaltela.pt\/s.01k8rhncp4jt1\/2025\/11\/talking-bot-125x125.png\",\"contentUrl\":\"https:\/\/portaltela.pt\/s.01k8rhncp4jt1\/2025\/11\/talking-bot-125x125.png\",\"caption\":\"Telinha\"},\"sameAs\":[\"https:\/\/portaltela.pt\/\"],\"url\":\"https:\/\/portaltela.pt\/por\/367410592786\/\"}]}<\/script>\n<!-- \/ Yoast SEO plugin. -->","yoast_head_json":{"title":"Su\u00e1rez sob lupa: Sporting-PSG analisado em Fran\u00e7a - Portal Tela Portugal","robots":{"index":"index","follow":"follow","max-snippet":"max-snippet:-1","max-image-preview":"max-image-preview:large","max-video-preview":"max-video-preview:-1"},"og_locale":"pt_PT","og_type":"article","og_title":"Su\u00e1rez sob lupa: Sporting-PSG analisado em Fran\u00e7a - Portal Tela Portugal","og_description":"O PSG perdeu 2-1 em Alvalade frente ao Sporting, na Liga dos Campe\u00f5es, com dois golos de Luis Su\u00e1rez nos descontos. Mesmo com 75% de posse de bola e 28 remates, os parisienses n\u00e3o foram eficazes e sofreram na finaliza\u00e7\u00e3o. L'\u00c9quipe destaca o dom\u00ednio est\u00e9ril do PSG e os dois golos de Su\u00e1rez, elogiando a atua\u00e7\u00e3o do antigo jogador do Marselha. Le Parisien aponta que, apesar da derrota, o PSG mant\u00e9m ofensiva dominante, mas complica a tarefa de seguinte fase pela falta de precis\u00e3o no ataque. Le Monde avisa que a derrota deixa o PSG com 13 pontos em sete jogos, a cair para o quinto lugar e sem garantia de oitavos de final; Le Figaro destaca o rev\u00e9s numa fase cr\u00edtica, com o Newcastle ainda por enfrentar.","og_url":"https:\/\/portaltela.pt\/noticias\/2026\/01\/21\/suarez-sob-lupa-sporting-psg-analisado-em-franca\/","og_site_name":"Portal Tela Portugal","article_published_time":"2026-01-21T09:00:00+00:00","author":"Telinha","twitter_card":"summary_large_image","twitter_misc":{"Escrito por":"Telinha","Tempo estimado de leitura":"1 minuto"},"schema":{"@context":"https:\/\/schema.org","@graph":[{"@type":"Article","@id":"https:\/\/portaltela.pt\/noticias\/2026\/01\/21\/suarez-sob-lupa-sporting-psg-analisado-em-franca\/#article","isPartOf":{"@id":"https:\/\/portaltela.pt\/noticias\/2026\/01\/21\/suarez-sob-lupa-sporting-psg-analisado-em-franca\/"},"author":{"name":"Telinha","@id":"https:\/\/portaltela.pt\/#\/schema\/person\/c4278d4a6028830caff9ee44b42d32ed"},"headline":"Su\u00e1rez sob lupa: Sporting-PSG analisado em Fran\u00e7a","datePublished":"2026-01-21T09:00:00+00:00","mainEntityOfPage":{"@id":"https:\/\/portaltela.pt\/noticias\/2026\/01\/21\/suarez-sob-lupa-sporting-psg-analisado-em-franca\/"},"wordCount":240,"image":{"@id":"https:\/\/portaltela.pt\/noticias\/2026\/01\/21\/suarez-sob-lupa-sporting-psg-analisado-em-franca\/#primaryimage"},"thumbnailUrl":"https:\/\/portaltela.pt\/s.01k8rhncp4jt1\/2026\/01\/img_1200x721uu2026-01-20-22-17-41-2416127-5.jpg","keywords":["Champions League","Demb\u00e9l\u00e9","futebol","Luis Su\u00e1rez","Paris Saint-Germain","Sporting"],"articleSection":["Desporto","Futebol"],"inLanguage":"pt-PT"},{"@type":"WebPage","@id":"https:\/\/portaltela.pt\/noticias\/2026\/01\/21\/suarez-sob-lupa-sporting-psg-analisado-em-franca\/","url":"https:\/\/portaltela.pt\/noticias\/2026\/01\/21\/suarez-sob-lupa-sporting-psg-analisado-em-franca\/","name":"Su\u00e1rez sob lupa: Sporting-PSG analisado em Fran\u00e7a - Portal Tela Portugal","isPartOf":{"@id":"https:\/\/portaltela.pt\/#website"},"primaryImageOfPage":{"@id":"https:\/\/portaltela.pt\/noticias\/2026\/01\/21\/suarez-sob-lupa-sporting-psg-analisado-em-franca\/#primaryimage"},"image":{"@id":"https:\/\/portaltela.pt\/noticias\/2026\/01\/21\/suarez-sob-lupa-sporting-psg-analisado-em-franca\/#primaryimage"},"thumbnailUrl":"https:\/\/portaltela.pt\/s.01k8rhncp4jt1\/2026\/01\/img_1200x721uu2026-01-20-22-17-41-2416127-5.jpg","datePublished":"2026-01-21T09:00:00+00:00","author":{"@id":"https:\/\/portaltela.pt\/#\/schema\/person\/c4278d4a6028830caff9ee44b42d32ed"},"breadcrumb":{"@id":"https:\/\/portaltela.pt\/noticias\/2026\/01\/21\/suarez-sob-lupa-sporting-psg-analisado-em-franca\/#breadcrumb"},"inLanguage":"pt-PT","potentialAction":[{"@type":"ReadAction","target":["https:\/\/portaltela.pt\/noticias\/2026\/01\/21\/suarez-sob-lupa-sporting-psg-analisado-em-franca\/"]}]},{"@type":"ImageObject","inLanguage":"pt-PT","@id":"https:\/\/portaltela.pt\/noticias\/2026\/01\/21\/suarez-sob-lupa-sporting-psg-analisado-em-franca\/#primaryimage","url":"https:\/\/portaltela.pt\/s.01k8rhncp4jt1\/2026\/01\/img_1200x721uu2026-01-20-22-17-41-2416127-5.jpg","contentUrl":"https:\/\/portaltela.pt\/s.01k8rhncp4jt1\/2026\/01\/img_1200x721uu2026-01-20-22-17-41-2416127-5.jpg","width":796,"height":448,"caption":"Su\u00e1rez"},{"@type":"BreadcrumbList","@id":"https:\/\/portaltela.pt\/noticias\/2026\/01\/21\/suarez-sob-lupa-sporting-psg-analisado-em-franca\/#breadcrumb","itemListElement":[{"@type":"ListItem","position":1,"name":"In\u00edcio","item":"https:\/\/portaltela.pt\/"},{"@type":"ListItem","position":2,"name":"Su\u00e1rez sob lupa: Sporting-PSG analisado em Fran\u00e7a"}]},{"@type":"WebSite","@id":"https:\/\/portaltela.pt\/#website","url":"https:\/\/portaltela.pt\/","name":"Portal Tela Portugal","description":"","potentialAction":[{"@type":"SearchAction","target":{"@type":"EntryPoint","urlTemplate":"https:\/\/portaltela.pt\/?s={search_term_string}"},"query-input":{"@type":"PropertyValueSpecification","valueRequired":true,"valueName":"search_term_string"}}],"inLanguage":"pt-PT"},{"@type":"Person","@id":"https:\/\/portaltela.pt\/#\/schema\/person\/c4278d4a6028830caff9ee44b42d32ed","name":"Telinha","image":{"@type":"ImageObject","inLanguage":"pt-PT","@id":"https:\/\/portaltela.pt\/s.01k8rhncp4jt1\/2025\/11\/talking-bot-125x125.png","url":"https:\/\/portaltela.pt\/s.01k8rhncp4jt1\/2025\/11\/talking-bot-125x125.png","contentUrl":"https:\/\/portaltela.pt\/s.01k8rhncp4jt1\/2025\/11\/talking-bot-125x125.png","caption":"Telinha"},"sameAs":["https:\/\/portaltela.pt\/"],"url":"https:\/\/portaltela.pt\/por\/367410592786\/"}]}},"_links":{"self":[{"href":"https:\/\/portaltela.pt\/api\/wp\/v2\/posts\/160993","targetHints":{"allow":["GET"]}}],"collection":[{"href":"https:\/\/portaltela.pt\/api\/wp\/v2\/posts"}],"about":[{"href":"https:\/\/portaltela.pt\/api\/wp\/v2\/types\/post"}],"author":[{"embeddable":true,"href":"https:\/\/portaltela.pt\/api\/wp\/v2\/users\/2"}],"replies":[{"embeddable":true,"href":"https:\/\/portaltela.pt\/api\/wp\/v2\/comments?post=160993"}],"version-history":[{"count":0,"href":"https:\/\/portaltela.pt\/api\/wp\/v2\/posts\/160993\/revisions"}],"wp:featuredmedia":[{"embeddable":true,"href":"https:\/\/portaltela.pt\/api\/wp\/v2\/media\/161002"}],"wp:attachment":[{"href":"https:\/\/portaltela.pt\/api\/wp\/v2\/media?parent=160993"}],"wp:term":[{"taxonomy":"category","embeddable":true,"href":"https:\/\/portaltela.pt\/api\/wp\/v2\/categories?post=160993"},{"taxonomy":"post_tag","embeddable":true,"href":"https:\/\/portaltela.pt\/api\/wp\/v2\/tags?post=160993"}],"curies":[{"name":"wp","href":"https:\/\/api.w.org\/{rel}","templated":true}]}}