{"id":160980,"date":"2026-01-21T15:48:43","date_gmt":"2026-01-21T18:48:43","guid":{"rendered":"https:\/\/portaltela.pt\/noticias\/2026\/01\/21\/psg-avisa-dembele-ninguem-esta-acima-do-clube\/"},"modified":"2026-01-21T15:48:43","modified_gmt":"2026-01-21T18:48:43","slug":"psg-avisa-dembele-ninguem-esta-acima-do-clube","status":"publish","type":"post","link":"https:\/\/portaltela.pt\/desporto\/futebol\/2026\/01\/21\/psg-avisa-dembele-ninguem-esta-acima-do-clube\/","title":{"rendered":"PSG avisa Demb\u00e9l\u00e9: ningu\u00e9m est\u00e1 acima do clube"},"content":{"rendered":"<p>O Paris Saint-Germain tem deixado claro que ningu\u00e9m est\u00e1 acima do clube, mesmo em meio a negocia\u00e7\u00f5es de renova\u00e7\u00e3o contratual com Ousmane Demb\u00e9l\u00e9. O tema ganha contornos de incerteza num momento em que o t\u00e9cnico e a dire\u00e7\u00e3o revisam necessidades futuras da equipa.<\/p>\n<p>As negocia\u00e7\u00f5es para prolongar o v\u00ednculo atual de Demb\u00e9l\u00e9, que vai at\u00e9 junho de 2028, j\u00e1 come\u00e7aram. O avan\u00e7ado, atual Bola de Ouro, \u00e9 apontado pela imprensa francesa como algu\u00e9m que pretende cerca de 60 milh\u00f5es de euros por temporada, cifra que n\u00e3o agrada ao PSG.<\/p>\n<p>O presidente do PSG, Nasser Al-Khela\u00effi, deixou claro, em declara\u00e7\u00f5es ao Canal+, que h\u00e1 um limite salarial a manter e que o clube n\u00e3o pode pagar acima do permitido. Apesar do tom firme, o dirigente enfatizou a admira\u00e7\u00e3o pelo jogador, destacando-o como uma lenda do clube e algu\u00e9m que valoriza como pessoa.<\/p>\n<h3>Impasse entre clube e jogador<\/h3>\n<p>Com as posi\u00e7\u00f5es ainda distantes, o dossi\u00ea Demb\u00e9l\u00e9 dever\u00e1 marcar a atualidade do PSG nos pr\u00f3ximos meses, sem que haja confirma\u00e7\u00e3o de evolu\u00e7\u00e3o nas negocia\u00e7\u00f5es no imediato. O clube mant\u00e9m o foco na sustentabilidade or\u00e7amental e no equil\u00edbrio da folha salarial.<\/p>\n<p>Demb\u00e9l\u00e9 \u00e9 descrito como fundamental pela dire\u00e7\u00e3o e pela equipa t\u00e9cnica, mas a negocia\u00e7\u00e3o envolve tamb\u00e9m quest\u00f5es de equil\u00edbrio financeiro e de estrat\u00e9gia desportiva para as pr\u00f3ximas temporadas. O tema continua em aberto e sujeito a novas conversas entre as partes.<\/p>\n<h3>Pr\u00f3ximos passos<\/h3>\n<p>As partes n\u00e3o avan\u00e7aram com um acordo definitivo at\u00e9 ao momento, e os interessados aguardam pr\u00f3ximos contactos para definir caminhos e condi\u00e7\u00f5es. O PSG reafirma a prioridade de manter um plantel competitivo dentro dos par\u00e2metros institucionais.<\/p>\n","protected":false},"excerpt":{"rendered":"<ul>\n<li>O PSG avisou que ningu\u00e9m est\u00e1 acima do clube, numa altura em que decorrem negocia\u00e7\u00f5es pela renova\u00e7\u00e3o de Ousmane Demb\u00e9l\u00e9.<\/li>\n<li>O contrato atual do jogador vai at\u00e9 junho de 2028, mas as conversas para prolong\u00e1-lo ainda n\u00e3o chegaram a acordo.<\/li>\n<li>Demb\u00e9l\u00e9 ter\u00e1 apresentado uma exig\u00eancia de cerca de 60 milh\u00f5es de euros por temporada, valor que n\u00e3o agrada \u00e0 dire\u00e7\u00e3o do PSG.<\/li>\n<li>O presidente Nasser Al Khela\u00effi afirmou, num programa da Canal+, que h\u00e1 um limite salarial e que todos devem respeitar, independentemente da import\u00e2ncia do jogador.<\/li>\n<li>Apesar do tom firme, Al Khela\u00effi elogiou Demb\u00e9l\u00e9, chamando-o de \u00edcone do clube e elogiando-o como pessoa.<\/li>\n<\/ul>\n","protected":false},"author":2,"featured_media":161000,"comment_status":"closed","ping_status":"closed","sticky":false,"template":"","format":"standard","meta":{"footnotes":""},"categories":[21,24],"tags":[3492,32,3338,1747,3163],"class_list":["post-160980","post","type-post","status-publish","format-standard","has-post-thumbnail","hentry","category-desporto","category-futebol","tag-dembele","tag-futebol","tag-futebol-internacional","tag-futebol-profissional","tag-paris"],"yoast_head":"<!-- This site is optimized with the Yoast SEO plugin v27.2 - https:\/\/yoast.com\/product\/yoast-seo-wordpress\/ -->\n<title>PSG avisa Demb\u00e9l\u00e9: ningu\u00e9m est\u00e1 acima do clube - Portal Tela Portugal<\/title>\n<meta name=\"robots\" content=\"index, follow, max-snippet:-1, max-image-preview:large, max-video-preview:-1\" \/>\n<meta property=\"og:locale\" content=\"pt_PT\" \/>\n<meta property=\"og:type\" content=\"article\" \/>\n<meta property=\"og:title\" content=\"PSG avisa Demb\u00e9l\u00e9: ningu\u00e9m est\u00e1 acima do clube - Portal Tela Portugal\" \/>\n<meta property=\"og:description\" content=\"O PSG avisou que ningu\u00e9m est\u00e1 acima do clube, numa altura em que decorrem negocia\u00e7\u00f5es pela renova\u00e7\u00e3o de Ousmane Demb\u00e9l\u00e9. O contrato atual do jogador vai at\u00e9 junho de 2028, mas as conversas para prolong\u00e1-lo ainda n\u00e3o chegaram a acordo. Demb\u00e9l\u00e9 ter\u00e1 apresentado uma exig\u00eancia de cerca de 60 milh\u00f5es de euros por temporada, valor que n\u00e3o agrada \u00e0 dire\u00e7\u00e3o do PSG. O presidente Nasser Al Khela\u00effi afirmou, num programa da Canal+, que h\u00e1 um limite salarial e que todos devem respeitar, independentemente da import\u00e2ncia do jogador. Apesar do tom firme, Al Khela\u00effi elogiou Demb\u00e9l\u00e9, chamando-o de \u00edcone do clube e elogiando-o como pessoa.\" \/>\n<meta property=\"og:url\" content=\"https:\/\/portaltela.pt\/noticias\/2026\/01\/21\/psg-avisa-dembele-ninguem-esta-acima-do-clube\/\" \/>\n<meta property=\"og:site_name\" content=\"Portal Tela Portugal\" \/>\n<meta property=\"article:published_time\" content=\"2026-01-21T18:48:43+00:00\" \/>\n<meta name=\"author\" content=\"Telinha\" \/>\n<meta name=\"twitter:card\" content=\"summary_large_image\" \/>\n<meta name=\"twitter:label1\" content=\"Escrito por\" \/>\n\t<meta name=\"twitter:data1\" content=\"Telinha\" \/>\n\t<meta name=\"twitter:label2\" content=\"Tempo estimado de leitura\" \/>\n\t<meta name=\"twitter:data2\" content=\"2 minutos\" \/>\n<script type=\"application\/ld+json\" class=\"yoast-schema-graph\">{\"@context\":\"https:\/\/schema.org\",\"@graph\":[{\"@type\":\"Article\",\"@id\":\"https:\/\/portaltela.pt\/noticias\/2026\/01\/21\/psg-avisa-dembele-ninguem-esta-acima-do-clube\/#article\",\"isPartOf\":{\"@id\":\"https:\/\/portaltela.pt\/noticias\/2026\/01\/21\/psg-avisa-dembele-ninguem-esta-acima-do-clube\/\"},\"author\":{\"name\":\"Telinha\",\"@id\":\"https:\/\/portaltela.pt\/#\/schema\/person\/c4278d4a6028830caff9ee44b42d32ed\"},\"headline\":\"PSG avisa Demb\u00e9l\u00e9: ningu\u00e9m est\u00e1 acima do clube\",\"datePublished\":\"2026-01-21T18:48:43+00:00\",\"mainEntityOfPage\":{\"@id\":\"https:\/\/portaltela.pt\/noticias\/2026\/01\/21\/psg-avisa-dembele-ninguem-esta-acima-do-clube\/\"},\"wordCount\":315,\"image\":{\"@id\":\"https:\/\/portaltela.pt\/noticias\/2026\/01\/21\/psg-avisa-dembele-ninguem-esta-acima-do-clube\/#primaryimage\"},\"thumbnailUrl\":\"https:\/\/portaltela.pt\/s.01k8rhncp4jt1\/2026\/01\/22be63a3-63db-4ec5-a26a-f2e3cc25af48-2.jpg\",\"keywords\":[\"Demb\u00e9l\u00e9\",\"futebol\",\"futebol internacional\",\"Futebol Profissional\",\"Paris\"],\"articleSection\":[\"Desporto\",\"Futebol\"],\"inLanguage\":\"pt-PT\"},{\"@type\":\"WebPage\",\"@id\":\"https:\/\/portaltela.pt\/noticias\/2026\/01\/21\/psg-avisa-dembele-ninguem-esta-acima-do-clube\/\",\"url\":\"https:\/\/portaltela.pt\/noticias\/2026\/01\/21\/psg-avisa-dembele-ninguem-esta-acima-do-clube\/\",\"name\":\"PSG avisa Demb\u00e9l\u00e9: ningu\u00e9m est\u00e1 acima do clube - Portal Tela Portugal\",\"isPartOf\":{\"@id\":\"https:\/\/portaltela.pt\/#website\"},\"primaryImageOfPage\":{\"@id\":\"https:\/\/portaltela.pt\/noticias\/2026\/01\/21\/psg-avisa-dembele-ninguem-esta-acima-do-clube\/#primaryimage\"},\"image\":{\"@id\":\"https:\/\/portaltela.pt\/noticias\/2026\/01\/21\/psg-avisa-dembele-ninguem-esta-acima-do-clube\/#primaryimage\"},\"thumbnailUrl\":\"https:\/\/portaltela.pt\/s.01k8rhncp4jt1\/2026\/01\/22be63a3-63db-4ec5-a26a-f2e3cc25af48-2.jpg\",\"datePublished\":\"2026-01-21T18:48:43+00:00\",\"author\":{\"@id\":\"https:\/\/portaltela.pt\/#\/schema\/person\/c4278d4a6028830caff9ee44b42d32ed\"},\"breadcrumb\":{\"@id\":\"https:\/\/portaltela.pt\/noticias\/2026\/01\/21\/psg-avisa-dembele-ninguem-esta-acima-do-clube\/#breadcrumb\"},\"inLanguage\":\"pt-PT\",\"potentialAction\":[{\"@type\":\"ReadAction\",\"target\":[\"https:\/\/portaltela.pt\/noticias\/2026\/01\/21\/psg-avisa-dembele-ninguem-esta-acima-do-clube\/\"]}]},{\"@type\":\"ImageObject\",\"inLanguage\":\"pt-PT\",\"@id\":\"https:\/\/portaltela.pt\/noticias\/2026\/01\/21\/psg-avisa-dembele-ninguem-esta-acima-do-clube\/#primaryimage\",\"url\":\"https:\/\/portaltela.pt\/s.01k8rhncp4jt1\/2026\/01\/22be63a3-63db-4ec5-a26a-f2e3cc25af48-2.jpg\",\"contentUrl\":\"https:\/\/portaltela.pt\/s.01k8rhncp4jt1\/2026\/01\/22be63a3-63db-4ec5-a26a-f2e3cc25af48-2.jpg\",\"width\":796,\"height\":448,\"caption\":\"Demb\u00e9l\u00e9 \u00e9 o atual detentor da Bola de Ouro - Foto: IMAGO\"},{\"@type\":\"BreadcrumbList\",\"@id\":\"https:\/\/portaltela.pt\/noticias\/2026\/01\/21\/psg-avisa-dembele-ninguem-esta-acima-do-clube\/#breadcrumb\",\"itemListElement\":[{\"@type\":\"ListItem\",\"position\":1,\"name\":\"In\u00edcio\",\"item\":\"https:\/\/portaltela.pt\/\"},{\"@type\":\"ListItem\",\"position\":2,\"name\":\"PSG avisa Demb\u00e9l\u00e9: ningu\u00e9m est\u00e1 acima do clube\"}]},{\"@type\":\"WebSite\",\"@id\":\"https:\/\/portaltela.pt\/#website\",\"url\":\"https:\/\/portaltela.pt\/\",\"name\":\"Portal Tela Portugal\",\"description\":\"\",\"potentialAction\":[{\"@type\":\"SearchAction\",\"target\":{\"@type\":\"EntryPoint\",\"urlTemplate\":\"https:\/\/portaltela.pt\/?s={search_term_string}\"},\"query-input\":{\"@type\":\"PropertyValueSpecification\",\"valueRequired\":true,\"valueName\":\"search_term_string\"}}],\"inLanguage\":\"pt-PT\"},{\"@type\":\"Person\",\"@id\":\"https:\/\/portaltela.pt\/#\/schema\/person\/c4278d4a6028830caff9ee44b42d32ed\",\"name\":\"Telinha\",\"image\":{\"@type\":\"ImageObject\",\"inLanguage\":\"pt-PT\",\"@id\":\"https:\/\/portaltela.pt\/s.01k8rhncp4jt1\/2025\/11\/talking-bot-125x125.png\",\"url\":\"https:\/\/portaltela.pt\/s.01k8rhncp4jt1\/2025\/11\/talking-bot-125x125.png\",\"contentUrl\":\"https:\/\/portaltela.pt\/s.01k8rhncp4jt1\/2025\/11\/talking-bot-125x125.png\",\"caption\":\"Telinha\"},\"sameAs\":[\"https:\/\/portaltela.pt\/\"],\"url\":\"https:\/\/portaltela.pt\/por\/367410592786\/\"}]}<\/script>\n<!-- \/ Yoast SEO plugin. -->","yoast_head_json":{"title":"PSG avisa Demb\u00e9l\u00e9: ningu\u00e9m est\u00e1 acima do clube - Portal Tela Portugal","robots":{"index":"index","follow":"follow","max-snippet":"max-snippet:-1","max-image-preview":"max-image-preview:large","max-video-preview":"max-video-preview:-1"},"og_locale":"pt_PT","og_type":"article","og_title":"PSG avisa Demb\u00e9l\u00e9: ningu\u00e9m est\u00e1 acima do clube - Portal Tela Portugal","og_description":"O PSG avisou que ningu\u00e9m est\u00e1 acima do clube, numa altura em que decorrem negocia\u00e7\u00f5es pela renova\u00e7\u00e3o de Ousmane Demb\u00e9l\u00e9. O contrato atual do jogador vai at\u00e9 junho de 2028, mas as conversas para prolong\u00e1-lo ainda n\u00e3o chegaram a acordo. Demb\u00e9l\u00e9 ter\u00e1 apresentado uma exig\u00eancia de cerca de 60 milh\u00f5es de euros por temporada, valor que n\u00e3o agrada \u00e0 dire\u00e7\u00e3o do PSG. O presidente Nasser Al Khela\u00effi afirmou, num programa da Canal+, que h\u00e1 um limite salarial e que todos devem respeitar, independentemente da import\u00e2ncia do jogador. Apesar do tom firme, Al Khela\u00effi elogiou Demb\u00e9l\u00e9, chamando-o de \u00edcone do clube e elogiando-o como pessoa.","og_url":"https:\/\/portaltela.pt\/noticias\/2026\/01\/21\/psg-avisa-dembele-ninguem-esta-acima-do-clube\/","og_site_name":"Portal Tela Portugal","article_published_time":"2026-01-21T18:48:43+00:00","author":"Telinha","twitter_card":"summary_large_image","twitter_misc":{"Escrito por":"Telinha","Tempo estimado de leitura":"2 minutos"},"schema":{"@context":"https:\/\/schema.org","@graph":[{"@type":"Article","@id":"https:\/\/portaltela.pt\/noticias\/2026\/01\/21\/psg-avisa-dembele-ninguem-esta-acima-do-clube\/#article","isPartOf":{"@id":"https:\/\/portaltela.pt\/noticias\/2026\/01\/21\/psg-avisa-dembele-ninguem-esta-acima-do-clube\/"},"author":{"name":"Telinha","@id":"https:\/\/portaltela.pt\/#\/schema\/person\/c4278d4a6028830caff9ee44b42d32ed"},"headline":"PSG avisa Demb\u00e9l\u00e9: ningu\u00e9m est\u00e1 acima do clube","datePublished":"2026-01-21T18:48:43+00:00","mainEntityOfPage":{"@id":"https:\/\/portaltela.pt\/noticias\/2026\/01\/21\/psg-avisa-dembele-ninguem-esta-acima-do-clube\/"},"wordCount":315,"image":{"@id":"https:\/\/portaltela.pt\/noticias\/2026\/01\/21\/psg-avisa-dembele-ninguem-esta-acima-do-clube\/#primaryimage"},"thumbnailUrl":"https:\/\/portaltela.pt\/s.01k8rhncp4jt1\/2026\/01\/22be63a3-63db-4ec5-a26a-f2e3cc25af48-2.jpg","keywords":["Demb\u00e9l\u00e9","futebol","futebol internacional","Futebol Profissional","Paris"],"articleSection":["Desporto","Futebol"],"inLanguage":"pt-PT"},{"@type":"WebPage","@id":"https:\/\/portaltela.pt\/noticias\/2026\/01\/21\/psg-avisa-dembele-ninguem-esta-acima-do-clube\/","url":"https:\/\/portaltela.pt\/noticias\/2026\/01\/21\/psg-avisa-dembele-ninguem-esta-acima-do-clube\/","name":"PSG avisa Demb\u00e9l\u00e9: ningu\u00e9m est\u00e1 acima do clube - Portal Tela Portugal","isPartOf":{"@id":"https:\/\/portaltela.pt\/#website"},"primaryImageOfPage":{"@id":"https:\/\/portaltela.pt\/noticias\/2026\/01\/21\/psg-avisa-dembele-ninguem-esta-acima-do-clube\/#primaryimage"},"image":{"@id":"https:\/\/portaltela.pt\/noticias\/2026\/01\/21\/psg-avisa-dembele-ninguem-esta-acima-do-clube\/#primaryimage"},"thumbnailUrl":"https:\/\/portaltela.pt\/s.01k8rhncp4jt1\/2026\/01\/22be63a3-63db-4ec5-a26a-f2e3cc25af48-2.jpg","datePublished":"2026-01-21T18:48:43+00:00","author":{"@id":"https:\/\/portaltela.pt\/#\/schema\/person\/c4278d4a6028830caff9ee44b42d32ed"},"breadcrumb":{"@id":"https:\/\/portaltela.pt\/noticias\/2026\/01\/21\/psg-avisa-dembele-ninguem-esta-acima-do-clube\/#breadcrumb"},"inLanguage":"pt-PT","potentialAction":[{"@type":"ReadAction","target":["https:\/\/portaltela.pt\/noticias\/2026\/01\/21\/psg-avisa-dembele-ninguem-esta-acima-do-clube\/"]}]},{"@type":"ImageObject","inLanguage":"pt-PT","@id":"https:\/\/portaltela.pt\/noticias\/2026\/01\/21\/psg-avisa-dembele-ninguem-esta-acima-do-clube\/#primaryimage","url":"https:\/\/portaltela.pt\/s.01k8rhncp4jt1\/2026\/01\/22be63a3-63db-4ec5-a26a-f2e3cc25af48-2.jpg","contentUrl":"https:\/\/portaltela.pt\/s.01k8rhncp4jt1\/2026\/01\/22be63a3-63db-4ec5-a26a-f2e3cc25af48-2.jpg","width":796,"height":448,"caption":"Demb\u00e9l\u00e9 \u00e9 o atual detentor da Bola de Ouro - Foto: IMAGO"},{"@type":"BreadcrumbList","@id":"https:\/\/portaltela.pt\/noticias\/2026\/01\/21\/psg-avisa-dembele-ninguem-esta-acima-do-clube\/#breadcrumb","itemListElement":[{"@type":"ListItem","position":1,"name":"In\u00edcio","item":"https:\/\/portaltela.pt\/"},{"@type":"ListItem","position":2,"name":"PSG avisa Demb\u00e9l\u00e9: ningu\u00e9m est\u00e1 acima do clube"}]},{"@type":"WebSite","@id":"https:\/\/portaltela.pt\/#website","url":"https:\/\/portaltela.pt\/","name":"Portal Tela Portugal","description":"","potentialAction":[{"@type":"SearchAction","target":{"@type":"EntryPoint","urlTemplate":"https:\/\/portaltela.pt\/?s={search_term_string}"},"query-input":{"@type":"PropertyValueSpecification","valueRequired":true,"valueName":"search_term_string"}}],"inLanguage":"pt-PT"},{"@type":"Person","@id":"https:\/\/portaltela.pt\/#\/schema\/person\/c4278d4a6028830caff9ee44b42d32ed","name":"Telinha","image":{"@type":"ImageObject","inLanguage":"pt-PT","@id":"https:\/\/portaltela.pt\/s.01k8rhncp4jt1\/2025\/11\/talking-bot-125x125.png","url":"https:\/\/portaltela.pt\/s.01k8rhncp4jt1\/2025\/11\/talking-bot-125x125.png","contentUrl":"https:\/\/portaltela.pt\/s.01k8rhncp4jt1\/2025\/11\/talking-bot-125x125.png","caption":"Telinha"},"sameAs":["https:\/\/portaltela.pt\/"],"url":"https:\/\/portaltela.pt\/por\/367410592786\/"}]}},"_links":{"self":[{"href":"https:\/\/portaltela.pt\/api\/wp\/v2\/posts\/160980","targetHints":{"allow":["GET"]}}],"collection":[{"href":"https:\/\/portaltela.pt\/api\/wp\/v2\/posts"}],"about":[{"href":"https:\/\/portaltela.pt\/api\/wp\/v2\/types\/post"}],"author":[{"embeddable":true,"href":"https:\/\/portaltela.pt\/api\/wp\/v2\/users\/2"}],"replies":[{"embeddable":true,"href":"https:\/\/portaltela.pt\/api\/wp\/v2\/comments?post=160980"}],"version-history":[{"count":0,"href":"https:\/\/portaltela.pt\/api\/wp\/v2\/posts\/160980\/revisions"}],"wp:featuredmedia":[{"embeddable":true,"href":"https:\/\/portaltela.pt\/api\/wp\/v2\/media\/161000"}],"wp:attachment":[{"href":"https:\/\/portaltela.pt\/api\/wp\/v2\/media?parent=160980"}],"wp:term":[{"taxonomy":"category","embeddable":true,"href":"https:\/\/portaltela.pt\/api\/wp\/v2\/categories?post=160980"},{"taxonomy":"post_tag","embeddable":true,"href":"https:\/\/portaltela.pt\/api\/wp\/v2\/tags?post=160980"}],"curies":[{"name":"wp","href":"https:\/\/api.w.org\/{rel}","templated":true}]}}