{"id":160948,"date":"2026-01-21T16:03:00","date_gmt":"2026-01-21T19:03:00","guid":{"rendered":"https:\/\/portaltela.pt\/noticias\/2026\/01\/21\/agente-de-donnarumma-considera-regresso-a-italia\/"},"modified":"2026-01-21T16:03:00","modified_gmt":"2026-01-21T19:03:00","slug":"agente-de-donnarumma-considera-regresso-a-italia","status":"publish","type":"post","link":"https:\/\/portaltela.pt\/desporto\/futebol\/2026\/01\/21\/agente-de-donnarumma-considera-regresso-a-italia\/","title":{"rendered":"Agente de Donnarumma considera regresso a It\u00e1lia"},"content":{"rendered":"<p>Enzo Raiola, representante de Gianluigi Donnarumma, afirmou \u00e0 Rai que o guarda-redes do Manchester City est\u00e1 aberto a regressar a It\u00e1lia, apesar da satisfa\u00e7\u00e3o atual na Premier League. A mensagem aponta para uma poss\u00edvel mudan\u00e7a no futuro, sem confirmar termos de negocia\u00e7\u00e3o.<\/p>\n<p>O agente destacou o ambiente positivo no City, o projeto da equipa e a progress\u00e3o do jogador no campeonato ingl\u00eas. Contou ainda que Donnarumma, numa conversa descontra\u00edda, mencionou a ideia de uma perman\u00eancia de cinco a seis anos como uma \u201caventura\u201d, sublinhando, contudo, que foi apenas uma brincadeira.<\/p>\n<p>Donnarumma est\u00e1 a cumprir a primeira \u00e9poca pelo City e, no momento, n\u00e3o pensa em regressar de imediato \u00e0 Serie A. Quando esse regresso acontecer, o timing ainda n\u00e3o est\u00e1 definido, e nenhum an\u00fancio oficial foi feito pelo clube ou pelo jogador.<\/p>\n<h3>Poss\u00edveis cen\u00e1rios para o regresso<\/h3>\n<p>Caso surja uma oportunidade, a decis\u00e3o depender\u00e1 de avalia\u00e7\u00f5es estrat\u00e9gicas do jogador e do City. N\u00e3o houve confirma\u00e7\u00e3o de negocia\u00e7\u00f5es ou datas para qualquer transfer\u00eancia envolvendo Donnarumma. A situa\u00e7\u00e3o permanece sob an\u00e1lise, sem desfechos anunciados.<\/p>\n","protected":false},"excerpt":{"rendered":"<ul>\n<li>Enzo Raiola, agente de Gianluigi Donnarumma, disse que o guarda-redes est\u00e1 preparado para regressar a It\u00e1lia, caso surja a oportunidade.<\/li>\n<li>Donnarumma, atualmente no Manchester City, vive um bom ambiente de trabalho e est\u00e1 a entender o campeonato ingl\u00eas.<\/li>\n<li>O guarda-redes est\u00e1 a cumprir a primeira temporada em ingl\u00eas e n\u00e3o pensa num regresso imediato \u00e0 Serie A.<\/li>\n<li>Raiola comentou, em tom de brincadeira, que jogar cinco ou seis anos no City seria uma grande aventura, mas foi apenas uma piada.<\/li>\n<li>Quando chegar o momento de regressar a casa, os adeptos ingleses ficar\u00e3o avisados sobre a possibilidade.<\/li>\n<\/ul>\n","protected":false},"author":2,"featured_media":160961,"comment_status":"closed","ping_status":"closed","sticky":false,"template":"","format":"standard","meta":{"footnotes":""},"categories":[21,24],"tags":[3320,32,1857,1980,2062,2050],"class_list":["post-160948","post","type-post","status-publish","format-standard","has-post-thumbnail","hentry","category-desporto","category-futebol","tag-donnarumma","tag-futebol","tag-italia","tag-manchester-city","tag-serie-a","tag-transferencias"],"yoast_head":"<!-- This site is optimized with the Yoast SEO plugin v27.2 - https:\/\/yoast.com\/product\/yoast-seo-wordpress\/ -->\n<title>Agente de Donnarumma considera regresso a It\u00e1lia - Portal Tela Portugal<\/title>\n<meta name=\"robots\" content=\"index, follow, max-snippet:-1, max-image-preview:large, max-video-preview:-1\" \/>\n<meta property=\"og:locale\" content=\"pt_PT\" \/>\n<meta property=\"og:type\" content=\"article\" \/>\n<meta property=\"og:title\" content=\"Agente de Donnarumma considera regresso a It\u00e1lia - Portal Tela Portugal\" \/>\n<meta property=\"og:description\" content=\"Enzo Raiola, agente de Gianluigi Donnarumma, disse que o guarda-redes est\u00e1 preparado para regressar a It\u00e1lia, caso surja a oportunidade. Donnarumma, atualmente no Manchester City, vive um bom ambiente de trabalho e est\u00e1 a entender o campeonato ingl\u00eas. O guarda-redes est\u00e1 a cumprir a primeira temporada em ingl\u00eas e n\u00e3o pensa num regresso imediato \u00e0 Serie A. Raiola comentou, em tom de brincadeira, que jogar cinco ou seis anos no City seria uma grande aventura, mas foi apenas uma piada. Quando chegar o momento de regressar a casa, os adeptos ingleses ficar\u00e3o avisados sobre a possibilidade.\" \/>\n<meta property=\"og:url\" content=\"https:\/\/portaltela.pt\/noticias\/2026\/01\/21\/agente-de-donnarumma-considera-regresso-a-italia\/\" \/>\n<meta property=\"og:site_name\" content=\"Portal Tela Portugal\" \/>\n<meta property=\"article:published_time\" content=\"2026-01-21T19:03:00+00:00\" \/>\n<meta name=\"author\" content=\"Telinha\" \/>\n<meta name=\"twitter:card\" content=\"summary_large_image\" \/>\n<meta name=\"twitter:label1\" content=\"Escrito por\" \/>\n\t<meta name=\"twitter:data1\" content=\"Telinha\" \/>\n\t<meta name=\"twitter:label2\" content=\"Tempo estimado de leitura\" \/>\n\t<meta name=\"twitter:data2\" content=\"1 minuto\" \/>\n<script type=\"application\/ld+json\" class=\"yoast-schema-graph\">{\"@context\":\"https:\/\/schema.org\",\"@graph\":[{\"@type\":\"Article\",\"@id\":\"https:\/\/portaltela.pt\/noticias\/2026\/01\/21\/agente-de-donnarumma-considera-regresso-a-italia\/#article\",\"isPartOf\":{\"@id\":\"https:\/\/portaltela.pt\/noticias\/2026\/01\/21\/agente-de-donnarumma-considera-regresso-a-italia\/\"},\"author\":{\"name\":\"Telinha\",\"@id\":\"https:\/\/portaltela.pt\/#\/schema\/person\/c4278d4a6028830caff9ee44b42d32ed\"},\"headline\":\"Agente de Donnarumma considera regresso a It\u00e1lia\",\"datePublished\":\"2026-01-21T19:03:00+00:00\",\"mainEntityOfPage\":{\"@id\":\"https:\/\/portaltela.pt\/noticias\/2026\/01\/21\/agente-de-donnarumma-considera-regresso-a-italia\/\"},\"wordCount\":201,\"image\":{\"@id\":\"https:\/\/portaltela.pt\/noticias\/2026\/01\/21\/agente-de-donnarumma-considera-regresso-a-italia\/#primaryimage\"},\"thumbnailUrl\":\"https:\/\/portaltela.pt\/s.01k8rhncp4jt1\/2026\/01\/img_920x518uu2026-01-21-19-02-07-2416371.jpg\",\"keywords\":[\"Donnarumma\",\"futebol\",\"It\u00e1lia\",\"Manchester City\",\"S\u00e9rie A\",\"transfer\u00eancias\"],\"articleSection\":[\"Desporto\",\"Futebol\"],\"inLanguage\":\"pt-PT\"},{\"@type\":\"WebPage\",\"@id\":\"https:\/\/portaltela.pt\/noticias\/2026\/01\/21\/agente-de-donnarumma-considera-regresso-a-italia\/\",\"url\":\"https:\/\/portaltela.pt\/noticias\/2026\/01\/21\/agente-de-donnarumma-considera-regresso-a-italia\/\",\"name\":\"Agente de Donnarumma considera regresso a It\u00e1lia - Portal Tela Portugal\",\"isPartOf\":{\"@id\":\"https:\/\/portaltela.pt\/#website\"},\"primaryImageOfPage\":{\"@id\":\"https:\/\/portaltela.pt\/noticias\/2026\/01\/21\/agente-de-donnarumma-considera-regresso-a-italia\/#primaryimage\"},\"image\":{\"@id\":\"https:\/\/portaltela.pt\/noticias\/2026\/01\/21\/agente-de-donnarumma-considera-regresso-a-italia\/#primaryimage\"},\"thumbnailUrl\":\"https:\/\/portaltela.pt\/s.01k8rhncp4jt1\/2026\/01\/img_920x518uu2026-01-21-19-02-07-2416371.jpg\",\"datePublished\":\"2026-01-21T19:03:00+00:00\",\"author\":{\"@id\":\"https:\/\/portaltela.pt\/#\/schema\/person\/c4278d4a6028830caff9ee44b42d32ed\"},\"breadcrumb\":{\"@id\":\"https:\/\/portaltela.pt\/noticias\/2026\/01\/21\/agente-de-donnarumma-considera-regresso-a-italia\/#breadcrumb\"},\"inLanguage\":\"pt-PT\",\"potentialAction\":[{\"@type\":\"ReadAction\",\"target\":[\"https:\/\/portaltela.pt\/noticias\/2026\/01\/21\/agente-de-donnarumma-considera-regresso-a-italia\/\"]}]},{\"@type\":\"ImageObject\",\"inLanguage\":\"pt-PT\",\"@id\":\"https:\/\/portaltela.pt\/noticias\/2026\/01\/21\/agente-de-donnarumma-considera-regresso-a-italia\/#primaryimage\",\"url\":\"https:\/\/portaltela.pt\/s.01k8rhncp4jt1\/2026\/01\/img_920x518uu2026-01-21-19-02-07-2416371.jpg\",\"contentUrl\":\"https:\/\/portaltela.pt\/s.01k8rhncp4jt1\/2026\/01\/img_920x518uu2026-01-21-19-02-07-2416371.jpg\",\"width\":796,\"height\":448,\"caption\":\"Guarda-redes Donnarumma pode regressar a It\u00e1lia\"},{\"@type\":\"BreadcrumbList\",\"@id\":\"https:\/\/portaltela.pt\/noticias\/2026\/01\/21\/agente-de-donnarumma-considera-regresso-a-italia\/#breadcrumb\",\"itemListElement\":[{\"@type\":\"ListItem\",\"position\":1,\"name\":\"In\u00edcio\",\"item\":\"https:\/\/portaltela.pt\/\"},{\"@type\":\"ListItem\",\"position\":2,\"name\":\"Agente de Donnarumma considera regresso a It\u00e1lia\"}]},{\"@type\":\"WebSite\",\"@id\":\"https:\/\/portaltela.pt\/#website\",\"url\":\"https:\/\/portaltela.pt\/\",\"name\":\"Portal Tela Portugal\",\"description\":\"\",\"potentialAction\":[{\"@type\":\"SearchAction\",\"target\":{\"@type\":\"EntryPoint\",\"urlTemplate\":\"https:\/\/portaltela.pt\/?s={search_term_string}\"},\"query-input\":{\"@type\":\"PropertyValueSpecification\",\"valueRequired\":true,\"valueName\":\"search_term_string\"}}],\"inLanguage\":\"pt-PT\"},{\"@type\":\"Person\",\"@id\":\"https:\/\/portaltela.pt\/#\/schema\/person\/c4278d4a6028830caff9ee44b42d32ed\",\"name\":\"Telinha\",\"image\":{\"@type\":\"ImageObject\",\"inLanguage\":\"pt-PT\",\"@id\":\"https:\/\/portaltela.pt\/s.01k8rhncp4jt1\/2025\/11\/talking-bot-125x125.png\",\"url\":\"https:\/\/portaltela.pt\/s.01k8rhncp4jt1\/2025\/11\/talking-bot-125x125.png\",\"contentUrl\":\"https:\/\/portaltela.pt\/s.01k8rhncp4jt1\/2025\/11\/talking-bot-125x125.png\",\"caption\":\"Telinha\"},\"sameAs\":[\"https:\/\/portaltela.pt\/\"],\"url\":\"https:\/\/portaltela.pt\/por\/367410592786\/\"}]}<\/script>\n<!-- \/ Yoast SEO plugin. -->","yoast_head_json":{"title":"Agente de Donnarumma considera regresso a It\u00e1lia - Portal Tela Portugal","robots":{"index":"index","follow":"follow","max-snippet":"max-snippet:-1","max-image-preview":"max-image-preview:large","max-video-preview":"max-video-preview:-1"},"og_locale":"pt_PT","og_type":"article","og_title":"Agente de Donnarumma considera regresso a It\u00e1lia - Portal Tela Portugal","og_description":"Enzo Raiola, agente de Gianluigi Donnarumma, disse que o guarda-redes est\u00e1 preparado para regressar a It\u00e1lia, caso surja a oportunidade. Donnarumma, atualmente no Manchester City, vive um bom ambiente de trabalho e est\u00e1 a entender o campeonato ingl\u00eas. O guarda-redes est\u00e1 a cumprir a primeira temporada em ingl\u00eas e n\u00e3o pensa num regresso imediato \u00e0 Serie A. Raiola comentou, em tom de brincadeira, que jogar cinco ou seis anos no City seria uma grande aventura, mas foi apenas uma piada. Quando chegar o momento de regressar a casa, os adeptos ingleses ficar\u00e3o avisados sobre a possibilidade.","og_url":"https:\/\/portaltela.pt\/noticias\/2026\/01\/21\/agente-de-donnarumma-considera-regresso-a-italia\/","og_site_name":"Portal Tela Portugal","article_published_time":"2026-01-21T19:03:00+00:00","author":"Telinha","twitter_card":"summary_large_image","twitter_misc":{"Escrito por":"Telinha","Tempo estimado de leitura":"1 minuto"},"schema":{"@context":"https:\/\/schema.org","@graph":[{"@type":"Article","@id":"https:\/\/portaltela.pt\/noticias\/2026\/01\/21\/agente-de-donnarumma-considera-regresso-a-italia\/#article","isPartOf":{"@id":"https:\/\/portaltela.pt\/noticias\/2026\/01\/21\/agente-de-donnarumma-considera-regresso-a-italia\/"},"author":{"name":"Telinha","@id":"https:\/\/portaltela.pt\/#\/schema\/person\/c4278d4a6028830caff9ee44b42d32ed"},"headline":"Agente de Donnarumma considera regresso a It\u00e1lia","datePublished":"2026-01-21T19:03:00+00:00","mainEntityOfPage":{"@id":"https:\/\/portaltela.pt\/noticias\/2026\/01\/21\/agente-de-donnarumma-considera-regresso-a-italia\/"},"wordCount":201,"image":{"@id":"https:\/\/portaltela.pt\/noticias\/2026\/01\/21\/agente-de-donnarumma-considera-regresso-a-italia\/#primaryimage"},"thumbnailUrl":"https:\/\/portaltela.pt\/s.01k8rhncp4jt1\/2026\/01\/img_920x518uu2026-01-21-19-02-07-2416371.jpg","keywords":["Donnarumma","futebol","It\u00e1lia","Manchester City","S\u00e9rie A","transfer\u00eancias"],"articleSection":["Desporto","Futebol"],"inLanguage":"pt-PT"},{"@type":"WebPage","@id":"https:\/\/portaltela.pt\/noticias\/2026\/01\/21\/agente-de-donnarumma-considera-regresso-a-italia\/","url":"https:\/\/portaltela.pt\/noticias\/2026\/01\/21\/agente-de-donnarumma-considera-regresso-a-italia\/","name":"Agente de Donnarumma considera regresso a It\u00e1lia - Portal Tela Portugal","isPartOf":{"@id":"https:\/\/portaltela.pt\/#website"},"primaryImageOfPage":{"@id":"https:\/\/portaltela.pt\/noticias\/2026\/01\/21\/agente-de-donnarumma-considera-regresso-a-italia\/#primaryimage"},"image":{"@id":"https:\/\/portaltela.pt\/noticias\/2026\/01\/21\/agente-de-donnarumma-considera-regresso-a-italia\/#primaryimage"},"thumbnailUrl":"https:\/\/portaltela.pt\/s.01k8rhncp4jt1\/2026\/01\/img_920x518uu2026-01-21-19-02-07-2416371.jpg","datePublished":"2026-01-21T19:03:00+00:00","author":{"@id":"https:\/\/portaltela.pt\/#\/schema\/person\/c4278d4a6028830caff9ee44b42d32ed"},"breadcrumb":{"@id":"https:\/\/portaltela.pt\/noticias\/2026\/01\/21\/agente-de-donnarumma-considera-regresso-a-italia\/#breadcrumb"},"inLanguage":"pt-PT","potentialAction":[{"@type":"ReadAction","target":["https:\/\/portaltela.pt\/noticias\/2026\/01\/21\/agente-de-donnarumma-considera-regresso-a-italia\/"]}]},{"@type":"ImageObject","inLanguage":"pt-PT","@id":"https:\/\/portaltela.pt\/noticias\/2026\/01\/21\/agente-de-donnarumma-considera-regresso-a-italia\/#primaryimage","url":"https:\/\/portaltela.pt\/s.01k8rhncp4jt1\/2026\/01\/img_920x518uu2026-01-21-19-02-07-2416371.jpg","contentUrl":"https:\/\/portaltela.pt\/s.01k8rhncp4jt1\/2026\/01\/img_920x518uu2026-01-21-19-02-07-2416371.jpg","width":796,"height":448,"caption":"Guarda-redes Donnarumma pode regressar a It\u00e1lia"},{"@type":"BreadcrumbList","@id":"https:\/\/portaltela.pt\/noticias\/2026\/01\/21\/agente-de-donnarumma-considera-regresso-a-italia\/#breadcrumb","itemListElement":[{"@type":"ListItem","position":1,"name":"In\u00edcio","item":"https:\/\/portaltela.pt\/"},{"@type":"ListItem","position":2,"name":"Agente de Donnarumma considera regresso a It\u00e1lia"}]},{"@type":"WebSite","@id":"https:\/\/portaltela.pt\/#website","url":"https:\/\/portaltela.pt\/","name":"Portal Tela Portugal","description":"","potentialAction":[{"@type":"SearchAction","target":{"@type":"EntryPoint","urlTemplate":"https:\/\/portaltela.pt\/?s={search_term_string}"},"query-input":{"@type":"PropertyValueSpecification","valueRequired":true,"valueName":"search_term_string"}}],"inLanguage":"pt-PT"},{"@type":"Person","@id":"https:\/\/portaltela.pt\/#\/schema\/person\/c4278d4a6028830caff9ee44b42d32ed","name":"Telinha","image":{"@type":"ImageObject","inLanguage":"pt-PT","@id":"https:\/\/portaltela.pt\/s.01k8rhncp4jt1\/2025\/11\/talking-bot-125x125.png","url":"https:\/\/portaltela.pt\/s.01k8rhncp4jt1\/2025\/11\/talking-bot-125x125.png","contentUrl":"https:\/\/portaltela.pt\/s.01k8rhncp4jt1\/2025\/11\/talking-bot-125x125.png","caption":"Telinha"},"sameAs":["https:\/\/portaltela.pt\/"],"url":"https:\/\/portaltela.pt\/por\/367410592786\/"}]}},"_links":{"self":[{"href":"https:\/\/portaltela.pt\/api\/wp\/v2\/posts\/160948","targetHints":{"allow":["GET"]}}],"collection":[{"href":"https:\/\/portaltela.pt\/api\/wp\/v2\/posts"}],"about":[{"href":"https:\/\/portaltela.pt\/api\/wp\/v2\/types\/post"}],"author":[{"embeddable":true,"href":"https:\/\/portaltela.pt\/api\/wp\/v2\/users\/2"}],"replies":[{"embeddable":true,"href":"https:\/\/portaltela.pt\/api\/wp\/v2\/comments?post=160948"}],"version-history":[{"count":0,"href":"https:\/\/portaltela.pt\/api\/wp\/v2\/posts\/160948\/revisions"}],"wp:featuredmedia":[{"embeddable":true,"href":"https:\/\/portaltela.pt\/api\/wp\/v2\/media\/160961"}],"wp:attachment":[{"href":"https:\/\/portaltela.pt\/api\/wp\/v2\/media?parent=160948"}],"wp:term":[{"taxonomy":"category","embeddable":true,"href":"https:\/\/portaltela.pt\/api\/wp\/v2\/categories?post=160948"},{"taxonomy":"post_tag","embeddable":true,"href":"https:\/\/portaltela.pt\/api\/wp\/v2\/tags?post=160948"}],"curies":[{"name":"wp","href":"https:\/\/api.w.org\/{rel}","templated":true}]}}