{"id":160881,"date":"2026-01-21T13:36:00","date_gmt":"2026-01-21T16:36:00","guid":{"rendered":"https:\/\/portaltela.pt\/noticias\/2026\/01\/21\/lucas-ordonez-deixa-o-benfica-no-final-da-epoca-para-regressar-a-argentina-2\/"},"modified":"2026-01-21T13:36:00","modified_gmt":"2026-01-21T16:36:00","slug":"lucas-ordonez-deixa-o-benfica-no-final-da-epoca-para-regressar-a-argentina-2","status":"publish","type":"post","link":"https:\/\/portaltela.pt\/desporto\/futebol\/2026\/01\/21\/lucas-ordonez-deixa-o-benfica-no-final-da-epoca-para-regressar-a-argentina-2\/","title":{"rendered":"Lucas Ordo\u00f1ez deixa o Benfica no final da \u00e9poca para regressar \u00e0 Argentina"},"content":{"rendered":"<p>Lucas Ordo\u00f1ez deixa o Benfica no final desta temporada para regressar \u00e0 Argentina, segundo informa\u00e7\u00f5es oficiais do clube. O avan\u00e7ado \u00e9 capit\u00e3o da sele\u00e7\u00e3o argentina e soma, pelo Benfica, um Campeonato, duas Superta\u00e7as e tr\u00eas Elite Cup.<\/p>\n<p>Na presente \u00e9poca, Ordo\u00f1ez procura o primeiro t\u00edtulo europeu no regresso \u00e0 Luz e a primeira Ta\u00e7a de Portugal. O Benfica lidera o campeonato e disputou a fase de grupos da Liga dos Campe\u00f5es, apontando para uma poss\u00edvel despedida em grande.<\/p>\n<p>Com a sa\u00edda de Pablo \u00c1lvarez e Carlos Nicol\u00eda em 2024, Ordo\u00f1ez tornou-se o \u00fanico representante argentino no plantel. A manuten\u00e7\u00e3o de Conti Acevedo, tamb\u00e9m guarda-redes argentino, \u00e9 apontada como poss\u00edvel prioridade at\u00e9 ao final da \u00e9poca.<\/p>\n<h3>Hist\u00f3rico de argentinos no Benfica<\/h3>\n<p>Desde 2010, passaram pelo Benfica os argentinos Tuco, Carlos L\u00f3pez, Carlos Nicol\u00eda, Lucas Ordo\u00f1ez, Danilo Rampulla e Pablo \u00c1lvarez. Anteriormente, os irm\u00e3os Vel\u00e1zquez (Mariano e Panchito) j\u00e1 tinham deixado a marca na Luz.<\/p>\n","protected":false},"excerpt":{"rendered":"<ul>\n<li>Lucas Ordo\u00f1ez vai deixar o Benfica no final da \u00e9poca para regressar \u00e0 Argentina, ao Banco Hispano.<\/li>\n<li>O avan\u00e7ado, atual capit\u00e3o da sele\u00e7\u00e3o argentina, soma um Campeonato, duas Superta\u00e7as e tr\u00eas Elite Cup e procura o primeiro t\u00edtulo europeu na Luz e a Ta\u00e7a de Portugal.<\/li>\n<li>Com a sa\u00edda de Pablo \u00c1lvarez e Carlos Nicol\u00eda em 2024, Ordo\u00f1ez passa a ser o \u00fanico jogador argentino no plantel encarnado; Conti Acevedo \u00e9 o \u00fanico argentino no plantel, salvo surpresa.<\/li>\n<li>Desde 2010, j\u00e1 passaram pelo Benfica v\u00e1rios argentinos, entre eles Tuco, Carlos L\u00f3pez, Carlos Nicol\u00eda, Danilo Rampulla e Pablo \u00c1lvarez; os irm\u00e3os Vel\u00e1zquez j\u00e1 tinham deixado a Luz.<\/li>\n<\/ul>\n","protected":false},"author":2,"featured_media":160899,"comment_status":"closed","ping_status":"closed","sticky":false,"template":"","format":"standard","meta":{"footnotes":""},"categories":[21,24],"tags":[2732,1946,227,3733,32,1266],"class_list":["post-160881","post","type-post","status-publish","format-standard","has-post-thumbnail","hentry","category-desporto","category-futebol","tag-argentina","tag-benfica","tag-campeonato","tag-elite-cup","tag-futebol","tag-taca-de-portugal"],"yoast_head":"<!-- This site is optimized with the Yoast SEO plugin v27.2 - https:\/\/yoast.com\/product\/yoast-seo-wordpress\/ -->\n<title>Lucas Ordo\u00f1ez deixa o Benfica no final da \u00e9poca para regressar \u00e0 Argentina - Portal Tela Portugal<\/title>\n<meta name=\"robots\" content=\"index, follow, max-snippet:-1, max-image-preview:large, max-video-preview:-1\" \/>\n<meta property=\"og:locale\" content=\"pt_PT\" \/>\n<meta property=\"og:type\" content=\"article\" \/>\n<meta property=\"og:title\" content=\"Lucas Ordo\u00f1ez deixa o Benfica no final da \u00e9poca para regressar \u00e0 Argentina - Portal Tela Portugal\" \/>\n<meta property=\"og:description\" content=\"Lucas Ordo\u00f1ez vai deixar o Benfica no final da \u00e9poca para regressar \u00e0 Argentina, ao Banco Hispano. O avan\u00e7ado, atual capit\u00e3o da sele\u00e7\u00e3o argentina, soma um Campeonato, duas Superta\u00e7as e tr\u00eas Elite Cup e procura o primeiro t\u00edtulo europeu na Luz e a Ta\u00e7a de Portugal. Com a sa\u00edda de Pablo \u00c1lvarez e Carlos Nicol\u00eda em 2024, Ordo\u00f1ez passa a ser o \u00fanico jogador argentino no plantel encarnado; Conti Acevedo \u00e9 o \u00fanico argentino no plantel, salvo surpresa. Desde 2010, j\u00e1 passaram pelo Benfica v\u00e1rios argentinos, entre eles Tuco, Carlos L\u00f3pez, Carlos Nicol\u00eda, Danilo Rampulla e Pablo \u00c1lvarez; os irm\u00e3os Vel\u00e1zquez j\u00e1 tinham deixado a Luz.\" \/>\n<meta property=\"og:url\" content=\"https:\/\/portaltela.pt\/noticias\/2026\/01\/21\/lucas-ordonez-deixa-o-benfica-no-final-da-epoca-para-regressar-a-argentina-2\/\" \/>\n<meta property=\"og:site_name\" content=\"Portal Tela Portugal\" \/>\n<meta property=\"article:published_time\" content=\"2026-01-21T16:36:00+00:00\" \/>\n<meta name=\"author\" content=\"Telinha\" \/>\n<meta name=\"twitter:card\" content=\"summary_large_image\" \/>\n<meta name=\"twitter:label1\" content=\"Escrito por\" \/>\n\t<meta name=\"twitter:data1\" content=\"Telinha\" \/>\n\t<meta name=\"twitter:label2\" content=\"Tempo estimado de leitura\" \/>\n\t<meta name=\"twitter:data2\" content=\"1 minuto\" \/>\n<script type=\"application\/ld+json\" class=\"yoast-schema-graph\">{\"@context\":\"https:\/\/schema.org\",\"@graph\":[{\"@type\":\"Article\",\"@id\":\"https:\/\/portaltela.pt\/noticias\/2026\/01\/21\/lucas-ordonez-deixa-o-benfica-no-final-da-epoca-para-regressar-a-argentina-2\/#article\",\"isPartOf\":{\"@id\":\"https:\/\/portaltela.pt\/noticias\/2026\/01\/21\/lucas-ordonez-deixa-o-benfica-no-final-da-epoca-para-regressar-a-argentina-2\/\"},\"author\":{\"name\":\"Telinha\",\"@id\":\"https:\/\/portaltela.pt\/#\/schema\/person\/c4278d4a6028830caff9ee44b42d32ed\"},\"headline\":\"Lucas Ordo\u00f1ez deixa o Benfica no final da \u00e9poca para regressar \u00e0 Argentina\",\"datePublished\":\"2026-01-21T16:36:00+00:00\",\"mainEntityOfPage\":{\"@id\":\"https:\/\/portaltela.pt\/noticias\/2026\/01\/21\/lucas-ordonez-deixa-o-benfica-no-final-da-epoca-para-regressar-a-argentina-2\/\"},\"wordCount\":184,\"image\":{\"@id\":\"https:\/\/portaltela.pt\/noticias\/2026\/01\/21\/lucas-ordonez-deixa-o-benfica-no-final-da-epoca-para-regressar-a-argentina-2\/#primaryimage\"},\"thumbnailUrl\":\"https:\/\/portaltela.pt\/s.01k8rhncp4jt1\/2026\/01\/img_920x518uu2026-01-21-15-56-09-2416303-2.jpg\",\"keywords\":[\"Argentina\",\"Benfica\",\"campeonato\",\"Elite Cup\",\"futebol\",\"Ta\u00e7a de Portugal\"],\"articleSection\":[\"Desporto\",\"Futebol\"],\"inLanguage\":\"pt-PT\"},{\"@type\":\"WebPage\",\"@id\":\"https:\/\/portaltela.pt\/noticias\/2026\/01\/21\/lucas-ordonez-deixa-o-benfica-no-final-da-epoca-para-regressar-a-argentina-2\/\",\"url\":\"https:\/\/portaltela.pt\/noticias\/2026\/01\/21\/lucas-ordonez-deixa-o-benfica-no-final-da-epoca-para-regressar-a-argentina-2\/\",\"name\":\"Lucas Ordo\u00f1ez deixa o Benfica no final da \u00e9poca para regressar \u00e0 Argentina - Portal Tela Portugal\",\"isPartOf\":{\"@id\":\"https:\/\/portaltela.pt\/#website\"},\"primaryImageOfPage\":{\"@id\":\"https:\/\/portaltela.pt\/noticias\/2026\/01\/21\/lucas-ordonez-deixa-o-benfica-no-final-da-epoca-para-regressar-a-argentina-2\/#primaryimage\"},\"image\":{\"@id\":\"https:\/\/portaltela.pt\/noticias\/2026\/01\/21\/lucas-ordonez-deixa-o-benfica-no-final-da-epoca-para-regressar-a-argentina-2\/#primaryimage\"},\"thumbnailUrl\":\"https:\/\/portaltela.pt\/s.01k8rhncp4jt1\/2026\/01\/img_920x518uu2026-01-21-15-56-09-2416303-2.jpg\",\"datePublished\":\"2026-01-21T16:36:00+00:00\",\"author\":{\"@id\":\"https:\/\/portaltela.pt\/#\/schema\/person\/c4278d4a6028830caff9ee44b42d32ed\"},\"breadcrumb\":{\"@id\":\"https:\/\/portaltela.pt\/noticias\/2026\/01\/21\/lucas-ordonez-deixa-o-benfica-no-final-da-epoca-para-regressar-a-argentina-2\/#breadcrumb\"},\"inLanguage\":\"pt-PT\",\"potentialAction\":[{\"@type\":\"ReadAction\",\"target\":[\"https:\/\/portaltela.pt\/noticias\/2026\/01\/21\/lucas-ordonez-deixa-o-benfica-no-final-da-epoca-para-regressar-a-argentina-2\/\"]}]},{\"@type\":\"ImageObject\",\"inLanguage\":\"pt-PT\",\"@id\":\"https:\/\/portaltela.pt\/noticias\/2026\/01\/21\/lucas-ordonez-deixa-o-benfica-no-final-da-epoca-para-regressar-a-argentina-2\/#primaryimage\",\"url\":\"https:\/\/portaltela.pt\/s.01k8rhncp4jt1\/2026\/01\/img_920x518uu2026-01-21-15-56-09-2416303-2.jpg\",\"contentUrl\":\"https:\/\/portaltela.pt\/s.01k8rhncp4jt1\/2026\/01\/img_920x518uu2026-01-21-15-56-09-2416303-2.jpg\",\"width\":796,\"height\":448,\"caption\":\"Lucas Ordo\u00f1ez festeja frente ao Barcelona em jogo da Champions em 2019\"},{\"@type\":\"BreadcrumbList\",\"@id\":\"https:\/\/portaltela.pt\/noticias\/2026\/01\/21\/lucas-ordonez-deixa-o-benfica-no-final-da-epoca-para-regressar-a-argentina-2\/#breadcrumb\",\"itemListElement\":[{\"@type\":\"ListItem\",\"position\":1,\"name\":\"In\u00edcio\",\"item\":\"https:\/\/portaltela.pt\/\"},{\"@type\":\"ListItem\",\"position\":2,\"name\":\"Lucas Ordo\u00f1ez deixa o Benfica no final da \u00e9poca para regressar \u00e0 Argentina\"}]},{\"@type\":\"WebSite\",\"@id\":\"https:\/\/portaltela.pt\/#website\",\"url\":\"https:\/\/portaltela.pt\/\",\"name\":\"Portal Tela Portugal\",\"description\":\"\",\"potentialAction\":[{\"@type\":\"SearchAction\",\"target\":{\"@type\":\"EntryPoint\",\"urlTemplate\":\"https:\/\/portaltela.pt\/?s={search_term_string}\"},\"query-input\":{\"@type\":\"PropertyValueSpecification\",\"valueRequired\":true,\"valueName\":\"search_term_string\"}}],\"inLanguage\":\"pt-PT\"},{\"@type\":\"Person\",\"@id\":\"https:\/\/portaltela.pt\/#\/schema\/person\/c4278d4a6028830caff9ee44b42d32ed\",\"name\":\"Telinha\",\"image\":{\"@type\":\"ImageObject\",\"inLanguage\":\"pt-PT\",\"@id\":\"https:\/\/portaltela.pt\/s.01k8rhncp4jt1\/2025\/11\/talking-bot-125x125.png\",\"url\":\"https:\/\/portaltela.pt\/s.01k8rhncp4jt1\/2025\/11\/talking-bot-125x125.png\",\"contentUrl\":\"https:\/\/portaltela.pt\/s.01k8rhncp4jt1\/2025\/11\/talking-bot-125x125.png\",\"caption\":\"Telinha\"},\"sameAs\":[\"https:\/\/portaltela.pt\/\"],\"url\":\"https:\/\/portaltela.pt\/por\/367410592786\/\"}]}<\/script>\n<!-- \/ Yoast SEO plugin. -->","yoast_head_json":{"title":"Lucas Ordo\u00f1ez deixa o Benfica no final da \u00e9poca para regressar \u00e0 Argentina - Portal Tela Portugal","robots":{"index":"index","follow":"follow","max-snippet":"max-snippet:-1","max-image-preview":"max-image-preview:large","max-video-preview":"max-video-preview:-1"},"og_locale":"pt_PT","og_type":"article","og_title":"Lucas Ordo\u00f1ez deixa o Benfica no final da \u00e9poca para regressar \u00e0 Argentina - Portal Tela Portugal","og_description":"Lucas Ordo\u00f1ez vai deixar o Benfica no final da \u00e9poca para regressar \u00e0 Argentina, ao Banco Hispano. O avan\u00e7ado, atual capit\u00e3o da sele\u00e7\u00e3o argentina, soma um Campeonato, duas Superta\u00e7as e tr\u00eas Elite Cup e procura o primeiro t\u00edtulo europeu na Luz e a Ta\u00e7a de Portugal. Com a sa\u00edda de Pablo \u00c1lvarez e Carlos Nicol\u00eda em 2024, Ordo\u00f1ez passa a ser o \u00fanico jogador argentino no plantel encarnado; Conti Acevedo \u00e9 o \u00fanico argentino no plantel, salvo surpresa. Desde 2010, j\u00e1 passaram pelo Benfica v\u00e1rios argentinos, entre eles Tuco, Carlos L\u00f3pez, Carlos Nicol\u00eda, Danilo Rampulla e Pablo \u00c1lvarez; os irm\u00e3os Vel\u00e1zquez j\u00e1 tinham deixado a Luz.","og_url":"https:\/\/portaltela.pt\/noticias\/2026\/01\/21\/lucas-ordonez-deixa-o-benfica-no-final-da-epoca-para-regressar-a-argentina-2\/","og_site_name":"Portal Tela Portugal","article_published_time":"2026-01-21T16:36:00+00:00","author":"Telinha","twitter_card":"summary_large_image","twitter_misc":{"Escrito por":"Telinha","Tempo estimado de leitura":"1 minuto"},"schema":{"@context":"https:\/\/schema.org","@graph":[{"@type":"Article","@id":"https:\/\/portaltela.pt\/noticias\/2026\/01\/21\/lucas-ordonez-deixa-o-benfica-no-final-da-epoca-para-regressar-a-argentina-2\/#article","isPartOf":{"@id":"https:\/\/portaltela.pt\/noticias\/2026\/01\/21\/lucas-ordonez-deixa-o-benfica-no-final-da-epoca-para-regressar-a-argentina-2\/"},"author":{"name":"Telinha","@id":"https:\/\/portaltela.pt\/#\/schema\/person\/c4278d4a6028830caff9ee44b42d32ed"},"headline":"Lucas Ordo\u00f1ez deixa o Benfica no final da \u00e9poca para regressar \u00e0 Argentina","datePublished":"2026-01-21T16:36:00+00:00","mainEntityOfPage":{"@id":"https:\/\/portaltela.pt\/noticias\/2026\/01\/21\/lucas-ordonez-deixa-o-benfica-no-final-da-epoca-para-regressar-a-argentina-2\/"},"wordCount":184,"image":{"@id":"https:\/\/portaltela.pt\/noticias\/2026\/01\/21\/lucas-ordonez-deixa-o-benfica-no-final-da-epoca-para-regressar-a-argentina-2\/#primaryimage"},"thumbnailUrl":"https:\/\/portaltela.pt\/s.01k8rhncp4jt1\/2026\/01\/img_920x518uu2026-01-21-15-56-09-2416303-2.jpg","keywords":["Argentina","Benfica","campeonato","Elite Cup","futebol","Ta\u00e7a de Portugal"],"articleSection":["Desporto","Futebol"],"inLanguage":"pt-PT"},{"@type":"WebPage","@id":"https:\/\/portaltela.pt\/noticias\/2026\/01\/21\/lucas-ordonez-deixa-o-benfica-no-final-da-epoca-para-regressar-a-argentina-2\/","url":"https:\/\/portaltela.pt\/noticias\/2026\/01\/21\/lucas-ordonez-deixa-o-benfica-no-final-da-epoca-para-regressar-a-argentina-2\/","name":"Lucas Ordo\u00f1ez deixa o Benfica no final da \u00e9poca para regressar \u00e0 Argentina - Portal Tela Portugal","isPartOf":{"@id":"https:\/\/portaltela.pt\/#website"},"primaryImageOfPage":{"@id":"https:\/\/portaltela.pt\/noticias\/2026\/01\/21\/lucas-ordonez-deixa-o-benfica-no-final-da-epoca-para-regressar-a-argentina-2\/#primaryimage"},"image":{"@id":"https:\/\/portaltela.pt\/noticias\/2026\/01\/21\/lucas-ordonez-deixa-o-benfica-no-final-da-epoca-para-regressar-a-argentina-2\/#primaryimage"},"thumbnailUrl":"https:\/\/portaltela.pt\/s.01k8rhncp4jt1\/2026\/01\/img_920x518uu2026-01-21-15-56-09-2416303-2.jpg","datePublished":"2026-01-21T16:36:00+00:00","author":{"@id":"https:\/\/portaltela.pt\/#\/schema\/person\/c4278d4a6028830caff9ee44b42d32ed"},"breadcrumb":{"@id":"https:\/\/portaltela.pt\/noticias\/2026\/01\/21\/lucas-ordonez-deixa-o-benfica-no-final-da-epoca-para-regressar-a-argentina-2\/#breadcrumb"},"inLanguage":"pt-PT","potentialAction":[{"@type":"ReadAction","target":["https:\/\/portaltela.pt\/noticias\/2026\/01\/21\/lucas-ordonez-deixa-o-benfica-no-final-da-epoca-para-regressar-a-argentina-2\/"]}]},{"@type":"ImageObject","inLanguage":"pt-PT","@id":"https:\/\/portaltela.pt\/noticias\/2026\/01\/21\/lucas-ordonez-deixa-o-benfica-no-final-da-epoca-para-regressar-a-argentina-2\/#primaryimage","url":"https:\/\/portaltela.pt\/s.01k8rhncp4jt1\/2026\/01\/img_920x518uu2026-01-21-15-56-09-2416303-2.jpg","contentUrl":"https:\/\/portaltela.pt\/s.01k8rhncp4jt1\/2026\/01\/img_920x518uu2026-01-21-15-56-09-2416303-2.jpg","width":796,"height":448,"caption":"Lucas Ordo\u00f1ez festeja frente ao Barcelona em jogo da Champions em 2019"},{"@type":"BreadcrumbList","@id":"https:\/\/portaltela.pt\/noticias\/2026\/01\/21\/lucas-ordonez-deixa-o-benfica-no-final-da-epoca-para-regressar-a-argentina-2\/#breadcrumb","itemListElement":[{"@type":"ListItem","position":1,"name":"In\u00edcio","item":"https:\/\/portaltela.pt\/"},{"@type":"ListItem","position":2,"name":"Lucas Ordo\u00f1ez deixa o Benfica no final da \u00e9poca para regressar \u00e0 Argentina"}]},{"@type":"WebSite","@id":"https:\/\/portaltela.pt\/#website","url":"https:\/\/portaltela.pt\/","name":"Portal Tela Portugal","description":"","potentialAction":[{"@type":"SearchAction","target":{"@type":"EntryPoint","urlTemplate":"https:\/\/portaltela.pt\/?s={search_term_string}"},"query-input":{"@type":"PropertyValueSpecification","valueRequired":true,"valueName":"search_term_string"}}],"inLanguage":"pt-PT"},{"@type":"Person","@id":"https:\/\/portaltela.pt\/#\/schema\/person\/c4278d4a6028830caff9ee44b42d32ed","name":"Telinha","image":{"@type":"ImageObject","inLanguage":"pt-PT","@id":"https:\/\/portaltela.pt\/s.01k8rhncp4jt1\/2025\/11\/talking-bot-125x125.png","url":"https:\/\/portaltela.pt\/s.01k8rhncp4jt1\/2025\/11\/talking-bot-125x125.png","contentUrl":"https:\/\/portaltela.pt\/s.01k8rhncp4jt1\/2025\/11\/talking-bot-125x125.png","caption":"Telinha"},"sameAs":["https:\/\/portaltela.pt\/"],"url":"https:\/\/portaltela.pt\/por\/367410592786\/"}]}},"_links":{"self":[{"href":"https:\/\/portaltela.pt\/api\/wp\/v2\/posts\/160881","targetHints":{"allow":["GET"]}}],"collection":[{"href":"https:\/\/portaltela.pt\/api\/wp\/v2\/posts"}],"about":[{"href":"https:\/\/portaltela.pt\/api\/wp\/v2\/types\/post"}],"author":[{"embeddable":true,"href":"https:\/\/portaltela.pt\/api\/wp\/v2\/users\/2"}],"replies":[{"embeddable":true,"href":"https:\/\/portaltela.pt\/api\/wp\/v2\/comments?post=160881"}],"version-history":[{"count":0,"href":"https:\/\/portaltela.pt\/api\/wp\/v2\/posts\/160881\/revisions"}],"wp:featuredmedia":[{"embeddable":true,"href":"https:\/\/portaltela.pt\/api\/wp\/v2\/media\/160899"}],"wp:attachment":[{"href":"https:\/\/portaltela.pt\/api\/wp\/v2\/media?parent=160881"}],"wp:term":[{"taxonomy":"category","embeddable":true,"href":"https:\/\/portaltela.pt\/api\/wp\/v2\/categories?post=160881"},{"taxonomy":"post_tag","embeddable":true,"href":"https:\/\/portaltela.pt\/api\/wp\/v2\/tags?post=160881"}],"curies":[{"name":"wp","href":"https:\/\/api.w.org\/{rel}","templated":true}]}}