{"id":160796,"date":"2026-01-21T15:07:00","date_gmt":"2026-01-21T18:07:00","guid":{"rendered":"https:\/\/portaltela.pt\/noticias\/2026\/01\/21\/washington-sanciona-associacoes-de-caridade-associadas-ao-hamas\/"},"modified":"2026-01-21T15:07:00","modified_gmt":"2026-01-21T18:07:00","slug":"washington-sanciona-associacoes-de-caridade-associadas-ao-hamas","status":"publish","type":"post","link":"https:\/\/portaltela.pt\/noticias\/2026\/01\/21\/washington-sanciona-associacoes-de-caridade-associadas-ao-hamas\/","title":{"rendered":"Washington sanciona associa\u00e7\u00f5es de caridade associadas ao Hamas"},"content":{"rendered":"<p>Os Estados Unidos anunciaram hoje san\u00e7\u00f5es contra seis organiza\u00e7\u00f5es de caridade que atuam na Faixa de Gaza, bem como contra uma entidade associada \u00e0s flotilhas organizadas para contornar o bloqueio israelita, acusadas de liga\u00e7\u00f5es ao Hamas. O Tesouro norte-americano indicou que as san\u00e7\u00f5es visam expor liga\u00e7\u00f5es secretas entre o Hamas e estas organiza\u00e7\u00f5es sem fins lucrativos.<\/p>\n<p>Entre os visados est\u00e1 a Confer\u00eancia Palestiniana para os Palestinianos no Estrangeiro, conhecida pela sigla PCPA, com presen\u00e7a no L\u00edbano e que organizou confer\u00eancias na Turquia reunindo emigrantes palestinianos. Al\u00e9m da organiza\u00e7\u00e3o, foi sancionado um respons\u00e1vel da PCPA, Zaher Khaled Hassan Birawi, que reside no Reino Unido.<\/p>\n<p>As san\u00e7\u00f5es abrangem ainda seis associa\u00e7\u00f5es sediadas na Faixa de Gaza, que alegadamente prestavam cuidados m\u00e9dicos a civis, mas, segundo Washington, apoiavam o bra\u00e7o armado do Hamas, as Brigadas Ezzedine al-Qassam. A medida envolve o congelamento de ativos detidos nos EUA e a proibi\u00e7\u00e3o de rela\u00e7\u00f5es comerciais com cidad\u00e3os ou entidades norte-americanas.<\/p>\n<h3>Medidas e objetivos<\/h3>\n<p>O Departamento do Tesouro esclarece que as entidades visadas ter\u00e3o todos os bens em territ\u00f3rio norte-americano congelados e que qualquer transa\u00e7\u00e3o com estas organiza\u00e7\u00f5es ficar proibida para empresas ou cidad\u00e3os dos Estados Unidos.<\/p>\n<h3>Contexto pol\u00edtico e operativo<\/h3>\n<p>Segundo o Tesouro, a a\u00e7\u00e3o pretende impedir o financiamento de opera\u00e7\u00f5es terroristas, evidenciando liga\u00e7\u00f5es entre as organiza\u00e7\u00f5es e o Hamas. A medida surge numa conjuntura de tens\u00f5es na regi\u00e3o, marcada pelo conflito entre Hamas e Israel iniciado em outubro de 2023.<\/p>\n","protected":false},"excerpt":{"rendered":"<ul>\n<li>O Tesouro dos EUA anunciou san\u00e7\u00f5es contra seis associa\u00e7\u00f5es com sede na Faixa de Gaza que alegam prestar cuidados m\u00e9dicos, mas que, segundo Washington, apoiam o bra\u00e7o armado do Hamas, as Brigadas Ezzedine al-Qassam.<\/li>\n<li>Foram ainda sancionadas a Confer\u00eancia Palestiniana para os Palestinianos no Estrangeiro (PCPA) e um dirigente da organiza\u00e7\u00e3o, Zaher Khaled Hassan Birawi, residente no Reino Unido.<\/li>\n<li>A PCPA atua no L\u00edbano e organizou confer\u00eancias na Turquia que reuniram palestinianos expatriados; a organiza\u00e7\u00e3o apoiou flotilhas que tentaram quebrar o bloqueio de Gaza.<\/li>\n<li>As san\u00e7\u00f5es visam expor e cortar as liga\u00e7\u00f5es secretas do Hamas com organiza\u00e7\u00f5es sem fins lucrativos e impedir o financiamento de opera\u00e7\u00f5es terroristas.<\/li>\n<li>As medidas implicam o congelamento de bens nos EUA e a proibi\u00e7\u00e3o de rela\u00e7\u00f5es comerciais com as entidades e indiv\u00edduos sancionados.<\/li>\n<\/ul>\n","protected":false},"author":2,"featured_media":160828,"comment_status":"closed","ping_status":"closed","sticky":false,"template":"","format":"standard","meta":{"footnotes":""},"categories":[1],"tags":[1600,1460,3651,136,2030,1840],"class_list":["post-160796","post","type-post","status-publish","format-standard","has-post-thumbnail","hentry","category-noticias","tag-estados-unidos","tag-financiamento-do-terrorismo","tag-gaza","tag-organizacoes","tag-palestina","tag-sancoes-internacionais"],"yoast_head":"<!-- This site is optimized with the Yoast SEO plugin v27.2 - https:\/\/yoast.com\/product\/yoast-seo-wordpress\/ -->\n<title>Washington sanciona associa\u00e7\u00f5es de caridade associadas ao Hamas - Portal Tela Portugal<\/title>\n<meta name=\"robots\" content=\"index, follow, max-snippet:-1, max-image-preview:large, max-video-preview:-1\" \/>\n<meta property=\"og:locale\" content=\"pt_PT\" \/>\n<meta property=\"og:type\" content=\"article\" \/>\n<meta property=\"og:title\" content=\"Washington sanciona associa\u00e7\u00f5es de caridade associadas ao Hamas - Portal Tela Portugal\" \/>\n<meta property=\"og:description\" content=\"O Tesouro dos EUA anunciou san\u00e7\u00f5es contra seis associa\u00e7\u00f5es com sede na Faixa de Gaza que alegam prestar cuidados m\u00e9dicos, mas que, segundo Washington, apoiam o bra\u00e7o armado do Hamas, as Brigadas Ezzedine al-Qassam. Foram ainda sancionadas a Confer\u00eancia Palestiniana para os Palestinianos no Estrangeiro (PCPA) e um dirigente da organiza\u00e7\u00e3o, Zaher Khaled Hassan Birawi, residente no Reino Unido. A PCPA atua no L\u00edbano e organizou confer\u00eancias na Turquia que reuniram palestinianos expatriados; a organiza\u00e7\u00e3o apoiou flotilhas que tentaram quebrar o bloqueio de Gaza. As san\u00e7\u00f5es visam expor e cortar as liga\u00e7\u00f5es secretas do Hamas com organiza\u00e7\u00f5es sem fins lucrativos e impedir o financiamento de opera\u00e7\u00f5es terroristas. As medidas implicam o congelamento de bens nos EUA e a proibi\u00e7\u00e3o de rela\u00e7\u00f5es comerciais com as entidades e indiv\u00edduos sancionados.\" \/>\n<meta property=\"og:url\" content=\"https:\/\/portaltela.pt\/noticias\/2026\/01\/21\/washington-sanciona-associacoes-de-caridade-associadas-ao-hamas\/\" \/>\n<meta property=\"og:site_name\" content=\"Portal Tela Portugal\" \/>\n<meta property=\"article:published_time\" content=\"2026-01-21T18:07:00+00:00\" \/>\n<meta name=\"author\" content=\"Telinha\" \/>\n<meta name=\"twitter:card\" content=\"summary_large_image\" \/>\n<meta name=\"twitter:label1\" content=\"Escrito por\" \/>\n\t<meta name=\"twitter:data1\" content=\"Telinha\" \/>\n\t<meta name=\"twitter:label2\" content=\"Tempo estimado de leitura\" \/>\n\t<meta name=\"twitter:data2\" content=\"1 minuto\" \/>\n<script type=\"application\/ld+json\" class=\"yoast-schema-graph\">{\"@context\":\"https:\/\/schema.org\",\"@graph\":[{\"@type\":\"Article\",\"@id\":\"https:\/\/portaltela.pt\/noticias\/2026\/01\/21\/washington-sanciona-associacoes-de-caridade-associadas-ao-hamas\/#article\",\"isPartOf\":{\"@id\":\"https:\/\/portaltela.pt\/noticias\/2026\/01\/21\/washington-sanciona-associacoes-de-caridade-associadas-ao-hamas\/\"},\"author\":{\"name\":\"Telinha\",\"@id\":\"https:\/\/portaltela.pt\/#\/schema\/person\/c4278d4a6028830caff9ee44b42d32ed\"},\"headline\":\"Washington sanciona associa\u00e7\u00f5es de caridade associadas ao Hamas\",\"datePublished\":\"2026-01-21T18:07:00+00:00\",\"mainEntityOfPage\":{\"@id\":\"https:\/\/portaltela.pt\/noticias\/2026\/01\/21\/washington-sanciona-associacoes-de-caridade-associadas-ao-hamas\/\"},\"wordCount\":276,\"image\":{\"@id\":\"https:\/\/portaltela.pt\/noticias\/2026\/01\/21\/washington-sanciona-associacoes-de-caridade-associadas-ao-hamas\/#primaryimage\"},\"thumbnailUrl\":\"https:\/\/portaltela.pt\/s.01k8rhncp4jt1\/2026\/01\/naom_695ba41f7d01e.jpg\",\"keywords\":[\"Estados Unidos\",\"financiamento do terrorismo\",\"Gaza\",\"organiza\u00e7\u00f5es\",\"Palestina\",\"san\u00e7\u00f5es internacionais\"],\"articleSection\":[\"Not\u00edcias\"],\"inLanguage\":\"pt-PT\"},{\"@type\":\"WebPage\",\"@id\":\"https:\/\/portaltela.pt\/noticias\/2026\/01\/21\/washington-sanciona-associacoes-de-caridade-associadas-ao-hamas\/\",\"url\":\"https:\/\/portaltela.pt\/noticias\/2026\/01\/21\/washington-sanciona-associacoes-de-caridade-associadas-ao-hamas\/\",\"name\":\"Washington sanciona associa\u00e7\u00f5es de caridade associadas ao Hamas - Portal Tela Portugal\",\"isPartOf\":{\"@id\":\"https:\/\/portaltela.pt\/#website\"},\"primaryImageOfPage\":{\"@id\":\"https:\/\/portaltela.pt\/noticias\/2026\/01\/21\/washington-sanciona-associacoes-de-caridade-associadas-ao-hamas\/#primaryimage\"},\"image\":{\"@id\":\"https:\/\/portaltela.pt\/noticias\/2026\/01\/21\/washington-sanciona-associacoes-de-caridade-associadas-ao-hamas\/#primaryimage\"},\"thumbnailUrl\":\"https:\/\/portaltela.pt\/s.01k8rhncp4jt1\/2026\/01\/naom_695ba41f7d01e.jpg\",\"datePublished\":\"2026-01-21T18:07:00+00:00\",\"author\":{\"@id\":\"https:\/\/portaltela.pt\/#\/schema\/person\/c4278d4a6028830caff9ee44b42d32ed\"},\"breadcrumb\":{\"@id\":\"https:\/\/portaltela.pt\/noticias\/2026\/01\/21\/washington-sanciona-associacoes-de-caridade-associadas-ao-hamas\/#breadcrumb\"},\"inLanguage\":\"pt-PT\",\"potentialAction\":[{\"@type\":\"ReadAction\",\"target\":[\"https:\/\/portaltela.pt\/noticias\/2026\/01\/21\/washington-sanciona-associacoes-de-caridade-associadas-ao-hamas\/\"]}]},{\"@type\":\"ImageObject\",\"inLanguage\":\"pt-PT\",\"@id\":\"https:\/\/portaltela.pt\/noticias\/2026\/01\/21\/washington-sanciona-associacoes-de-caridade-associadas-ao-hamas\/#primaryimage\",\"url\":\"https:\/\/portaltela.pt\/s.01k8rhncp4jt1\/2026\/01\/naom_695ba41f7d01e.jpg\",\"contentUrl\":\"https:\/\/portaltela.pt\/s.01k8rhncp4jt1\/2026\/01\/naom_695ba41f7d01e.jpg\",\"width\":796,\"height\":448,\"caption\":\"Duas pessoas morreram em derrocada de edif\u00edcio na Faixa de Gaza\"},{\"@type\":\"BreadcrumbList\",\"@id\":\"https:\/\/portaltela.pt\/noticias\/2026\/01\/21\/washington-sanciona-associacoes-de-caridade-associadas-ao-hamas\/#breadcrumb\",\"itemListElement\":[{\"@type\":\"ListItem\",\"position\":1,\"name\":\"In\u00edcio\",\"item\":\"https:\/\/portaltela.pt\/\"},{\"@type\":\"ListItem\",\"position\":2,\"name\":\"Washington sanciona associa\u00e7\u00f5es de caridade associadas ao Hamas\"}]},{\"@type\":\"WebSite\",\"@id\":\"https:\/\/portaltela.pt\/#website\",\"url\":\"https:\/\/portaltela.pt\/\",\"name\":\"Portal Tela Portugal\",\"description\":\"\",\"potentialAction\":[{\"@type\":\"SearchAction\",\"target\":{\"@type\":\"EntryPoint\",\"urlTemplate\":\"https:\/\/portaltela.pt\/?s={search_term_string}\"},\"query-input\":{\"@type\":\"PropertyValueSpecification\",\"valueRequired\":true,\"valueName\":\"search_term_string\"}}],\"inLanguage\":\"pt-PT\"},{\"@type\":\"Person\",\"@id\":\"https:\/\/portaltela.pt\/#\/schema\/person\/c4278d4a6028830caff9ee44b42d32ed\",\"name\":\"Telinha\",\"image\":{\"@type\":\"ImageObject\",\"inLanguage\":\"pt-PT\",\"@id\":\"https:\/\/portaltela.pt\/s.01k8rhncp4jt1\/2025\/11\/talking-bot-125x125.png\",\"url\":\"https:\/\/portaltela.pt\/s.01k8rhncp4jt1\/2025\/11\/talking-bot-125x125.png\",\"contentUrl\":\"https:\/\/portaltela.pt\/s.01k8rhncp4jt1\/2025\/11\/talking-bot-125x125.png\",\"caption\":\"Telinha\"},\"sameAs\":[\"https:\/\/portaltela.pt\/\"],\"url\":\"https:\/\/portaltela.pt\/por\/367410592786\/\"}]}<\/script>\n<!-- \/ Yoast SEO plugin. -->","yoast_head_json":{"title":"Washington sanciona associa\u00e7\u00f5es de caridade associadas ao Hamas - Portal Tela Portugal","robots":{"index":"index","follow":"follow","max-snippet":"max-snippet:-1","max-image-preview":"max-image-preview:large","max-video-preview":"max-video-preview:-1"},"og_locale":"pt_PT","og_type":"article","og_title":"Washington sanciona associa\u00e7\u00f5es de caridade associadas ao Hamas - Portal Tela Portugal","og_description":"O Tesouro dos EUA anunciou san\u00e7\u00f5es contra seis associa\u00e7\u00f5es com sede na Faixa de Gaza que alegam prestar cuidados m\u00e9dicos, mas que, segundo Washington, apoiam o bra\u00e7o armado do Hamas, as Brigadas Ezzedine al-Qassam. Foram ainda sancionadas a Confer\u00eancia Palestiniana para os Palestinianos no Estrangeiro (PCPA) e um dirigente da organiza\u00e7\u00e3o, Zaher Khaled Hassan Birawi, residente no Reino Unido. A PCPA atua no L\u00edbano e organizou confer\u00eancias na Turquia que reuniram palestinianos expatriados; a organiza\u00e7\u00e3o apoiou flotilhas que tentaram quebrar o bloqueio de Gaza. As san\u00e7\u00f5es visam expor e cortar as liga\u00e7\u00f5es secretas do Hamas com organiza\u00e7\u00f5es sem fins lucrativos e impedir o financiamento de opera\u00e7\u00f5es terroristas. As medidas implicam o congelamento de bens nos EUA e a proibi\u00e7\u00e3o de rela\u00e7\u00f5es comerciais com as entidades e indiv\u00edduos sancionados.","og_url":"https:\/\/portaltela.pt\/noticias\/2026\/01\/21\/washington-sanciona-associacoes-de-caridade-associadas-ao-hamas\/","og_site_name":"Portal Tela Portugal","article_published_time":"2026-01-21T18:07:00+00:00","author":"Telinha","twitter_card":"summary_large_image","twitter_misc":{"Escrito por":"Telinha","Tempo estimado de leitura":"1 minuto"},"schema":{"@context":"https:\/\/schema.org","@graph":[{"@type":"Article","@id":"https:\/\/portaltela.pt\/noticias\/2026\/01\/21\/washington-sanciona-associacoes-de-caridade-associadas-ao-hamas\/#article","isPartOf":{"@id":"https:\/\/portaltela.pt\/noticias\/2026\/01\/21\/washington-sanciona-associacoes-de-caridade-associadas-ao-hamas\/"},"author":{"name":"Telinha","@id":"https:\/\/portaltela.pt\/#\/schema\/person\/c4278d4a6028830caff9ee44b42d32ed"},"headline":"Washington sanciona associa\u00e7\u00f5es de caridade associadas ao Hamas","datePublished":"2026-01-21T18:07:00+00:00","mainEntityOfPage":{"@id":"https:\/\/portaltela.pt\/noticias\/2026\/01\/21\/washington-sanciona-associacoes-de-caridade-associadas-ao-hamas\/"},"wordCount":276,"image":{"@id":"https:\/\/portaltela.pt\/noticias\/2026\/01\/21\/washington-sanciona-associacoes-de-caridade-associadas-ao-hamas\/#primaryimage"},"thumbnailUrl":"https:\/\/portaltela.pt\/s.01k8rhncp4jt1\/2026\/01\/naom_695ba41f7d01e.jpg","keywords":["Estados Unidos","financiamento do terrorismo","Gaza","organiza\u00e7\u00f5es","Palestina","san\u00e7\u00f5es internacionais"],"articleSection":["Not\u00edcias"],"inLanguage":"pt-PT"},{"@type":"WebPage","@id":"https:\/\/portaltela.pt\/noticias\/2026\/01\/21\/washington-sanciona-associacoes-de-caridade-associadas-ao-hamas\/","url":"https:\/\/portaltela.pt\/noticias\/2026\/01\/21\/washington-sanciona-associacoes-de-caridade-associadas-ao-hamas\/","name":"Washington sanciona associa\u00e7\u00f5es de caridade associadas ao Hamas - Portal Tela Portugal","isPartOf":{"@id":"https:\/\/portaltela.pt\/#website"},"primaryImageOfPage":{"@id":"https:\/\/portaltela.pt\/noticias\/2026\/01\/21\/washington-sanciona-associacoes-de-caridade-associadas-ao-hamas\/#primaryimage"},"image":{"@id":"https:\/\/portaltela.pt\/noticias\/2026\/01\/21\/washington-sanciona-associacoes-de-caridade-associadas-ao-hamas\/#primaryimage"},"thumbnailUrl":"https:\/\/portaltela.pt\/s.01k8rhncp4jt1\/2026\/01\/naom_695ba41f7d01e.jpg","datePublished":"2026-01-21T18:07:00+00:00","author":{"@id":"https:\/\/portaltela.pt\/#\/schema\/person\/c4278d4a6028830caff9ee44b42d32ed"},"breadcrumb":{"@id":"https:\/\/portaltela.pt\/noticias\/2026\/01\/21\/washington-sanciona-associacoes-de-caridade-associadas-ao-hamas\/#breadcrumb"},"inLanguage":"pt-PT","potentialAction":[{"@type":"ReadAction","target":["https:\/\/portaltela.pt\/noticias\/2026\/01\/21\/washington-sanciona-associacoes-de-caridade-associadas-ao-hamas\/"]}]},{"@type":"ImageObject","inLanguage":"pt-PT","@id":"https:\/\/portaltela.pt\/noticias\/2026\/01\/21\/washington-sanciona-associacoes-de-caridade-associadas-ao-hamas\/#primaryimage","url":"https:\/\/portaltela.pt\/s.01k8rhncp4jt1\/2026\/01\/naom_695ba41f7d01e.jpg","contentUrl":"https:\/\/portaltela.pt\/s.01k8rhncp4jt1\/2026\/01\/naom_695ba41f7d01e.jpg","width":796,"height":448,"caption":"Duas pessoas morreram em derrocada de edif\u00edcio na Faixa de Gaza"},{"@type":"BreadcrumbList","@id":"https:\/\/portaltela.pt\/noticias\/2026\/01\/21\/washington-sanciona-associacoes-de-caridade-associadas-ao-hamas\/#breadcrumb","itemListElement":[{"@type":"ListItem","position":1,"name":"In\u00edcio","item":"https:\/\/portaltela.pt\/"},{"@type":"ListItem","position":2,"name":"Washington sanciona associa\u00e7\u00f5es de caridade associadas ao Hamas"}]},{"@type":"WebSite","@id":"https:\/\/portaltela.pt\/#website","url":"https:\/\/portaltela.pt\/","name":"Portal Tela Portugal","description":"","potentialAction":[{"@type":"SearchAction","target":{"@type":"EntryPoint","urlTemplate":"https:\/\/portaltela.pt\/?s={search_term_string}"},"query-input":{"@type":"PropertyValueSpecification","valueRequired":true,"valueName":"search_term_string"}}],"inLanguage":"pt-PT"},{"@type":"Person","@id":"https:\/\/portaltela.pt\/#\/schema\/person\/c4278d4a6028830caff9ee44b42d32ed","name":"Telinha","image":{"@type":"ImageObject","inLanguage":"pt-PT","@id":"https:\/\/portaltela.pt\/s.01k8rhncp4jt1\/2025\/11\/talking-bot-125x125.png","url":"https:\/\/portaltela.pt\/s.01k8rhncp4jt1\/2025\/11\/talking-bot-125x125.png","contentUrl":"https:\/\/portaltela.pt\/s.01k8rhncp4jt1\/2025\/11\/talking-bot-125x125.png","caption":"Telinha"},"sameAs":["https:\/\/portaltela.pt\/"],"url":"https:\/\/portaltela.pt\/por\/367410592786\/"}]}},"_links":{"self":[{"href":"https:\/\/portaltela.pt\/api\/wp\/v2\/posts\/160796","targetHints":{"allow":["GET"]}}],"collection":[{"href":"https:\/\/portaltela.pt\/api\/wp\/v2\/posts"}],"about":[{"href":"https:\/\/portaltela.pt\/api\/wp\/v2\/types\/post"}],"author":[{"embeddable":true,"href":"https:\/\/portaltela.pt\/api\/wp\/v2\/users\/2"}],"replies":[{"embeddable":true,"href":"https:\/\/portaltela.pt\/api\/wp\/v2\/comments?post=160796"}],"version-history":[{"count":0,"href":"https:\/\/portaltela.pt\/api\/wp\/v2\/posts\/160796\/revisions"}],"wp:featuredmedia":[{"embeddable":true,"href":"https:\/\/portaltela.pt\/api\/wp\/v2\/media\/160828"}],"wp:attachment":[{"href":"https:\/\/portaltela.pt\/api\/wp\/v2\/media?parent=160796"}],"wp:term":[{"taxonomy":"category","embeddable":true,"href":"https:\/\/portaltela.pt\/api\/wp\/v2\/categories?post=160796"},{"taxonomy":"post_tag","embeddable":true,"href":"https:\/\/portaltela.pt\/api\/wp\/v2\/tags?post=160796"}],"curies":[{"name":"wp","href":"https:\/\/api.w.org\/{rel}","templated":true}]}}