{"id":160756,"date":"2026-01-21T15:08:00","date_gmt":"2026-01-21T18:08:00","guid":{"rendered":"https:\/\/portaltela.pt\/noticias\/2026\/01\/21\/5-a-edicao-da-comissao-de-coordenacao-e-desenvolvimento-regional-do-alentejo-i-p\/"},"modified":"2026-01-21T15:08:00","modified_gmt":"2026-01-21T18:08:00","slug":"5-a-edicao-da-comissao-de-coordenacao-e-desenvolvimento-regional-do-alentejo-i-p","status":"publish","type":"post","link":"https:\/\/portaltela.pt\/noticias\/2026\/01\/21\/5-a-edicao-da-comissao-de-coordenacao-e-desenvolvimento-regional-do-alentejo-i-p\/","title":{"rendered":"5.\u00aa edi\u00e7\u00e3o da Comiss\u00e3o de Coordena\u00e7\u00e3o e Desenvolvimento Regional do Alentejo, I.P."},"content":{"rendered":"<p>O pr\u00e9mio de refer\u00eancia da APDC, dedicado a cidades e territ\u00f3rios futuros, abriu a quinta edi\u00e7\u00e3o. A candidatura est\u00e1 aberta at\u00e9 13 de mar\u00e7o de 2026 e visa reconhecer projetos, ideias e estrat\u00e9gias para tornar as cidades mais habit\u00e1veis, sustent\u00e1veis e economicamente vi\u00e1veis, em sete categorias.<\/p>\n<p>As \u00e1reas a concurso s\u00e3o Sa\u00fade e Bem-Estar; Igualdade e Inclus\u00e3o; Mobilidade e Log\u00edstica; Relacionamento com o Cidad\u00e3o e Participa\u00e7\u00e3o; Qualifica\u00e7\u00f5es; Desenvolvimento Econ\u00f3mico; Sustentabilidade, Economia Circular e Descarboniza\u00e7\u00e3o. Podem candidatar-se projetos com base tecnol\u00f3gica que promovam planeamento eficiente, recursos otimizados e servi\u00e7os urbanos mais sustent\u00e1veis.<\/p>\n<p>Podem participar entidades p\u00fablicas ou privadas que operem no territ\u00f3rio municipal. Os projetos devem estar pelo menos em demonstra\u00e7\u00e3o, com grau significativo de maturidade. Os vencedores ser\u00e3o anunciados em maio de 2026, numa cerim\u00f3nia integrada no 35.\u00ba Digital Business Congress.<\/p>\n<h3>Elegibilidade e categorias<\/h3>\n<p>A iniciativa incentiva projetos que demonstrem impacto concreto em cidades e territ\u00f3rios, com foco em inova\u00e7\u00e3o, efici\u00eancia e sustentabilidade. A candidatura incide sobre propostas que comprovem potencial de escala e benef\u00edcio para comunidades locais.<\/p>\n<h3>Vencedores e informa\u00e7\u00f5es adicionais<\/h3>\n<p>A lista de vencedores da edi\u00e7\u00e3o anterior est\u00e1 dispon\u00edvel mediante consulta. Os participantes devem consultar o regulamento e o formul\u00e1rio de inscri\u00e7\u00e3o na p\u00e1gina da iniciativa, para obter detalhes sobre requisitos e procedimentos.<\/p>\n<p>Fonte: F\u00f3rum das Cidades.<\/p>\n","protected":false},"excerpt":{"rendered":"<ul>\n<li>A Associa\u00e7\u00e3o Portuguesa para o Desenvolvimento das Comunica\u00e7\u00f5es lan\u00e7ou a quinta edi\u00e7\u00e3o do Pr\u00e9mio \u201cCidades e Territ\u00f3rios do Futuro\u201d; candidaturas at\u00e9 13 de mar\u00e7o de 2026.<\/li>\n<li>O pr\u00e9mio visa reconhecer projetos que tornem as cidades mais habit\u00e1veis, sustent\u00e1veis e economicamente vi\u00e1veis, em sete categorias: Sa\u00fade e Bem-Estar; Igualdade e Inclus\u00e3o; Mobilidade e Log\u00edstica; Relacionamento com o Cidad\u00e3o e Participa\u00e7\u00e3o; Qualifica\u00e7\u00f5es; Desenvolvimento Econ\u00f3mico; Sustentabilidade, Economia Circular e Descarboniza\u00e7\u00e3o.<\/li>\n<li>Podem candidatar-se entidades p\u00fablicas ou privadas que atuem diretamente no territ\u00f3rio municipal; os projetos devem estar pelo menos em fase de demonstra\u00e7\u00e3o e com um n\u00edvel de maturidade significativo.<\/li>\n<li>Os vencedores ser\u00e3o anunciados em maio de 2026, numa cerim\u00f3nia oficial integrada no 35.\u00ba Digital Business Congress.<\/li>\n<li>A info do regulamento, formul\u00e1rio de inscri\u00e7\u00e3o e demais detalhes est\u00e1 na p\u00e1gina da iniciativa; os vencedores da edi\u00e7\u00e3o anterior est\u00e3o dispon\u00edveis no site do pr\u00e9mio.<\/li>\n<\/ul>\n","protected":false},"author":2,"featured_media":160787,"comment_status":"closed","ping_status":"closed","sticky":false,"template":"","format":"standard","meta":{"footnotes":""},"categories":[1],"tags":[883,1054,1540,202,3148,3444],"class_list":["post-160756","post","type-post","status-publish","format-standard","has-post-thumbnail","hentry","category-noticias","tag-alentejo","tag-descarbonizacao-territorial","tag-economia-circular","tag-mobilidade-urbana-e-cidades-inteligentes","tag-planeamento-urbano","tag-sustentabilidade"],"yoast_head":"<!-- This site is optimized with the Yoast SEO plugin v27.2 - https:\/\/yoast.com\/product\/yoast-seo-wordpress\/ -->\n<title>5.\u00aa edi\u00e7\u00e3o da Comiss\u00e3o de Coordena\u00e7\u00e3o e Desenvolvimento Regional do Alentejo, I.P. - Portal Tela Portugal<\/title>\n<meta name=\"robots\" content=\"index, follow, max-snippet:-1, max-image-preview:large, max-video-preview:-1\" \/>\n<meta property=\"og:locale\" content=\"pt_PT\" \/>\n<meta property=\"og:type\" content=\"article\" \/>\n<meta property=\"og:title\" content=\"5.\u00aa edi\u00e7\u00e3o da Comiss\u00e3o de Coordena\u00e7\u00e3o e Desenvolvimento Regional do Alentejo, I.P. - Portal Tela Portugal\" \/>\n<meta property=\"og:description\" content=\"A Associa\u00e7\u00e3o Portuguesa para o Desenvolvimento das Comunica\u00e7\u00f5es lan\u00e7ou a quinta edi\u00e7\u00e3o do Pr\u00e9mio \u201cCidades e Territ\u00f3rios do Futuro\u201d; candidaturas at\u00e9 13 de mar\u00e7o de 2026. O pr\u00e9mio visa reconhecer projetos que tornem as cidades mais habit\u00e1veis, sustent\u00e1veis e economicamente vi\u00e1veis, em sete categorias: Sa\u00fade e Bem-Estar; Igualdade e Inclus\u00e3o; Mobilidade e Log\u00edstica; Relacionamento com o Cidad\u00e3o e Participa\u00e7\u00e3o; Qualifica\u00e7\u00f5es; Desenvolvimento Econ\u00f3mico; Sustentabilidade, Economia Circular e Descarboniza\u00e7\u00e3o. Podem candidatar-se entidades p\u00fablicas ou privadas que atuem diretamente no territ\u00f3rio municipal; os projetos devem estar pelo menos em fase de demonstra\u00e7\u00e3o e com um n\u00edvel de maturidade significativo. Os vencedores ser\u00e3o anunciados em maio de 2026, numa cerim\u00f3nia oficial integrada no 35.\u00ba Digital Business Congress. A info do regulamento, formul\u00e1rio de inscri\u00e7\u00e3o e demais detalhes est\u00e1 na p\u00e1gina da iniciativa; os vencedores da edi\u00e7\u00e3o anterior est\u00e3o dispon\u00edveis no site do pr\u00e9mio.\" \/>\n<meta property=\"og:url\" content=\"https:\/\/portaltela.pt\/noticias\/2026\/01\/21\/5-a-edicao-da-comissao-de-coordenacao-e-desenvolvimento-regional-do-alentejo-i-p\/\" \/>\n<meta property=\"og:site_name\" content=\"Portal Tela Portugal\" \/>\n<meta property=\"article:published_time\" content=\"2026-01-21T18:08:00+00:00\" \/>\n<meta name=\"author\" content=\"Telinha\" \/>\n<meta name=\"twitter:card\" content=\"summary_large_image\" \/>\n<meta name=\"twitter:label1\" content=\"Escrito por\" \/>\n\t<meta name=\"twitter:data1\" content=\"Telinha\" \/>\n\t<meta name=\"twitter:label2\" content=\"Tempo estimado de leitura\" \/>\n\t<meta name=\"twitter:data2\" content=\"1 minuto\" \/>\n<script type=\"application\/ld+json\" class=\"yoast-schema-graph\">{\"@context\":\"https:\/\/schema.org\",\"@graph\":[{\"@type\":\"Article\",\"@id\":\"https:\/\/portaltela.pt\/noticias\/2026\/01\/21\/5-a-edicao-da-comissao-de-coordenacao-e-desenvolvimento-regional-do-alentejo-i-p\/#article\",\"isPartOf\":{\"@id\":\"https:\/\/portaltela.pt\/noticias\/2026\/01\/21\/5-a-edicao-da-comissao-de-coordenacao-e-desenvolvimento-regional-do-alentejo-i-p\/\"},\"author\":{\"name\":\"Telinha\",\"@id\":\"https:\/\/portaltela.pt\/#\/schema\/person\/c4278d4a6028830caff9ee44b42d32ed\"},\"headline\":\"5.\u00aa edi\u00e7\u00e3o da Comiss\u00e3o de Coordena\u00e7\u00e3o e Desenvolvimento Regional do Alentejo, I.P.\",\"datePublished\":\"2026-01-21T18:08:00+00:00\",\"mainEntityOfPage\":{\"@id\":\"https:\/\/portaltela.pt\/noticias\/2026\/01\/21\/5-a-edicao-da-comissao-de-coordenacao-e-desenvolvimento-regional-do-alentejo-i-p\/\"},\"wordCount\":257,\"image\":{\"@id\":\"https:\/\/portaltela.pt\/noticias\/2026\/01\/21\/5-a-edicao-da-comissao-de-coordenacao-e-desenvolvimento-regional-do-alentejo-i-p\/#primaryimage\"},\"thumbnailUrl\":\"https:\/\/portaltela.pt\/s.01k8rhncp4jt1\/2026\/01\/unnamed-file-4450.jpg\",\"keywords\":[\"Alentejo\",\"descarboniza\u00e7\u00e3o territorial\",\"economia circular\",\"Mobilidade Urbana e Cidades Inteligentes\",\"planeamento urbano\",\"Sustentabilidade\"],\"articleSection\":[\"Not\u00edcias\"],\"inLanguage\":\"pt-PT\"},{\"@type\":\"WebPage\",\"@id\":\"https:\/\/portaltela.pt\/noticias\/2026\/01\/21\/5-a-edicao-da-comissao-de-coordenacao-e-desenvolvimento-regional-do-alentejo-i-p\/\",\"url\":\"https:\/\/portaltela.pt\/noticias\/2026\/01\/21\/5-a-edicao-da-comissao-de-coordenacao-e-desenvolvimento-regional-do-alentejo-i-p\/\",\"name\":\"5.\u00aa edi\u00e7\u00e3o da Comiss\u00e3o de Coordena\u00e7\u00e3o e Desenvolvimento Regional do Alentejo, I.P. - Portal Tela Portugal\",\"isPartOf\":{\"@id\":\"https:\/\/portaltela.pt\/#website\"},\"primaryImageOfPage\":{\"@id\":\"https:\/\/portaltela.pt\/noticias\/2026\/01\/21\/5-a-edicao-da-comissao-de-coordenacao-e-desenvolvimento-regional-do-alentejo-i-p\/#primaryimage\"},\"image\":{\"@id\":\"https:\/\/portaltela.pt\/noticias\/2026\/01\/21\/5-a-edicao-da-comissao-de-coordenacao-e-desenvolvimento-regional-do-alentejo-i-p\/#primaryimage\"},\"thumbnailUrl\":\"https:\/\/portaltela.pt\/s.01k8rhncp4jt1\/2026\/01\/unnamed-file-4450.jpg\",\"datePublished\":\"2026-01-21T18:08:00+00:00\",\"author\":{\"@id\":\"https:\/\/portaltela.pt\/#\/schema\/person\/c4278d4a6028830caff9ee44b42d32ed\"},\"breadcrumb\":{\"@id\":\"https:\/\/portaltela.pt\/noticias\/2026\/01\/21\/5-a-edicao-da-comissao-de-coordenacao-e-desenvolvimento-regional-do-alentejo-i-p\/#breadcrumb\"},\"inLanguage\":\"pt-PT\",\"potentialAction\":[{\"@type\":\"ReadAction\",\"target\":[\"https:\/\/portaltela.pt\/noticias\/2026\/01\/21\/5-a-edicao-da-comissao-de-coordenacao-e-desenvolvimento-regional-do-alentejo-i-p\/\"]}]},{\"@type\":\"ImageObject\",\"inLanguage\":\"pt-PT\",\"@id\":\"https:\/\/portaltela.pt\/noticias\/2026\/01\/21\/5-a-edicao-da-comissao-de-coordenacao-e-desenvolvimento-regional-do-alentejo-i-p\/#primaryimage\",\"url\":\"https:\/\/portaltela.pt\/s.01k8rhncp4jt1\/2026\/01\/unnamed-file-4450.jpg\",\"contentUrl\":\"https:\/\/portaltela.pt\/s.01k8rhncp4jt1\/2026\/01\/unnamed-file-4450.jpg\",\"width\":796,\"height\":448,\"caption\":\"5.\u00aa edi\u00e7\u00e3o \u00ab Comiss\u00e3o de Coordena\u00e7\u00e3o e Desenvolvimento Regional do Alentejo, I.P.\"},{\"@type\":\"BreadcrumbList\",\"@id\":\"https:\/\/portaltela.pt\/noticias\/2026\/01\/21\/5-a-edicao-da-comissao-de-coordenacao-e-desenvolvimento-regional-do-alentejo-i-p\/#breadcrumb\",\"itemListElement\":[{\"@type\":\"ListItem\",\"position\":1,\"name\":\"In\u00edcio\",\"item\":\"https:\/\/portaltela.pt\/\"},{\"@type\":\"ListItem\",\"position\":2,\"name\":\"5.\u00aa edi\u00e7\u00e3o da Comiss\u00e3o de Coordena\u00e7\u00e3o e Desenvolvimento Regional do Alentejo, I.P.\"}]},{\"@type\":\"WebSite\",\"@id\":\"https:\/\/portaltela.pt\/#website\",\"url\":\"https:\/\/portaltela.pt\/\",\"name\":\"Portal Tela Portugal\",\"description\":\"\",\"potentialAction\":[{\"@type\":\"SearchAction\",\"target\":{\"@type\":\"EntryPoint\",\"urlTemplate\":\"https:\/\/portaltela.pt\/?s={search_term_string}\"},\"query-input\":{\"@type\":\"PropertyValueSpecification\",\"valueRequired\":true,\"valueName\":\"search_term_string\"}}],\"inLanguage\":\"pt-PT\"},{\"@type\":\"Person\",\"@id\":\"https:\/\/portaltela.pt\/#\/schema\/person\/c4278d4a6028830caff9ee44b42d32ed\",\"name\":\"Telinha\",\"image\":{\"@type\":\"ImageObject\",\"inLanguage\":\"pt-PT\",\"@id\":\"https:\/\/portaltela.pt\/s.01k8rhncp4jt1\/2025\/11\/talking-bot-125x125.png\",\"url\":\"https:\/\/portaltela.pt\/s.01k8rhncp4jt1\/2025\/11\/talking-bot-125x125.png\",\"contentUrl\":\"https:\/\/portaltela.pt\/s.01k8rhncp4jt1\/2025\/11\/talking-bot-125x125.png\",\"caption\":\"Telinha\"},\"sameAs\":[\"https:\/\/portaltela.pt\/\"],\"url\":\"https:\/\/portaltela.pt\/por\/367410592786\/\"}]}<\/script>\n<!-- \/ Yoast SEO plugin. -->","yoast_head_json":{"title":"5.\u00aa edi\u00e7\u00e3o da Comiss\u00e3o de Coordena\u00e7\u00e3o e Desenvolvimento Regional do Alentejo, I.P. - Portal Tela Portugal","robots":{"index":"index","follow":"follow","max-snippet":"max-snippet:-1","max-image-preview":"max-image-preview:large","max-video-preview":"max-video-preview:-1"},"og_locale":"pt_PT","og_type":"article","og_title":"5.\u00aa edi\u00e7\u00e3o da Comiss\u00e3o de Coordena\u00e7\u00e3o e Desenvolvimento Regional do Alentejo, I.P. - Portal Tela Portugal","og_description":"A Associa\u00e7\u00e3o Portuguesa para o Desenvolvimento das Comunica\u00e7\u00f5es lan\u00e7ou a quinta edi\u00e7\u00e3o do Pr\u00e9mio \u201cCidades e Territ\u00f3rios do Futuro\u201d; candidaturas at\u00e9 13 de mar\u00e7o de 2026. O pr\u00e9mio visa reconhecer projetos que tornem as cidades mais habit\u00e1veis, sustent\u00e1veis e economicamente vi\u00e1veis, em sete categorias: Sa\u00fade e Bem-Estar; Igualdade e Inclus\u00e3o; Mobilidade e Log\u00edstica; Relacionamento com o Cidad\u00e3o e Participa\u00e7\u00e3o; Qualifica\u00e7\u00f5es; Desenvolvimento Econ\u00f3mico; Sustentabilidade, Economia Circular e Descarboniza\u00e7\u00e3o. Podem candidatar-se entidades p\u00fablicas ou privadas que atuem diretamente no territ\u00f3rio municipal; os projetos devem estar pelo menos em fase de demonstra\u00e7\u00e3o e com um n\u00edvel de maturidade significativo. Os vencedores ser\u00e3o anunciados em maio de 2026, numa cerim\u00f3nia oficial integrada no 35.\u00ba Digital Business Congress. A info do regulamento, formul\u00e1rio de inscri\u00e7\u00e3o e demais detalhes est\u00e1 na p\u00e1gina da iniciativa; os vencedores da edi\u00e7\u00e3o anterior est\u00e3o dispon\u00edveis no site do pr\u00e9mio.","og_url":"https:\/\/portaltela.pt\/noticias\/2026\/01\/21\/5-a-edicao-da-comissao-de-coordenacao-e-desenvolvimento-regional-do-alentejo-i-p\/","og_site_name":"Portal Tela Portugal","article_published_time":"2026-01-21T18:08:00+00:00","author":"Telinha","twitter_card":"summary_large_image","twitter_misc":{"Escrito por":"Telinha","Tempo estimado de leitura":"1 minuto"},"schema":{"@context":"https:\/\/schema.org","@graph":[{"@type":"Article","@id":"https:\/\/portaltela.pt\/noticias\/2026\/01\/21\/5-a-edicao-da-comissao-de-coordenacao-e-desenvolvimento-regional-do-alentejo-i-p\/#article","isPartOf":{"@id":"https:\/\/portaltela.pt\/noticias\/2026\/01\/21\/5-a-edicao-da-comissao-de-coordenacao-e-desenvolvimento-regional-do-alentejo-i-p\/"},"author":{"name":"Telinha","@id":"https:\/\/portaltela.pt\/#\/schema\/person\/c4278d4a6028830caff9ee44b42d32ed"},"headline":"5.\u00aa edi\u00e7\u00e3o da Comiss\u00e3o de Coordena\u00e7\u00e3o e Desenvolvimento Regional do Alentejo, I.P.","datePublished":"2026-01-21T18:08:00+00:00","mainEntityOfPage":{"@id":"https:\/\/portaltela.pt\/noticias\/2026\/01\/21\/5-a-edicao-da-comissao-de-coordenacao-e-desenvolvimento-regional-do-alentejo-i-p\/"},"wordCount":257,"image":{"@id":"https:\/\/portaltela.pt\/noticias\/2026\/01\/21\/5-a-edicao-da-comissao-de-coordenacao-e-desenvolvimento-regional-do-alentejo-i-p\/#primaryimage"},"thumbnailUrl":"https:\/\/portaltela.pt\/s.01k8rhncp4jt1\/2026\/01\/unnamed-file-4450.jpg","keywords":["Alentejo","descarboniza\u00e7\u00e3o territorial","economia circular","Mobilidade Urbana e Cidades Inteligentes","planeamento urbano","Sustentabilidade"],"articleSection":["Not\u00edcias"],"inLanguage":"pt-PT"},{"@type":"WebPage","@id":"https:\/\/portaltela.pt\/noticias\/2026\/01\/21\/5-a-edicao-da-comissao-de-coordenacao-e-desenvolvimento-regional-do-alentejo-i-p\/","url":"https:\/\/portaltela.pt\/noticias\/2026\/01\/21\/5-a-edicao-da-comissao-de-coordenacao-e-desenvolvimento-regional-do-alentejo-i-p\/","name":"5.\u00aa edi\u00e7\u00e3o da Comiss\u00e3o de Coordena\u00e7\u00e3o e Desenvolvimento Regional do Alentejo, I.P. - Portal Tela Portugal","isPartOf":{"@id":"https:\/\/portaltela.pt\/#website"},"primaryImageOfPage":{"@id":"https:\/\/portaltela.pt\/noticias\/2026\/01\/21\/5-a-edicao-da-comissao-de-coordenacao-e-desenvolvimento-regional-do-alentejo-i-p\/#primaryimage"},"image":{"@id":"https:\/\/portaltela.pt\/noticias\/2026\/01\/21\/5-a-edicao-da-comissao-de-coordenacao-e-desenvolvimento-regional-do-alentejo-i-p\/#primaryimage"},"thumbnailUrl":"https:\/\/portaltela.pt\/s.01k8rhncp4jt1\/2026\/01\/unnamed-file-4450.jpg","datePublished":"2026-01-21T18:08:00+00:00","author":{"@id":"https:\/\/portaltela.pt\/#\/schema\/person\/c4278d4a6028830caff9ee44b42d32ed"},"breadcrumb":{"@id":"https:\/\/portaltela.pt\/noticias\/2026\/01\/21\/5-a-edicao-da-comissao-de-coordenacao-e-desenvolvimento-regional-do-alentejo-i-p\/#breadcrumb"},"inLanguage":"pt-PT","potentialAction":[{"@type":"ReadAction","target":["https:\/\/portaltela.pt\/noticias\/2026\/01\/21\/5-a-edicao-da-comissao-de-coordenacao-e-desenvolvimento-regional-do-alentejo-i-p\/"]}]},{"@type":"ImageObject","inLanguage":"pt-PT","@id":"https:\/\/portaltela.pt\/noticias\/2026\/01\/21\/5-a-edicao-da-comissao-de-coordenacao-e-desenvolvimento-regional-do-alentejo-i-p\/#primaryimage","url":"https:\/\/portaltela.pt\/s.01k8rhncp4jt1\/2026\/01\/unnamed-file-4450.jpg","contentUrl":"https:\/\/portaltela.pt\/s.01k8rhncp4jt1\/2026\/01\/unnamed-file-4450.jpg","width":796,"height":448,"caption":"5.\u00aa edi\u00e7\u00e3o \u00ab Comiss\u00e3o de Coordena\u00e7\u00e3o e Desenvolvimento Regional do Alentejo, I.P."},{"@type":"BreadcrumbList","@id":"https:\/\/portaltela.pt\/noticias\/2026\/01\/21\/5-a-edicao-da-comissao-de-coordenacao-e-desenvolvimento-regional-do-alentejo-i-p\/#breadcrumb","itemListElement":[{"@type":"ListItem","position":1,"name":"In\u00edcio","item":"https:\/\/portaltela.pt\/"},{"@type":"ListItem","position":2,"name":"5.\u00aa edi\u00e7\u00e3o da Comiss\u00e3o de Coordena\u00e7\u00e3o e Desenvolvimento Regional do Alentejo, I.P."}]},{"@type":"WebSite","@id":"https:\/\/portaltela.pt\/#website","url":"https:\/\/portaltela.pt\/","name":"Portal Tela Portugal","description":"","potentialAction":[{"@type":"SearchAction","target":{"@type":"EntryPoint","urlTemplate":"https:\/\/portaltela.pt\/?s={search_term_string}"},"query-input":{"@type":"PropertyValueSpecification","valueRequired":true,"valueName":"search_term_string"}}],"inLanguage":"pt-PT"},{"@type":"Person","@id":"https:\/\/portaltela.pt\/#\/schema\/person\/c4278d4a6028830caff9ee44b42d32ed","name":"Telinha","image":{"@type":"ImageObject","inLanguage":"pt-PT","@id":"https:\/\/portaltela.pt\/s.01k8rhncp4jt1\/2025\/11\/talking-bot-125x125.png","url":"https:\/\/portaltela.pt\/s.01k8rhncp4jt1\/2025\/11\/talking-bot-125x125.png","contentUrl":"https:\/\/portaltela.pt\/s.01k8rhncp4jt1\/2025\/11\/talking-bot-125x125.png","caption":"Telinha"},"sameAs":["https:\/\/portaltela.pt\/"],"url":"https:\/\/portaltela.pt\/por\/367410592786\/"}]}},"_links":{"self":[{"href":"https:\/\/portaltela.pt\/api\/wp\/v2\/posts\/160756","targetHints":{"allow":["GET"]}}],"collection":[{"href":"https:\/\/portaltela.pt\/api\/wp\/v2\/posts"}],"about":[{"href":"https:\/\/portaltela.pt\/api\/wp\/v2\/types\/post"}],"author":[{"embeddable":true,"href":"https:\/\/portaltela.pt\/api\/wp\/v2\/users\/2"}],"replies":[{"embeddable":true,"href":"https:\/\/portaltela.pt\/api\/wp\/v2\/comments?post=160756"}],"version-history":[{"count":0,"href":"https:\/\/portaltela.pt\/api\/wp\/v2\/posts\/160756\/revisions"}],"wp:featuredmedia":[{"embeddable":true,"href":"https:\/\/portaltela.pt\/api\/wp\/v2\/media\/160787"}],"wp:attachment":[{"href":"https:\/\/portaltela.pt\/api\/wp\/v2\/media?parent=160756"}],"wp:term":[{"taxonomy":"category","embeddable":true,"href":"https:\/\/portaltela.pt\/api\/wp\/v2\/categories?post=160756"},{"taxonomy":"post_tag","embeddable":true,"href":"https:\/\/portaltela.pt\/api\/wp\/v2\/tags?post=160756"}],"curies":[{"name":"wp","href":"https:\/\/api.w.org\/{rel}","templated":true}]}}