{"id":160671,"date":"2026-01-21T15:12:35","date_gmt":"2026-01-21T18:12:35","guid":{"rendered":"https:\/\/portaltela.pt\/noticias\/2026\/01\/21\/pan-desafia-montenegro-a-abandonar-a-neutralidade-e-questiona-qual-e-a-duvida\/"},"modified":"2026-01-21T15:12:35","modified_gmt":"2026-01-21T18:12:35","slug":"pan-desafia-montenegro-a-abandonar-a-neutralidade-e-questiona-qual-e-a-duvida","status":"publish","type":"post","link":"https:\/\/portaltela.pt\/noticias\/politica\/2026\/01\/21\/pan-desafia-montenegro-a-abandonar-a-neutralidade-e-questiona-qual-e-a-duvida\/","title":{"rendered":"PAN desafia Montenegro a abandonar a neutralidade e questiona qual \u00e9 a d\u00favida"},"content":{"rendered":"<p>No debate quinzenal da Assembleia da Rep\u00fablica, o PAN desafiou Lu\u00eds Montenegro a deixar a capa de neutralidade e esclarecer a d\u00favida sobre a escolha entre candidatos. A deputada \u00fanica do PAN questionou a nossa posi\u00e7\u00e3o institucional, sugerindo que a d\u00favida se prende a riscos para a democracia.<\/p>\n<p>In\u00eas Sousa Real afirmou que, ao comparar um candidato associado a pr\u00e1ticas populistas e \u00e0 degrada\u00e7\u00e3o institucional com outro que pode assegurar estabilidade democr\u00e1tica, a escolha tem consequ\u00eancias. A deputada apelou, \u201ca bem do pa\u00eds\u201d, para que o primeiro-ministro abandone a neutralidade instalada no discurso p\u00fablico.<\/p>\n<p>Montenegro reagiu dizendo ter sido acusado de \u201cuma coisa e o seu contr\u00e1rio\u201d durante o debate. O chefe do Governo negou uma posi\u00e7\u00e3o de neutralidade absoluta, lembrando que o PSD n\u00e3o declarou apoio aos dois candidatos que passaram \u00e0 segunda volta.<\/p>\n<p>O primeiro-ministro reiterou ainda a disponibilidade do Governo para proceder a altera\u00e7\u00f5es legais que o parlamento decida sobre o voto dos emigrantes nas elei\u00e7\u00f5es presidenciais. A ideia \u00e9 ajustar o procedimento conforme a vontade das casas legislativas.<\/p>\n<h3>Neutralidade em foco<\/h3>\n<p>O debate incidiu no papel do Governo e das institui\u00e7\u00f5es, com o PAN a defender menos neutralidade em decis\u00f5es que afectem o processo eleitoral. Montenegro sustentou que houve consist\u00eancia na posi\u00e7\u00e3o do Governo.<\/p>\n<h3>Emenda ao voto emigrante<\/h3>\n<p>Foi afirmada a possibilidade de mudan\u00e7as legislativas para o voto de emigrantes, com Montenegro a sublinhar a abertura a m\u00e9todos que o parlamento entender necess\u00e1rio. N\u00e3o houve an\u00fancio de medidas, apenas a inten\u00e7\u00e3o de avan\u00e7ar conforme o escrut\u00ednio parlamentar.<\/p>\n","protected":false},"excerpt":{"rendered":"<ul>\n<li>O PAN desafiou o primeiro-ministro Lu\u00eds Montenegro a abandonar a capa de neutralidade e perguntou-lhe qual \u00e9 a d\u00favida sobre o tema.<\/li>\n<li>Durante o debate quinzenal, In\u00eas Sousa Real afirmou que Montenegro est\u00e1 entre \u201cuma coisa e o seu contr\u00e1rio\u201d na pol\u00edtica.<\/li>\n<li>A deputada \u00fanica do PAN pediu que Montenegro saia da neutralidade, insistindo que o n\u00e3o \u00e9 n\u00e3o que afirmou ao Chega pode evoluir para uma posi\u00e7\u00e3o de firmeza.<\/li>\n<li>Montenegro disse ter sido acusado de &#8220;uma coisa e o seu contr\u00e1rio&#8221; e lembrou que o PSD n\u00e3o expressa apoio a nenhum dos dois candidatos na segunda volta.<\/li>\n<li>O Governo reiterou a disponibilidade para, do ponto de vista procedimental, executar altera\u00e7\u00f5es ao voto dos emigrantes em elei\u00e7\u00f5es presidenciais, se o parlamento assim decidir.<\/li>\n<\/ul>\n","protected":false},"author":2,"featured_media":160674,"comment_status":"closed","ping_status":"closed","sticky":false,"template":"","format":"standard","meta":{"footnotes":""},"categories":[1,5],"tags":[2795,68,902,1965,3427,2832],"class_list":["post-160671","post","type-post","status-publish","format-standard","has-post-thumbnail","hentry","category-noticias","category-politica","tag-democracia","tag-eleicoes","tag-emigracao","tag-emigrantes","tag-pan","tag-politica"],"yoast_head":"<!-- This site is optimized with the Yoast SEO plugin v27.2 - https:\/\/yoast.com\/product\/yoast-seo-wordpress\/ -->\n<title>PAN desafia Montenegro a abandonar a neutralidade e questiona qual \u00e9 a d\u00favida - Portal Tela Portugal<\/title>\n<meta name=\"robots\" content=\"index, follow, max-snippet:-1, max-image-preview:large, max-video-preview:-1\" \/>\n<meta property=\"og:locale\" content=\"pt_PT\" \/>\n<meta property=\"og:type\" content=\"article\" \/>\n<meta property=\"og:title\" content=\"PAN desafia Montenegro a abandonar a neutralidade e questiona qual \u00e9 a d\u00favida - Portal Tela Portugal\" \/>\n<meta property=\"og:description\" content=\"O PAN desafiou o primeiro-ministro Lu\u00eds Montenegro a abandonar a capa de neutralidade e perguntou-lhe qual \u00e9 a d\u00favida sobre o tema. Durante o debate quinzenal, In\u00eas Sousa Real afirmou que Montenegro est\u00e1 entre \u201cuma coisa e o seu contr\u00e1rio\u201d na pol\u00edtica. A deputada \u00fanica do PAN pediu que Montenegro saia da neutralidade, insistindo que o n\u00e3o \u00e9 n\u00e3o que afirmou ao Chega pode evoluir para uma posi\u00e7\u00e3o de firmeza. Montenegro disse ter sido acusado de &quot;uma coisa e o seu contr\u00e1rio&quot; e lembrou que o PSD n\u00e3o expressa apoio a nenhum dos dois candidatos na segunda volta. O Governo reiterou a disponibilidade para, do ponto de vista procedimental, executar altera\u00e7\u00f5es ao voto dos emigrantes em elei\u00e7\u00f5es presidenciais, se o parlamento assim decidir.\" \/>\n<meta property=\"og:url\" content=\"https:\/\/portaltela.pt\/noticias\/2026\/01\/21\/pan-desafia-montenegro-a-abandonar-a-neutralidade-e-questiona-qual-e-a-duvida\/\" \/>\n<meta property=\"og:site_name\" content=\"Portal Tela Portugal\" \/>\n<meta property=\"article:published_time\" content=\"2026-01-21T18:12:35+00:00\" \/>\n<meta name=\"author\" content=\"Telinha\" \/>\n<meta name=\"twitter:card\" content=\"summary_large_image\" \/>\n<meta name=\"twitter:label1\" content=\"Escrito por\" \/>\n\t<meta name=\"twitter:data1\" content=\"Telinha\" \/>\n\t<meta name=\"twitter:label2\" content=\"Tempo estimado de leitura\" \/>\n\t<meta name=\"twitter:data2\" content=\"1 minuto\" \/>\n<script type=\"application\/ld+json\" class=\"yoast-schema-graph\">{\"@context\":\"https:\/\/schema.org\",\"@graph\":[{\"@type\":\"Article\",\"@id\":\"https:\/\/portaltela.pt\/noticias\/2026\/01\/21\/pan-desafia-montenegro-a-abandonar-a-neutralidade-e-questiona-qual-e-a-duvida\/#article\",\"isPartOf\":{\"@id\":\"https:\/\/portaltela.pt\/noticias\/2026\/01\/21\/pan-desafia-montenegro-a-abandonar-a-neutralidade-e-questiona-qual-e-a-duvida\/\"},\"author\":{\"name\":\"Telinha\",\"@id\":\"https:\/\/portaltela.pt\/#\/schema\/person\/c4278d4a6028830caff9ee44b42d32ed\"},\"headline\":\"PAN desafia Montenegro a abandonar a neutralidade e questiona qual \u00e9 a d\u00favida\",\"datePublished\":\"2026-01-21T18:12:35+00:00\",\"mainEntityOfPage\":{\"@id\":\"https:\/\/portaltela.pt\/noticias\/2026\/01\/21\/pan-desafia-montenegro-a-abandonar-a-neutralidade-e-questiona-qual-e-a-duvida\/\"},\"wordCount\":290,\"image\":{\"@id\":\"https:\/\/portaltela.pt\/noticias\/2026\/01\/21\/pan-desafia-montenegro-a-abandonar-a-neutralidade-e-questiona-qual-e-a-duvida\/#primaryimage\"},\"thumbnailUrl\":\"https:\/\/portaltela.pt\/s.01k8rhncp4jt1\/2026\/01\/img_1500x1000uu2026-01-21-18-12-07-2261717.jpg\",\"keywords\":[\"democracia\",\"elei\u00e7\u00f5es\",\"emigra\u00e7\u00e3o\",\"emigrantes\",\"PAN\",\"pol\u00edtica\"],\"articleSection\":[\"Not\u00edcias\",\"Pol\u00edtica\"],\"inLanguage\":\"pt-PT\"},{\"@type\":\"WebPage\",\"@id\":\"https:\/\/portaltela.pt\/noticias\/2026\/01\/21\/pan-desafia-montenegro-a-abandonar-a-neutralidade-e-questiona-qual-e-a-duvida\/\",\"url\":\"https:\/\/portaltela.pt\/noticias\/2026\/01\/21\/pan-desafia-montenegro-a-abandonar-a-neutralidade-e-questiona-qual-e-a-duvida\/\",\"name\":\"PAN desafia Montenegro a abandonar a neutralidade e questiona qual \u00e9 a d\u00favida - Portal Tela Portugal\",\"isPartOf\":{\"@id\":\"https:\/\/portaltela.pt\/#website\"},\"primaryImageOfPage\":{\"@id\":\"https:\/\/portaltela.pt\/noticias\/2026\/01\/21\/pan-desafia-montenegro-a-abandonar-a-neutralidade-e-questiona-qual-e-a-duvida\/#primaryimage\"},\"image\":{\"@id\":\"https:\/\/portaltela.pt\/noticias\/2026\/01\/21\/pan-desafia-montenegro-a-abandonar-a-neutralidade-e-questiona-qual-e-a-duvida\/#primaryimage\"},\"thumbnailUrl\":\"https:\/\/portaltela.pt\/s.01k8rhncp4jt1\/2026\/01\/img_1500x1000uu2026-01-21-18-12-07-2261717.jpg\",\"datePublished\":\"2026-01-21T18:12:35+00:00\",\"author\":{\"@id\":\"https:\/\/portaltela.pt\/#\/schema\/person\/c4278d4a6028830caff9ee44b42d32ed\"},\"breadcrumb\":{\"@id\":\"https:\/\/portaltela.pt\/noticias\/2026\/01\/21\/pan-desafia-montenegro-a-abandonar-a-neutralidade-e-questiona-qual-e-a-duvida\/#breadcrumb\"},\"inLanguage\":\"pt-PT\",\"potentialAction\":[{\"@type\":\"ReadAction\",\"target\":[\"https:\/\/portaltela.pt\/noticias\/2026\/01\/21\/pan-desafia-montenegro-a-abandonar-a-neutralidade-e-questiona-qual-e-a-duvida\/\"]}]},{\"@type\":\"ImageObject\",\"inLanguage\":\"pt-PT\",\"@id\":\"https:\/\/portaltela.pt\/noticias\/2026\/01\/21\/pan-desafia-montenegro-a-abandonar-a-neutralidade-e-questiona-qual-e-a-duvida\/#primaryimage\",\"url\":\"https:\/\/portaltela.pt\/s.01k8rhncp4jt1\/2026\/01\/img_1500x1000uu2026-01-21-18-12-07-2261717.jpg\",\"contentUrl\":\"https:\/\/portaltela.pt\/s.01k8rhncp4jt1\/2026\/01\/img_1500x1000uu2026-01-21-18-12-07-2261717.jpg\",\"width\":796,\"height\":448,\"caption\":\"In\u00eas de Sousa Real desafia Lu\u00eds Montenegro sobre neutralidade\"},{\"@type\":\"BreadcrumbList\",\"@id\":\"https:\/\/portaltela.pt\/noticias\/2026\/01\/21\/pan-desafia-montenegro-a-abandonar-a-neutralidade-e-questiona-qual-e-a-duvida\/#breadcrumb\",\"itemListElement\":[{\"@type\":\"ListItem\",\"position\":1,\"name\":\"In\u00edcio\",\"item\":\"https:\/\/portaltela.pt\/\"},{\"@type\":\"ListItem\",\"position\":2,\"name\":\"PAN desafia Montenegro a abandonar a neutralidade e questiona qual \u00e9 a d\u00favida\"}]},{\"@type\":\"WebSite\",\"@id\":\"https:\/\/portaltela.pt\/#website\",\"url\":\"https:\/\/portaltela.pt\/\",\"name\":\"Portal Tela Portugal\",\"description\":\"\",\"potentialAction\":[{\"@type\":\"SearchAction\",\"target\":{\"@type\":\"EntryPoint\",\"urlTemplate\":\"https:\/\/portaltela.pt\/?s={search_term_string}\"},\"query-input\":{\"@type\":\"PropertyValueSpecification\",\"valueRequired\":true,\"valueName\":\"search_term_string\"}}],\"inLanguage\":\"pt-PT\"},{\"@type\":\"Person\",\"@id\":\"https:\/\/portaltela.pt\/#\/schema\/person\/c4278d4a6028830caff9ee44b42d32ed\",\"name\":\"Telinha\",\"image\":{\"@type\":\"ImageObject\",\"inLanguage\":\"pt-PT\",\"@id\":\"https:\/\/portaltela.pt\/s.01k8rhncp4jt1\/2025\/11\/talking-bot-125x125.png\",\"url\":\"https:\/\/portaltela.pt\/s.01k8rhncp4jt1\/2025\/11\/talking-bot-125x125.png\",\"contentUrl\":\"https:\/\/portaltela.pt\/s.01k8rhncp4jt1\/2025\/11\/talking-bot-125x125.png\",\"caption\":\"Telinha\"},\"sameAs\":[\"https:\/\/portaltela.pt\/\"],\"url\":\"https:\/\/portaltela.pt\/por\/367410592786\/\"}]}<\/script>\n<!-- \/ Yoast SEO plugin. -->","yoast_head_json":{"title":"PAN desafia Montenegro a abandonar a neutralidade e questiona qual \u00e9 a d\u00favida - Portal Tela Portugal","robots":{"index":"index","follow":"follow","max-snippet":"max-snippet:-1","max-image-preview":"max-image-preview:large","max-video-preview":"max-video-preview:-1"},"og_locale":"pt_PT","og_type":"article","og_title":"PAN desafia Montenegro a abandonar a neutralidade e questiona qual \u00e9 a d\u00favida - Portal Tela Portugal","og_description":"O PAN desafiou o primeiro-ministro Lu\u00eds Montenegro a abandonar a capa de neutralidade e perguntou-lhe qual \u00e9 a d\u00favida sobre o tema. Durante o debate quinzenal, In\u00eas Sousa Real afirmou que Montenegro est\u00e1 entre \u201cuma coisa e o seu contr\u00e1rio\u201d na pol\u00edtica. A deputada \u00fanica do PAN pediu que Montenegro saia da neutralidade, insistindo que o n\u00e3o \u00e9 n\u00e3o que afirmou ao Chega pode evoluir para uma posi\u00e7\u00e3o de firmeza. Montenegro disse ter sido acusado de \"uma coisa e o seu contr\u00e1rio\" e lembrou que o PSD n\u00e3o expressa apoio a nenhum dos dois candidatos na segunda volta. O Governo reiterou a disponibilidade para, do ponto de vista procedimental, executar altera\u00e7\u00f5es ao voto dos emigrantes em elei\u00e7\u00f5es presidenciais, se o parlamento assim decidir.","og_url":"https:\/\/portaltela.pt\/noticias\/2026\/01\/21\/pan-desafia-montenegro-a-abandonar-a-neutralidade-e-questiona-qual-e-a-duvida\/","og_site_name":"Portal Tela Portugal","article_published_time":"2026-01-21T18:12:35+00:00","author":"Telinha","twitter_card":"summary_large_image","twitter_misc":{"Escrito por":"Telinha","Tempo estimado de leitura":"1 minuto"},"schema":{"@context":"https:\/\/schema.org","@graph":[{"@type":"Article","@id":"https:\/\/portaltela.pt\/noticias\/2026\/01\/21\/pan-desafia-montenegro-a-abandonar-a-neutralidade-e-questiona-qual-e-a-duvida\/#article","isPartOf":{"@id":"https:\/\/portaltela.pt\/noticias\/2026\/01\/21\/pan-desafia-montenegro-a-abandonar-a-neutralidade-e-questiona-qual-e-a-duvida\/"},"author":{"name":"Telinha","@id":"https:\/\/portaltela.pt\/#\/schema\/person\/c4278d4a6028830caff9ee44b42d32ed"},"headline":"PAN desafia Montenegro a abandonar a neutralidade e questiona qual \u00e9 a d\u00favida","datePublished":"2026-01-21T18:12:35+00:00","mainEntityOfPage":{"@id":"https:\/\/portaltela.pt\/noticias\/2026\/01\/21\/pan-desafia-montenegro-a-abandonar-a-neutralidade-e-questiona-qual-e-a-duvida\/"},"wordCount":290,"image":{"@id":"https:\/\/portaltela.pt\/noticias\/2026\/01\/21\/pan-desafia-montenegro-a-abandonar-a-neutralidade-e-questiona-qual-e-a-duvida\/#primaryimage"},"thumbnailUrl":"https:\/\/portaltela.pt\/s.01k8rhncp4jt1\/2026\/01\/img_1500x1000uu2026-01-21-18-12-07-2261717.jpg","keywords":["democracia","elei\u00e7\u00f5es","emigra\u00e7\u00e3o","emigrantes","PAN","pol\u00edtica"],"articleSection":["Not\u00edcias","Pol\u00edtica"],"inLanguage":"pt-PT"},{"@type":"WebPage","@id":"https:\/\/portaltela.pt\/noticias\/2026\/01\/21\/pan-desafia-montenegro-a-abandonar-a-neutralidade-e-questiona-qual-e-a-duvida\/","url":"https:\/\/portaltela.pt\/noticias\/2026\/01\/21\/pan-desafia-montenegro-a-abandonar-a-neutralidade-e-questiona-qual-e-a-duvida\/","name":"PAN desafia Montenegro a abandonar a neutralidade e questiona qual \u00e9 a d\u00favida - Portal Tela Portugal","isPartOf":{"@id":"https:\/\/portaltela.pt\/#website"},"primaryImageOfPage":{"@id":"https:\/\/portaltela.pt\/noticias\/2026\/01\/21\/pan-desafia-montenegro-a-abandonar-a-neutralidade-e-questiona-qual-e-a-duvida\/#primaryimage"},"image":{"@id":"https:\/\/portaltela.pt\/noticias\/2026\/01\/21\/pan-desafia-montenegro-a-abandonar-a-neutralidade-e-questiona-qual-e-a-duvida\/#primaryimage"},"thumbnailUrl":"https:\/\/portaltela.pt\/s.01k8rhncp4jt1\/2026\/01\/img_1500x1000uu2026-01-21-18-12-07-2261717.jpg","datePublished":"2026-01-21T18:12:35+00:00","author":{"@id":"https:\/\/portaltela.pt\/#\/schema\/person\/c4278d4a6028830caff9ee44b42d32ed"},"breadcrumb":{"@id":"https:\/\/portaltela.pt\/noticias\/2026\/01\/21\/pan-desafia-montenegro-a-abandonar-a-neutralidade-e-questiona-qual-e-a-duvida\/#breadcrumb"},"inLanguage":"pt-PT","potentialAction":[{"@type":"ReadAction","target":["https:\/\/portaltela.pt\/noticias\/2026\/01\/21\/pan-desafia-montenegro-a-abandonar-a-neutralidade-e-questiona-qual-e-a-duvida\/"]}]},{"@type":"ImageObject","inLanguage":"pt-PT","@id":"https:\/\/portaltela.pt\/noticias\/2026\/01\/21\/pan-desafia-montenegro-a-abandonar-a-neutralidade-e-questiona-qual-e-a-duvida\/#primaryimage","url":"https:\/\/portaltela.pt\/s.01k8rhncp4jt1\/2026\/01\/img_1500x1000uu2026-01-21-18-12-07-2261717.jpg","contentUrl":"https:\/\/portaltela.pt\/s.01k8rhncp4jt1\/2026\/01\/img_1500x1000uu2026-01-21-18-12-07-2261717.jpg","width":796,"height":448,"caption":"In\u00eas de Sousa Real desafia Lu\u00eds Montenegro sobre neutralidade"},{"@type":"BreadcrumbList","@id":"https:\/\/portaltela.pt\/noticias\/2026\/01\/21\/pan-desafia-montenegro-a-abandonar-a-neutralidade-e-questiona-qual-e-a-duvida\/#breadcrumb","itemListElement":[{"@type":"ListItem","position":1,"name":"In\u00edcio","item":"https:\/\/portaltela.pt\/"},{"@type":"ListItem","position":2,"name":"PAN desafia Montenegro a abandonar a neutralidade e questiona qual \u00e9 a d\u00favida"}]},{"@type":"WebSite","@id":"https:\/\/portaltela.pt\/#website","url":"https:\/\/portaltela.pt\/","name":"Portal Tela Portugal","description":"","potentialAction":[{"@type":"SearchAction","target":{"@type":"EntryPoint","urlTemplate":"https:\/\/portaltela.pt\/?s={search_term_string}"},"query-input":{"@type":"PropertyValueSpecification","valueRequired":true,"valueName":"search_term_string"}}],"inLanguage":"pt-PT"},{"@type":"Person","@id":"https:\/\/portaltela.pt\/#\/schema\/person\/c4278d4a6028830caff9ee44b42d32ed","name":"Telinha","image":{"@type":"ImageObject","inLanguage":"pt-PT","@id":"https:\/\/portaltela.pt\/s.01k8rhncp4jt1\/2025\/11\/talking-bot-125x125.png","url":"https:\/\/portaltela.pt\/s.01k8rhncp4jt1\/2025\/11\/talking-bot-125x125.png","contentUrl":"https:\/\/portaltela.pt\/s.01k8rhncp4jt1\/2025\/11\/talking-bot-125x125.png","caption":"Telinha"},"sameAs":["https:\/\/portaltela.pt\/"],"url":"https:\/\/portaltela.pt\/por\/367410592786\/"}]}},"_links":{"self":[{"href":"https:\/\/portaltela.pt\/api\/wp\/v2\/posts\/160671","targetHints":{"allow":["GET"]}}],"collection":[{"href":"https:\/\/portaltela.pt\/api\/wp\/v2\/posts"}],"about":[{"href":"https:\/\/portaltela.pt\/api\/wp\/v2\/types\/post"}],"author":[{"embeddable":true,"href":"https:\/\/portaltela.pt\/api\/wp\/v2\/users\/2"}],"replies":[{"embeddable":true,"href":"https:\/\/portaltela.pt\/api\/wp\/v2\/comments?post=160671"}],"version-history":[{"count":0,"href":"https:\/\/portaltela.pt\/api\/wp\/v2\/posts\/160671\/revisions"}],"wp:featuredmedia":[{"embeddable":true,"href":"https:\/\/portaltela.pt\/api\/wp\/v2\/media\/160674"}],"wp:attachment":[{"href":"https:\/\/portaltela.pt\/api\/wp\/v2\/media?parent=160671"}],"wp:term":[{"taxonomy":"category","embeddable":true,"href":"https:\/\/portaltela.pt\/api\/wp\/v2\/categories?post=160671"},{"taxonomy":"post_tag","embeddable":true,"href":"https:\/\/portaltela.pt\/api\/wp\/v2\/tags?post=160671"}],"curies":[{"name":"wp","href":"https:\/\/api.w.org\/{rel}","templated":true}]}}