{"id":160631,"date":"2026-01-21T14:46:00","date_gmt":"2026-01-21T17:46:00","guid":{"rendered":"https:\/\/portaltela.pt\/noticias\/2026\/01\/21\/condenado-a-sete-anos-de-prisao-por-burla-e-furtos\/"},"modified":"2026-01-21T14:46:00","modified_gmt":"2026-01-21T17:46:00","slug":"condenado-a-sete-anos-de-prisao-por-burla-e-furtos","status":"publish","type":"post","link":"https:\/\/portaltela.pt\/noticias\/2026\/01\/21\/condenado-a-sete-anos-de-prisao-por-burla-e-furtos\/","title":{"rendered":"Condenado a sete anos de pris\u00e3o por burla e furtos"},"content":{"rendered":"<p>O Tribunal Judicial de Leiria condenou um homem de 34 anos a uma pena \u00fanica de sete anos de pris\u00e3o por furto, furto na forma tentada, burla qualificada e cinco crimes de falsifica\u00e7\u00e3o de documento. O arguido est\u00e1 em pris\u00e3o domicili\u00e1ria com vigil\u00e2ncia eletr\u00f3nica.<\/p>\n<p>A senten\u00e7a determina ainda o pagamento de quase 5.3 mil euros a t\u00edtulo de danos patrimoniais a dois lesados e 22.726 euros ao Estado, correspondentes \u00e0 vantagem obtida com a pr\u00e1tica dos crimes. O processo resulta da apensa\u00e7\u00e3o de 24 inqu\u00e9ritos.<\/p>\n<p>Inicialmente, o arguido foi acusado de furto qualificado e de 24 crimes de burla qualificada. O colectivo de ju\u00edzes alterou a qualifica\u00e7\u00e3o, condenando o homem pela pr\u00e1tica de furto, furto na forma tentada, burla qualificada e cinco falsifica\u00e7\u00f5es de documento, resultando na pena \u00fanica de sete anos.<\/p>\n<p>Segundo o ac\u00f3rd\u00e3o, o homem apropriou-se de equipamentos de lides de terceiros, no valor de quase 130 mil euros, causando um preju\u00edzo efetivo de cerca de 12 mil euros. Consolou ainda o enriquecimento direto de 15.3 mil euros pela venda dos bens a terceiros.<\/p>\n<p>Entre junho e setembro de 2024, o arguido utilizou redes sociais, alugou ve\u00edculos para a pr\u00e1tica dos atos e recebeu pagamentos em numer\u00e1rio, de modo a ocultar a sua identidade. O per\u00edodo foi descrito como o modo de vida do arguido na burla.<\/p>\n<p>Para alcan\u00e7ar os objetivos, assumiu a qualidade de representante legal de uma sociedade que n\u00e3o detinha, para convencer empresas ofendidas a celebrar alugueres de equipamentos, servindo apenas para entregar os bens ao arguido.<\/p>\n<p>O jovem licenciado, atualmente empregado em empresa de contact center, admitiu integralmente os factos imputados, sem reconhecer os valores dos equipamentos.<\/p>\n<p>Em setembro de 2024, o Comando Territorial de Leiria da GNR deteve o homem em Pombal, no seguimento de uma investiga\u00e7\u00e3o de dois meses sobre crimes de burla, tendo sido apurados alugueres de equipamentos de constru\u00e7\u00e3o que eram revendidos por via de plataformas digitais.<\/p>\n","protected":false},"excerpt":{"rendered":"<ul>\n<li>O Tribunal Judicial de Leiria condenou um homem de 34 anos a uma pena \u00fanica de sete anos de pris\u00e3o por dois crimes de furto (um deles na forma tentada), cinco crimes de falsifica\u00e7\u00e3o de documento e um crime de burla qualificada.<\/li>\n<li>Ficou ainda condenado ao pagamento de quase 5.300 euros por danos patrimoniais a dois lesados e a cumprir 22.726 euros ao Estado, correspondente \u00e0 vantagem obtida com os crimes.<\/li>\n<li>O arguido, que estava em pris\u00e3o domicili\u00e1ria com vigil\u00e2ncia eletr\u00f3nica, teve a decis\u00e3o resultante da apensa\u00e7\u00e3o de 24 inqu\u00e9ritos.<\/li>\n<li>Segundo o ac\u00f3rd\u00e3o, apropriou-se de equipamentos de ofendidos no valor de quase 130 mil euros, com preju\u00edzo efetivo cerca de 12 mil euros, e vendeu bens para enriquecer o seu patrim\u00f3nio em 15.300 euros.<\/li>\n<li>Entre junho e setembro de 2024, utilizou redes sociais, alugou ve\u00edculos e apresentou-se como representante legal de uma empresa para obter equipamentos, tendo sido detido pela GNR em setembro de 2024, em Pombal.<\/li>\n<\/ul>\n","protected":false},"author":2,"featured_media":160635,"comment_status":"closed","ping_status":"closed","sticky":false,"template":"","format":"standard","meta":{"footnotes":""},"categories":[1],"tags":[689,3283,424,1659,1380,1385],"class_list":["post-160631","post","type-post","status-publish","format-standard","has-post-thumbnail","hentry","category-noticias","tag-burla-qualificada","tag-falsificacao-de-documento","tag-furto","tag-furto-qualificado","tag-gnr","tag-leiria"],"yoast_head":"<!-- This site is optimized with the Yoast SEO plugin v27.2 - https:\/\/yoast.com\/product\/yoast-seo-wordpress\/ -->\n<title>Condenado a sete anos de pris\u00e3o por burla e furtos - Portal Tela Portugal<\/title>\n<meta name=\"robots\" content=\"index, follow, max-snippet:-1, max-image-preview:large, max-video-preview:-1\" \/>\n<meta property=\"og:locale\" content=\"pt_PT\" \/>\n<meta property=\"og:type\" content=\"article\" \/>\n<meta property=\"og:title\" content=\"Condenado a sete anos de pris\u00e3o por burla e furtos - Portal Tela Portugal\" \/>\n<meta property=\"og:description\" content=\"O Tribunal Judicial de Leiria condenou um homem de 34 anos a uma pena \u00fanica de sete anos de pris\u00e3o por dois crimes de furto (um deles na forma tentada), cinco crimes de falsifica\u00e7\u00e3o de documento e um crime de burla qualificada. Ficou ainda condenado ao pagamento de quase 5.300 euros por danos patrimoniais a dois lesados e a cumprir 22.726 euros ao Estado, correspondente \u00e0 vantagem obtida com os crimes. O arguido, que estava em pris\u00e3o domicili\u00e1ria com vigil\u00e2ncia eletr\u00f3nica, teve a decis\u00e3o resultante da apensa\u00e7\u00e3o de 24 inqu\u00e9ritos. Segundo o ac\u00f3rd\u00e3o, apropriou-se de equipamentos de ofendidos no valor de quase 130 mil euros, com preju\u00edzo efetivo cerca de 12 mil euros, e vendeu bens para enriquecer o seu patrim\u00f3nio em 15.300 euros. Entre junho e setembro de 2024, utilizou redes sociais, alugou ve\u00edculos e apresentou-se como representante legal de uma empresa para obter equipamentos, tendo sido detido pela GNR em setembro de 2024, em Pombal.\" \/>\n<meta property=\"og:url\" content=\"https:\/\/portaltela.pt\/noticias\/2026\/01\/21\/condenado-a-sete-anos-de-prisao-por-burla-e-furtos\/\" \/>\n<meta property=\"og:site_name\" content=\"Portal Tela Portugal\" \/>\n<meta property=\"article:published_time\" content=\"2026-01-21T17:46:00+00:00\" \/>\n<meta name=\"author\" content=\"Telinha\" \/>\n<meta name=\"twitter:card\" content=\"summary_large_image\" \/>\n<meta name=\"twitter:label1\" content=\"Escrito por\" \/>\n\t<meta name=\"twitter:data1\" content=\"Telinha\" \/>\n\t<meta name=\"twitter:label2\" content=\"Tempo estimado de leitura\" \/>\n\t<meta name=\"twitter:data2\" content=\"2 minutos\" \/>\n<script type=\"application\/ld+json\" class=\"yoast-schema-graph\">{\"@context\":\"https:\/\/schema.org\",\"@graph\":[{\"@type\":\"Article\",\"@id\":\"https:\/\/portaltela.pt\/noticias\/2026\/01\/21\/condenado-a-sete-anos-de-prisao-por-burla-e-furtos\/#article\",\"isPartOf\":{\"@id\":\"https:\/\/portaltela.pt\/noticias\/2026\/01\/21\/condenado-a-sete-anos-de-prisao-por-burla-e-furtos\/\"},\"author\":{\"name\":\"Telinha\",\"@id\":\"https:\/\/portaltela.pt\/#\/schema\/person\/c4278d4a6028830caff9ee44b42d32ed\"},\"headline\":\"Condenado a sete anos de pris\u00e3o por burla e furtos\",\"datePublished\":\"2026-01-21T17:46:00+00:00\",\"mainEntityOfPage\":{\"@id\":\"https:\/\/portaltela.pt\/noticias\/2026\/01\/21\/condenado-a-sete-anos-de-prisao-por-burla-e-furtos\/\"},\"wordCount\":343,\"image\":{\"@id\":\"https:\/\/portaltela.pt\/noticias\/2026\/01\/21\/condenado-a-sete-anos-de-prisao-por-burla-e-furtos\/#primaryimage\"},\"thumbnailUrl\":\"https:\/\/portaltela.pt\/s.01k8rhncp4jt1\/2026\/01\/23740238_770x433_acf_cropped-1.jpg\",\"keywords\":[\"burla qualificada\",\"falsifica\u00e7\u00e3o de documento\",\"furto\",\"furto qualificado\",\"GNR\",\"Leiria\"],\"articleSection\":[\"Not\u00edcias\"],\"inLanguage\":\"pt-PT\"},{\"@type\":\"WebPage\",\"@id\":\"https:\/\/portaltela.pt\/noticias\/2026\/01\/21\/condenado-a-sete-anos-de-prisao-por-burla-e-furtos\/\",\"url\":\"https:\/\/portaltela.pt\/noticias\/2026\/01\/21\/condenado-a-sete-anos-de-prisao-por-burla-e-furtos\/\",\"name\":\"Condenado a sete anos de pris\u00e3o por burla e furtos - Portal Tela Portugal\",\"isPartOf\":{\"@id\":\"https:\/\/portaltela.pt\/#website\"},\"primaryImageOfPage\":{\"@id\":\"https:\/\/portaltela.pt\/noticias\/2026\/01\/21\/condenado-a-sete-anos-de-prisao-por-burla-e-furtos\/#primaryimage\"},\"image\":{\"@id\":\"https:\/\/portaltela.pt\/noticias\/2026\/01\/21\/condenado-a-sete-anos-de-prisao-por-burla-e-furtos\/#primaryimage\"},\"thumbnailUrl\":\"https:\/\/portaltela.pt\/s.01k8rhncp4jt1\/2026\/01\/23740238_770x433_acf_cropped-1.jpg\",\"datePublished\":\"2026-01-21T17:46:00+00:00\",\"author\":{\"@id\":\"https:\/\/portaltela.pt\/#\/schema\/person\/c4278d4a6028830caff9ee44b42d32ed\"},\"breadcrumb\":{\"@id\":\"https:\/\/portaltela.pt\/noticias\/2026\/01\/21\/condenado-a-sete-anos-de-prisao-por-burla-e-furtos\/#breadcrumb\"},\"inLanguage\":\"pt-PT\",\"potentialAction\":[{\"@type\":\"ReadAction\",\"target\":[\"https:\/\/portaltela.pt\/noticias\/2026\/01\/21\/condenado-a-sete-anos-de-prisao-por-burla-e-furtos\/\"]}]},{\"@type\":\"ImageObject\",\"inLanguage\":\"pt-PT\",\"@id\":\"https:\/\/portaltela.pt\/noticias\/2026\/01\/21\/condenado-a-sete-anos-de-prisao-por-burla-e-furtos\/#primaryimage\",\"url\":\"https:\/\/portaltela.pt\/s.01k8rhncp4jt1\/2026\/01\/23740238_770x433_acf_cropped-1.jpg\",\"contentUrl\":\"https:\/\/portaltela.pt\/s.01k8rhncp4jt1\/2026\/01\/23740238_770x433_acf_cropped-1.jpg\",\"width\":796,\"height\":448,\"caption\":\"Photo\"},{\"@type\":\"BreadcrumbList\",\"@id\":\"https:\/\/portaltela.pt\/noticias\/2026\/01\/21\/condenado-a-sete-anos-de-prisao-por-burla-e-furtos\/#breadcrumb\",\"itemListElement\":[{\"@type\":\"ListItem\",\"position\":1,\"name\":\"In\u00edcio\",\"item\":\"https:\/\/portaltela.pt\/\"},{\"@type\":\"ListItem\",\"position\":2,\"name\":\"Condenado a sete anos de pris\u00e3o por burla e furtos\"}]},{\"@type\":\"WebSite\",\"@id\":\"https:\/\/portaltela.pt\/#website\",\"url\":\"https:\/\/portaltela.pt\/\",\"name\":\"Portal Tela Portugal\",\"description\":\"\",\"potentialAction\":[{\"@type\":\"SearchAction\",\"target\":{\"@type\":\"EntryPoint\",\"urlTemplate\":\"https:\/\/portaltela.pt\/?s={search_term_string}\"},\"query-input\":{\"@type\":\"PropertyValueSpecification\",\"valueRequired\":true,\"valueName\":\"search_term_string\"}}],\"inLanguage\":\"pt-PT\"},{\"@type\":\"Person\",\"@id\":\"https:\/\/portaltela.pt\/#\/schema\/person\/c4278d4a6028830caff9ee44b42d32ed\",\"name\":\"Telinha\",\"image\":{\"@type\":\"ImageObject\",\"inLanguage\":\"pt-PT\",\"@id\":\"https:\/\/portaltela.pt\/s.01k8rhncp4jt1\/2025\/11\/talking-bot-125x125.png\",\"url\":\"https:\/\/portaltela.pt\/s.01k8rhncp4jt1\/2025\/11\/talking-bot-125x125.png\",\"contentUrl\":\"https:\/\/portaltela.pt\/s.01k8rhncp4jt1\/2025\/11\/talking-bot-125x125.png\",\"caption\":\"Telinha\"},\"sameAs\":[\"https:\/\/portaltela.pt\/\"],\"url\":\"https:\/\/portaltela.pt\/por\/367410592786\/\"}]}<\/script>\n<!-- \/ Yoast SEO plugin. -->","yoast_head_json":{"title":"Condenado a sete anos de pris\u00e3o por burla e furtos - Portal Tela Portugal","robots":{"index":"index","follow":"follow","max-snippet":"max-snippet:-1","max-image-preview":"max-image-preview:large","max-video-preview":"max-video-preview:-1"},"og_locale":"pt_PT","og_type":"article","og_title":"Condenado a sete anos de pris\u00e3o por burla e furtos - Portal Tela Portugal","og_description":"O Tribunal Judicial de Leiria condenou um homem de 34 anos a uma pena \u00fanica de sete anos de pris\u00e3o por dois crimes de furto (um deles na forma tentada), cinco crimes de falsifica\u00e7\u00e3o de documento e um crime de burla qualificada. Ficou ainda condenado ao pagamento de quase 5.300 euros por danos patrimoniais a dois lesados e a cumprir 22.726 euros ao Estado, correspondente \u00e0 vantagem obtida com os crimes. O arguido, que estava em pris\u00e3o domicili\u00e1ria com vigil\u00e2ncia eletr\u00f3nica, teve a decis\u00e3o resultante da apensa\u00e7\u00e3o de 24 inqu\u00e9ritos. Segundo o ac\u00f3rd\u00e3o, apropriou-se de equipamentos de ofendidos no valor de quase 130 mil euros, com preju\u00edzo efetivo cerca de 12 mil euros, e vendeu bens para enriquecer o seu patrim\u00f3nio em 15.300 euros. Entre junho e setembro de 2024, utilizou redes sociais, alugou ve\u00edculos e apresentou-se como representante legal de uma empresa para obter equipamentos, tendo sido detido pela GNR em setembro de 2024, em Pombal.","og_url":"https:\/\/portaltela.pt\/noticias\/2026\/01\/21\/condenado-a-sete-anos-de-prisao-por-burla-e-furtos\/","og_site_name":"Portal Tela Portugal","article_published_time":"2026-01-21T17:46:00+00:00","author":"Telinha","twitter_card":"summary_large_image","twitter_misc":{"Escrito por":"Telinha","Tempo estimado de leitura":"2 minutos"},"schema":{"@context":"https:\/\/schema.org","@graph":[{"@type":"Article","@id":"https:\/\/portaltela.pt\/noticias\/2026\/01\/21\/condenado-a-sete-anos-de-prisao-por-burla-e-furtos\/#article","isPartOf":{"@id":"https:\/\/portaltela.pt\/noticias\/2026\/01\/21\/condenado-a-sete-anos-de-prisao-por-burla-e-furtos\/"},"author":{"name":"Telinha","@id":"https:\/\/portaltela.pt\/#\/schema\/person\/c4278d4a6028830caff9ee44b42d32ed"},"headline":"Condenado a sete anos de pris\u00e3o por burla e furtos","datePublished":"2026-01-21T17:46:00+00:00","mainEntityOfPage":{"@id":"https:\/\/portaltela.pt\/noticias\/2026\/01\/21\/condenado-a-sete-anos-de-prisao-por-burla-e-furtos\/"},"wordCount":343,"image":{"@id":"https:\/\/portaltela.pt\/noticias\/2026\/01\/21\/condenado-a-sete-anos-de-prisao-por-burla-e-furtos\/#primaryimage"},"thumbnailUrl":"https:\/\/portaltela.pt\/s.01k8rhncp4jt1\/2026\/01\/23740238_770x433_acf_cropped-1.jpg","keywords":["burla qualificada","falsifica\u00e7\u00e3o de documento","furto","furto qualificado","GNR","Leiria"],"articleSection":["Not\u00edcias"],"inLanguage":"pt-PT"},{"@type":"WebPage","@id":"https:\/\/portaltela.pt\/noticias\/2026\/01\/21\/condenado-a-sete-anos-de-prisao-por-burla-e-furtos\/","url":"https:\/\/portaltela.pt\/noticias\/2026\/01\/21\/condenado-a-sete-anos-de-prisao-por-burla-e-furtos\/","name":"Condenado a sete anos de pris\u00e3o por burla e furtos - Portal Tela Portugal","isPartOf":{"@id":"https:\/\/portaltela.pt\/#website"},"primaryImageOfPage":{"@id":"https:\/\/portaltela.pt\/noticias\/2026\/01\/21\/condenado-a-sete-anos-de-prisao-por-burla-e-furtos\/#primaryimage"},"image":{"@id":"https:\/\/portaltela.pt\/noticias\/2026\/01\/21\/condenado-a-sete-anos-de-prisao-por-burla-e-furtos\/#primaryimage"},"thumbnailUrl":"https:\/\/portaltela.pt\/s.01k8rhncp4jt1\/2026\/01\/23740238_770x433_acf_cropped-1.jpg","datePublished":"2026-01-21T17:46:00+00:00","author":{"@id":"https:\/\/portaltela.pt\/#\/schema\/person\/c4278d4a6028830caff9ee44b42d32ed"},"breadcrumb":{"@id":"https:\/\/portaltela.pt\/noticias\/2026\/01\/21\/condenado-a-sete-anos-de-prisao-por-burla-e-furtos\/#breadcrumb"},"inLanguage":"pt-PT","potentialAction":[{"@type":"ReadAction","target":["https:\/\/portaltela.pt\/noticias\/2026\/01\/21\/condenado-a-sete-anos-de-prisao-por-burla-e-furtos\/"]}]},{"@type":"ImageObject","inLanguage":"pt-PT","@id":"https:\/\/portaltela.pt\/noticias\/2026\/01\/21\/condenado-a-sete-anos-de-prisao-por-burla-e-furtos\/#primaryimage","url":"https:\/\/portaltela.pt\/s.01k8rhncp4jt1\/2026\/01\/23740238_770x433_acf_cropped-1.jpg","contentUrl":"https:\/\/portaltela.pt\/s.01k8rhncp4jt1\/2026\/01\/23740238_770x433_acf_cropped-1.jpg","width":796,"height":448,"caption":"Photo"},{"@type":"BreadcrumbList","@id":"https:\/\/portaltela.pt\/noticias\/2026\/01\/21\/condenado-a-sete-anos-de-prisao-por-burla-e-furtos\/#breadcrumb","itemListElement":[{"@type":"ListItem","position":1,"name":"In\u00edcio","item":"https:\/\/portaltela.pt\/"},{"@type":"ListItem","position":2,"name":"Condenado a sete anos de pris\u00e3o por burla e furtos"}]},{"@type":"WebSite","@id":"https:\/\/portaltela.pt\/#website","url":"https:\/\/portaltela.pt\/","name":"Portal Tela Portugal","description":"","potentialAction":[{"@type":"SearchAction","target":{"@type":"EntryPoint","urlTemplate":"https:\/\/portaltela.pt\/?s={search_term_string}"},"query-input":{"@type":"PropertyValueSpecification","valueRequired":true,"valueName":"search_term_string"}}],"inLanguage":"pt-PT"},{"@type":"Person","@id":"https:\/\/portaltela.pt\/#\/schema\/person\/c4278d4a6028830caff9ee44b42d32ed","name":"Telinha","image":{"@type":"ImageObject","inLanguage":"pt-PT","@id":"https:\/\/portaltela.pt\/s.01k8rhncp4jt1\/2025\/11\/talking-bot-125x125.png","url":"https:\/\/portaltela.pt\/s.01k8rhncp4jt1\/2025\/11\/talking-bot-125x125.png","contentUrl":"https:\/\/portaltela.pt\/s.01k8rhncp4jt1\/2025\/11\/talking-bot-125x125.png","caption":"Telinha"},"sameAs":["https:\/\/portaltela.pt\/"],"url":"https:\/\/portaltela.pt\/por\/367410592786\/"}]}},"_links":{"self":[{"href":"https:\/\/portaltela.pt\/api\/wp\/v2\/posts\/160631","targetHints":{"allow":["GET"]}}],"collection":[{"href":"https:\/\/portaltela.pt\/api\/wp\/v2\/posts"}],"about":[{"href":"https:\/\/portaltela.pt\/api\/wp\/v2\/types\/post"}],"author":[{"embeddable":true,"href":"https:\/\/portaltela.pt\/api\/wp\/v2\/users\/2"}],"replies":[{"embeddable":true,"href":"https:\/\/portaltela.pt\/api\/wp\/v2\/comments?post=160631"}],"version-history":[{"count":0,"href":"https:\/\/portaltela.pt\/api\/wp\/v2\/posts\/160631\/revisions"}],"wp:featuredmedia":[{"embeddable":true,"href":"https:\/\/portaltela.pt\/api\/wp\/v2\/media\/160635"}],"wp:attachment":[{"href":"https:\/\/portaltela.pt\/api\/wp\/v2\/media?parent=160631"}],"wp:term":[{"taxonomy":"category","embeddable":true,"href":"https:\/\/portaltela.pt\/api\/wp\/v2\/categories?post=160631"},{"taxonomy":"post_tag","embeddable":true,"href":"https:\/\/portaltela.pt\/api\/wp\/v2\/tags?post=160631"}],"curies":[{"name":"wp","href":"https:\/\/api.w.org\/{rel}","templated":true}]}}