{"id":160623,"date":"2026-01-21T14:54:00","date_gmt":"2026-01-21T17:54:00","guid":{"rendered":"https:\/\/portaltela.pt\/noticias\/2026\/01\/21\/caldas-da-rainha-acolhe-karate-shotokan-com-liga-soshinkai\/"},"modified":"2026-01-21T14:54:00","modified_gmt":"2026-01-21T17:54:00","slug":"caldas-da-rainha-acolhe-karate-shotokan-com-liga-soshinkai","status":"publish","type":"post","link":"https:\/\/portaltela.pt\/desporto\/2026\/01\/21\/caldas-da-rainha-acolhe-karate-shotokan-com-liga-soshinkai\/","title":{"rendered":"Caldas da Rainha acolhe Karate Shotokan com Liga Soshinkai"},"content":{"rendered":"<p>As Caldas da Rainha v\u00e3o acolher a 2.\u00aa jornada da Liga Soshinkai de karate, organizada pelo Clube Karate Shotokan em parceria com a Associa\u00e7\u00e3o Shotokan Karate Internacional Portugal. O evento realiza-se no Pavilh\u00e3o Rainha Dona Leonor, no s\u00e1bado, 24 de janeiro, a partir das 9h. A competi\u00e7\u00e3o tem car\u00e1cter pedag\u00f3gico e serve para fomentar a pr\u00e1tica regular ao longo da \u00e9poca.<\/p>\n<p>A cidade soma 48 anos de tradi\u00e7\u00e3o no karate, com 38 dedicados \u00e0 vertente Shotokan. Este hist\u00f3rico refor\u00e7a o peso do evento na regi\u00e3o, que pretende dinamizar o treino t\u00e9cnico, t\u00e1tico e psicol\u00f3gico dos praticantes.<\/p>\n<p>A prova envolve, a n\u00edvel nacional, 220 atletas de todos os escal\u00f5es, representando 15 clubes. O formato da Liga Soshinkai permite v\u00e1rias oportunidades de competi\u00e7\u00e3o aos atletas durante a temporada.<\/p>\n<h3>Detalhes do evento<\/h3>\n<p>O evento decorre no tempo previsto, com organiza\u00e7\u00e3o conjunta entre o Clube Karate Shotokan e a Associa\u00e7\u00e3o Shotokan Karate Internacional Portugal. O objetivo \u00e9 oferecer uma perspetiva de progress\u00e3o para os jovens e para atletas seniores, com foco na melhoria cont\u00ednua.<\/p>\n","protected":false},"excerpt":{"rendered":"<ul>\n<li>Caldas da Rainha celebra o karate com a 2.\u00aa jornada da Liga Soshinkai, organizada pelo Clube Karate Shotokan e pela Associa\u00e7\u00e3o Shotokan Karate Internacional Portugal.<\/li>\n<li>A cidade tem uma tradi\u00e7\u00e3o de 48 anos no karate, sendo 38 dedicados ao Shotokan.<\/li>\n<li>O evento realiza-se este s\u00e1bado, 24 de janeiro, no Pavilh\u00e3o Rainha Dona Leonor, nas Caldas da Rainha, a partir das 9h00.<\/li>\n<li>A competi\u00e7\u00e3o tem \u00e2mbito nacional, com 220 atletas de todos os escal\u00f5es e 15 clubes representados.<\/li>\n<li>O objetivo da Liga Soshinkai \u00e9 proporcionar v\u00e1rias oportunidades de competi\u00e7\u00e3o ao longo da \u00e9poca, promovendo o desenvolvimento t\u00e9cnico, t\u00e1tico e psicol\u00f3gico dos praticantes.<\/li>\n<\/ul>\n","protected":false},"author":2,"featured_media":160647,"comment_status":"closed","ping_status":"closed","sticky":false,"template":"","format":"standard","meta":{"footnotes":""},"categories":[21],"tags":[1640,1672,152,186,60,1786],"class_list":["post-160623","post","type-post","status-publish","format-standard","has-post-thumbnail","hentry","category-desporto","tag-associacoes-desportivas","tag-caldas-da-rainha","tag-desporto","tag-desportos","tag-esportes","tag-liga"],"yoast_head":"<!-- This site is optimized with the Yoast SEO plugin v27.2 - https:\/\/yoast.com\/product\/yoast-seo-wordpress\/ -->\n<title>Caldas da Rainha acolhe Karate Shotokan com Liga Soshinkai - Portal Tela Portugal<\/title>\n<meta name=\"robots\" content=\"index, follow, max-snippet:-1, max-image-preview:large, max-video-preview:-1\" \/>\n<meta property=\"og:locale\" content=\"pt_PT\" \/>\n<meta property=\"og:type\" content=\"article\" \/>\n<meta property=\"og:title\" content=\"Caldas da Rainha acolhe Karate Shotokan com Liga Soshinkai - Portal Tela Portugal\" \/>\n<meta property=\"og:description\" content=\"Caldas da Rainha celebra o karate com a 2.\u00aa jornada da Liga Soshinkai, organizada pelo Clube Karate Shotokan e pela Associa\u00e7\u00e3o Shotokan Karate Internacional Portugal. A cidade tem uma tradi\u00e7\u00e3o de 48 anos no karate, sendo 38 dedicados ao Shotokan. O evento realiza-se este s\u00e1bado, 24 de janeiro, no Pavilh\u00e3o Rainha Dona Leonor, nas Caldas da Rainha, a partir das 9h00. A competi\u00e7\u00e3o tem \u00e2mbito nacional, com 220 atletas de todos os escal\u00f5es e 15 clubes representados. O objetivo da Liga Soshinkai \u00e9 proporcionar v\u00e1rias oportunidades de competi\u00e7\u00e3o ao longo da \u00e9poca, promovendo o desenvolvimento t\u00e9cnico, t\u00e1tico e psicol\u00f3gico dos praticantes.\" \/>\n<meta property=\"og:url\" content=\"https:\/\/portaltela.pt\/noticias\/2026\/01\/21\/caldas-da-rainha-acolhe-karate-shotokan-com-liga-soshinkai\/\" \/>\n<meta property=\"og:site_name\" content=\"Portal Tela Portugal\" \/>\n<meta property=\"article:published_time\" content=\"2026-01-21T17:54:00+00:00\" \/>\n<meta name=\"author\" content=\"Telinha\" \/>\n<meta name=\"twitter:card\" content=\"summary_large_image\" \/>\n<meta name=\"twitter:label1\" content=\"Escrito por\" \/>\n\t<meta name=\"twitter:data1\" content=\"Telinha\" \/>\n\t<meta name=\"twitter:label2\" content=\"Tempo estimado de leitura\" \/>\n\t<meta name=\"twitter:data2\" content=\"1 minuto\" \/>\n<script type=\"application\/ld+json\" class=\"yoast-schema-graph\">{\"@context\":\"https:\/\/schema.org\",\"@graph\":[{\"@type\":\"Article\",\"@id\":\"https:\/\/portaltela.pt\/noticias\/2026\/01\/21\/caldas-da-rainha-acolhe-karate-shotokan-com-liga-soshinkai\/#article\",\"isPartOf\":{\"@id\":\"https:\/\/portaltela.pt\/noticias\/2026\/01\/21\/caldas-da-rainha-acolhe-karate-shotokan-com-liga-soshinkai\/\"},\"author\":{\"name\":\"Telinha\",\"@id\":\"https:\/\/portaltela.pt\/#\/schema\/person\/c4278d4a6028830caff9ee44b42d32ed\"},\"headline\":\"Caldas da Rainha acolhe Karate Shotokan com Liga Soshinkai\",\"datePublished\":\"2026-01-21T17:54:00+00:00\",\"mainEntityOfPage\":{\"@id\":\"https:\/\/portaltela.pt\/noticias\/2026\/01\/21\/caldas-da-rainha-acolhe-karate-shotokan-com-liga-soshinkai\/\"},\"wordCount\":194,\"image\":{\"@id\":\"https:\/\/portaltela.pt\/noticias\/2026\/01\/21\/caldas-da-rainha-acolhe-karate-shotokan-com-liga-soshinkai\/#primaryimage\"},\"thumbnailUrl\":\"https:\/\/portaltela.pt\/s.01k8rhncp4jt1\/2026\/01\/img_920x518uu2026-01-21-17-51-35-2416346.jpg\",\"keywords\":[\"associa\u00e7\u00f5es desportivas\",\"Caldas da Rainha\",\"desporto\",\"desportos\",\"esportes\",\"Liga\"],\"articleSection\":[\"Desporto\"],\"inLanguage\":\"pt-PT\"},{\"@type\":\"WebPage\",\"@id\":\"https:\/\/portaltela.pt\/noticias\/2026\/01\/21\/caldas-da-rainha-acolhe-karate-shotokan-com-liga-soshinkai\/\",\"url\":\"https:\/\/portaltela.pt\/noticias\/2026\/01\/21\/caldas-da-rainha-acolhe-karate-shotokan-com-liga-soshinkai\/\",\"name\":\"Caldas da Rainha acolhe Karate Shotokan com Liga Soshinkai - Portal Tela Portugal\",\"isPartOf\":{\"@id\":\"https:\/\/portaltela.pt\/#website\"},\"primaryImageOfPage\":{\"@id\":\"https:\/\/portaltela.pt\/noticias\/2026\/01\/21\/caldas-da-rainha-acolhe-karate-shotokan-com-liga-soshinkai\/#primaryimage\"},\"image\":{\"@id\":\"https:\/\/portaltela.pt\/noticias\/2026\/01\/21\/caldas-da-rainha-acolhe-karate-shotokan-com-liga-soshinkai\/#primaryimage\"},\"thumbnailUrl\":\"https:\/\/portaltela.pt\/s.01k8rhncp4jt1\/2026\/01\/img_920x518uu2026-01-21-17-51-35-2416346.jpg\",\"datePublished\":\"2026-01-21T17:54:00+00:00\",\"author\":{\"@id\":\"https:\/\/portaltela.pt\/#\/schema\/person\/c4278d4a6028830caff9ee44b42d32ed\"},\"breadcrumb\":{\"@id\":\"https:\/\/portaltela.pt\/noticias\/2026\/01\/21\/caldas-da-rainha-acolhe-karate-shotokan-com-liga-soshinkai\/#breadcrumb\"},\"inLanguage\":\"pt-PT\",\"potentialAction\":[{\"@type\":\"ReadAction\",\"target\":[\"https:\/\/portaltela.pt\/noticias\/2026\/01\/21\/caldas-da-rainha-acolhe-karate-shotokan-com-liga-soshinkai\/\"]}]},{\"@type\":\"ImageObject\",\"inLanguage\":\"pt-PT\",\"@id\":\"https:\/\/portaltela.pt\/noticias\/2026\/01\/21\/caldas-da-rainha-acolhe-karate-shotokan-com-liga-soshinkai\/#primaryimage\",\"url\":\"https:\/\/portaltela.pt\/s.01k8rhncp4jt1\/2026\/01\/img_920x518uu2026-01-21-17-51-35-2416346.jpg\",\"contentUrl\":\"https:\/\/portaltela.pt\/s.01k8rhncp4jt1\/2026\/01\/img_920x518uu2026-01-21-17-51-35-2416346.jpg\",\"width\":796,\"height\":448,\"caption\":\"Karate\"},{\"@type\":\"BreadcrumbList\",\"@id\":\"https:\/\/portaltela.pt\/noticias\/2026\/01\/21\/caldas-da-rainha-acolhe-karate-shotokan-com-liga-soshinkai\/#breadcrumb\",\"itemListElement\":[{\"@type\":\"ListItem\",\"position\":1,\"name\":\"In\u00edcio\",\"item\":\"https:\/\/portaltela.pt\/\"},{\"@type\":\"ListItem\",\"position\":2,\"name\":\"Caldas da Rainha acolhe Karate Shotokan com Liga Soshinkai\"}]},{\"@type\":\"WebSite\",\"@id\":\"https:\/\/portaltela.pt\/#website\",\"url\":\"https:\/\/portaltela.pt\/\",\"name\":\"Portal Tela Portugal\",\"description\":\"\",\"potentialAction\":[{\"@type\":\"SearchAction\",\"target\":{\"@type\":\"EntryPoint\",\"urlTemplate\":\"https:\/\/portaltela.pt\/?s={search_term_string}\"},\"query-input\":{\"@type\":\"PropertyValueSpecification\",\"valueRequired\":true,\"valueName\":\"search_term_string\"}}],\"inLanguage\":\"pt-PT\"},{\"@type\":\"Person\",\"@id\":\"https:\/\/portaltela.pt\/#\/schema\/person\/c4278d4a6028830caff9ee44b42d32ed\",\"name\":\"Telinha\",\"image\":{\"@type\":\"ImageObject\",\"inLanguage\":\"pt-PT\",\"@id\":\"https:\/\/portaltela.pt\/s.01k8rhncp4jt1\/2025\/11\/talking-bot-125x125.png\",\"url\":\"https:\/\/portaltela.pt\/s.01k8rhncp4jt1\/2025\/11\/talking-bot-125x125.png\",\"contentUrl\":\"https:\/\/portaltela.pt\/s.01k8rhncp4jt1\/2025\/11\/talking-bot-125x125.png\",\"caption\":\"Telinha\"},\"sameAs\":[\"https:\/\/portaltela.pt\/\"],\"url\":\"https:\/\/portaltela.pt\/por\/367410592786\/\"}]}<\/script>\n<!-- \/ Yoast SEO plugin. -->","yoast_head_json":{"title":"Caldas da Rainha acolhe Karate Shotokan com Liga Soshinkai - Portal Tela Portugal","robots":{"index":"index","follow":"follow","max-snippet":"max-snippet:-1","max-image-preview":"max-image-preview:large","max-video-preview":"max-video-preview:-1"},"og_locale":"pt_PT","og_type":"article","og_title":"Caldas da Rainha acolhe Karate Shotokan com Liga Soshinkai - Portal Tela Portugal","og_description":"Caldas da Rainha celebra o karate com a 2.\u00aa jornada da Liga Soshinkai, organizada pelo Clube Karate Shotokan e pela Associa\u00e7\u00e3o Shotokan Karate Internacional Portugal. A cidade tem uma tradi\u00e7\u00e3o de 48 anos no karate, sendo 38 dedicados ao Shotokan. O evento realiza-se este s\u00e1bado, 24 de janeiro, no Pavilh\u00e3o Rainha Dona Leonor, nas Caldas da Rainha, a partir das 9h00. A competi\u00e7\u00e3o tem \u00e2mbito nacional, com 220 atletas de todos os escal\u00f5es e 15 clubes representados. O objetivo da Liga Soshinkai \u00e9 proporcionar v\u00e1rias oportunidades de competi\u00e7\u00e3o ao longo da \u00e9poca, promovendo o desenvolvimento t\u00e9cnico, t\u00e1tico e psicol\u00f3gico dos praticantes.","og_url":"https:\/\/portaltela.pt\/noticias\/2026\/01\/21\/caldas-da-rainha-acolhe-karate-shotokan-com-liga-soshinkai\/","og_site_name":"Portal Tela Portugal","article_published_time":"2026-01-21T17:54:00+00:00","author":"Telinha","twitter_card":"summary_large_image","twitter_misc":{"Escrito por":"Telinha","Tempo estimado de leitura":"1 minuto"},"schema":{"@context":"https:\/\/schema.org","@graph":[{"@type":"Article","@id":"https:\/\/portaltela.pt\/noticias\/2026\/01\/21\/caldas-da-rainha-acolhe-karate-shotokan-com-liga-soshinkai\/#article","isPartOf":{"@id":"https:\/\/portaltela.pt\/noticias\/2026\/01\/21\/caldas-da-rainha-acolhe-karate-shotokan-com-liga-soshinkai\/"},"author":{"name":"Telinha","@id":"https:\/\/portaltela.pt\/#\/schema\/person\/c4278d4a6028830caff9ee44b42d32ed"},"headline":"Caldas da Rainha acolhe Karate Shotokan com Liga Soshinkai","datePublished":"2026-01-21T17:54:00+00:00","mainEntityOfPage":{"@id":"https:\/\/portaltela.pt\/noticias\/2026\/01\/21\/caldas-da-rainha-acolhe-karate-shotokan-com-liga-soshinkai\/"},"wordCount":194,"image":{"@id":"https:\/\/portaltela.pt\/noticias\/2026\/01\/21\/caldas-da-rainha-acolhe-karate-shotokan-com-liga-soshinkai\/#primaryimage"},"thumbnailUrl":"https:\/\/portaltela.pt\/s.01k8rhncp4jt1\/2026\/01\/img_920x518uu2026-01-21-17-51-35-2416346.jpg","keywords":["associa\u00e7\u00f5es desportivas","Caldas da Rainha","desporto","desportos","esportes","Liga"],"articleSection":["Desporto"],"inLanguage":"pt-PT"},{"@type":"WebPage","@id":"https:\/\/portaltela.pt\/noticias\/2026\/01\/21\/caldas-da-rainha-acolhe-karate-shotokan-com-liga-soshinkai\/","url":"https:\/\/portaltela.pt\/noticias\/2026\/01\/21\/caldas-da-rainha-acolhe-karate-shotokan-com-liga-soshinkai\/","name":"Caldas da Rainha acolhe Karate Shotokan com Liga Soshinkai - Portal Tela Portugal","isPartOf":{"@id":"https:\/\/portaltela.pt\/#website"},"primaryImageOfPage":{"@id":"https:\/\/portaltela.pt\/noticias\/2026\/01\/21\/caldas-da-rainha-acolhe-karate-shotokan-com-liga-soshinkai\/#primaryimage"},"image":{"@id":"https:\/\/portaltela.pt\/noticias\/2026\/01\/21\/caldas-da-rainha-acolhe-karate-shotokan-com-liga-soshinkai\/#primaryimage"},"thumbnailUrl":"https:\/\/portaltela.pt\/s.01k8rhncp4jt1\/2026\/01\/img_920x518uu2026-01-21-17-51-35-2416346.jpg","datePublished":"2026-01-21T17:54:00+00:00","author":{"@id":"https:\/\/portaltela.pt\/#\/schema\/person\/c4278d4a6028830caff9ee44b42d32ed"},"breadcrumb":{"@id":"https:\/\/portaltela.pt\/noticias\/2026\/01\/21\/caldas-da-rainha-acolhe-karate-shotokan-com-liga-soshinkai\/#breadcrumb"},"inLanguage":"pt-PT","potentialAction":[{"@type":"ReadAction","target":["https:\/\/portaltela.pt\/noticias\/2026\/01\/21\/caldas-da-rainha-acolhe-karate-shotokan-com-liga-soshinkai\/"]}]},{"@type":"ImageObject","inLanguage":"pt-PT","@id":"https:\/\/portaltela.pt\/noticias\/2026\/01\/21\/caldas-da-rainha-acolhe-karate-shotokan-com-liga-soshinkai\/#primaryimage","url":"https:\/\/portaltela.pt\/s.01k8rhncp4jt1\/2026\/01\/img_920x518uu2026-01-21-17-51-35-2416346.jpg","contentUrl":"https:\/\/portaltela.pt\/s.01k8rhncp4jt1\/2026\/01\/img_920x518uu2026-01-21-17-51-35-2416346.jpg","width":796,"height":448,"caption":"Karate"},{"@type":"BreadcrumbList","@id":"https:\/\/portaltela.pt\/noticias\/2026\/01\/21\/caldas-da-rainha-acolhe-karate-shotokan-com-liga-soshinkai\/#breadcrumb","itemListElement":[{"@type":"ListItem","position":1,"name":"In\u00edcio","item":"https:\/\/portaltela.pt\/"},{"@type":"ListItem","position":2,"name":"Caldas da Rainha acolhe Karate Shotokan com Liga Soshinkai"}]},{"@type":"WebSite","@id":"https:\/\/portaltela.pt\/#website","url":"https:\/\/portaltela.pt\/","name":"Portal Tela Portugal","description":"","potentialAction":[{"@type":"SearchAction","target":{"@type":"EntryPoint","urlTemplate":"https:\/\/portaltela.pt\/?s={search_term_string}"},"query-input":{"@type":"PropertyValueSpecification","valueRequired":true,"valueName":"search_term_string"}}],"inLanguage":"pt-PT"},{"@type":"Person","@id":"https:\/\/portaltela.pt\/#\/schema\/person\/c4278d4a6028830caff9ee44b42d32ed","name":"Telinha","image":{"@type":"ImageObject","inLanguage":"pt-PT","@id":"https:\/\/portaltela.pt\/s.01k8rhncp4jt1\/2025\/11\/talking-bot-125x125.png","url":"https:\/\/portaltela.pt\/s.01k8rhncp4jt1\/2025\/11\/talking-bot-125x125.png","contentUrl":"https:\/\/portaltela.pt\/s.01k8rhncp4jt1\/2025\/11\/talking-bot-125x125.png","caption":"Telinha"},"sameAs":["https:\/\/portaltela.pt\/"],"url":"https:\/\/portaltela.pt\/por\/367410592786\/"}]}},"_links":{"self":[{"href":"https:\/\/portaltela.pt\/api\/wp\/v2\/posts\/160623","targetHints":{"allow":["GET"]}}],"collection":[{"href":"https:\/\/portaltela.pt\/api\/wp\/v2\/posts"}],"about":[{"href":"https:\/\/portaltela.pt\/api\/wp\/v2\/types\/post"}],"author":[{"embeddable":true,"href":"https:\/\/portaltela.pt\/api\/wp\/v2\/users\/2"}],"replies":[{"embeddable":true,"href":"https:\/\/portaltela.pt\/api\/wp\/v2\/comments?post=160623"}],"version-history":[{"count":0,"href":"https:\/\/portaltela.pt\/api\/wp\/v2\/posts\/160623\/revisions"}],"wp:featuredmedia":[{"embeddable":true,"href":"https:\/\/portaltela.pt\/api\/wp\/v2\/media\/160647"}],"wp:attachment":[{"href":"https:\/\/portaltela.pt\/api\/wp\/v2\/media?parent=160623"}],"wp:term":[{"taxonomy":"category","embeddable":true,"href":"https:\/\/portaltela.pt\/api\/wp\/v2\/categories?post=160623"},{"taxonomy":"post_tag","embeddable":true,"href":"https:\/\/portaltela.pt\/api\/wp\/v2\/tags?post=160623"}],"curies":[{"name":"wp","href":"https:\/\/api.w.org\/{rel}","templated":true}]}}