{"id":160541,"date":"2026-01-21T14:19:00","date_gmt":"2026-01-21T17:19:00","guid":{"rendered":"https:\/\/portaltela.pt\/noticias\/2026\/01\/21\/fragilidades-tecnologicas-atrasam-previsoes-do-tempo-em-mocambique\/"},"modified":"2026-01-21T14:19:00","modified_gmt":"2026-01-21T17:19:00","slug":"fragilidades-tecnologicas-atrasam-previsoes-do-tempo-em-mocambique","status":"publish","type":"post","link":"https:\/\/portaltela.pt\/noticias\/2026\/01\/21\/fragilidades-tecnologicas-atrasam-previsoes-do-tempo-em-mocambique\/","title":{"rendered":"Fragilidades tecnol\u00f3gicas atrasam previs\u00f5es do tempo em Mo\u00e7ambique"},"content":{"rendered":"<p>O Instituto Nacional de Meteorologia (Inam) de Mo\u00e7ambique admitiu que demora cerca de tr\u00eas horas a analisar informa\u00e7\u00f5es antes de emitir alertas e previs\u00f5es, devido a fragilidades tecnol\u00f3gicas. O atraso ocorre numa altura de cheias generalizadas no pa\u00eds.<\/p>\n<p>A gest\u00e3o do Inam explicou que a monitoriza\u00e7\u00e3o de um ciclone tropical requer cuidado e a informa\u00e7\u00e3o est\u00e1 num sistema \u00fanico, o que pode exigir menos tempo com melhorias. O objetivo \u00e9 antecipar impactos no terreno.<\/p>\n<p>A declara\u00e7\u00e3o ocorreu \u00e0 margem do lan\u00e7amento de um projeto com a Finl\u00e2ndia e evidencia que as limita\u00e7\u00f5es tecnol\u00f3gicas prejudicam a emiss\u00e3o atempada de avisos.<\/p>\n<h3>Aviso amarelo por depress\u00e3o tropical<\/h3>\n<p>O Inam emitiu hoje um aviso amarelo com a aproxima\u00e7\u00e3o de uma depress\u00e3o tropical, que dever\u00e1 provocar chuva e ventos fortes no sul. O pa\u00eds registra j\u00e1 cheias generalizadas e popula\u00e7\u00f5es isoladas.<\/p>\n<p>O alerta prev\u00ea chuva moderada a forte e ventos com rajadas de at\u00e9 70 km\/h, com agita\u00e7\u00e3o do estado do mar e ondas at\u00e9 quatro metros. Nos distritos costeiros, rajadas s\u00e3o esperadas na Maputo, Gaza e Inhambane.<\/p>\n<p>De acordo com o Inam, a depress\u00e3o est\u00e1 no Canal de Mo\u00e7ambique, contribuindo para as condi\u00e7\u00f5es adversas na regi\u00e3o. O balan\u00e7o oficial aponta j\u00e1 114 mortos na \u00e9poca das chuvas, mais seis desaparecidos, 99 feridos e quase 680 mil afetados, segundo o INGD.<\/p>\n<p>Segundo a base de dados do INGD, entre 1 de outubro e 19 de janeiro j\u00e1 foram afetadas 677.831 pessoas, em 141.818 fam\u00edlias. H\u00e1 11.367 casas parcialmente destru\u00eddas e 4.910 totalmente destru\u00eddas.<\/p>\n<h3>Situa\u00e7\u00e3o das pessoas afetadas e opera\u00e7\u00f5es<\/h3>\n<p>At\u00e9 19 de janeiro, 83 centros de acomoda\u00e7\u00e3o estavam abertos; 72 permanecem ativos, acolhendo 88.525 pessoas, incluindo 58.616 retiradas de zonas evacuadas. As opera\u00e7\u00f5es de resgate continuam, condicionadas pelas condi\u00e7\u00f5es clim\u00e1ticas.<\/p>\n<p>Em Maputo e Gaza, sul do pa\u00eds, centenas de fam\u00edlias mant\u00eam-se sitiadas. Algumas recorrem a telhados para sobreviver enquanto as barragens, inclusive de pa\u00edses vizinhos, continuam a descarregar devido \u00e0 escassez de capacidade.<\/p>\n<p>Est\u00e3o envolvidos cerca de uma dezena de meios a\u00e9reos nas opera\u00e7\u00f5es de resgate e assist\u00eancia, com esfor\u00e7os cont\u00ednuos para alcan\u00e7ar as comunidades isoladas devido \u00e0s inunda\u00e7\u00f5es. O tempo continua a influenciar a evolu\u00e7\u00e3o das a\u00e7\u00f5es no terreno.<\/p>\n","protected":false},"excerpt":{"rendered":"<ul>\n<li>O Instituto Nacional de Meteorologia (Inam) de Mo\u00e7ambique admite demorar cerca de tr\u00eas horas a analisar informa\u00e7\u00f5es antes de emitir alertas e previs\u00f5es, por fragilidades tecnol\u00f3gicas, numa altura de cheias generalizadas.<\/li>\n<li>O atraso persiste mesmo com monitoriza\u00e7\u00e3o de fen\u00f3menos como ciclones; com um sistema \u00fanico automatizado, o tempo poderia reduzir-se para uma hora para emitir o alerta.<\/li>\n<li>O Inam emitiu hoje um aviso amarelo devido \u00e0 aproxima\u00e7\u00e3o de uma depress\u00e3o tropical, que pode provocar chuva moderada a forte e ventos com rajadas at\u00e9 70 quil\u00f3metros por hora, afetando sobretudo o sul e com o estado do mar agitado.<\/li>\n<li>Segundo o Instituto Nacional de Gest\u00e3o e Redu\u00e7\u00e3o do Risco de Desastres (INGD), morreram 114 pessoas nesta \u00e9poca de chuvas, existem 6 desaparecidos, 99 feridos e quase 680 mil afetadas, com 677.831 pessoas afetadas at\u00e9 19 de janeiro.<\/li>\n<li>Ao longo da \u00e9poca, 72 centros de acolhimento permanecem ativos, com 88.525 pessoas, e h\u00e1 opera\u00e7\u00f5es de resgate em curso com cerca de uma dezena de meios a\u00e9reos; em Maputo, Nove N1 e N2 permanecem intransit\u00e1veis devido ao aumento das \u00e1guas.<\/li>\n<\/ul>\n","protected":false},"author":2,"featured_media":160567,"comment_status":"closed","ping_status":"closed","sticky":false,"template":"","format":"standard","meta":{"footnotes":""},"categories":[1],"tags":[2557,3651,3702,2293,2506,1911],"class_list":["post-160541","post","type-post","status-publish","format-standard","has-post-thumbnail","hentry","category-noticias","tag-depressao","tag-gaza","tag-inhambane","tag-inundacoes","tag-maputo","tag-mocambique"],"yoast_head":"<!-- This site is optimized with the Yoast SEO plugin v27.2 - https:\/\/yoast.com\/product\/yoast-seo-wordpress\/ -->\n<title>Fragilidades tecnol\u00f3gicas atrasam previs\u00f5es do tempo em Mo\u00e7ambique - Portal Tela Portugal<\/title>\n<meta name=\"robots\" content=\"index, follow, max-snippet:-1, max-image-preview:large, max-video-preview:-1\" \/>\n<meta property=\"og:locale\" content=\"pt_PT\" \/>\n<meta property=\"og:type\" content=\"article\" \/>\n<meta property=\"og:title\" content=\"Fragilidades tecnol\u00f3gicas atrasam previs\u00f5es do tempo em Mo\u00e7ambique - Portal Tela Portugal\" \/>\n<meta property=\"og:description\" content=\"O Instituto Nacional de Meteorologia (Inam) de Mo\u00e7ambique admite demorar cerca de tr\u00eas horas a analisar informa\u00e7\u00f5es antes de emitir alertas e previs\u00f5es, por fragilidades tecnol\u00f3gicas, numa altura de cheias generalizadas. O atraso persiste mesmo com monitoriza\u00e7\u00e3o de fen\u00f3menos como ciclones; com um sistema \u00fanico automatizado, o tempo poderia reduzir-se para uma hora para emitir o alerta. O Inam emitiu hoje um aviso amarelo devido \u00e0 aproxima\u00e7\u00e3o de uma depress\u00e3o tropical, que pode provocar chuva moderada a forte e ventos com rajadas at\u00e9 70 quil\u00f3metros por hora, afetando sobretudo o sul e com o estado do mar agitado. Segundo o Instituto Nacional de Gest\u00e3o e Redu\u00e7\u00e3o do Risco de Desastres (INGD), morreram 114 pessoas nesta \u00e9poca de chuvas, existem 6 desaparecidos, 99 feridos e quase 680 mil afetadas, com 677.831 pessoas afetadas at\u00e9 19 de janeiro. Ao longo da \u00e9poca, 72 centros de acolhimento permanecem ativos, com 88.525 pessoas, e h\u00e1 opera\u00e7\u00f5es de resgate em curso com cerca de uma dezena de meios a\u00e9reos; em Maputo, Nove N1 e N2 permanecem intransit\u00e1veis devido ao aumento das \u00e1guas.\" \/>\n<meta property=\"og:url\" content=\"https:\/\/portaltela.pt\/noticias\/2026\/01\/21\/fragilidades-tecnologicas-atrasam-previsoes-do-tempo-em-mocambique\/\" \/>\n<meta property=\"og:site_name\" content=\"Portal Tela Portugal\" \/>\n<meta property=\"article:published_time\" content=\"2026-01-21T17:19:00+00:00\" \/>\n<meta name=\"author\" content=\"Telinha\" \/>\n<meta name=\"twitter:card\" content=\"summary_large_image\" \/>\n<meta name=\"twitter:label1\" content=\"Escrito por\" \/>\n\t<meta name=\"twitter:data1\" content=\"Telinha\" \/>\n\t<meta name=\"twitter:label2\" content=\"Tempo estimado de leitura\" \/>\n\t<meta name=\"twitter:data2\" content=\"2 minutos\" \/>\n<script type=\"application\/ld+json\" class=\"yoast-schema-graph\">{\"@context\":\"https:\/\/schema.org\",\"@graph\":[{\"@type\":\"Article\",\"@id\":\"https:\/\/portaltela.pt\/noticias\/2026\/01\/21\/fragilidades-tecnologicas-atrasam-previsoes-do-tempo-em-mocambique\/#article\",\"isPartOf\":{\"@id\":\"https:\/\/portaltela.pt\/noticias\/2026\/01\/21\/fragilidades-tecnologicas-atrasam-previsoes-do-tempo-em-mocambique\/\"},\"author\":{\"name\":\"Telinha\",\"@id\":\"https:\/\/portaltela.pt\/#\/schema\/person\/c4278d4a6028830caff9ee44b42d32ed\"},\"headline\":\"Fragilidades tecnol\u00f3gicas atrasam previs\u00f5es do tempo em Mo\u00e7ambique\",\"datePublished\":\"2026-01-21T17:19:00+00:00\",\"mainEntityOfPage\":{\"@id\":\"https:\/\/portaltela.pt\/noticias\/2026\/01\/21\/fragilidades-tecnologicas-atrasam-previsoes-do-tempo-em-mocambique\/\"},\"wordCount\":399,\"image\":{\"@id\":\"https:\/\/portaltela.pt\/noticias\/2026\/01\/21\/fragilidades-tecnologicas-atrasam-previsoes-do-tempo-em-mocambique\/#primaryimage\"},\"thumbnailUrl\":\"https:\/\/portaltela.pt\/s.01k8rhncp4jt1\/2026\/01\/unnamed-file-4434.jpg\",\"keywords\":[\"depress\u00e3o\",\"Gaza\",\"Inhambane\",\"inunda\u00e7\u00f5es\",\"Maputo\",\"Mo\u00e7ambique\"],\"articleSection\":[\"Not\u00edcias\"],\"inLanguage\":\"pt-PT\"},{\"@type\":\"WebPage\",\"@id\":\"https:\/\/portaltela.pt\/noticias\/2026\/01\/21\/fragilidades-tecnologicas-atrasam-previsoes-do-tempo-em-mocambique\/\",\"url\":\"https:\/\/portaltela.pt\/noticias\/2026\/01\/21\/fragilidades-tecnologicas-atrasam-previsoes-do-tempo-em-mocambique\/\",\"name\":\"Fragilidades tecnol\u00f3gicas atrasam previs\u00f5es do tempo em Mo\u00e7ambique - Portal Tela Portugal\",\"isPartOf\":{\"@id\":\"https:\/\/portaltela.pt\/#website\"},\"primaryImageOfPage\":{\"@id\":\"https:\/\/portaltela.pt\/noticias\/2026\/01\/21\/fragilidades-tecnologicas-atrasam-previsoes-do-tempo-em-mocambique\/#primaryimage\"},\"image\":{\"@id\":\"https:\/\/portaltela.pt\/noticias\/2026\/01\/21\/fragilidades-tecnologicas-atrasam-previsoes-do-tempo-em-mocambique\/#primaryimage\"},\"thumbnailUrl\":\"https:\/\/portaltela.pt\/s.01k8rhncp4jt1\/2026\/01\/unnamed-file-4434.jpg\",\"datePublished\":\"2026-01-21T17:19:00+00:00\",\"author\":{\"@id\":\"https:\/\/portaltela.pt\/#\/schema\/person\/c4278d4a6028830caff9ee44b42d32ed\"},\"breadcrumb\":{\"@id\":\"https:\/\/portaltela.pt\/noticias\/2026\/01\/21\/fragilidades-tecnologicas-atrasam-previsoes-do-tempo-em-mocambique\/#breadcrumb\"},\"inLanguage\":\"pt-PT\",\"potentialAction\":[{\"@type\":\"ReadAction\",\"target\":[\"https:\/\/portaltela.pt\/noticias\/2026\/01\/21\/fragilidades-tecnologicas-atrasam-previsoes-do-tempo-em-mocambique\/\"]}]},{\"@type\":\"ImageObject\",\"inLanguage\":\"pt-PT\",\"@id\":\"https:\/\/portaltela.pt\/noticias\/2026\/01\/21\/fragilidades-tecnologicas-atrasam-previsoes-do-tempo-em-mocambique\/#primaryimage\",\"url\":\"https:\/\/portaltela.pt\/s.01k8rhncp4jt1\/2026\/01\/unnamed-file-4434.jpg\",\"contentUrl\":\"https:\/\/portaltela.pt\/s.01k8rhncp4jt1\/2026\/01\/unnamed-file-4434.jpg\",\"width\":796,\"height\":448,\"caption\":\"Fragilidades tecnol\u00f3gicas atrasam previs\u00f5es de tempo em Mo\u00e7ambique\"},{\"@type\":\"BreadcrumbList\",\"@id\":\"https:\/\/portaltela.pt\/noticias\/2026\/01\/21\/fragilidades-tecnologicas-atrasam-previsoes-do-tempo-em-mocambique\/#breadcrumb\",\"itemListElement\":[{\"@type\":\"ListItem\",\"position\":1,\"name\":\"In\u00edcio\",\"item\":\"https:\/\/portaltela.pt\/\"},{\"@type\":\"ListItem\",\"position\":2,\"name\":\"Fragilidades tecnol\u00f3gicas atrasam previs\u00f5es do tempo em Mo\u00e7ambique\"}]},{\"@type\":\"WebSite\",\"@id\":\"https:\/\/portaltela.pt\/#website\",\"url\":\"https:\/\/portaltela.pt\/\",\"name\":\"Portal Tela Portugal\",\"description\":\"\",\"potentialAction\":[{\"@type\":\"SearchAction\",\"target\":{\"@type\":\"EntryPoint\",\"urlTemplate\":\"https:\/\/portaltela.pt\/?s={search_term_string}\"},\"query-input\":{\"@type\":\"PropertyValueSpecification\",\"valueRequired\":true,\"valueName\":\"search_term_string\"}}],\"inLanguage\":\"pt-PT\"},{\"@type\":\"Person\",\"@id\":\"https:\/\/portaltela.pt\/#\/schema\/person\/c4278d4a6028830caff9ee44b42d32ed\",\"name\":\"Telinha\",\"image\":{\"@type\":\"ImageObject\",\"inLanguage\":\"pt-PT\",\"@id\":\"https:\/\/portaltela.pt\/s.01k8rhncp4jt1\/2025\/11\/talking-bot-125x125.png\",\"url\":\"https:\/\/portaltela.pt\/s.01k8rhncp4jt1\/2025\/11\/talking-bot-125x125.png\",\"contentUrl\":\"https:\/\/portaltela.pt\/s.01k8rhncp4jt1\/2025\/11\/talking-bot-125x125.png\",\"caption\":\"Telinha\"},\"sameAs\":[\"https:\/\/portaltela.pt\/\"],\"url\":\"https:\/\/portaltela.pt\/por\/367410592786\/\"}]}<\/script>\n<!-- \/ Yoast SEO plugin. -->","yoast_head_json":{"title":"Fragilidades tecnol\u00f3gicas atrasam previs\u00f5es do tempo em Mo\u00e7ambique - Portal Tela Portugal","robots":{"index":"index","follow":"follow","max-snippet":"max-snippet:-1","max-image-preview":"max-image-preview:large","max-video-preview":"max-video-preview:-1"},"og_locale":"pt_PT","og_type":"article","og_title":"Fragilidades tecnol\u00f3gicas atrasam previs\u00f5es do tempo em Mo\u00e7ambique - Portal Tela Portugal","og_description":"O Instituto Nacional de Meteorologia (Inam) de Mo\u00e7ambique admite demorar cerca de tr\u00eas horas a analisar informa\u00e7\u00f5es antes de emitir alertas e previs\u00f5es, por fragilidades tecnol\u00f3gicas, numa altura de cheias generalizadas. O atraso persiste mesmo com monitoriza\u00e7\u00e3o de fen\u00f3menos como ciclones; com um sistema \u00fanico automatizado, o tempo poderia reduzir-se para uma hora para emitir o alerta. O Inam emitiu hoje um aviso amarelo devido \u00e0 aproxima\u00e7\u00e3o de uma depress\u00e3o tropical, que pode provocar chuva moderada a forte e ventos com rajadas at\u00e9 70 quil\u00f3metros por hora, afetando sobretudo o sul e com o estado do mar agitado. Segundo o Instituto Nacional de Gest\u00e3o e Redu\u00e7\u00e3o do Risco de Desastres (INGD), morreram 114 pessoas nesta \u00e9poca de chuvas, existem 6 desaparecidos, 99 feridos e quase 680 mil afetadas, com 677.831 pessoas afetadas at\u00e9 19 de janeiro. Ao longo da \u00e9poca, 72 centros de acolhimento permanecem ativos, com 88.525 pessoas, e h\u00e1 opera\u00e7\u00f5es de resgate em curso com cerca de uma dezena de meios a\u00e9reos; em Maputo, Nove N1 e N2 permanecem intransit\u00e1veis devido ao aumento das \u00e1guas.","og_url":"https:\/\/portaltela.pt\/noticias\/2026\/01\/21\/fragilidades-tecnologicas-atrasam-previsoes-do-tempo-em-mocambique\/","og_site_name":"Portal Tela Portugal","article_published_time":"2026-01-21T17:19:00+00:00","author":"Telinha","twitter_card":"summary_large_image","twitter_misc":{"Escrito por":"Telinha","Tempo estimado de leitura":"2 minutos"},"schema":{"@context":"https:\/\/schema.org","@graph":[{"@type":"Article","@id":"https:\/\/portaltela.pt\/noticias\/2026\/01\/21\/fragilidades-tecnologicas-atrasam-previsoes-do-tempo-em-mocambique\/#article","isPartOf":{"@id":"https:\/\/portaltela.pt\/noticias\/2026\/01\/21\/fragilidades-tecnologicas-atrasam-previsoes-do-tempo-em-mocambique\/"},"author":{"name":"Telinha","@id":"https:\/\/portaltela.pt\/#\/schema\/person\/c4278d4a6028830caff9ee44b42d32ed"},"headline":"Fragilidades tecnol\u00f3gicas atrasam previs\u00f5es do tempo em Mo\u00e7ambique","datePublished":"2026-01-21T17:19:00+00:00","mainEntityOfPage":{"@id":"https:\/\/portaltela.pt\/noticias\/2026\/01\/21\/fragilidades-tecnologicas-atrasam-previsoes-do-tempo-em-mocambique\/"},"wordCount":399,"image":{"@id":"https:\/\/portaltela.pt\/noticias\/2026\/01\/21\/fragilidades-tecnologicas-atrasam-previsoes-do-tempo-em-mocambique\/#primaryimage"},"thumbnailUrl":"https:\/\/portaltela.pt\/s.01k8rhncp4jt1\/2026\/01\/unnamed-file-4434.jpg","keywords":["depress\u00e3o","Gaza","Inhambane","inunda\u00e7\u00f5es","Maputo","Mo\u00e7ambique"],"articleSection":["Not\u00edcias"],"inLanguage":"pt-PT"},{"@type":"WebPage","@id":"https:\/\/portaltela.pt\/noticias\/2026\/01\/21\/fragilidades-tecnologicas-atrasam-previsoes-do-tempo-em-mocambique\/","url":"https:\/\/portaltela.pt\/noticias\/2026\/01\/21\/fragilidades-tecnologicas-atrasam-previsoes-do-tempo-em-mocambique\/","name":"Fragilidades tecnol\u00f3gicas atrasam previs\u00f5es do tempo em Mo\u00e7ambique - Portal Tela Portugal","isPartOf":{"@id":"https:\/\/portaltela.pt\/#website"},"primaryImageOfPage":{"@id":"https:\/\/portaltela.pt\/noticias\/2026\/01\/21\/fragilidades-tecnologicas-atrasam-previsoes-do-tempo-em-mocambique\/#primaryimage"},"image":{"@id":"https:\/\/portaltela.pt\/noticias\/2026\/01\/21\/fragilidades-tecnologicas-atrasam-previsoes-do-tempo-em-mocambique\/#primaryimage"},"thumbnailUrl":"https:\/\/portaltela.pt\/s.01k8rhncp4jt1\/2026\/01\/unnamed-file-4434.jpg","datePublished":"2026-01-21T17:19:00+00:00","author":{"@id":"https:\/\/portaltela.pt\/#\/schema\/person\/c4278d4a6028830caff9ee44b42d32ed"},"breadcrumb":{"@id":"https:\/\/portaltela.pt\/noticias\/2026\/01\/21\/fragilidades-tecnologicas-atrasam-previsoes-do-tempo-em-mocambique\/#breadcrumb"},"inLanguage":"pt-PT","potentialAction":[{"@type":"ReadAction","target":["https:\/\/portaltela.pt\/noticias\/2026\/01\/21\/fragilidades-tecnologicas-atrasam-previsoes-do-tempo-em-mocambique\/"]}]},{"@type":"ImageObject","inLanguage":"pt-PT","@id":"https:\/\/portaltela.pt\/noticias\/2026\/01\/21\/fragilidades-tecnologicas-atrasam-previsoes-do-tempo-em-mocambique\/#primaryimage","url":"https:\/\/portaltela.pt\/s.01k8rhncp4jt1\/2026\/01\/unnamed-file-4434.jpg","contentUrl":"https:\/\/portaltela.pt\/s.01k8rhncp4jt1\/2026\/01\/unnamed-file-4434.jpg","width":796,"height":448,"caption":"Fragilidades tecnol\u00f3gicas atrasam previs\u00f5es de tempo em Mo\u00e7ambique"},{"@type":"BreadcrumbList","@id":"https:\/\/portaltela.pt\/noticias\/2026\/01\/21\/fragilidades-tecnologicas-atrasam-previsoes-do-tempo-em-mocambique\/#breadcrumb","itemListElement":[{"@type":"ListItem","position":1,"name":"In\u00edcio","item":"https:\/\/portaltela.pt\/"},{"@type":"ListItem","position":2,"name":"Fragilidades tecnol\u00f3gicas atrasam previs\u00f5es do tempo em Mo\u00e7ambique"}]},{"@type":"WebSite","@id":"https:\/\/portaltela.pt\/#website","url":"https:\/\/portaltela.pt\/","name":"Portal Tela Portugal","description":"","potentialAction":[{"@type":"SearchAction","target":{"@type":"EntryPoint","urlTemplate":"https:\/\/portaltela.pt\/?s={search_term_string}"},"query-input":{"@type":"PropertyValueSpecification","valueRequired":true,"valueName":"search_term_string"}}],"inLanguage":"pt-PT"},{"@type":"Person","@id":"https:\/\/portaltela.pt\/#\/schema\/person\/c4278d4a6028830caff9ee44b42d32ed","name":"Telinha","image":{"@type":"ImageObject","inLanguage":"pt-PT","@id":"https:\/\/portaltela.pt\/s.01k8rhncp4jt1\/2025\/11\/talking-bot-125x125.png","url":"https:\/\/portaltela.pt\/s.01k8rhncp4jt1\/2025\/11\/talking-bot-125x125.png","contentUrl":"https:\/\/portaltela.pt\/s.01k8rhncp4jt1\/2025\/11\/talking-bot-125x125.png","caption":"Telinha"},"sameAs":["https:\/\/portaltela.pt\/"],"url":"https:\/\/portaltela.pt\/por\/367410592786\/"}]}},"_links":{"self":[{"href":"https:\/\/portaltela.pt\/api\/wp\/v2\/posts\/160541","targetHints":{"allow":["GET"]}}],"collection":[{"href":"https:\/\/portaltela.pt\/api\/wp\/v2\/posts"}],"about":[{"href":"https:\/\/portaltela.pt\/api\/wp\/v2\/types\/post"}],"author":[{"embeddable":true,"href":"https:\/\/portaltela.pt\/api\/wp\/v2\/users\/2"}],"replies":[{"embeddable":true,"href":"https:\/\/portaltela.pt\/api\/wp\/v2\/comments?post=160541"}],"version-history":[{"count":0,"href":"https:\/\/portaltela.pt\/api\/wp\/v2\/posts\/160541\/revisions"}],"wp:featuredmedia":[{"embeddable":true,"href":"https:\/\/portaltela.pt\/api\/wp\/v2\/media\/160567"}],"wp:attachment":[{"href":"https:\/\/portaltela.pt\/api\/wp\/v2\/media?parent=160541"}],"wp:term":[{"taxonomy":"category","embeddable":true,"href":"https:\/\/portaltela.pt\/api\/wp\/v2\/categories?post=160541"},{"taxonomy":"post_tag","embeddable":true,"href":"https:\/\/portaltela.pt\/api\/wp\/v2\/tags?post=160541"}],"curies":[{"name":"wp","href":"https:\/\/api.w.org\/{rel}","templated":true}]}}