{"id":160351,"date":"2026-01-21T13:33:00","date_gmt":"2026-01-21T16:33:00","guid":{"rendered":"https:\/\/portaltela.pt\/noticias\/2026\/01\/21\/sporting-oficializa-reforco-de-inverno-faye-ate-2030-com-clausula-de-80-milhoes\/"},"modified":"2026-01-21T13:33:00","modified_gmt":"2026-01-21T16:33:00","slug":"sporting-oficializa-reforco-de-inverno-faye-ate-2030-com-clausula-de-80-milhoes","status":"publish","type":"post","link":"https:\/\/portaltela.pt\/desporto\/futebol\/2026\/01\/21\/sporting-oficializa-reforco-de-inverno-faye-ate-2030-com-clausula-de-80-milhoes\/","title":{"rendered":"Sporting oficializa refor\u00e7o de inverno: Faye at\u00e9 2030 com cl\u00e1usula de 80 milh\u00f5es"},"content":{"rendered":"<p>O Sporting anunciou a contrata\u00e7\u00e3o de Souleymane Faye, extremo de 22 anos, vindo do Granada, refor\u00e7o de inverno que se junta a Lu\u00eds Guilherme (ex-West Ham) no plantel. O objetivo \u00e9 fortalecer o corredor ofensivo dos bicampe\u00f5es nacionais.<\/p>\n<p>O acordo prev\u00ea um v\u00ednculo de quatro anos e meio, v\u00e1lido at\u00e9 2030, com uma cl\u00e1usula de rescis\u00e3o de 80 milh\u00f5es de euros.<\/p>\n<h3>Detalhes do neg\u00f3cio<\/h3>\n<p>O neg\u00f3cio foi fechado por 6,5 milh\u00f5es de euros, com o Granada a ficar com 10% de uma futura venda do jogador. Faye j\u00e1 treinou nesta quarta-feira \u00e0s ordens de Rui Borges, preparando a integra\u00e7\u00e3o no plantel.<\/p>\n<p>O internacional senegal\u00eas chega para acrescentar op\u00e7\u00f5es ao corredor ofensivo do Sporting, que j\u00e1 contou com a chegada de Lu\u00eds Guilherme neste mercado de inverno.<\/p>\n","protected":false},"excerpt":{"rendered":"<ul>\n<li>Sporting oficializou Souleymane Faye, extremo de 22 anos, segundo refor\u00e7o de inverno.<\/li>\n<li>O jogador chega proveniente do Granada e assina contrato at\u00e9 2030, com uma cl\u00e1usula de 80 milh\u00f5es.<\/li>\n<li>O neg\u00f3cio ficou conclu\u00eddo por 6,5 milh\u00f5es de euros, com 10% de uma futura venda reservados ao Granada.<\/li>\n<li>Faye j\u00e1 treinou nesta quarta-feira sob as ordens de Rui Borges.<\/li>\n<li>A contrata\u00e7\u00e3o complementa a chegada de Lu\u00eds Guilherme, ex-West Ham, para o mesmo setor.<\/li>\n<\/ul>\n","protected":false},"author":2,"featured_media":160354,"comment_status":"closed","ping_status":"closed","sticky":false,"template":"","format":"standard","meta":{"footnotes":""},"categories":[21,24],"tags":[32,3443,242,50,1652,2050],"class_list":["post-160351","post","type-post","status-publish","format-standard","has-post-thumbnail","hentry","category-desporto","category-futebol","tag-futebol","tag-granada","tag-jogadores","tag-mercado-da-bola","tag-sporting","tag-transferencias"],"yoast_head":"<!-- This site is optimized with the Yoast SEO plugin v27.2 - https:\/\/yoast.com\/product\/yoast-seo-wordpress\/ -->\n<title>Sporting oficializa refor\u00e7o de inverno: Faye at\u00e9 2030 com cl\u00e1usula de 80 milh\u00f5es - Portal Tela Portugal<\/title>\n<meta name=\"robots\" content=\"index, follow, max-snippet:-1, max-image-preview:large, max-video-preview:-1\" \/>\n<meta property=\"og:locale\" content=\"pt_PT\" \/>\n<meta property=\"og:type\" content=\"article\" \/>\n<meta property=\"og:title\" content=\"Sporting oficializa refor\u00e7o de inverno: Faye at\u00e9 2030 com cl\u00e1usula de 80 milh\u00f5es - Portal Tela Portugal\" \/>\n<meta property=\"og:description\" content=\"Sporting oficializou Souleymane Faye, extremo de 22 anos, segundo refor\u00e7o de inverno. O jogador chega proveniente do Granada e assina contrato at\u00e9 2030, com uma cl\u00e1usula de 80 milh\u00f5es. O neg\u00f3cio ficou conclu\u00eddo por 6,5 milh\u00f5es de euros, com 10% de uma futura venda reservados ao Granada. Faye j\u00e1 treinou nesta quarta-feira sob as ordens de Rui Borges. A contrata\u00e7\u00e3o complementa a chegada de Lu\u00eds Guilherme, ex-West Ham, para o mesmo setor.\" \/>\n<meta property=\"og:url\" content=\"https:\/\/portaltela.pt\/noticias\/2026\/01\/21\/sporting-oficializa-reforco-de-inverno-faye-ate-2030-com-clausula-de-80-milhoes\/\" \/>\n<meta property=\"og:site_name\" content=\"Portal Tela Portugal\" \/>\n<meta property=\"article:published_time\" content=\"2026-01-21T16:33:00+00:00\" \/>\n<meta name=\"author\" content=\"Telinha\" \/>\n<meta name=\"twitter:card\" content=\"summary_large_image\" \/>\n<meta name=\"twitter:label1\" content=\"Escrito por\" \/>\n\t<meta name=\"twitter:data1\" content=\"Telinha\" \/>\n\t<meta name=\"twitter:label2\" content=\"Tempo estimado de leitura\" \/>\n\t<meta name=\"twitter:data2\" content=\"1 minuto\" \/>\n<script type=\"application\/ld+json\" class=\"yoast-schema-graph\">{\"@context\":\"https:\/\/schema.org\",\"@graph\":[{\"@type\":\"Article\",\"@id\":\"https:\/\/portaltela.pt\/noticias\/2026\/01\/21\/sporting-oficializa-reforco-de-inverno-faye-ate-2030-com-clausula-de-80-milhoes\/#article\",\"isPartOf\":{\"@id\":\"https:\/\/portaltela.pt\/noticias\/2026\/01\/21\/sporting-oficializa-reforco-de-inverno-faye-ate-2030-com-clausula-de-80-milhoes\/\"},\"author\":{\"name\":\"Telinha\",\"@id\":\"https:\/\/portaltela.pt\/#\/schema\/person\/c4278d4a6028830caff9ee44b42d32ed\"},\"headline\":\"Sporting oficializa refor\u00e7o de inverno: Faye at\u00e9 2030 com cl\u00e1usula de 80 milh\u00f5es\",\"datePublished\":\"2026-01-21T16:33:00+00:00\",\"mainEntityOfPage\":{\"@id\":\"https:\/\/portaltela.pt\/noticias\/2026\/01\/21\/sporting-oficializa-reforco-de-inverno-faye-ate-2030-com-clausula-de-80-milhoes\/\"},\"wordCount\":150,\"image\":{\"@id\":\"https:\/\/portaltela.pt\/noticias\/2026\/01\/21\/sporting-oficializa-reforco-de-inverno-faye-ate-2030-com-clausula-de-80-milhoes\/#primaryimage\"},\"thumbnailUrl\":\"https:\/\/portaltela.pt\/s.01k8rhncp4jt1\/2026\/01\/img_920x518uu2026-01-21-16-40-16-2416325.jpg\",\"keywords\":[\"futebol\",\"Granada\",\"jogadores\",\"mercado da bola\",\"Sporting\",\"transfer\u00eancias\"],\"articleSection\":[\"Desporto\",\"Futebol\"],\"inLanguage\":\"pt-PT\"},{\"@type\":\"WebPage\",\"@id\":\"https:\/\/portaltela.pt\/noticias\/2026\/01\/21\/sporting-oficializa-reforco-de-inverno-faye-ate-2030-com-clausula-de-80-milhoes\/\",\"url\":\"https:\/\/portaltela.pt\/noticias\/2026\/01\/21\/sporting-oficializa-reforco-de-inverno-faye-ate-2030-com-clausula-de-80-milhoes\/\",\"name\":\"Sporting oficializa refor\u00e7o de inverno: Faye at\u00e9 2030 com cl\u00e1usula de 80 milh\u00f5es - Portal Tela Portugal\",\"isPartOf\":{\"@id\":\"https:\/\/portaltela.pt\/#website\"},\"primaryImageOfPage\":{\"@id\":\"https:\/\/portaltela.pt\/noticias\/2026\/01\/21\/sporting-oficializa-reforco-de-inverno-faye-ate-2030-com-clausula-de-80-milhoes\/#primaryimage\"},\"image\":{\"@id\":\"https:\/\/portaltela.pt\/noticias\/2026\/01\/21\/sporting-oficializa-reforco-de-inverno-faye-ate-2030-com-clausula-de-80-milhoes\/#primaryimage\"},\"thumbnailUrl\":\"https:\/\/portaltela.pt\/s.01k8rhncp4jt1\/2026\/01\/img_920x518uu2026-01-21-16-40-16-2416325.jpg\",\"datePublished\":\"2026-01-21T16:33:00+00:00\",\"author\":{\"@id\":\"https:\/\/portaltela.pt\/#\/schema\/person\/c4278d4a6028830caff9ee44b42d32ed\"},\"breadcrumb\":{\"@id\":\"https:\/\/portaltela.pt\/noticias\/2026\/01\/21\/sporting-oficializa-reforco-de-inverno-faye-ate-2030-com-clausula-de-80-milhoes\/#breadcrumb\"},\"inLanguage\":\"pt-PT\",\"potentialAction\":[{\"@type\":\"ReadAction\",\"target\":[\"https:\/\/portaltela.pt\/noticias\/2026\/01\/21\/sporting-oficializa-reforco-de-inverno-faye-ate-2030-com-clausula-de-80-milhoes\/\"]}]},{\"@type\":\"ImageObject\",\"inLanguage\":\"pt-PT\",\"@id\":\"https:\/\/portaltela.pt\/noticias\/2026\/01\/21\/sporting-oficializa-reforco-de-inverno-faye-ate-2030-com-clausula-de-80-milhoes\/#primaryimage\",\"url\":\"https:\/\/portaltela.pt\/s.01k8rhncp4jt1\/2026\/01\/img_920x518uu2026-01-21-16-40-16-2416325.jpg\",\"contentUrl\":\"https:\/\/portaltela.pt\/s.01k8rhncp4jt1\/2026\/01\/img_920x518uu2026-01-21-16-40-16-2416325.jpg\",\"width\":796,\"height\":448,\"caption\":\"Faye com Frederico Varandas na foto da praxe\"},{\"@type\":\"BreadcrumbList\",\"@id\":\"https:\/\/portaltela.pt\/noticias\/2026\/01\/21\/sporting-oficializa-reforco-de-inverno-faye-ate-2030-com-clausula-de-80-milhoes\/#breadcrumb\",\"itemListElement\":[{\"@type\":\"ListItem\",\"position\":1,\"name\":\"In\u00edcio\",\"item\":\"https:\/\/portaltela.pt\/\"},{\"@type\":\"ListItem\",\"position\":2,\"name\":\"Sporting oficializa refor\u00e7o de inverno: Faye at\u00e9 2030 com cl\u00e1usula de 80 milh\u00f5es\"}]},{\"@type\":\"WebSite\",\"@id\":\"https:\/\/portaltela.pt\/#website\",\"url\":\"https:\/\/portaltela.pt\/\",\"name\":\"Portal Tela Portugal\",\"description\":\"\",\"potentialAction\":[{\"@type\":\"SearchAction\",\"target\":{\"@type\":\"EntryPoint\",\"urlTemplate\":\"https:\/\/portaltela.pt\/?s={search_term_string}\"},\"query-input\":{\"@type\":\"PropertyValueSpecification\",\"valueRequired\":true,\"valueName\":\"search_term_string\"}}],\"inLanguage\":\"pt-PT\"},{\"@type\":\"Person\",\"@id\":\"https:\/\/portaltela.pt\/#\/schema\/person\/c4278d4a6028830caff9ee44b42d32ed\",\"name\":\"Telinha\",\"image\":{\"@type\":\"ImageObject\",\"inLanguage\":\"pt-PT\",\"@id\":\"https:\/\/portaltela.pt\/s.01k8rhncp4jt1\/2025\/11\/talking-bot-125x125.png\",\"url\":\"https:\/\/portaltela.pt\/s.01k8rhncp4jt1\/2025\/11\/talking-bot-125x125.png\",\"contentUrl\":\"https:\/\/portaltela.pt\/s.01k8rhncp4jt1\/2025\/11\/talking-bot-125x125.png\",\"caption\":\"Telinha\"},\"sameAs\":[\"https:\/\/portaltela.pt\/\"],\"url\":\"https:\/\/portaltela.pt\/por\/367410592786\/\"}]}<\/script>\n<!-- \/ Yoast SEO plugin. -->","yoast_head_json":{"title":"Sporting oficializa refor\u00e7o de inverno: Faye at\u00e9 2030 com cl\u00e1usula de 80 milh\u00f5es - Portal Tela Portugal","robots":{"index":"index","follow":"follow","max-snippet":"max-snippet:-1","max-image-preview":"max-image-preview:large","max-video-preview":"max-video-preview:-1"},"og_locale":"pt_PT","og_type":"article","og_title":"Sporting oficializa refor\u00e7o de inverno: Faye at\u00e9 2030 com cl\u00e1usula de 80 milh\u00f5es - Portal Tela Portugal","og_description":"Sporting oficializou Souleymane Faye, extremo de 22 anos, segundo refor\u00e7o de inverno. O jogador chega proveniente do Granada e assina contrato at\u00e9 2030, com uma cl\u00e1usula de 80 milh\u00f5es. O neg\u00f3cio ficou conclu\u00eddo por 6,5 milh\u00f5es de euros, com 10% de uma futura venda reservados ao Granada. Faye j\u00e1 treinou nesta quarta-feira sob as ordens de Rui Borges. A contrata\u00e7\u00e3o complementa a chegada de Lu\u00eds Guilherme, ex-West Ham, para o mesmo setor.","og_url":"https:\/\/portaltela.pt\/noticias\/2026\/01\/21\/sporting-oficializa-reforco-de-inverno-faye-ate-2030-com-clausula-de-80-milhoes\/","og_site_name":"Portal Tela Portugal","article_published_time":"2026-01-21T16:33:00+00:00","author":"Telinha","twitter_card":"summary_large_image","twitter_misc":{"Escrito por":"Telinha","Tempo estimado de leitura":"1 minuto"},"schema":{"@context":"https:\/\/schema.org","@graph":[{"@type":"Article","@id":"https:\/\/portaltela.pt\/noticias\/2026\/01\/21\/sporting-oficializa-reforco-de-inverno-faye-ate-2030-com-clausula-de-80-milhoes\/#article","isPartOf":{"@id":"https:\/\/portaltela.pt\/noticias\/2026\/01\/21\/sporting-oficializa-reforco-de-inverno-faye-ate-2030-com-clausula-de-80-milhoes\/"},"author":{"name":"Telinha","@id":"https:\/\/portaltela.pt\/#\/schema\/person\/c4278d4a6028830caff9ee44b42d32ed"},"headline":"Sporting oficializa refor\u00e7o de inverno: Faye at\u00e9 2030 com cl\u00e1usula de 80 milh\u00f5es","datePublished":"2026-01-21T16:33:00+00:00","mainEntityOfPage":{"@id":"https:\/\/portaltela.pt\/noticias\/2026\/01\/21\/sporting-oficializa-reforco-de-inverno-faye-ate-2030-com-clausula-de-80-milhoes\/"},"wordCount":150,"image":{"@id":"https:\/\/portaltela.pt\/noticias\/2026\/01\/21\/sporting-oficializa-reforco-de-inverno-faye-ate-2030-com-clausula-de-80-milhoes\/#primaryimage"},"thumbnailUrl":"https:\/\/portaltela.pt\/s.01k8rhncp4jt1\/2026\/01\/img_920x518uu2026-01-21-16-40-16-2416325.jpg","keywords":["futebol","Granada","jogadores","mercado da bola","Sporting","transfer\u00eancias"],"articleSection":["Desporto","Futebol"],"inLanguage":"pt-PT"},{"@type":"WebPage","@id":"https:\/\/portaltela.pt\/noticias\/2026\/01\/21\/sporting-oficializa-reforco-de-inverno-faye-ate-2030-com-clausula-de-80-milhoes\/","url":"https:\/\/portaltela.pt\/noticias\/2026\/01\/21\/sporting-oficializa-reforco-de-inverno-faye-ate-2030-com-clausula-de-80-milhoes\/","name":"Sporting oficializa refor\u00e7o de inverno: Faye at\u00e9 2030 com cl\u00e1usula de 80 milh\u00f5es - Portal Tela Portugal","isPartOf":{"@id":"https:\/\/portaltela.pt\/#website"},"primaryImageOfPage":{"@id":"https:\/\/portaltela.pt\/noticias\/2026\/01\/21\/sporting-oficializa-reforco-de-inverno-faye-ate-2030-com-clausula-de-80-milhoes\/#primaryimage"},"image":{"@id":"https:\/\/portaltela.pt\/noticias\/2026\/01\/21\/sporting-oficializa-reforco-de-inverno-faye-ate-2030-com-clausula-de-80-milhoes\/#primaryimage"},"thumbnailUrl":"https:\/\/portaltela.pt\/s.01k8rhncp4jt1\/2026\/01\/img_920x518uu2026-01-21-16-40-16-2416325.jpg","datePublished":"2026-01-21T16:33:00+00:00","author":{"@id":"https:\/\/portaltela.pt\/#\/schema\/person\/c4278d4a6028830caff9ee44b42d32ed"},"breadcrumb":{"@id":"https:\/\/portaltela.pt\/noticias\/2026\/01\/21\/sporting-oficializa-reforco-de-inverno-faye-ate-2030-com-clausula-de-80-milhoes\/#breadcrumb"},"inLanguage":"pt-PT","potentialAction":[{"@type":"ReadAction","target":["https:\/\/portaltela.pt\/noticias\/2026\/01\/21\/sporting-oficializa-reforco-de-inverno-faye-ate-2030-com-clausula-de-80-milhoes\/"]}]},{"@type":"ImageObject","inLanguage":"pt-PT","@id":"https:\/\/portaltela.pt\/noticias\/2026\/01\/21\/sporting-oficializa-reforco-de-inverno-faye-ate-2030-com-clausula-de-80-milhoes\/#primaryimage","url":"https:\/\/portaltela.pt\/s.01k8rhncp4jt1\/2026\/01\/img_920x518uu2026-01-21-16-40-16-2416325.jpg","contentUrl":"https:\/\/portaltela.pt\/s.01k8rhncp4jt1\/2026\/01\/img_920x518uu2026-01-21-16-40-16-2416325.jpg","width":796,"height":448,"caption":"Faye com Frederico Varandas na foto da praxe"},{"@type":"BreadcrumbList","@id":"https:\/\/portaltela.pt\/noticias\/2026\/01\/21\/sporting-oficializa-reforco-de-inverno-faye-ate-2030-com-clausula-de-80-milhoes\/#breadcrumb","itemListElement":[{"@type":"ListItem","position":1,"name":"In\u00edcio","item":"https:\/\/portaltela.pt\/"},{"@type":"ListItem","position":2,"name":"Sporting oficializa refor\u00e7o de inverno: Faye at\u00e9 2030 com cl\u00e1usula de 80 milh\u00f5es"}]},{"@type":"WebSite","@id":"https:\/\/portaltela.pt\/#website","url":"https:\/\/portaltela.pt\/","name":"Portal Tela Portugal","description":"","potentialAction":[{"@type":"SearchAction","target":{"@type":"EntryPoint","urlTemplate":"https:\/\/portaltela.pt\/?s={search_term_string}"},"query-input":{"@type":"PropertyValueSpecification","valueRequired":true,"valueName":"search_term_string"}}],"inLanguage":"pt-PT"},{"@type":"Person","@id":"https:\/\/portaltela.pt\/#\/schema\/person\/c4278d4a6028830caff9ee44b42d32ed","name":"Telinha","image":{"@type":"ImageObject","inLanguage":"pt-PT","@id":"https:\/\/portaltela.pt\/s.01k8rhncp4jt1\/2025\/11\/talking-bot-125x125.png","url":"https:\/\/portaltela.pt\/s.01k8rhncp4jt1\/2025\/11\/talking-bot-125x125.png","contentUrl":"https:\/\/portaltela.pt\/s.01k8rhncp4jt1\/2025\/11\/talking-bot-125x125.png","caption":"Telinha"},"sameAs":["https:\/\/portaltela.pt\/"],"url":"https:\/\/portaltela.pt\/por\/367410592786\/"}]}},"_links":{"self":[{"href":"https:\/\/portaltela.pt\/api\/wp\/v2\/posts\/160351","targetHints":{"allow":["GET"]}}],"collection":[{"href":"https:\/\/portaltela.pt\/api\/wp\/v2\/posts"}],"about":[{"href":"https:\/\/portaltela.pt\/api\/wp\/v2\/types\/post"}],"author":[{"embeddable":true,"href":"https:\/\/portaltela.pt\/api\/wp\/v2\/users\/2"}],"replies":[{"embeddable":true,"href":"https:\/\/portaltela.pt\/api\/wp\/v2\/comments?post=160351"}],"version-history":[{"count":0,"href":"https:\/\/portaltela.pt\/api\/wp\/v2\/posts\/160351\/revisions"}],"wp:featuredmedia":[{"embeddable":true,"href":"https:\/\/portaltela.pt\/api\/wp\/v2\/media\/160354"}],"wp:attachment":[{"href":"https:\/\/portaltela.pt\/api\/wp\/v2\/media?parent=160351"}],"wp:term":[{"taxonomy":"category","embeddable":true,"href":"https:\/\/portaltela.pt\/api\/wp\/v2\/categories?post=160351"},{"taxonomy":"post_tag","embeddable":true,"href":"https:\/\/portaltela.pt\/api\/wp\/v2\/tags?post=160351"}],"curies":[{"name":"wp","href":"https:\/\/api.w.org\/{rel}","templated":true}]}}