{"id":160309,"date":"2026-01-21T13:41:56","date_gmt":"2026-01-21T16:41:56","guid":{"rendered":"https:\/\/portaltela.pt\/noticias\/2026\/01\/21\/camara-de-angra-do-heroismo-recebeu-17-milhoes-de-euros-indevidamente\/"},"modified":"2026-01-21T13:41:56","modified_gmt":"2026-01-21T16:41:56","slug":"camara-de-angra-do-heroismo-recebeu-17-milhoes-de-euros-indevidamente","status":"publish","type":"post","link":"https:\/\/portaltela.pt\/noticias\/economia\/2026\/01\/21\/camara-de-angra-do-heroismo-recebeu-17-milhoes-de-euros-indevidamente\/","title":{"rendered":"C\u00e2mara de Angra do Hero\u00edsmo recebeu 1,7 milh\u00f5es de euros indevidamente"},"content":{"rendered":"<p>A C\u00e2mara do Com\u00e9rcio e Ind\u00fastria de Angra do Hero\u00edsmo, nos A\u00e7ores, recebeu apoio comunit\u00e1rio de 1,7 milh\u00f5es de euros para promo\u00e7\u00e3o tur\u00edstica, apesar de n\u00e3o se apresentar como entidade eleg\u00edvel. A informa\u00e7\u00e3o resulta de auditoria do Tribunal de Contas (TdC).<\/p>\n<p>O TdC aponta que a Dire\u00e7\u00e3o Regional do Planeamento e Fundos Estruturais falhou ao atribuir verbas a esta C\u00e2mara. A entidade n\u00e3o poderia ter recebido o financiamento nem cumprir as opera\u00e7\u00f5es previstas, segundo o relat\u00f3rio.<\/p>\n<p>A auditoria incide no Programa Operacional A\u00e7ores 2020, com fundos cofinanciados entre 2021 e 2023 pelo Feder e pelo FSE. Ao todo, o programa validou milhares de candidaturas e financiamentos superiores ao previsto.<\/p>\n<h3>Detalhes da auditoria e recursos usados<\/h3>\n<p>A auditoria destaca que o aviso A\u00e7ores-52-2022-07 foi lan\u00e7ado em maio de 2022 e se tratou de um convite para candidaturas sem justifica\u00e7\u00e3o clara. A Dire\u00e7\u00e3o Regional sustentou excecionalidade por interesse regional, o que o TdC contesta.<\/p>\n<p>Entre as despesas identificadas constam custos de pessoal, participa\u00e7\u00e3o na NY Travel &amp; Adventure Show (EUA) e a aquisi\u00e7\u00e3o de vouchers e lona. Encontra-se ainda uma diferen\u00e7a de remunera\u00e7\u00e3o entre o valor previsto e o efetivo para uma colaboradora.<\/p>\n","protected":false},"excerpt":{"rendered":"<ul>\n<li>O Tribunal de Contas aponta que a C\u00e2mara do Com\u00e9rcio e Ind\u00fastria de Angra do Hero\u00edsmo recebeu 1,7 milh\u00f5es de euros de apoios comunit\u00e1rios para promo\u00e7\u00e3o tur\u00edstica, apesar de n\u00e3o se enquadrar como entidade benefici\u00e1ria eleg\u00edvel.<\/li>\n<li>A auditoria \u00e0 Dire\u00e7\u00e3o Regional do Planeamento e Fundos Estruturais indica que as verbas n\u00e3o poderiam ter sido atribu\u00eddas, o que pode gerar responsabilidade financeira.<\/li>\n<li>O aviso A\u00e7ores-52-2022-07, de 31 de maio de 2022, adotou a modalidade de convite para candidaturas sem justifica\u00e7\u00e3o, o que contraria a legisla\u00e7\u00e3o.<\/li>\n<li>A C\u00e2mara alterou os seus estatutos em julho de 2022 para passar a designa\u00e7\u00e3o com refer\u00eancia \u00e0 Ind\u00fastria, e os apoios diziam respeito ao desenvolvimento e promo\u00e7\u00e3o de servi\u00e7os comerciais tur\u00edsticos para PMEs.<\/li>\n<li>No \u00e2mbito do Programa Operacional A\u00e7ores 2020, at\u00e9 ao final de 2023 foram aprovadas 10.451 candidaturas, com financiamento comunit\u00e1rio de 1.346.559.165 euros e execu\u00e7\u00e3o financeira de 1.186.204.480 euros.<\/li>\n<\/ul>\n","protected":false},"author":2,"featured_media":160316,"comment_status":"closed","ping_status":"closed","sticky":false,"template":"","format":"standard","meta":{"footnotes":""},"categories":[2,1],"tags":[822,2919,2417,2501,169],"class_list":["post-160309","post","type-post","status-publish","format-standard","has-post-thumbnail","hentry","category-economia","category-noticias","tag-acores","tag-angra-do-heroismo","tag-financiamento","tag-fundos-europeus","tag-turismo"],"yoast_head":"<!-- This site is optimized with the Yoast SEO plugin v27.2 - https:\/\/yoast.com\/product\/yoast-seo-wordpress\/ -->\n<title>C\u00e2mara de Angra do Hero\u00edsmo recebeu 1,7 milh\u00f5es de euros indevidamente - Portal Tela Portugal<\/title>\n<meta name=\"robots\" content=\"index, follow, max-snippet:-1, max-image-preview:large, max-video-preview:-1\" \/>\n<meta property=\"og:locale\" content=\"pt_PT\" \/>\n<meta property=\"og:type\" content=\"article\" \/>\n<meta property=\"og:title\" content=\"C\u00e2mara de Angra do Hero\u00edsmo recebeu 1,7 milh\u00f5es de euros indevidamente - Portal Tela Portugal\" \/>\n<meta property=\"og:description\" content=\"O Tribunal de Contas aponta que a C\u00e2mara do Com\u00e9rcio e Ind\u00fastria de Angra do Hero\u00edsmo recebeu 1,7 milh\u00f5es de euros de apoios comunit\u00e1rios para promo\u00e7\u00e3o tur\u00edstica, apesar de n\u00e3o se enquadrar como entidade benefici\u00e1ria eleg\u00edvel. A auditoria \u00e0 Dire\u00e7\u00e3o Regional do Planeamento e Fundos Estruturais indica que as verbas n\u00e3o poderiam ter sido atribu\u00eddas, o que pode gerar responsabilidade financeira. O aviso A\u00e7ores-52-2022-07, de 31 de maio de 2022, adotou a modalidade de convite para candidaturas sem justifica\u00e7\u00e3o, o que contraria a legisla\u00e7\u00e3o. A C\u00e2mara alterou os seus estatutos em julho de 2022 para passar a designa\u00e7\u00e3o com refer\u00eancia \u00e0 Ind\u00fastria, e os apoios diziam respeito ao desenvolvimento e promo\u00e7\u00e3o de servi\u00e7os comerciais tur\u00edsticos para PMEs. No \u00e2mbito do Programa Operacional A\u00e7ores 2020, at\u00e9 ao final de 2023 foram aprovadas 10.451 candidaturas, com financiamento comunit\u00e1rio de 1.346.559.165 euros e execu\u00e7\u00e3o financeira de 1.186.204.480 euros.\" \/>\n<meta property=\"og:url\" content=\"https:\/\/portaltela.pt\/noticias\/2026\/01\/21\/camara-de-angra-do-heroismo-recebeu-17-milhoes-de-euros-indevidamente\/\" \/>\n<meta property=\"og:site_name\" content=\"Portal Tela Portugal\" \/>\n<meta property=\"article:published_time\" content=\"2026-01-21T16:41:56+00:00\" \/>\n<meta name=\"author\" content=\"Telinha\" \/>\n<meta name=\"twitter:card\" content=\"summary_large_image\" \/>\n<meta name=\"twitter:label1\" content=\"Escrito por\" \/>\n\t<meta name=\"twitter:data1\" content=\"Telinha\" \/>\n\t<meta name=\"twitter:label2\" content=\"Tempo estimado de leitura\" \/>\n\t<meta name=\"twitter:data2\" content=\"1 minuto\" \/>\n<script type=\"application\/ld+json\" class=\"yoast-schema-graph\">{\"@context\":\"https:\/\/schema.org\",\"@graph\":[{\"@type\":\"Article\",\"@id\":\"https:\/\/portaltela.pt\/noticias\/2026\/01\/21\/camara-de-angra-do-heroismo-recebeu-17-milhoes-de-euros-indevidamente\/#article\",\"isPartOf\":{\"@id\":\"https:\/\/portaltela.pt\/noticias\/2026\/01\/21\/camara-de-angra-do-heroismo-recebeu-17-milhoes-de-euros-indevidamente\/\"},\"author\":{\"name\":\"Telinha\",\"@id\":\"https:\/\/portaltela.pt\/#\/schema\/person\/c4278d4a6028830caff9ee44b42d32ed\"},\"headline\":\"C\u00e2mara de Angra do Hero\u00edsmo recebeu 1,7 milh\u00f5es de euros indevidamente\",\"datePublished\":\"2026-01-21T16:41:56+00:00\",\"mainEntityOfPage\":{\"@id\":\"https:\/\/portaltela.pt\/noticias\/2026\/01\/21\/camara-de-angra-do-heroismo-recebeu-17-milhoes-de-euros-indevidamente\/\"},\"wordCount\":227,\"image\":{\"@id\":\"https:\/\/portaltela.pt\/noticias\/2026\/01\/21\/camara-de-angra-do-heroismo-recebeu-17-milhoes-de-euros-indevidamente\/#primaryimage\"},\"thumbnailUrl\":\"https:\/\/portaltela.pt\/s.01k8rhncp4jt1\/2026\/01\/img_1500x1000uu2023-09-25-19-03-39-1451770.jpg\",\"keywords\":[\"A\u00e7ores\",\"Angra do Hero\u00edsmo\",\"financiamento\",\"Fundos Europeus\",\"turismo\"],\"articleSection\":[\"Economia\",\"Not\u00edcias\"],\"inLanguage\":\"pt-PT\"},{\"@type\":\"WebPage\",\"@id\":\"https:\/\/portaltela.pt\/noticias\/2026\/01\/21\/camara-de-angra-do-heroismo-recebeu-17-milhoes-de-euros-indevidamente\/\",\"url\":\"https:\/\/portaltela.pt\/noticias\/2026\/01\/21\/camara-de-angra-do-heroismo-recebeu-17-milhoes-de-euros-indevidamente\/\",\"name\":\"C\u00e2mara de Angra do Hero\u00edsmo recebeu 1,7 milh\u00f5es de euros indevidamente - Portal Tela Portugal\",\"isPartOf\":{\"@id\":\"https:\/\/portaltela.pt\/#website\"},\"primaryImageOfPage\":{\"@id\":\"https:\/\/portaltela.pt\/noticias\/2026\/01\/21\/camara-de-angra-do-heroismo-recebeu-17-milhoes-de-euros-indevidamente\/#primaryimage\"},\"image\":{\"@id\":\"https:\/\/portaltela.pt\/noticias\/2026\/01\/21\/camara-de-angra-do-heroismo-recebeu-17-milhoes-de-euros-indevidamente\/#primaryimage\"},\"thumbnailUrl\":\"https:\/\/portaltela.pt\/s.01k8rhncp4jt1\/2026\/01\/img_1500x1000uu2023-09-25-19-03-39-1451770.jpg\",\"datePublished\":\"2026-01-21T16:41:56+00:00\",\"author\":{\"@id\":\"https:\/\/portaltela.pt\/#\/schema\/person\/c4278d4a6028830caff9ee44b42d32ed\"},\"breadcrumb\":{\"@id\":\"https:\/\/portaltela.pt\/noticias\/2026\/01\/21\/camara-de-angra-do-heroismo-recebeu-17-milhoes-de-euros-indevidamente\/#breadcrumb\"},\"inLanguage\":\"pt-PT\",\"potentialAction\":[{\"@type\":\"ReadAction\",\"target\":[\"https:\/\/portaltela.pt\/noticias\/2026\/01\/21\/camara-de-angra-do-heroismo-recebeu-17-milhoes-de-euros-indevidamente\/\"]}]},{\"@type\":\"ImageObject\",\"inLanguage\":\"pt-PT\",\"@id\":\"https:\/\/portaltela.pt\/noticias\/2026\/01\/21\/camara-de-angra-do-heroismo-recebeu-17-milhoes-de-euros-indevidamente\/#primaryimage\",\"url\":\"https:\/\/portaltela.pt\/s.01k8rhncp4jt1\/2026\/01\/img_1500x1000uu2023-09-25-19-03-39-1451770.jpg\",\"contentUrl\":\"https:\/\/portaltela.pt\/s.01k8rhncp4jt1\/2026\/01\/img_1500x1000uu2023-09-25-19-03-39-1451770.jpg\",\"width\":796,\"height\":448,\"caption\":\"Decis\u00e3o resultou de uma auditoria do governo regional dos A\u00e7ores\"},{\"@type\":\"BreadcrumbList\",\"@id\":\"https:\/\/portaltela.pt\/noticias\/2026\/01\/21\/camara-de-angra-do-heroismo-recebeu-17-milhoes-de-euros-indevidamente\/#breadcrumb\",\"itemListElement\":[{\"@type\":\"ListItem\",\"position\":1,\"name\":\"In\u00edcio\",\"item\":\"https:\/\/portaltela.pt\/\"},{\"@type\":\"ListItem\",\"position\":2,\"name\":\"C\u00e2mara de Angra do Hero\u00edsmo recebeu 1,7 milh\u00f5es de euros indevidamente\"}]},{\"@type\":\"WebSite\",\"@id\":\"https:\/\/portaltela.pt\/#website\",\"url\":\"https:\/\/portaltela.pt\/\",\"name\":\"Portal Tela Portugal\",\"description\":\"\",\"potentialAction\":[{\"@type\":\"SearchAction\",\"target\":{\"@type\":\"EntryPoint\",\"urlTemplate\":\"https:\/\/portaltela.pt\/?s={search_term_string}\"},\"query-input\":{\"@type\":\"PropertyValueSpecification\",\"valueRequired\":true,\"valueName\":\"search_term_string\"}}],\"inLanguage\":\"pt-PT\"},{\"@type\":\"Person\",\"@id\":\"https:\/\/portaltela.pt\/#\/schema\/person\/c4278d4a6028830caff9ee44b42d32ed\",\"name\":\"Telinha\",\"image\":{\"@type\":\"ImageObject\",\"inLanguage\":\"pt-PT\",\"@id\":\"https:\/\/portaltela.pt\/s.01k8rhncp4jt1\/2025\/11\/talking-bot-125x125.png\",\"url\":\"https:\/\/portaltela.pt\/s.01k8rhncp4jt1\/2025\/11\/talking-bot-125x125.png\",\"contentUrl\":\"https:\/\/portaltela.pt\/s.01k8rhncp4jt1\/2025\/11\/talking-bot-125x125.png\",\"caption\":\"Telinha\"},\"sameAs\":[\"https:\/\/portaltela.pt\/\"],\"url\":\"https:\/\/portaltela.pt\/por\/367410592786\/\"}]}<\/script>\n<!-- \/ Yoast SEO plugin. -->","yoast_head_json":{"title":"C\u00e2mara de Angra do Hero\u00edsmo recebeu 1,7 milh\u00f5es de euros indevidamente - Portal Tela Portugal","robots":{"index":"index","follow":"follow","max-snippet":"max-snippet:-1","max-image-preview":"max-image-preview:large","max-video-preview":"max-video-preview:-1"},"og_locale":"pt_PT","og_type":"article","og_title":"C\u00e2mara de Angra do Hero\u00edsmo recebeu 1,7 milh\u00f5es de euros indevidamente - Portal Tela Portugal","og_description":"O Tribunal de Contas aponta que a C\u00e2mara do Com\u00e9rcio e Ind\u00fastria de Angra do Hero\u00edsmo recebeu 1,7 milh\u00f5es de euros de apoios comunit\u00e1rios para promo\u00e7\u00e3o tur\u00edstica, apesar de n\u00e3o se enquadrar como entidade benefici\u00e1ria eleg\u00edvel. A auditoria \u00e0 Dire\u00e7\u00e3o Regional do Planeamento e Fundos Estruturais indica que as verbas n\u00e3o poderiam ter sido atribu\u00eddas, o que pode gerar responsabilidade financeira. O aviso A\u00e7ores-52-2022-07, de 31 de maio de 2022, adotou a modalidade de convite para candidaturas sem justifica\u00e7\u00e3o, o que contraria a legisla\u00e7\u00e3o. A C\u00e2mara alterou os seus estatutos em julho de 2022 para passar a designa\u00e7\u00e3o com refer\u00eancia \u00e0 Ind\u00fastria, e os apoios diziam respeito ao desenvolvimento e promo\u00e7\u00e3o de servi\u00e7os comerciais tur\u00edsticos para PMEs. No \u00e2mbito do Programa Operacional A\u00e7ores 2020, at\u00e9 ao final de 2023 foram aprovadas 10.451 candidaturas, com financiamento comunit\u00e1rio de 1.346.559.165 euros e execu\u00e7\u00e3o financeira de 1.186.204.480 euros.","og_url":"https:\/\/portaltela.pt\/noticias\/2026\/01\/21\/camara-de-angra-do-heroismo-recebeu-17-milhoes-de-euros-indevidamente\/","og_site_name":"Portal Tela Portugal","article_published_time":"2026-01-21T16:41:56+00:00","author":"Telinha","twitter_card":"summary_large_image","twitter_misc":{"Escrito por":"Telinha","Tempo estimado de leitura":"1 minuto"},"schema":{"@context":"https:\/\/schema.org","@graph":[{"@type":"Article","@id":"https:\/\/portaltela.pt\/noticias\/2026\/01\/21\/camara-de-angra-do-heroismo-recebeu-17-milhoes-de-euros-indevidamente\/#article","isPartOf":{"@id":"https:\/\/portaltela.pt\/noticias\/2026\/01\/21\/camara-de-angra-do-heroismo-recebeu-17-milhoes-de-euros-indevidamente\/"},"author":{"name":"Telinha","@id":"https:\/\/portaltela.pt\/#\/schema\/person\/c4278d4a6028830caff9ee44b42d32ed"},"headline":"C\u00e2mara de Angra do Hero\u00edsmo recebeu 1,7 milh\u00f5es de euros indevidamente","datePublished":"2026-01-21T16:41:56+00:00","mainEntityOfPage":{"@id":"https:\/\/portaltela.pt\/noticias\/2026\/01\/21\/camara-de-angra-do-heroismo-recebeu-17-milhoes-de-euros-indevidamente\/"},"wordCount":227,"image":{"@id":"https:\/\/portaltela.pt\/noticias\/2026\/01\/21\/camara-de-angra-do-heroismo-recebeu-17-milhoes-de-euros-indevidamente\/#primaryimage"},"thumbnailUrl":"https:\/\/portaltela.pt\/s.01k8rhncp4jt1\/2026\/01\/img_1500x1000uu2023-09-25-19-03-39-1451770.jpg","keywords":["A\u00e7ores","Angra do Hero\u00edsmo","financiamento","Fundos Europeus","turismo"],"articleSection":["Economia","Not\u00edcias"],"inLanguage":"pt-PT"},{"@type":"WebPage","@id":"https:\/\/portaltela.pt\/noticias\/2026\/01\/21\/camara-de-angra-do-heroismo-recebeu-17-milhoes-de-euros-indevidamente\/","url":"https:\/\/portaltela.pt\/noticias\/2026\/01\/21\/camara-de-angra-do-heroismo-recebeu-17-milhoes-de-euros-indevidamente\/","name":"C\u00e2mara de Angra do Hero\u00edsmo recebeu 1,7 milh\u00f5es de euros indevidamente - Portal Tela Portugal","isPartOf":{"@id":"https:\/\/portaltela.pt\/#website"},"primaryImageOfPage":{"@id":"https:\/\/portaltela.pt\/noticias\/2026\/01\/21\/camara-de-angra-do-heroismo-recebeu-17-milhoes-de-euros-indevidamente\/#primaryimage"},"image":{"@id":"https:\/\/portaltela.pt\/noticias\/2026\/01\/21\/camara-de-angra-do-heroismo-recebeu-17-milhoes-de-euros-indevidamente\/#primaryimage"},"thumbnailUrl":"https:\/\/portaltela.pt\/s.01k8rhncp4jt1\/2026\/01\/img_1500x1000uu2023-09-25-19-03-39-1451770.jpg","datePublished":"2026-01-21T16:41:56+00:00","author":{"@id":"https:\/\/portaltela.pt\/#\/schema\/person\/c4278d4a6028830caff9ee44b42d32ed"},"breadcrumb":{"@id":"https:\/\/portaltela.pt\/noticias\/2026\/01\/21\/camara-de-angra-do-heroismo-recebeu-17-milhoes-de-euros-indevidamente\/#breadcrumb"},"inLanguage":"pt-PT","potentialAction":[{"@type":"ReadAction","target":["https:\/\/portaltela.pt\/noticias\/2026\/01\/21\/camara-de-angra-do-heroismo-recebeu-17-milhoes-de-euros-indevidamente\/"]}]},{"@type":"ImageObject","inLanguage":"pt-PT","@id":"https:\/\/portaltela.pt\/noticias\/2026\/01\/21\/camara-de-angra-do-heroismo-recebeu-17-milhoes-de-euros-indevidamente\/#primaryimage","url":"https:\/\/portaltela.pt\/s.01k8rhncp4jt1\/2026\/01\/img_1500x1000uu2023-09-25-19-03-39-1451770.jpg","contentUrl":"https:\/\/portaltela.pt\/s.01k8rhncp4jt1\/2026\/01\/img_1500x1000uu2023-09-25-19-03-39-1451770.jpg","width":796,"height":448,"caption":"Decis\u00e3o resultou de uma auditoria do governo regional dos A\u00e7ores"},{"@type":"BreadcrumbList","@id":"https:\/\/portaltela.pt\/noticias\/2026\/01\/21\/camara-de-angra-do-heroismo-recebeu-17-milhoes-de-euros-indevidamente\/#breadcrumb","itemListElement":[{"@type":"ListItem","position":1,"name":"In\u00edcio","item":"https:\/\/portaltela.pt\/"},{"@type":"ListItem","position":2,"name":"C\u00e2mara de Angra do Hero\u00edsmo recebeu 1,7 milh\u00f5es de euros indevidamente"}]},{"@type":"WebSite","@id":"https:\/\/portaltela.pt\/#website","url":"https:\/\/portaltela.pt\/","name":"Portal Tela Portugal","description":"","potentialAction":[{"@type":"SearchAction","target":{"@type":"EntryPoint","urlTemplate":"https:\/\/portaltela.pt\/?s={search_term_string}"},"query-input":{"@type":"PropertyValueSpecification","valueRequired":true,"valueName":"search_term_string"}}],"inLanguage":"pt-PT"},{"@type":"Person","@id":"https:\/\/portaltela.pt\/#\/schema\/person\/c4278d4a6028830caff9ee44b42d32ed","name":"Telinha","image":{"@type":"ImageObject","inLanguage":"pt-PT","@id":"https:\/\/portaltela.pt\/s.01k8rhncp4jt1\/2025\/11\/talking-bot-125x125.png","url":"https:\/\/portaltela.pt\/s.01k8rhncp4jt1\/2025\/11\/talking-bot-125x125.png","contentUrl":"https:\/\/portaltela.pt\/s.01k8rhncp4jt1\/2025\/11\/talking-bot-125x125.png","caption":"Telinha"},"sameAs":["https:\/\/portaltela.pt\/"],"url":"https:\/\/portaltela.pt\/por\/367410592786\/"}]}},"_links":{"self":[{"href":"https:\/\/portaltela.pt\/api\/wp\/v2\/posts\/160309","targetHints":{"allow":["GET"]}}],"collection":[{"href":"https:\/\/portaltela.pt\/api\/wp\/v2\/posts"}],"about":[{"href":"https:\/\/portaltela.pt\/api\/wp\/v2\/types\/post"}],"author":[{"embeddable":true,"href":"https:\/\/portaltela.pt\/api\/wp\/v2\/users\/2"}],"replies":[{"embeddable":true,"href":"https:\/\/portaltela.pt\/api\/wp\/v2\/comments?post=160309"}],"version-history":[{"count":0,"href":"https:\/\/portaltela.pt\/api\/wp\/v2\/posts\/160309\/revisions"}],"wp:featuredmedia":[{"embeddable":true,"href":"https:\/\/portaltela.pt\/api\/wp\/v2\/media\/160316"}],"wp:attachment":[{"href":"https:\/\/portaltela.pt\/api\/wp\/v2\/media?parent=160309"}],"wp:term":[{"taxonomy":"category","embeddable":true,"href":"https:\/\/portaltela.pt\/api\/wp\/v2\/categories?post=160309"},{"taxonomy":"post_tag","embeddable":true,"href":"https:\/\/portaltela.pt\/api\/wp\/v2\/tags?post=160309"}],"curies":[{"name":"wp","href":"https:\/\/api.w.org\/{rel}","templated":true}]}}