{"id":160230,"date":"2026-01-21T08:26:00","date_gmt":"2026-01-21T11:26:00","guid":{"rendered":"https:\/\/portaltela.pt\/noticias\/2026\/01\/21\/a-suposta-armadilha-da-familia-peltz-na-disputa-entre-beckham-e-brooklyn\/"},"modified":"2026-01-21T08:26:00","modified_gmt":"2026-01-21T11:26:00","slug":"a-suposta-armadilha-da-familia-peltz-na-disputa-entre-beckham-e-brooklyn","status":"publish","type":"post","link":"https:\/\/portaltela.pt\/noticias\/2026\/01\/21\/a-suposta-armadilha-da-familia-peltz-na-disputa-entre-beckham-e-brooklyn\/","title":{"rendered":"A suposta armadilha da fam\u00edlia Peltz na disputa entre Beckham e Brooklyn"},"content":{"rendered":"<p>A fam\u00edlia Peltz est\u00e1 no centro de uma batalha p\u00fablica que envolve a poderosa cl\u00e3 e a fam\u00edlia Beckham. A disputa ganhou contornos medi\u00e1ticos nos \u00faltimos meses, com rumores sobre desaven\u00e7as entre Brooklyn Beckham e os seus pais, bem como envolvendo Nicola Peltz e Victoria Beckham. A imprensa norte-americana chegou a avan\u00e7ar que Victoria teria influenciado o casamento de Brooklyn, e que a dan\u00e7a entre a noiva Nicola e o filho mais velho teria sido um catalisador do conflito.<\/p>\n<p>Na presente semana, o conflito ganhou um novo impulso quando Brooklyn Beckham divulgou um comunicado nas stories da sua conta de Instagram, revelando tens\u00f5es familiares. Segundo o Daily Mail, a antiga Spice Girl ter\u00e1 ficado devastada com os acontecimentos e parte da narrativa aponta para manipula\u00e7\u00e3o por parte da fam\u00edlia Peltz e dos seus advogados. O texto publicado n\u00e3o foi confirmado por fontes oficiais da fam\u00edlia Beckham.<\/p>\n<p>Entre rea\u00e7\u00f5es p\u00fablicas, David Beckham comentou sobre o tema em tom de defesa dos filhos, afirmando que as crian\u00e7as t\u00eam direito a cometer erros, como parte do processo de aprendizagem. N\u00e3o houve confirma\u00e7\u00e3o oficial de qualquer resolu\u00e7\u00e3o, mantendo o pouca clareza sobre o desfecho da crise familiar.<\/p>\n<p>Paralelamente, surgiram relatos de cr\u00edticas internas ao comportamento de Brooklyn, incluindo alega\u00e7\u00f5es de que a m\u00e3e dan\u00e7a de forma inadequada \u00e0 frente de terceiros. Estes relatos n\u00e3o foram verificados de forma independente e fazem parte do mosaico de declara\u00e7\u00f5es que t\u00eam alimentado a cobertura medi\u00e1tica.<\/p>\n<p>Brooklyn bloqueou contas dos pais e de irm\u00e3os nas redes sociais, aumentando o tom da crise familiar. A situa\u00e7\u00e3o aguarda por posicionamentos oficiais adicionais das partes envolvidas, sem confirma\u00e7\u00e3o de data para uma reconcilia\u00e7\u00e3o. O caso mant\u00e9m o foco em interesses familiares, estrat\u00e9gias legais e o impacto p\u00fablico na imagem de ambas as fam\u00edlias.<\/p>\n","protected":false},"excerpt":{"rendered":"<ul>\n<li>O conflito entre a fam\u00edlia Beckham e Brooklyn, casado com Nicola Peltz, intensificou-se com um comunicado repostado pelo herdeiro nas stories de Instagram, alegando distor\u00e7\u00f5es e colocando a fam\u00edlia no centro da discuss\u00e3o.<\/li>\n<li>A imprensa indica que Victoria Beckham ficou devastada com o esc\u00e2ndalo, segundo uma publica\u00e7\u00e3o do Daily Mail, que descreve a situa\u00e7\u00e3o como manipulation pela fam\u00edlia Peltz e pelos seus advogados.<\/li>\n<li>David Beckham reagiu, destacando que as crian\u00e7as t\u00eam direito a cometer erros e que \u00e9 assim que se aprendem, enquanto Brooklyn ter\u00e1 bloqueado pais e irm\u00e3os nas redes sociais.<\/li>\n<li>O filho de Beckham acusa a fam\u00edlia de propaga\u00e7\u00e3o de mentiras e afirma que a m\u00e3e de Brooklyn teria dan\u00e7ado de forma inadequada diante dele, gerando uma escalada no conflito.<\/li>\n<li>A pol\u00e9mica envolve ainda a influ\u00eancia da fam\u00edlia Peltz e o seu papel na crise familiar, com v\u00e1rias atualiza\u00e7\u00f5es p\u00fablicas a partir de relatos de imprensa e partilhas nas redes sociais.<\/li>\n<\/ul>\n","protected":false},"author":2,"featured_media":160264,"comment_status":"closed","ping_status":"closed","sticky":false,"template":"","format":"standard","meta":{"footnotes":""},"categories":[12,1],"tags":[76,3551,64,148,78,506],"class_list":["post-160230","post","type-post","status-publish","format-standard","has-post-thumbnail","hentry","category-entretenimento","category-noticias","tag-celebridades","tag-david-beckham","tag-familia","tag-familias","tag-famosos","tag-imprensa"],"yoast_head":"<!-- This site is optimized with the Yoast SEO plugin v27.2 - https:\/\/yoast.com\/product\/yoast-seo-wordpress\/ -->\n<title>A suposta armadilha da fam\u00edlia Peltz na disputa entre Beckham e Brooklyn - Portal Tela Portugal<\/title>\n<meta name=\"robots\" content=\"index, follow, max-snippet:-1, max-image-preview:large, max-video-preview:-1\" \/>\n<meta property=\"og:locale\" content=\"pt_PT\" \/>\n<meta property=\"og:type\" content=\"article\" \/>\n<meta property=\"og:title\" content=\"A suposta armadilha da fam\u00edlia Peltz na disputa entre Beckham e Brooklyn - Portal Tela Portugal\" \/>\n<meta property=\"og:description\" content=\"O conflito entre a fam\u00edlia Beckham e Brooklyn, casado com Nicola Peltz, intensificou-se com um comunicado repostado pelo herdeiro nas stories de Instagram, alegando distor\u00e7\u00f5es e colocando a fam\u00edlia no centro da discuss\u00e3o. A imprensa indica que Victoria Beckham ficou devastada com o esc\u00e2ndalo, segundo uma publica\u00e7\u00e3o do Daily Mail, que descreve a situa\u00e7\u00e3o como manipulation pela fam\u00edlia Peltz e pelos seus advogados. David Beckham reagiu, destacando que as crian\u00e7as t\u00eam direito a cometer erros e que \u00e9 assim que se aprendem, enquanto Brooklyn ter\u00e1 bloqueado pais e irm\u00e3os nas redes sociais. O filho de Beckham acusa a fam\u00edlia de propaga\u00e7\u00e3o de mentiras e afirma que a m\u00e3e de Brooklyn teria dan\u00e7ado de forma inadequada diante dele, gerando uma escalada no conflito. A pol\u00e9mica envolve ainda a influ\u00eancia da fam\u00edlia Peltz e o seu papel na crise familiar, com v\u00e1rias atualiza\u00e7\u00f5es p\u00fablicas a partir de relatos de imprensa e partilhas nas redes sociais.\" \/>\n<meta property=\"og:url\" content=\"https:\/\/portaltela.pt\/noticias\/2026\/01\/21\/a-suposta-armadilha-da-familia-peltz-na-disputa-entre-beckham-e-brooklyn\/\" \/>\n<meta property=\"og:site_name\" content=\"Portal Tela Portugal\" \/>\n<meta property=\"article:published_time\" content=\"2026-01-21T11:26:00+00:00\" \/>\n<meta name=\"author\" content=\"Telinha\" \/>\n<meta name=\"twitter:card\" content=\"summary_large_image\" \/>\n<meta name=\"twitter:label1\" content=\"Escrito por\" \/>\n\t<meta name=\"twitter:data1\" content=\"Telinha\" \/>\n\t<meta name=\"twitter:label2\" content=\"Tempo estimado de leitura\" \/>\n\t<meta name=\"twitter:data2\" content=\"2 minutos\" \/>\n<script type=\"application\/ld+json\" class=\"yoast-schema-graph\">{\"@context\":\"https:\/\/schema.org\",\"@graph\":[{\"@type\":\"Article\",\"@id\":\"https:\/\/portaltela.pt\/noticias\/2026\/01\/21\/a-suposta-armadilha-da-familia-peltz-na-disputa-entre-beckham-e-brooklyn\/#article\",\"isPartOf\":{\"@id\":\"https:\/\/portaltela.pt\/noticias\/2026\/01\/21\/a-suposta-armadilha-da-familia-peltz-na-disputa-entre-beckham-e-brooklyn\/\"},\"author\":{\"name\":\"Telinha\",\"@id\":\"https:\/\/portaltela.pt\/#\/schema\/person\/c4278d4a6028830caff9ee44b42d32ed\"},\"headline\":\"A suposta armadilha da fam\u00edlia Peltz na disputa entre Beckham e Brooklyn\",\"datePublished\":\"2026-01-21T11:26:00+00:00\",\"mainEntityOfPage\":{\"@id\":\"https:\/\/portaltela.pt\/noticias\/2026\/01\/21\/a-suposta-armadilha-da-familia-peltz-na-disputa-entre-beckham-e-brooklyn\/\"},\"wordCount\":339,\"image\":{\"@id\":\"https:\/\/portaltela.pt\/noticias\/2026\/01\/21\/a-suposta-armadilha-da-familia-peltz-na-disputa-entre-beckham-e-brooklyn\/#primaryimage\"},\"thumbnailUrl\":\"https:\/\/portaltela.pt\/s.01k8rhncp4jt1\/2026\/01\/img_920x518uu2026-01-21-11-10-26-2416234-1.jpg\",\"keywords\":[\"celebridades\",\"David Beckham\",\"fam\u00edlia\",\"fam\u00edlias\",\"famosos\",\"imprensa\"],\"articleSection\":[\"Entretenimento\",\"Not\u00edcias\"],\"inLanguage\":\"pt-PT\"},{\"@type\":\"WebPage\",\"@id\":\"https:\/\/portaltela.pt\/noticias\/2026\/01\/21\/a-suposta-armadilha-da-familia-peltz-na-disputa-entre-beckham-e-brooklyn\/\",\"url\":\"https:\/\/portaltela.pt\/noticias\/2026\/01\/21\/a-suposta-armadilha-da-familia-peltz-na-disputa-entre-beckham-e-brooklyn\/\",\"name\":\"A suposta armadilha da fam\u00edlia Peltz na disputa entre Beckham e Brooklyn - Portal Tela Portugal\",\"isPartOf\":{\"@id\":\"https:\/\/portaltela.pt\/#website\"},\"primaryImageOfPage\":{\"@id\":\"https:\/\/portaltela.pt\/noticias\/2026\/01\/21\/a-suposta-armadilha-da-familia-peltz-na-disputa-entre-beckham-e-brooklyn\/#primaryimage\"},\"image\":{\"@id\":\"https:\/\/portaltela.pt\/noticias\/2026\/01\/21\/a-suposta-armadilha-da-familia-peltz-na-disputa-entre-beckham-e-brooklyn\/#primaryimage\"},\"thumbnailUrl\":\"https:\/\/portaltela.pt\/s.01k8rhncp4jt1\/2026\/01\/img_920x518uu2026-01-21-11-10-26-2416234-1.jpg\",\"datePublished\":\"2026-01-21T11:26:00+00:00\",\"author\":{\"@id\":\"https:\/\/portaltela.pt\/#\/schema\/person\/c4278d4a6028830caff9ee44b42d32ed\"},\"breadcrumb\":{\"@id\":\"https:\/\/portaltela.pt\/noticias\/2026\/01\/21\/a-suposta-armadilha-da-familia-peltz-na-disputa-entre-beckham-e-brooklyn\/#breadcrumb\"},\"inLanguage\":\"pt-PT\",\"potentialAction\":[{\"@type\":\"ReadAction\",\"target\":[\"https:\/\/portaltela.pt\/noticias\/2026\/01\/21\/a-suposta-armadilha-da-familia-peltz-na-disputa-entre-beckham-e-brooklyn\/\"]}]},{\"@type\":\"ImageObject\",\"inLanguage\":\"pt-PT\",\"@id\":\"https:\/\/portaltela.pt\/noticias\/2026\/01\/21\/a-suposta-armadilha-da-familia-peltz-na-disputa-entre-beckham-e-brooklyn\/#primaryimage\",\"url\":\"https:\/\/portaltela.pt\/s.01k8rhncp4jt1\/2026\/01\/img_920x518uu2026-01-21-11-10-26-2416234-1.jpg\",\"contentUrl\":\"https:\/\/portaltela.pt\/s.01k8rhncp4jt1\/2026\/01\/img_920x518uu2026-01-21-11-10-26-2416234-1.jpg\",\"width\":796,\"height\":448,\"caption\":\"Beckham e Peltz em disputa familiar\"},{\"@type\":\"BreadcrumbList\",\"@id\":\"https:\/\/portaltela.pt\/noticias\/2026\/01\/21\/a-suposta-armadilha-da-familia-peltz-na-disputa-entre-beckham-e-brooklyn\/#breadcrumb\",\"itemListElement\":[{\"@type\":\"ListItem\",\"position\":1,\"name\":\"In\u00edcio\",\"item\":\"https:\/\/portaltela.pt\/\"},{\"@type\":\"ListItem\",\"position\":2,\"name\":\"A suposta armadilha da fam\u00edlia Peltz na disputa entre Beckham e Brooklyn\"}]},{\"@type\":\"WebSite\",\"@id\":\"https:\/\/portaltela.pt\/#website\",\"url\":\"https:\/\/portaltela.pt\/\",\"name\":\"Portal Tela Portugal\",\"description\":\"\",\"potentialAction\":[{\"@type\":\"SearchAction\",\"target\":{\"@type\":\"EntryPoint\",\"urlTemplate\":\"https:\/\/portaltela.pt\/?s={search_term_string}\"},\"query-input\":{\"@type\":\"PropertyValueSpecification\",\"valueRequired\":true,\"valueName\":\"search_term_string\"}}],\"inLanguage\":\"pt-PT\"},{\"@type\":\"Person\",\"@id\":\"https:\/\/portaltela.pt\/#\/schema\/person\/c4278d4a6028830caff9ee44b42d32ed\",\"name\":\"Telinha\",\"image\":{\"@type\":\"ImageObject\",\"inLanguage\":\"pt-PT\",\"@id\":\"https:\/\/portaltela.pt\/s.01k8rhncp4jt1\/2025\/11\/talking-bot-125x125.png\",\"url\":\"https:\/\/portaltela.pt\/s.01k8rhncp4jt1\/2025\/11\/talking-bot-125x125.png\",\"contentUrl\":\"https:\/\/portaltela.pt\/s.01k8rhncp4jt1\/2025\/11\/talking-bot-125x125.png\",\"caption\":\"Telinha\"},\"sameAs\":[\"https:\/\/portaltela.pt\/\"],\"url\":\"https:\/\/portaltela.pt\/por\/367410592786\/\"}]}<\/script>\n<!-- \/ Yoast SEO plugin. -->","yoast_head_json":{"title":"A suposta armadilha da fam\u00edlia Peltz na disputa entre Beckham e Brooklyn - Portal Tela Portugal","robots":{"index":"index","follow":"follow","max-snippet":"max-snippet:-1","max-image-preview":"max-image-preview:large","max-video-preview":"max-video-preview:-1"},"og_locale":"pt_PT","og_type":"article","og_title":"A suposta armadilha da fam\u00edlia Peltz na disputa entre Beckham e Brooklyn - Portal Tela Portugal","og_description":"O conflito entre a fam\u00edlia Beckham e Brooklyn, casado com Nicola Peltz, intensificou-se com um comunicado repostado pelo herdeiro nas stories de Instagram, alegando distor\u00e7\u00f5es e colocando a fam\u00edlia no centro da discuss\u00e3o. A imprensa indica que Victoria Beckham ficou devastada com o esc\u00e2ndalo, segundo uma publica\u00e7\u00e3o do Daily Mail, que descreve a situa\u00e7\u00e3o como manipulation pela fam\u00edlia Peltz e pelos seus advogados. David Beckham reagiu, destacando que as crian\u00e7as t\u00eam direito a cometer erros e que \u00e9 assim que se aprendem, enquanto Brooklyn ter\u00e1 bloqueado pais e irm\u00e3os nas redes sociais. O filho de Beckham acusa a fam\u00edlia de propaga\u00e7\u00e3o de mentiras e afirma que a m\u00e3e de Brooklyn teria dan\u00e7ado de forma inadequada diante dele, gerando uma escalada no conflito. A pol\u00e9mica envolve ainda a influ\u00eancia da fam\u00edlia Peltz e o seu papel na crise familiar, com v\u00e1rias atualiza\u00e7\u00f5es p\u00fablicas a partir de relatos de imprensa e partilhas nas redes sociais.","og_url":"https:\/\/portaltela.pt\/noticias\/2026\/01\/21\/a-suposta-armadilha-da-familia-peltz-na-disputa-entre-beckham-e-brooklyn\/","og_site_name":"Portal Tela Portugal","article_published_time":"2026-01-21T11:26:00+00:00","author":"Telinha","twitter_card":"summary_large_image","twitter_misc":{"Escrito por":"Telinha","Tempo estimado de leitura":"2 minutos"},"schema":{"@context":"https:\/\/schema.org","@graph":[{"@type":"Article","@id":"https:\/\/portaltela.pt\/noticias\/2026\/01\/21\/a-suposta-armadilha-da-familia-peltz-na-disputa-entre-beckham-e-brooklyn\/#article","isPartOf":{"@id":"https:\/\/portaltela.pt\/noticias\/2026\/01\/21\/a-suposta-armadilha-da-familia-peltz-na-disputa-entre-beckham-e-brooklyn\/"},"author":{"name":"Telinha","@id":"https:\/\/portaltela.pt\/#\/schema\/person\/c4278d4a6028830caff9ee44b42d32ed"},"headline":"A suposta armadilha da fam\u00edlia Peltz na disputa entre Beckham e Brooklyn","datePublished":"2026-01-21T11:26:00+00:00","mainEntityOfPage":{"@id":"https:\/\/portaltela.pt\/noticias\/2026\/01\/21\/a-suposta-armadilha-da-familia-peltz-na-disputa-entre-beckham-e-brooklyn\/"},"wordCount":339,"image":{"@id":"https:\/\/portaltela.pt\/noticias\/2026\/01\/21\/a-suposta-armadilha-da-familia-peltz-na-disputa-entre-beckham-e-brooklyn\/#primaryimage"},"thumbnailUrl":"https:\/\/portaltela.pt\/s.01k8rhncp4jt1\/2026\/01\/img_920x518uu2026-01-21-11-10-26-2416234-1.jpg","keywords":["celebridades","David Beckham","fam\u00edlia","fam\u00edlias","famosos","imprensa"],"articleSection":["Entretenimento","Not\u00edcias"],"inLanguage":"pt-PT"},{"@type":"WebPage","@id":"https:\/\/portaltela.pt\/noticias\/2026\/01\/21\/a-suposta-armadilha-da-familia-peltz-na-disputa-entre-beckham-e-brooklyn\/","url":"https:\/\/portaltela.pt\/noticias\/2026\/01\/21\/a-suposta-armadilha-da-familia-peltz-na-disputa-entre-beckham-e-brooklyn\/","name":"A suposta armadilha da fam\u00edlia Peltz na disputa entre Beckham e Brooklyn - Portal Tela Portugal","isPartOf":{"@id":"https:\/\/portaltela.pt\/#website"},"primaryImageOfPage":{"@id":"https:\/\/portaltela.pt\/noticias\/2026\/01\/21\/a-suposta-armadilha-da-familia-peltz-na-disputa-entre-beckham-e-brooklyn\/#primaryimage"},"image":{"@id":"https:\/\/portaltela.pt\/noticias\/2026\/01\/21\/a-suposta-armadilha-da-familia-peltz-na-disputa-entre-beckham-e-brooklyn\/#primaryimage"},"thumbnailUrl":"https:\/\/portaltela.pt\/s.01k8rhncp4jt1\/2026\/01\/img_920x518uu2026-01-21-11-10-26-2416234-1.jpg","datePublished":"2026-01-21T11:26:00+00:00","author":{"@id":"https:\/\/portaltela.pt\/#\/schema\/person\/c4278d4a6028830caff9ee44b42d32ed"},"breadcrumb":{"@id":"https:\/\/portaltela.pt\/noticias\/2026\/01\/21\/a-suposta-armadilha-da-familia-peltz-na-disputa-entre-beckham-e-brooklyn\/#breadcrumb"},"inLanguage":"pt-PT","potentialAction":[{"@type":"ReadAction","target":["https:\/\/portaltela.pt\/noticias\/2026\/01\/21\/a-suposta-armadilha-da-familia-peltz-na-disputa-entre-beckham-e-brooklyn\/"]}]},{"@type":"ImageObject","inLanguage":"pt-PT","@id":"https:\/\/portaltela.pt\/noticias\/2026\/01\/21\/a-suposta-armadilha-da-familia-peltz-na-disputa-entre-beckham-e-brooklyn\/#primaryimage","url":"https:\/\/portaltela.pt\/s.01k8rhncp4jt1\/2026\/01\/img_920x518uu2026-01-21-11-10-26-2416234-1.jpg","contentUrl":"https:\/\/portaltela.pt\/s.01k8rhncp4jt1\/2026\/01\/img_920x518uu2026-01-21-11-10-26-2416234-1.jpg","width":796,"height":448,"caption":"Beckham e Peltz em disputa familiar"},{"@type":"BreadcrumbList","@id":"https:\/\/portaltela.pt\/noticias\/2026\/01\/21\/a-suposta-armadilha-da-familia-peltz-na-disputa-entre-beckham-e-brooklyn\/#breadcrumb","itemListElement":[{"@type":"ListItem","position":1,"name":"In\u00edcio","item":"https:\/\/portaltela.pt\/"},{"@type":"ListItem","position":2,"name":"A suposta armadilha da fam\u00edlia Peltz na disputa entre Beckham e Brooklyn"}]},{"@type":"WebSite","@id":"https:\/\/portaltela.pt\/#website","url":"https:\/\/portaltela.pt\/","name":"Portal Tela Portugal","description":"","potentialAction":[{"@type":"SearchAction","target":{"@type":"EntryPoint","urlTemplate":"https:\/\/portaltela.pt\/?s={search_term_string}"},"query-input":{"@type":"PropertyValueSpecification","valueRequired":true,"valueName":"search_term_string"}}],"inLanguage":"pt-PT"},{"@type":"Person","@id":"https:\/\/portaltela.pt\/#\/schema\/person\/c4278d4a6028830caff9ee44b42d32ed","name":"Telinha","image":{"@type":"ImageObject","inLanguage":"pt-PT","@id":"https:\/\/portaltela.pt\/s.01k8rhncp4jt1\/2025\/11\/talking-bot-125x125.png","url":"https:\/\/portaltela.pt\/s.01k8rhncp4jt1\/2025\/11\/talking-bot-125x125.png","contentUrl":"https:\/\/portaltela.pt\/s.01k8rhncp4jt1\/2025\/11\/talking-bot-125x125.png","caption":"Telinha"},"sameAs":["https:\/\/portaltela.pt\/"],"url":"https:\/\/portaltela.pt\/por\/367410592786\/"}]}},"_links":{"self":[{"href":"https:\/\/portaltela.pt\/api\/wp\/v2\/posts\/160230","targetHints":{"allow":["GET"]}}],"collection":[{"href":"https:\/\/portaltela.pt\/api\/wp\/v2\/posts"}],"about":[{"href":"https:\/\/portaltela.pt\/api\/wp\/v2\/types\/post"}],"author":[{"embeddable":true,"href":"https:\/\/portaltela.pt\/api\/wp\/v2\/users\/2"}],"replies":[{"embeddable":true,"href":"https:\/\/portaltela.pt\/api\/wp\/v2\/comments?post=160230"}],"version-history":[{"count":0,"href":"https:\/\/portaltela.pt\/api\/wp\/v2\/posts\/160230\/revisions"}],"wp:featuredmedia":[{"embeddable":true,"href":"https:\/\/portaltela.pt\/api\/wp\/v2\/media\/160264"}],"wp:attachment":[{"href":"https:\/\/portaltela.pt\/api\/wp\/v2\/media?parent=160230"}],"wp:term":[{"taxonomy":"category","embeddable":true,"href":"https:\/\/portaltela.pt\/api\/wp\/v2\/categories?post=160230"},{"taxonomy":"post_tag","embeddable":true,"href":"https:\/\/portaltela.pt\/api\/wp\/v2\/tags?post=160230"}],"curies":[{"name":"wp","href":"https:\/\/api.w.org\/{rel}","templated":true}]}}