{"id":160225,"date":"2026-01-21T13:21:33","date_gmt":"2026-01-21T16:21:33","guid":{"rendered":"https:\/\/portaltela.pt\/noticias\/2026\/01\/21\/helena-isabel-diz-que-jose-castelo-branco-e-cansativo\/"},"modified":"2026-01-21T13:21:33","modified_gmt":"2026-01-21T16:21:33","slug":"helena-isabel-diz-que-jose-castelo-branco-e-cansativo","status":"publish","type":"post","link":"https:\/\/portaltela.pt\/noticias\/2026\/01\/21\/helena-isabel-diz-que-jose-castelo-branco-e-cansativo\/","title":{"rendered":"Helena Isabel diz que Jos\u00e9 Castelo Branco \u00e9 cansativo"},"content":{"rendered":"<p>A comentarista da CMTV, Helena Isabel, afirmou que o socialite Jos\u00e9 Castelo Branco \u00e9 cansativo, numa interven\u00e7\u00e3o sobre o percurso do empres\u00e1rio. A an\u00e1lise centra-se na personalidade e no alcance medi\u00e1tico do figura p\u00fablica.<\/p>\n<p>A refer\u00eancia ao debate surge depois de Castelo Branco ter estado no Qu\u00e9nia, pa\u00eds citado no contexto da not\u00edcia. O texto menciona, de forma alusiva, que no Qu\u00e9nia \u00e9 considerado crime ser homossexual, sem aprofundar o enquadramento legal.<\/p>\n<h3>Contexto sobre Jos\u00e9 Castelo Branco<\/h3>\n<p>O coment\u00e1rio de Helena Isabel insere-se na cobertura medi\u00e1tica do socialite, conhecido pela presen\u00e7a constante na televis\u00e3o. N\u00e3o se detalham, nesta linha, outras declara\u00e7\u00f5es ou rea\u00e7\u00f5es de terceiros.<\/p>\n<h3>Repercuss\u00f5es na cobertura<\/h3>\n<p>A discuss\u00e3o gerou coment\u00e1rios de seguidores e de outros ve\u00edculos de comunica\u00e7\u00e3o, com enfoque na influ\u00eancia de Castelo Branco no jornalismo de entretenimento. A mat\u00e9ria permanece em tratamento editorial.<\/p>\n","protected":false},"excerpt":{"rendered":"<ul>\n<li>Helena Isabel, comentadora da CMTV, disse que Jos\u00e9 Castelo Branco \u00e9 cansativo e n\u00e3o o acha interessante.<\/li>\n<li>A observa\u00e7\u00e3o foi feita a prop\u00f3sito do socialite que esteve no Qu\u00e9nia.<\/li>\n<li>No Qu\u00e9nia, ser homossexual \u00e9 crime.<\/li>\n<\/ul>\n","protected":false},"author":2,"featured_media":160239,"comment_status":"closed","ping_status":"closed","sticky":false,"template":"","format":"standard","meta":{"footnotes":""},"categories":[12,1],"tags":[1112,2607,195,2569,40,2831],"class_list":["post-160225","post","type-post","status-publish","format-standard","has-post-thumbnail","hentry","category-entretenimento","category-noticias","tag-castelo-branco","tag-comunicacao","tag-informacao","tag-jose-castelo-branco","tag-pessoas","tag-quenia"],"yoast_head":"<!-- This site is optimized with the Yoast SEO plugin v27.2 - https:\/\/yoast.com\/product\/yoast-seo-wordpress\/ -->\n<title>Helena Isabel diz que Jos\u00e9 Castelo Branco \u00e9 cansativo - Portal Tela Portugal<\/title>\n<meta name=\"robots\" content=\"index, follow, max-snippet:-1, max-image-preview:large, max-video-preview:-1\" \/>\n<meta property=\"og:locale\" content=\"pt_PT\" \/>\n<meta property=\"og:type\" content=\"article\" \/>\n<meta property=\"og:title\" content=\"Helena Isabel diz que Jos\u00e9 Castelo Branco \u00e9 cansativo - Portal Tela Portugal\" \/>\n<meta property=\"og:description\" content=\"Helena Isabel, comentadora da CMTV, disse que Jos\u00e9 Castelo Branco \u00e9 cansativo e n\u00e3o o acha interessante. A observa\u00e7\u00e3o foi feita a prop\u00f3sito do socialite que esteve no Qu\u00e9nia. No Qu\u00e9nia, ser homossexual \u00e9 crime.\" \/>\n<meta property=\"og:url\" content=\"https:\/\/portaltela.pt\/noticias\/2026\/01\/21\/helena-isabel-diz-que-jose-castelo-branco-e-cansativo\/\" \/>\n<meta property=\"og:site_name\" content=\"Portal Tela Portugal\" \/>\n<meta property=\"article:published_time\" content=\"2026-01-21T16:21:33+00:00\" \/>\n<meta name=\"author\" content=\"Telinha\" \/>\n<meta name=\"twitter:card\" content=\"summary_large_image\" \/>\n<meta name=\"twitter:label1\" content=\"Escrito por\" \/>\n\t<meta name=\"twitter:data1\" content=\"Telinha\" \/>\n\t<meta name=\"twitter:label2\" content=\"Tempo estimado de leitura\" \/>\n\t<meta name=\"twitter:data2\" content=\"1 minuto\" \/>\n<script type=\"application\/ld+json\" class=\"yoast-schema-graph\">{\"@context\":\"https:\/\/schema.org\",\"@graph\":[{\"@type\":\"Article\",\"@id\":\"https:\/\/portaltela.pt\/noticias\/2026\/01\/21\/helena-isabel-diz-que-jose-castelo-branco-e-cansativo\/#article\",\"isPartOf\":{\"@id\":\"https:\/\/portaltela.pt\/noticias\/2026\/01\/21\/helena-isabel-diz-que-jose-castelo-branco-e-cansativo\/\"},\"author\":{\"name\":\"Telinha\",\"@id\":\"https:\/\/portaltela.pt\/#\/schema\/person\/c4278d4a6028830caff9ee44b42d32ed\"},\"headline\":\"Helena Isabel diz que Jos\u00e9 Castelo Branco \u00e9 cansativo\",\"datePublished\":\"2026-01-21T16:21:33+00:00\",\"mainEntityOfPage\":{\"@id\":\"https:\/\/portaltela.pt\/noticias\/2026\/01\/21\/helena-isabel-diz-que-jose-castelo-branco-e-cansativo\/\"},\"wordCount\":167,\"image\":{\"@id\":\"https:\/\/portaltela.pt\/noticias\/2026\/01\/21\/helena-isabel-diz-que-jose-castelo-branco-e-cansativo\/#primaryimage\"},\"thumbnailUrl\":\"https:\/\/portaltela.pt\/s.01k8rhncp4jt1\/2026\/01\/img_1280x722uu2026-01-21-15-13-13-2261697.jpg\",\"keywords\":[\"Castelo Branco\",\"comunica\u00e7\u00e3o\",\"informa\u00e7\u00e3o\",\"Jos\u00e9 Castelo Branco\",\"pessoas\",\"Qu\u00e9nia\"],\"articleSection\":[\"Entretenimento\",\"Not\u00edcias\"],\"inLanguage\":\"pt-PT\"},{\"@type\":\"WebPage\",\"@id\":\"https:\/\/portaltela.pt\/noticias\/2026\/01\/21\/helena-isabel-diz-que-jose-castelo-branco-e-cansativo\/\",\"url\":\"https:\/\/portaltela.pt\/noticias\/2026\/01\/21\/helena-isabel-diz-que-jose-castelo-branco-e-cansativo\/\",\"name\":\"Helena Isabel diz que Jos\u00e9 Castelo Branco \u00e9 cansativo - Portal Tela Portugal\",\"isPartOf\":{\"@id\":\"https:\/\/portaltela.pt\/#website\"},\"primaryImageOfPage\":{\"@id\":\"https:\/\/portaltela.pt\/noticias\/2026\/01\/21\/helena-isabel-diz-que-jose-castelo-branco-e-cansativo\/#primaryimage\"},\"image\":{\"@id\":\"https:\/\/portaltela.pt\/noticias\/2026\/01\/21\/helena-isabel-diz-que-jose-castelo-branco-e-cansativo\/#primaryimage\"},\"thumbnailUrl\":\"https:\/\/portaltela.pt\/s.01k8rhncp4jt1\/2026\/01\/img_1280x722uu2026-01-21-15-13-13-2261697.jpg\",\"datePublished\":\"2026-01-21T16:21:33+00:00\",\"author\":{\"@id\":\"https:\/\/portaltela.pt\/#\/schema\/person\/c4278d4a6028830caff9ee44b42d32ed\"},\"breadcrumb\":{\"@id\":\"https:\/\/portaltela.pt\/noticias\/2026\/01\/21\/helena-isabel-diz-que-jose-castelo-branco-e-cansativo\/#breadcrumb\"},\"inLanguage\":\"pt-PT\",\"potentialAction\":[{\"@type\":\"ReadAction\",\"target\":[\"https:\/\/portaltela.pt\/noticias\/2026\/01\/21\/helena-isabel-diz-que-jose-castelo-branco-e-cansativo\/\"]}]},{\"@type\":\"ImageObject\",\"inLanguage\":\"pt-PT\",\"@id\":\"https:\/\/portaltela.pt\/noticias\/2026\/01\/21\/helena-isabel-diz-que-jose-castelo-branco-e-cansativo\/#primaryimage\",\"url\":\"https:\/\/portaltela.pt\/s.01k8rhncp4jt1\/2026\/01\/img_1280x722uu2026-01-21-15-13-13-2261697.jpg\",\"contentUrl\":\"https:\/\/portaltela.pt\/s.01k8rhncp4jt1\/2026\/01\/img_1280x722uu2026-01-21-15-13-13-2261697.jpg\",\"width\":796,\"height\":448,\"caption\":\"Photo\"},{\"@type\":\"BreadcrumbList\",\"@id\":\"https:\/\/portaltela.pt\/noticias\/2026\/01\/21\/helena-isabel-diz-que-jose-castelo-branco-e-cansativo\/#breadcrumb\",\"itemListElement\":[{\"@type\":\"ListItem\",\"position\":1,\"name\":\"In\u00edcio\",\"item\":\"https:\/\/portaltela.pt\/\"},{\"@type\":\"ListItem\",\"position\":2,\"name\":\"Helena Isabel diz que Jos\u00e9 Castelo Branco \u00e9 cansativo\"}]},{\"@type\":\"WebSite\",\"@id\":\"https:\/\/portaltela.pt\/#website\",\"url\":\"https:\/\/portaltela.pt\/\",\"name\":\"Portal Tela Portugal\",\"description\":\"\",\"potentialAction\":[{\"@type\":\"SearchAction\",\"target\":{\"@type\":\"EntryPoint\",\"urlTemplate\":\"https:\/\/portaltela.pt\/?s={search_term_string}\"},\"query-input\":{\"@type\":\"PropertyValueSpecification\",\"valueRequired\":true,\"valueName\":\"search_term_string\"}}],\"inLanguage\":\"pt-PT\"},{\"@type\":\"Person\",\"@id\":\"https:\/\/portaltela.pt\/#\/schema\/person\/c4278d4a6028830caff9ee44b42d32ed\",\"name\":\"Telinha\",\"image\":{\"@type\":\"ImageObject\",\"inLanguage\":\"pt-PT\",\"@id\":\"https:\/\/portaltela.pt\/s.01k8rhncp4jt1\/2025\/11\/talking-bot-125x125.png\",\"url\":\"https:\/\/portaltela.pt\/s.01k8rhncp4jt1\/2025\/11\/talking-bot-125x125.png\",\"contentUrl\":\"https:\/\/portaltela.pt\/s.01k8rhncp4jt1\/2025\/11\/talking-bot-125x125.png\",\"caption\":\"Telinha\"},\"sameAs\":[\"https:\/\/portaltela.pt\/\"],\"url\":\"https:\/\/portaltela.pt\/por\/367410592786\/\"}]}<\/script>\n<!-- \/ Yoast SEO plugin. -->","yoast_head_json":{"title":"Helena Isabel diz que Jos\u00e9 Castelo Branco \u00e9 cansativo - Portal Tela Portugal","robots":{"index":"index","follow":"follow","max-snippet":"max-snippet:-1","max-image-preview":"max-image-preview:large","max-video-preview":"max-video-preview:-1"},"og_locale":"pt_PT","og_type":"article","og_title":"Helena Isabel diz que Jos\u00e9 Castelo Branco \u00e9 cansativo - Portal Tela Portugal","og_description":"Helena Isabel, comentadora da CMTV, disse que Jos\u00e9 Castelo Branco \u00e9 cansativo e n\u00e3o o acha interessante. A observa\u00e7\u00e3o foi feita a prop\u00f3sito do socialite que esteve no Qu\u00e9nia. No Qu\u00e9nia, ser homossexual \u00e9 crime.","og_url":"https:\/\/portaltela.pt\/noticias\/2026\/01\/21\/helena-isabel-diz-que-jose-castelo-branco-e-cansativo\/","og_site_name":"Portal Tela Portugal","article_published_time":"2026-01-21T16:21:33+00:00","author":"Telinha","twitter_card":"summary_large_image","twitter_misc":{"Escrito por":"Telinha","Tempo estimado de leitura":"1 minuto"},"schema":{"@context":"https:\/\/schema.org","@graph":[{"@type":"Article","@id":"https:\/\/portaltela.pt\/noticias\/2026\/01\/21\/helena-isabel-diz-que-jose-castelo-branco-e-cansativo\/#article","isPartOf":{"@id":"https:\/\/portaltela.pt\/noticias\/2026\/01\/21\/helena-isabel-diz-que-jose-castelo-branco-e-cansativo\/"},"author":{"name":"Telinha","@id":"https:\/\/portaltela.pt\/#\/schema\/person\/c4278d4a6028830caff9ee44b42d32ed"},"headline":"Helena Isabel diz que Jos\u00e9 Castelo Branco \u00e9 cansativo","datePublished":"2026-01-21T16:21:33+00:00","mainEntityOfPage":{"@id":"https:\/\/portaltela.pt\/noticias\/2026\/01\/21\/helena-isabel-diz-que-jose-castelo-branco-e-cansativo\/"},"wordCount":167,"image":{"@id":"https:\/\/portaltela.pt\/noticias\/2026\/01\/21\/helena-isabel-diz-que-jose-castelo-branco-e-cansativo\/#primaryimage"},"thumbnailUrl":"https:\/\/portaltela.pt\/s.01k8rhncp4jt1\/2026\/01\/img_1280x722uu2026-01-21-15-13-13-2261697.jpg","keywords":["Castelo Branco","comunica\u00e7\u00e3o","informa\u00e7\u00e3o","Jos\u00e9 Castelo Branco","pessoas","Qu\u00e9nia"],"articleSection":["Entretenimento","Not\u00edcias"],"inLanguage":"pt-PT"},{"@type":"WebPage","@id":"https:\/\/portaltela.pt\/noticias\/2026\/01\/21\/helena-isabel-diz-que-jose-castelo-branco-e-cansativo\/","url":"https:\/\/portaltela.pt\/noticias\/2026\/01\/21\/helena-isabel-diz-que-jose-castelo-branco-e-cansativo\/","name":"Helena Isabel diz que Jos\u00e9 Castelo Branco \u00e9 cansativo - Portal Tela Portugal","isPartOf":{"@id":"https:\/\/portaltela.pt\/#website"},"primaryImageOfPage":{"@id":"https:\/\/portaltela.pt\/noticias\/2026\/01\/21\/helena-isabel-diz-que-jose-castelo-branco-e-cansativo\/#primaryimage"},"image":{"@id":"https:\/\/portaltela.pt\/noticias\/2026\/01\/21\/helena-isabel-diz-que-jose-castelo-branco-e-cansativo\/#primaryimage"},"thumbnailUrl":"https:\/\/portaltela.pt\/s.01k8rhncp4jt1\/2026\/01\/img_1280x722uu2026-01-21-15-13-13-2261697.jpg","datePublished":"2026-01-21T16:21:33+00:00","author":{"@id":"https:\/\/portaltela.pt\/#\/schema\/person\/c4278d4a6028830caff9ee44b42d32ed"},"breadcrumb":{"@id":"https:\/\/portaltela.pt\/noticias\/2026\/01\/21\/helena-isabel-diz-que-jose-castelo-branco-e-cansativo\/#breadcrumb"},"inLanguage":"pt-PT","potentialAction":[{"@type":"ReadAction","target":["https:\/\/portaltela.pt\/noticias\/2026\/01\/21\/helena-isabel-diz-que-jose-castelo-branco-e-cansativo\/"]}]},{"@type":"ImageObject","inLanguage":"pt-PT","@id":"https:\/\/portaltela.pt\/noticias\/2026\/01\/21\/helena-isabel-diz-que-jose-castelo-branco-e-cansativo\/#primaryimage","url":"https:\/\/portaltela.pt\/s.01k8rhncp4jt1\/2026\/01\/img_1280x722uu2026-01-21-15-13-13-2261697.jpg","contentUrl":"https:\/\/portaltela.pt\/s.01k8rhncp4jt1\/2026\/01\/img_1280x722uu2026-01-21-15-13-13-2261697.jpg","width":796,"height":448,"caption":"Photo"},{"@type":"BreadcrumbList","@id":"https:\/\/portaltela.pt\/noticias\/2026\/01\/21\/helena-isabel-diz-que-jose-castelo-branco-e-cansativo\/#breadcrumb","itemListElement":[{"@type":"ListItem","position":1,"name":"In\u00edcio","item":"https:\/\/portaltela.pt\/"},{"@type":"ListItem","position":2,"name":"Helena Isabel diz que Jos\u00e9 Castelo Branco \u00e9 cansativo"}]},{"@type":"WebSite","@id":"https:\/\/portaltela.pt\/#website","url":"https:\/\/portaltela.pt\/","name":"Portal Tela Portugal","description":"","potentialAction":[{"@type":"SearchAction","target":{"@type":"EntryPoint","urlTemplate":"https:\/\/portaltela.pt\/?s={search_term_string}"},"query-input":{"@type":"PropertyValueSpecification","valueRequired":true,"valueName":"search_term_string"}}],"inLanguage":"pt-PT"},{"@type":"Person","@id":"https:\/\/portaltela.pt\/#\/schema\/person\/c4278d4a6028830caff9ee44b42d32ed","name":"Telinha","image":{"@type":"ImageObject","inLanguage":"pt-PT","@id":"https:\/\/portaltela.pt\/s.01k8rhncp4jt1\/2025\/11\/talking-bot-125x125.png","url":"https:\/\/portaltela.pt\/s.01k8rhncp4jt1\/2025\/11\/talking-bot-125x125.png","contentUrl":"https:\/\/portaltela.pt\/s.01k8rhncp4jt1\/2025\/11\/talking-bot-125x125.png","caption":"Telinha"},"sameAs":["https:\/\/portaltela.pt\/"],"url":"https:\/\/portaltela.pt\/por\/367410592786\/"}]}},"_links":{"self":[{"href":"https:\/\/portaltela.pt\/api\/wp\/v2\/posts\/160225","targetHints":{"allow":["GET"]}}],"collection":[{"href":"https:\/\/portaltela.pt\/api\/wp\/v2\/posts"}],"about":[{"href":"https:\/\/portaltela.pt\/api\/wp\/v2\/types\/post"}],"author":[{"embeddable":true,"href":"https:\/\/portaltela.pt\/api\/wp\/v2\/users\/2"}],"replies":[{"embeddable":true,"href":"https:\/\/portaltela.pt\/api\/wp\/v2\/comments?post=160225"}],"version-history":[{"count":0,"href":"https:\/\/portaltela.pt\/api\/wp\/v2\/posts\/160225\/revisions"}],"wp:featuredmedia":[{"embeddable":true,"href":"https:\/\/portaltela.pt\/api\/wp\/v2\/media\/160239"}],"wp:attachment":[{"href":"https:\/\/portaltela.pt\/api\/wp\/v2\/media?parent=160225"}],"wp:term":[{"taxonomy":"category","embeddable":true,"href":"https:\/\/portaltela.pt\/api\/wp\/v2\/categories?post=160225"},{"taxonomy":"post_tag","embeddable":true,"href":"https:\/\/portaltela.pt\/api\/wp\/v2\/tags?post=160225"}],"curies":[{"name":"wp","href":"https:\/\/api.w.org\/{rel}","templated":true}]}}