{"id":160179,"date":"2026-01-21T12:53:00","date_gmt":"2026-01-21T15:53:00","guid":{"rendered":"https:\/\/portaltela.pt\/noticias\/2026\/01\/21\/caso-de-crianca-de-oito-anos-violada-e-morta-na-bolivia-esta-em-investigacao\/"},"modified":"2026-01-21T12:53:00","modified_gmt":"2026-01-21T15:53:00","slug":"caso-de-crianca-de-oito-anos-violada-e-morta-na-bolivia-esta-em-investigacao","status":"publish","type":"post","link":"https:\/\/portaltela.pt\/noticias\/2026\/01\/21\/caso-de-crianca-de-oito-anos-violada-e-morta-na-bolivia-esta-em-investigacao\/","title":{"rendered":"Caso de crian\u00e7a de oito anos violada e morta na Bol\u00edvia est\u00e1 em investiga\u00e7\u00e3o"},"content":{"rendered":"<p>Uma menina de oito anos foi dada como desaparecida a 6 de janeiro na cidade de La Guardia, no departamento de Santa Cruz, Bol\u00edvia. Ap\u00f3s buscas, o corpo foi encontrado a 500 metros da casa, com sinais de viol\u00eancia.<\/p>\n<p>A investiga\u00e7\u00e3o indica que a crian\u00e7a foi violada, espancada e sufocada com um cinto. O principal suspeito \u00e9 o cunhado de Yuvinka, de 24 anos. Em 16 de janeiro foi expedido um mandado de pris\u00e3o preventiva, com base em provas como manchas de sangue e vest\u00edgios de saliva.<\/p>\n<p>Antes da localiza\u00e7\u00e3o do cad\u00e1ver, os pais afirmaram n\u00e3o ter d\u00edvidas ou conflitos que apontassem para um sequestro motivado por vingan\u00e7a. Contudo, testemunhas e parentes apresentaram contradi\u00e7\u00f5es sobre a \u00faltima vez em que a menina foi vista.<\/p>\n<p>O procurador de La Guardia, Rolando D\u00edaz, afirmou que a fam\u00edlia pode estar a acobertar o suspeito e reiterou o apelo \u00e0 coopera\u00e7\u00e3o da comunidade para esclarecer o caso. O inqu\u00e9rito segue sob sigilo.<\/p>\n<p>O caso foi registado como infantic\u00eddio, sendo o primeiro deste tipo na Bol\u00edvia este ano, segundo o Minist\u00e9rio P\u00fablico local. O processo mant\u00e9m-se sob monitoriza\u00e7\u00e3o das autoridades.<\/p>\n<p>Manifesta\u00e7\u00e3o social<\/p>\n<p>Ativistas t\u00eam vindo a denunciar viol\u00eancia contra menores na regi\u00e3o. A Casa de la Mujer aponta que n\u00e3o se trata de caso isolado e que crimes contra mulheres e menores s\u00e3o frequentes no pa\u00eds.<\/p>\n<p>Dados de 2025 da Procuradoria Geral indicam cerca de 30 crimes contra liberdade sexual por dia na Bol\u00edvia. No \u00faltimo ano, o Minist\u00e9rio P\u00fablico recebeu mais de 10 mil den\u00fancias de viol\u00eancia sexual envolvendo crian\u00e7as, adolescentes e mulheres.<\/p>\n<p>A desigualdade econ\u00f3mica e de g\u00e9nero \u00e9 apontada como fator contributivo para os casos, segundo a ativista.<\/p>\n<p>Resposta institucional<\/p>\n<p>No dia 17, o Governo anunciou a cria\u00e7\u00e3o de um Comit\u00e9 Interinstitucional de A\u00e7\u00e3o Imediata para apoiar v\u00edtimas. A coordena\u00e7\u00e3o visa prevenir e combater viol\u00eancia dom\u00e9stica e de g\u00e9nero, com uma campanha chamada Nem Uma Menina a Menos em Santa Cruz.<\/p>\n<p>A respons\u00e1vel pela unidade de g\u00e9nero do comit\u00e9 salientou a import\u00e2ncia de proteger os direitos das crian\u00e7as como responsabilidade coletiva da sociedade.<\/p>\n","protected":false},"excerpt":{"rendered":"<ul>\n<li>A menina de oito anos desapareceu a 6 de janeiro na cidade de La Guardia, Bol\u00edvia, e o corpo foi encontrado tr\u00eas dias depois num terreno baldio a 500 metros da casa dos pais.<\/li>\n<li>A investiga\u00e7\u00e3o aponta para viola\u00e7\u00e3o, espancamento e asfixia com um cinto; o principal suspeito \u00e9 o cunhado de 24 anos, com mandado de pris\u00e3o preventiva emitido a 16 de janeiro.<\/li>\n<li>Foram recolhidas provas, incluindo manchas de sangue numa pe\u00e7a de roupa do suspeito e vest\u00edgios de saliva, mantendo o caso sob sigilo pelo Minist\u00e9rio P\u00fablico.<\/li>\n<li>Os pais tinham dito n\u00e3o possuir d\u00edvidas ou conflitos, mas houve contradi\u00e7\u00f5es nos depoimentos de vizinhos e parentes, com o procurador a dizer que a fam\u00edlia poder\u00e1 estar a acobertar o suspeito.<\/li>\n<li>O caso foi registado como infantic\u00eddio, o primeiro deste tipo este ano na Bol\u00edvia; o Governo criou um Comit\u00e9 Interinstitucional para apoiar v\u00edtimas, com a campanha \u201cnem uma menina a menos em Santa Cruz\u201d.<\/li>\n<\/ul>\n","protected":false},"author":2,"featured_media":160181,"comment_status":"closed","ping_status":"closed","sticky":false,"template":"","format":"standard","meta":{"footnotes":""},"categories":[],"tags":[2221,1759,3705,1269,1103,939],"class_list":["post-160179","post","type-post","status-publish","format-standard","has-post-thumbnail","hentry","tag-exploracao-de-menores-dependente-ou-em-situacao-vulneravel","tag-infancia","tag-infanticidio","tag-santa-cruz","tag-violacao-de-menor-dependente-ou-em-situacao-vulneravel","tag-violencia"],"yoast_head":"<!-- This site is optimized with the Yoast SEO plugin v27.2 - https:\/\/yoast.com\/product\/yoast-seo-wordpress\/ -->\n<title>Caso de crian\u00e7a de oito anos violada e morta na Bol\u00edvia est\u00e1 em investiga\u00e7\u00e3o - Portal Tela Portugal<\/title>\n<meta name=\"robots\" content=\"index, follow, max-snippet:-1, max-image-preview:large, max-video-preview:-1\" \/>\n<meta property=\"og:locale\" content=\"pt_PT\" \/>\n<meta property=\"og:type\" content=\"article\" \/>\n<meta property=\"og:title\" content=\"Caso de crian\u00e7a de oito anos violada e morta na Bol\u00edvia est\u00e1 em investiga\u00e7\u00e3o - Portal Tela Portugal\" \/>\n<meta property=\"og:description\" content=\"A menina de oito anos desapareceu a 6 de janeiro na cidade de La Guardia, Bol\u00edvia, e o corpo foi encontrado tr\u00eas dias depois num terreno baldio a 500 metros da casa dos pais. A investiga\u00e7\u00e3o aponta para viola\u00e7\u00e3o, espancamento e asfixia com um cinto; o principal suspeito \u00e9 o cunhado de 24 anos, com mandado de pris\u00e3o preventiva emitido a 16 de janeiro. Foram recolhidas provas, incluindo manchas de sangue numa pe\u00e7a de roupa do suspeito e vest\u00edgios de saliva, mantendo o caso sob sigilo pelo Minist\u00e9rio P\u00fablico. Os pais tinham dito n\u00e3o possuir d\u00edvidas ou conflitos, mas houve contradi\u00e7\u00f5es nos depoimentos de vizinhos e parentes, com o procurador a dizer que a fam\u00edlia poder\u00e1 estar a acobertar o suspeito. O caso foi registado como infantic\u00eddio, o primeiro deste tipo este ano na Bol\u00edvia; o Governo criou um Comit\u00e9 Interinstitucional para apoiar v\u00edtimas, com a campanha \u201cnem uma menina a menos em Santa Cruz\u201d.\" \/>\n<meta property=\"og:url\" content=\"https:\/\/portaltela.pt\/noticias\/2026\/01\/21\/caso-de-crianca-de-oito-anos-violada-e-morta-na-bolivia-esta-em-investigacao\/\" \/>\n<meta property=\"og:site_name\" content=\"Portal Tela Portugal\" \/>\n<meta property=\"article:published_time\" content=\"2026-01-21T15:53:00+00:00\" \/>\n<meta name=\"author\" content=\"Telinha\" \/>\n<meta name=\"twitter:card\" content=\"summary_large_image\" \/>\n<meta name=\"twitter:label1\" content=\"Escrito por\" \/>\n\t<meta name=\"twitter:data1\" content=\"Telinha\" \/>\n\t<meta name=\"twitter:label2\" content=\"Tempo estimado de leitura\" \/>\n\t<meta name=\"twitter:data2\" content=\"2 minutos\" \/>\n<script type=\"application\/ld+json\" class=\"yoast-schema-graph\">{\"@context\":\"https:\/\/schema.org\",\"@graph\":[{\"@type\":\"Article\",\"@id\":\"https:\/\/portaltela.pt\/noticias\/2026\/01\/21\/caso-de-crianca-de-oito-anos-violada-e-morta-na-bolivia-esta-em-investigacao\/#article\",\"isPartOf\":{\"@id\":\"https:\/\/portaltela.pt\/noticias\/2026\/01\/21\/caso-de-crianca-de-oito-anos-violada-e-morta-na-bolivia-esta-em-investigacao\/\"},\"author\":{\"name\":\"Telinha\",\"@id\":\"https:\/\/portaltela.pt\/#\/schema\/person\/c4278d4a6028830caff9ee44b42d32ed\"},\"headline\":\"Caso de crian\u00e7a de oito anos violada e morta na Bol\u00edvia est\u00e1 em investiga\u00e7\u00e3o\",\"datePublished\":\"2026-01-21T15:53:00+00:00\",\"mainEntityOfPage\":{\"@id\":\"https:\/\/portaltela.pt\/noticias\/2026\/01\/21\/caso-de-crianca-de-oito-anos-violada-e-morta-na-bolivia-esta-em-investigacao\/\"},\"wordCount\":396,\"image\":{\"@id\":\"https:\/\/portaltela.pt\/noticias\/2026\/01\/21\/caso-de-crianca-de-oito-anos-violada-e-morta-na-bolivia-esta-em-investigacao\/#primaryimage\"},\"thumbnailUrl\":\"https:\/\/portaltela.pt\/s.01k8rhncp4jt1\/2026\/01\/yuvinka-menina-boliviana-violada-e-morta.jpg\",\"keywords\":[\"explora\u00e7\u00e3o de menores dependente ou em situa\u00e7\u00e3o vulner\u00e1vel\",\"inf\u00e2ncia\",\"infantic\u00eddio\",\"Santa Cruz\",\"viola\u00e7\u00e3o de menor dependente ou em situa\u00e7\u00e3o vulner\u00e1vel\",\"viol\u00eancia\"],\"inLanguage\":\"pt-PT\"},{\"@type\":\"WebPage\",\"@id\":\"https:\/\/portaltela.pt\/noticias\/2026\/01\/21\/caso-de-crianca-de-oito-anos-violada-e-morta-na-bolivia-esta-em-investigacao\/\",\"url\":\"https:\/\/portaltela.pt\/noticias\/2026\/01\/21\/caso-de-crianca-de-oito-anos-violada-e-morta-na-bolivia-esta-em-investigacao\/\",\"name\":\"Caso de crian\u00e7a de oito anos violada e morta na Bol\u00edvia est\u00e1 em investiga\u00e7\u00e3o - Portal Tela Portugal\",\"isPartOf\":{\"@id\":\"https:\/\/portaltela.pt\/#website\"},\"primaryImageOfPage\":{\"@id\":\"https:\/\/portaltela.pt\/noticias\/2026\/01\/21\/caso-de-crianca-de-oito-anos-violada-e-morta-na-bolivia-esta-em-investigacao\/#primaryimage\"},\"image\":{\"@id\":\"https:\/\/portaltela.pt\/noticias\/2026\/01\/21\/caso-de-crianca-de-oito-anos-violada-e-morta-na-bolivia-esta-em-investigacao\/#primaryimage\"},\"thumbnailUrl\":\"https:\/\/portaltela.pt\/s.01k8rhncp4jt1\/2026\/01\/yuvinka-menina-boliviana-violada-e-morta.jpg\",\"datePublished\":\"2026-01-21T15:53:00+00:00\",\"author\":{\"@id\":\"https:\/\/portaltela.pt\/#\/schema\/person\/c4278d4a6028830caff9ee44b42d32ed\"},\"breadcrumb\":{\"@id\":\"https:\/\/portaltela.pt\/noticias\/2026\/01\/21\/caso-de-crianca-de-oito-anos-violada-e-morta-na-bolivia-esta-em-investigacao\/#breadcrumb\"},\"inLanguage\":\"pt-PT\",\"potentialAction\":[{\"@type\":\"ReadAction\",\"target\":[\"https:\/\/portaltela.pt\/noticias\/2026\/01\/21\/caso-de-crianca-de-oito-anos-violada-e-morta-na-bolivia-esta-em-investigacao\/\"]}]},{\"@type\":\"ImageObject\",\"inLanguage\":\"pt-PT\",\"@id\":\"https:\/\/portaltela.pt\/noticias\/2026\/01\/21\/caso-de-crianca-de-oito-anos-violada-e-morta-na-bolivia-esta-em-investigacao\/#primaryimage\",\"url\":\"https:\/\/portaltela.pt\/s.01k8rhncp4jt1\/2026\/01\/yuvinka-menina-boliviana-violada-e-morta.jpg\",\"contentUrl\":\"https:\/\/portaltela.pt\/s.01k8rhncp4jt1\/2026\/01\/yuvinka-menina-boliviana-violada-e-morta.jpg\",\"width\":796,\"height\":448,\"caption\":\"Photo\"},{\"@type\":\"BreadcrumbList\",\"@id\":\"https:\/\/portaltela.pt\/noticias\/2026\/01\/21\/caso-de-crianca-de-oito-anos-violada-e-morta-na-bolivia-esta-em-investigacao\/#breadcrumb\",\"itemListElement\":[{\"@type\":\"ListItem\",\"position\":1,\"name\":\"In\u00edcio\",\"item\":\"https:\/\/portaltela.pt\/\"},{\"@type\":\"ListItem\",\"position\":2,\"name\":\"Caso de crian\u00e7a de oito anos violada e morta na Bol\u00edvia est\u00e1 em investiga\u00e7\u00e3o\"}]},{\"@type\":\"WebSite\",\"@id\":\"https:\/\/portaltela.pt\/#website\",\"url\":\"https:\/\/portaltela.pt\/\",\"name\":\"Portal Tela Portugal\",\"description\":\"\",\"potentialAction\":[{\"@type\":\"SearchAction\",\"target\":{\"@type\":\"EntryPoint\",\"urlTemplate\":\"https:\/\/portaltela.pt\/?s={search_term_string}\"},\"query-input\":{\"@type\":\"PropertyValueSpecification\",\"valueRequired\":true,\"valueName\":\"search_term_string\"}}],\"inLanguage\":\"pt-PT\"},{\"@type\":\"Person\",\"@id\":\"https:\/\/portaltela.pt\/#\/schema\/person\/c4278d4a6028830caff9ee44b42d32ed\",\"name\":\"Telinha\",\"image\":{\"@type\":\"ImageObject\",\"inLanguage\":\"pt-PT\",\"@id\":\"https:\/\/portaltela.pt\/s.01k8rhncp4jt1\/2025\/11\/talking-bot-125x125.png\",\"url\":\"https:\/\/portaltela.pt\/s.01k8rhncp4jt1\/2025\/11\/talking-bot-125x125.png\",\"contentUrl\":\"https:\/\/portaltela.pt\/s.01k8rhncp4jt1\/2025\/11\/talking-bot-125x125.png\",\"caption\":\"Telinha\"},\"sameAs\":[\"https:\/\/portaltela.pt\/\"],\"url\":\"https:\/\/portaltela.pt\/por\/367410592786\/\"}]}<\/script>\n<!-- \/ Yoast SEO plugin. -->","yoast_head_json":{"title":"Caso de crian\u00e7a de oito anos violada e morta na Bol\u00edvia est\u00e1 em investiga\u00e7\u00e3o - Portal Tela Portugal","robots":{"index":"index","follow":"follow","max-snippet":"max-snippet:-1","max-image-preview":"max-image-preview:large","max-video-preview":"max-video-preview:-1"},"og_locale":"pt_PT","og_type":"article","og_title":"Caso de crian\u00e7a de oito anos violada e morta na Bol\u00edvia est\u00e1 em investiga\u00e7\u00e3o - Portal Tela Portugal","og_description":"A menina de oito anos desapareceu a 6 de janeiro na cidade de La Guardia, Bol\u00edvia, e o corpo foi encontrado tr\u00eas dias depois num terreno baldio a 500 metros da casa dos pais. A investiga\u00e7\u00e3o aponta para viola\u00e7\u00e3o, espancamento e asfixia com um cinto; o principal suspeito \u00e9 o cunhado de 24 anos, com mandado de pris\u00e3o preventiva emitido a 16 de janeiro. Foram recolhidas provas, incluindo manchas de sangue numa pe\u00e7a de roupa do suspeito e vest\u00edgios de saliva, mantendo o caso sob sigilo pelo Minist\u00e9rio P\u00fablico. Os pais tinham dito n\u00e3o possuir d\u00edvidas ou conflitos, mas houve contradi\u00e7\u00f5es nos depoimentos de vizinhos e parentes, com o procurador a dizer que a fam\u00edlia poder\u00e1 estar a acobertar o suspeito. O caso foi registado como infantic\u00eddio, o primeiro deste tipo este ano na Bol\u00edvia; o Governo criou um Comit\u00e9 Interinstitucional para apoiar v\u00edtimas, com a campanha \u201cnem uma menina a menos em Santa Cruz\u201d.","og_url":"https:\/\/portaltela.pt\/noticias\/2026\/01\/21\/caso-de-crianca-de-oito-anos-violada-e-morta-na-bolivia-esta-em-investigacao\/","og_site_name":"Portal Tela Portugal","article_published_time":"2026-01-21T15:53:00+00:00","author":"Telinha","twitter_card":"summary_large_image","twitter_misc":{"Escrito por":"Telinha","Tempo estimado de leitura":"2 minutos"},"schema":{"@context":"https:\/\/schema.org","@graph":[{"@type":"Article","@id":"https:\/\/portaltela.pt\/noticias\/2026\/01\/21\/caso-de-crianca-de-oito-anos-violada-e-morta-na-bolivia-esta-em-investigacao\/#article","isPartOf":{"@id":"https:\/\/portaltela.pt\/noticias\/2026\/01\/21\/caso-de-crianca-de-oito-anos-violada-e-morta-na-bolivia-esta-em-investigacao\/"},"author":{"name":"Telinha","@id":"https:\/\/portaltela.pt\/#\/schema\/person\/c4278d4a6028830caff9ee44b42d32ed"},"headline":"Caso de crian\u00e7a de oito anos violada e morta na Bol\u00edvia est\u00e1 em investiga\u00e7\u00e3o","datePublished":"2026-01-21T15:53:00+00:00","mainEntityOfPage":{"@id":"https:\/\/portaltela.pt\/noticias\/2026\/01\/21\/caso-de-crianca-de-oito-anos-violada-e-morta-na-bolivia-esta-em-investigacao\/"},"wordCount":396,"image":{"@id":"https:\/\/portaltela.pt\/noticias\/2026\/01\/21\/caso-de-crianca-de-oito-anos-violada-e-morta-na-bolivia-esta-em-investigacao\/#primaryimage"},"thumbnailUrl":"https:\/\/portaltela.pt\/s.01k8rhncp4jt1\/2026\/01\/yuvinka-menina-boliviana-violada-e-morta.jpg","keywords":["explora\u00e7\u00e3o de menores dependente ou em situa\u00e7\u00e3o vulner\u00e1vel","inf\u00e2ncia","infantic\u00eddio","Santa Cruz","viola\u00e7\u00e3o de menor dependente ou em situa\u00e7\u00e3o vulner\u00e1vel","viol\u00eancia"],"inLanguage":"pt-PT"},{"@type":"WebPage","@id":"https:\/\/portaltela.pt\/noticias\/2026\/01\/21\/caso-de-crianca-de-oito-anos-violada-e-morta-na-bolivia-esta-em-investigacao\/","url":"https:\/\/portaltela.pt\/noticias\/2026\/01\/21\/caso-de-crianca-de-oito-anos-violada-e-morta-na-bolivia-esta-em-investigacao\/","name":"Caso de crian\u00e7a de oito anos violada e morta na Bol\u00edvia est\u00e1 em investiga\u00e7\u00e3o - Portal Tela Portugal","isPartOf":{"@id":"https:\/\/portaltela.pt\/#website"},"primaryImageOfPage":{"@id":"https:\/\/portaltela.pt\/noticias\/2026\/01\/21\/caso-de-crianca-de-oito-anos-violada-e-morta-na-bolivia-esta-em-investigacao\/#primaryimage"},"image":{"@id":"https:\/\/portaltela.pt\/noticias\/2026\/01\/21\/caso-de-crianca-de-oito-anos-violada-e-morta-na-bolivia-esta-em-investigacao\/#primaryimage"},"thumbnailUrl":"https:\/\/portaltela.pt\/s.01k8rhncp4jt1\/2026\/01\/yuvinka-menina-boliviana-violada-e-morta.jpg","datePublished":"2026-01-21T15:53:00+00:00","author":{"@id":"https:\/\/portaltela.pt\/#\/schema\/person\/c4278d4a6028830caff9ee44b42d32ed"},"breadcrumb":{"@id":"https:\/\/portaltela.pt\/noticias\/2026\/01\/21\/caso-de-crianca-de-oito-anos-violada-e-morta-na-bolivia-esta-em-investigacao\/#breadcrumb"},"inLanguage":"pt-PT","potentialAction":[{"@type":"ReadAction","target":["https:\/\/portaltela.pt\/noticias\/2026\/01\/21\/caso-de-crianca-de-oito-anos-violada-e-morta-na-bolivia-esta-em-investigacao\/"]}]},{"@type":"ImageObject","inLanguage":"pt-PT","@id":"https:\/\/portaltela.pt\/noticias\/2026\/01\/21\/caso-de-crianca-de-oito-anos-violada-e-morta-na-bolivia-esta-em-investigacao\/#primaryimage","url":"https:\/\/portaltela.pt\/s.01k8rhncp4jt1\/2026\/01\/yuvinka-menina-boliviana-violada-e-morta.jpg","contentUrl":"https:\/\/portaltela.pt\/s.01k8rhncp4jt1\/2026\/01\/yuvinka-menina-boliviana-violada-e-morta.jpg","width":796,"height":448,"caption":"Photo"},{"@type":"BreadcrumbList","@id":"https:\/\/portaltela.pt\/noticias\/2026\/01\/21\/caso-de-crianca-de-oito-anos-violada-e-morta-na-bolivia-esta-em-investigacao\/#breadcrumb","itemListElement":[{"@type":"ListItem","position":1,"name":"In\u00edcio","item":"https:\/\/portaltela.pt\/"},{"@type":"ListItem","position":2,"name":"Caso de crian\u00e7a de oito anos violada e morta na Bol\u00edvia est\u00e1 em investiga\u00e7\u00e3o"}]},{"@type":"WebSite","@id":"https:\/\/portaltela.pt\/#website","url":"https:\/\/portaltela.pt\/","name":"Portal Tela Portugal","description":"","potentialAction":[{"@type":"SearchAction","target":{"@type":"EntryPoint","urlTemplate":"https:\/\/portaltela.pt\/?s={search_term_string}"},"query-input":{"@type":"PropertyValueSpecification","valueRequired":true,"valueName":"search_term_string"}}],"inLanguage":"pt-PT"},{"@type":"Person","@id":"https:\/\/portaltela.pt\/#\/schema\/person\/c4278d4a6028830caff9ee44b42d32ed","name":"Telinha","image":{"@type":"ImageObject","inLanguage":"pt-PT","@id":"https:\/\/portaltela.pt\/s.01k8rhncp4jt1\/2025\/11\/talking-bot-125x125.png","url":"https:\/\/portaltela.pt\/s.01k8rhncp4jt1\/2025\/11\/talking-bot-125x125.png","contentUrl":"https:\/\/portaltela.pt\/s.01k8rhncp4jt1\/2025\/11\/talking-bot-125x125.png","caption":"Telinha"},"sameAs":["https:\/\/portaltela.pt\/"],"url":"https:\/\/portaltela.pt\/por\/367410592786\/"}]}},"_links":{"self":[{"href":"https:\/\/portaltela.pt\/api\/wp\/v2\/posts\/160179","targetHints":{"allow":["GET"]}}],"collection":[{"href":"https:\/\/portaltela.pt\/api\/wp\/v2\/posts"}],"about":[{"href":"https:\/\/portaltela.pt\/api\/wp\/v2\/types\/post"}],"author":[{"embeddable":true,"href":"https:\/\/portaltela.pt\/api\/wp\/v2\/users\/2"}],"replies":[{"embeddable":true,"href":"https:\/\/portaltela.pt\/api\/wp\/v2\/comments?post=160179"}],"version-history":[{"count":0,"href":"https:\/\/portaltela.pt\/api\/wp\/v2\/posts\/160179\/revisions"}],"wp:featuredmedia":[{"embeddable":true,"href":"https:\/\/portaltela.pt\/api\/wp\/v2\/media\/160181"}],"wp:attachment":[{"href":"https:\/\/portaltela.pt\/api\/wp\/v2\/media?parent=160179"}],"wp:term":[{"taxonomy":"category","embeddable":true,"href":"https:\/\/portaltela.pt\/api\/wp\/v2\/categories?post=160179"},{"taxonomy":"post_tag","embeddable":true,"href":"https:\/\/portaltela.pt\/api\/wp\/v2\/tags?post=160179"}],"curies":[{"name":"wp","href":"https:\/\/api.w.org\/{rel}","templated":true}]}}