{"id":160147,"date":"2026-01-21T12:51:00","date_gmt":"2026-01-21T15:51:00","guid":{"rendered":"https:\/\/portaltela.pt\/noticias\/2026\/01\/21\/chega-pressiona-montenegro-sobre-voto-na-segunda-volta\/"},"modified":"2026-01-21T12:51:00","modified_gmt":"2026-01-21T15:51:00","slug":"chega-pressiona-montenegro-sobre-voto-na-segunda-volta","status":"publish","type":"post","link":"https:\/\/portaltela.pt\/noticias\/2026\/01\/21\/chega-pressiona-montenegro-sobre-voto-na-segunda-volta\/","title":{"rendered":"Chega pressiona Montenegro sobre voto na segunda volta"},"content":{"rendered":"<p>O deputado Pedro Pinto, do Chega, questionou o primeiro-ministro sobre qual candidato vai apoiar na segunda volta das presidenciais. Definiu a elei\u00e7\u00e3o como uma oportunidade para derrotar o socialismo em Portugal. Participou no debate quinzenal, em Lisboa.<\/p>\n<p>Pinto confrontou Lu\u00eds Montenegro com a ideia de apoiar um candidato alinhado com o PS ou com quem tem menos pontes com o partido governante. O deputado sugeriu um contraste entre um candidato que combate o socialismo e um que estaria associado ao PS, BE e PCP.<\/p>\n<p>Montenegro afirmou que governa o pa\u00eds e que n\u00e3o \u00e9 fun\u00e7\u00e3o dele indicar apoios de forma pessoal. Acrescentou que, no Or\u00e7amento do Estado, o Chega j\u00e1 estabeleceu 82 pontes com o PS, sem esclarecer qual candidato apoiaria na segunda volta.<\/p>\n<h3>Hugo Soares acusa Chega de contradi\u00e7\u00e3o<\/h3>\n<p>O l\u00edder parlamentar do PSD, Hugo Soares, acusou o Chega de contradi\u00e7\u00e3o ao pedir o apoio do primeiro-ministro a Ventura, depois de ter criticado a presen\u00e7a de Montenegro na campanha de Marques Mendes. Soares enfatizou declara\u00e7\u00f5es anteriores do candidato apoiado pelo Chega.<\/p>\n<p>Soares questionou se Pedro Pinto n\u00e3o consolidou posi\u00e7\u00f5es com Andr\u00e9 Ventura, sugerindo que o Chega recuou para ficar de lado da campanha. Observou que a exig\u00eancia de apoio ao primeiro-ministro contraria cr\u00edticas anteriores sobre a atua\u00e7\u00e3o de Montenegro na campanha.<\/p>\n","protected":false},"excerpt":{"rendered":"<ul>\n<li>O deputado Pedro Pinto, do Chega, pressionou o primeiro-ministro, Lu\u00eds Montenegro, para dizer quem vai apoiar na segunda volta das presidenciais.<\/li>\n<li>Pinto questionou se Montenegro ficar\u00e1 ao lado do socialismo ou de quem o combate, e pediu clareza sobre o apoio a Ventura ou a candidatos apoiados pelo PS, BE e PCP.<\/li>\n<li>Montenegro respondeu que governa o pa\u00eds e que, no Or\u00e7amento do Estado, o Chega \u201cfez 82 pontes\u201d com o PS.<\/li>\n<li>Logo a seguir, Hugo Soares, l\u00edder parlamentar do PSD, acusou o Chega de contradi\u00e7\u00e3o por exigir o apoio de Montenegro a Ventura, depois de criticar a presen\u00e7a de Montenegro na campanha de Marques Mendes.<\/li>\n<li>Soares salientou que o Chega parece recuar ou mudar de posi\u00e7\u00e3o, recebendo o aplauso da bancada.<\/li>\n<\/ul>\n","protected":false},"author":2,"featured_media":160155,"comment_status":"closed","ping_status":"closed","sticky":false,"template":"","format":"standard","meta":{"footnotes":""},"categories":[1],"tags":[2453,3426,2142,3111,2459,2144],"class_list":["post-160147","post","type-post","status-publish","format-standard","has-post-thumbnail","hentry","category-noticias","tag-andre-ventura","tag-be","tag-chega","tag-montenegro","tag-pcp","tag-ps"],"yoast_head":"<!-- This site is optimized with the Yoast SEO plugin v27.2 - https:\/\/yoast.com\/product\/yoast-seo-wordpress\/ -->\n<title>Chega pressiona Montenegro sobre voto na segunda volta - Portal Tela Portugal<\/title>\n<meta name=\"robots\" content=\"index, follow, max-snippet:-1, max-image-preview:large, max-video-preview:-1\" \/>\n<meta property=\"og:locale\" content=\"pt_PT\" \/>\n<meta property=\"og:type\" content=\"article\" \/>\n<meta property=\"og:title\" content=\"Chega pressiona Montenegro sobre voto na segunda volta - Portal Tela Portugal\" \/>\n<meta property=\"og:description\" content=\"O deputado Pedro Pinto, do Chega, pressionou o primeiro-ministro, Lu\u00eds Montenegro, para dizer quem vai apoiar na segunda volta das presidenciais. Pinto questionou se Montenegro ficar\u00e1 ao lado do socialismo ou de quem o combate, e pediu clareza sobre o apoio a Ventura ou a candidatos apoiados pelo PS, BE e PCP. Montenegro respondeu que governa o pa\u00eds e que, no Or\u00e7amento do Estado, o Chega \u201cfez 82 pontes\u201d com o PS. Logo a seguir, Hugo Soares, l\u00edder parlamentar do PSD, acusou o Chega de contradi\u00e7\u00e3o por exigir o apoio de Montenegro a Ventura, depois de criticar a presen\u00e7a de Montenegro na campanha de Marques Mendes. Soares salientou que o Chega parece recuar ou mudar de posi\u00e7\u00e3o, recebendo o aplauso da bancada.\" \/>\n<meta property=\"og:url\" content=\"https:\/\/portaltela.pt\/noticias\/2026\/01\/21\/chega-pressiona-montenegro-sobre-voto-na-segunda-volta\/\" \/>\n<meta property=\"og:site_name\" content=\"Portal Tela Portugal\" \/>\n<meta property=\"article:published_time\" content=\"2026-01-21T15:51:00+00:00\" \/>\n<meta name=\"author\" content=\"Telinha\" \/>\n<meta name=\"twitter:card\" content=\"summary_large_image\" \/>\n<meta name=\"twitter:label1\" content=\"Escrito por\" \/>\n\t<meta name=\"twitter:data1\" content=\"Telinha\" \/>\n\t<meta name=\"twitter:label2\" content=\"Tempo estimado de leitura\" \/>\n\t<meta name=\"twitter:data2\" content=\"1 minuto\" \/>\n<script type=\"application\/ld+json\" class=\"yoast-schema-graph\">{\"@context\":\"https:\/\/schema.org\",\"@graph\":[{\"@type\":\"Article\",\"@id\":\"https:\/\/portaltela.pt\/noticias\/2026\/01\/21\/chega-pressiona-montenegro-sobre-voto-na-segunda-volta\/#article\",\"isPartOf\":{\"@id\":\"https:\/\/portaltela.pt\/noticias\/2026\/01\/21\/chega-pressiona-montenegro-sobre-voto-na-segunda-volta\/\"},\"author\":{\"name\":\"Telinha\",\"@id\":\"https:\/\/portaltela.pt\/#\/schema\/person\/c4278d4a6028830caff9ee44b42d32ed\"},\"headline\":\"Chega pressiona Montenegro sobre voto na segunda volta\",\"datePublished\":\"2026-01-21T15:51:00+00:00\",\"mainEntityOfPage\":{\"@id\":\"https:\/\/portaltela.pt\/noticias\/2026\/01\/21\/chega-pressiona-montenegro-sobre-voto-na-segunda-volta\/\"},\"wordCount\":234,\"image\":{\"@id\":\"https:\/\/portaltela.pt\/noticias\/2026\/01\/21\/chega-pressiona-montenegro-sobre-voto-na-segunda-volta\/#primaryimage\"},\"thumbnailUrl\":\"https:\/\/portaltela.pt\/s.01k8rhncp4jt1\/2026\/01\/image-1351.jpg\",\"keywords\":[\"Andr\u00e9 Ventura\",\"BE\",\"CHEGA\",\"Montenegro\",\"PCP\",\"PS\"],\"articleSection\":[\"Not\u00edcias\"],\"inLanguage\":\"pt-PT\"},{\"@type\":\"WebPage\",\"@id\":\"https:\/\/portaltela.pt\/noticias\/2026\/01\/21\/chega-pressiona-montenegro-sobre-voto-na-segunda-volta\/\",\"url\":\"https:\/\/portaltela.pt\/noticias\/2026\/01\/21\/chega-pressiona-montenegro-sobre-voto-na-segunda-volta\/\",\"name\":\"Chega pressiona Montenegro sobre voto na segunda volta - Portal Tela Portugal\",\"isPartOf\":{\"@id\":\"https:\/\/portaltela.pt\/#website\"},\"primaryImageOfPage\":{\"@id\":\"https:\/\/portaltela.pt\/noticias\/2026\/01\/21\/chega-pressiona-montenegro-sobre-voto-na-segunda-volta\/#primaryimage\"},\"image\":{\"@id\":\"https:\/\/portaltela.pt\/noticias\/2026\/01\/21\/chega-pressiona-montenegro-sobre-voto-na-segunda-volta\/#primaryimage\"},\"thumbnailUrl\":\"https:\/\/portaltela.pt\/s.01k8rhncp4jt1\/2026\/01\/image-1351.jpg\",\"datePublished\":\"2026-01-21T15:51:00+00:00\",\"author\":{\"@id\":\"https:\/\/portaltela.pt\/#\/schema\/person\/c4278d4a6028830caff9ee44b42d32ed\"},\"breadcrumb\":{\"@id\":\"https:\/\/portaltela.pt\/noticias\/2026\/01\/21\/chega-pressiona-montenegro-sobre-voto-na-segunda-volta\/#breadcrumb\"},\"inLanguage\":\"pt-PT\",\"potentialAction\":[{\"@type\":\"ReadAction\",\"target\":[\"https:\/\/portaltela.pt\/noticias\/2026\/01\/21\/chega-pressiona-montenegro-sobre-voto-na-segunda-volta\/\"]}]},{\"@type\":\"ImageObject\",\"inLanguage\":\"pt-PT\",\"@id\":\"https:\/\/portaltela.pt\/noticias\/2026\/01\/21\/chega-pressiona-montenegro-sobre-voto-na-segunda-volta\/#primaryimage\",\"url\":\"https:\/\/portaltela.pt\/s.01k8rhncp4jt1\/2026\/01\/image-1351.jpg\",\"contentUrl\":\"https:\/\/portaltela.pt\/s.01k8rhncp4jt1\/2026\/01\/image-1351.jpg\",\"width\":796,\"height\":448,\"caption\":\"O primeiro-ministro, Lu\u00eds Montenegro\"},{\"@type\":\"BreadcrumbList\",\"@id\":\"https:\/\/portaltela.pt\/noticias\/2026\/01\/21\/chega-pressiona-montenegro-sobre-voto-na-segunda-volta\/#breadcrumb\",\"itemListElement\":[{\"@type\":\"ListItem\",\"position\":1,\"name\":\"In\u00edcio\",\"item\":\"https:\/\/portaltela.pt\/\"},{\"@type\":\"ListItem\",\"position\":2,\"name\":\"Chega pressiona Montenegro sobre voto na segunda volta\"}]},{\"@type\":\"WebSite\",\"@id\":\"https:\/\/portaltela.pt\/#website\",\"url\":\"https:\/\/portaltela.pt\/\",\"name\":\"Portal Tela Portugal\",\"description\":\"\",\"potentialAction\":[{\"@type\":\"SearchAction\",\"target\":{\"@type\":\"EntryPoint\",\"urlTemplate\":\"https:\/\/portaltela.pt\/?s={search_term_string}\"},\"query-input\":{\"@type\":\"PropertyValueSpecification\",\"valueRequired\":true,\"valueName\":\"search_term_string\"}}],\"inLanguage\":\"pt-PT\"},{\"@type\":\"Person\",\"@id\":\"https:\/\/portaltela.pt\/#\/schema\/person\/c4278d4a6028830caff9ee44b42d32ed\",\"name\":\"Telinha\",\"image\":{\"@type\":\"ImageObject\",\"inLanguage\":\"pt-PT\",\"@id\":\"https:\/\/portaltela.pt\/s.01k8rhncp4jt1\/2025\/11\/talking-bot-125x125.png\",\"url\":\"https:\/\/portaltela.pt\/s.01k8rhncp4jt1\/2025\/11\/talking-bot-125x125.png\",\"contentUrl\":\"https:\/\/portaltela.pt\/s.01k8rhncp4jt1\/2025\/11\/talking-bot-125x125.png\",\"caption\":\"Telinha\"},\"sameAs\":[\"https:\/\/portaltela.pt\/\"],\"url\":\"https:\/\/portaltela.pt\/por\/367410592786\/\"}]}<\/script>\n<!-- \/ Yoast SEO plugin. -->","yoast_head_json":{"title":"Chega pressiona Montenegro sobre voto na segunda volta - Portal Tela Portugal","robots":{"index":"index","follow":"follow","max-snippet":"max-snippet:-1","max-image-preview":"max-image-preview:large","max-video-preview":"max-video-preview:-1"},"og_locale":"pt_PT","og_type":"article","og_title":"Chega pressiona Montenegro sobre voto na segunda volta - Portal Tela Portugal","og_description":"O deputado Pedro Pinto, do Chega, pressionou o primeiro-ministro, Lu\u00eds Montenegro, para dizer quem vai apoiar na segunda volta das presidenciais. Pinto questionou se Montenegro ficar\u00e1 ao lado do socialismo ou de quem o combate, e pediu clareza sobre o apoio a Ventura ou a candidatos apoiados pelo PS, BE e PCP. Montenegro respondeu que governa o pa\u00eds e que, no Or\u00e7amento do Estado, o Chega \u201cfez 82 pontes\u201d com o PS. Logo a seguir, Hugo Soares, l\u00edder parlamentar do PSD, acusou o Chega de contradi\u00e7\u00e3o por exigir o apoio de Montenegro a Ventura, depois de criticar a presen\u00e7a de Montenegro na campanha de Marques Mendes. Soares salientou que o Chega parece recuar ou mudar de posi\u00e7\u00e3o, recebendo o aplauso da bancada.","og_url":"https:\/\/portaltela.pt\/noticias\/2026\/01\/21\/chega-pressiona-montenegro-sobre-voto-na-segunda-volta\/","og_site_name":"Portal Tela Portugal","article_published_time":"2026-01-21T15:51:00+00:00","author":"Telinha","twitter_card":"summary_large_image","twitter_misc":{"Escrito por":"Telinha","Tempo estimado de leitura":"1 minuto"},"schema":{"@context":"https:\/\/schema.org","@graph":[{"@type":"Article","@id":"https:\/\/portaltela.pt\/noticias\/2026\/01\/21\/chega-pressiona-montenegro-sobre-voto-na-segunda-volta\/#article","isPartOf":{"@id":"https:\/\/portaltela.pt\/noticias\/2026\/01\/21\/chega-pressiona-montenegro-sobre-voto-na-segunda-volta\/"},"author":{"name":"Telinha","@id":"https:\/\/portaltela.pt\/#\/schema\/person\/c4278d4a6028830caff9ee44b42d32ed"},"headline":"Chega pressiona Montenegro sobre voto na segunda volta","datePublished":"2026-01-21T15:51:00+00:00","mainEntityOfPage":{"@id":"https:\/\/portaltela.pt\/noticias\/2026\/01\/21\/chega-pressiona-montenegro-sobre-voto-na-segunda-volta\/"},"wordCount":234,"image":{"@id":"https:\/\/portaltela.pt\/noticias\/2026\/01\/21\/chega-pressiona-montenegro-sobre-voto-na-segunda-volta\/#primaryimage"},"thumbnailUrl":"https:\/\/portaltela.pt\/s.01k8rhncp4jt1\/2026\/01\/image-1351.jpg","keywords":["Andr\u00e9 Ventura","BE","CHEGA","Montenegro","PCP","PS"],"articleSection":["Not\u00edcias"],"inLanguage":"pt-PT"},{"@type":"WebPage","@id":"https:\/\/portaltela.pt\/noticias\/2026\/01\/21\/chega-pressiona-montenegro-sobre-voto-na-segunda-volta\/","url":"https:\/\/portaltela.pt\/noticias\/2026\/01\/21\/chega-pressiona-montenegro-sobre-voto-na-segunda-volta\/","name":"Chega pressiona Montenegro sobre voto na segunda volta - Portal Tela Portugal","isPartOf":{"@id":"https:\/\/portaltela.pt\/#website"},"primaryImageOfPage":{"@id":"https:\/\/portaltela.pt\/noticias\/2026\/01\/21\/chega-pressiona-montenegro-sobre-voto-na-segunda-volta\/#primaryimage"},"image":{"@id":"https:\/\/portaltela.pt\/noticias\/2026\/01\/21\/chega-pressiona-montenegro-sobre-voto-na-segunda-volta\/#primaryimage"},"thumbnailUrl":"https:\/\/portaltela.pt\/s.01k8rhncp4jt1\/2026\/01\/image-1351.jpg","datePublished":"2026-01-21T15:51:00+00:00","author":{"@id":"https:\/\/portaltela.pt\/#\/schema\/person\/c4278d4a6028830caff9ee44b42d32ed"},"breadcrumb":{"@id":"https:\/\/portaltela.pt\/noticias\/2026\/01\/21\/chega-pressiona-montenegro-sobre-voto-na-segunda-volta\/#breadcrumb"},"inLanguage":"pt-PT","potentialAction":[{"@type":"ReadAction","target":["https:\/\/portaltela.pt\/noticias\/2026\/01\/21\/chega-pressiona-montenegro-sobre-voto-na-segunda-volta\/"]}]},{"@type":"ImageObject","inLanguage":"pt-PT","@id":"https:\/\/portaltela.pt\/noticias\/2026\/01\/21\/chega-pressiona-montenegro-sobre-voto-na-segunda-volta\/#primaryimage","url":"https:\/\/portaltela.pt\/s.01k8rhncp4jt1\/2026\/01\/image-1351.jpg","contentUrl":"https:\/\/portaltela.pt\/s.01k8rhncp4jt1\/2026\/01\/image-1351.jpg","width":796,"height":448,"caption":"O primeiro-ministro, Lu\u00eds Montenegro"},{"@type":"BreadcrumbList","@id":"https:\/\/portaltela.pt\/noticias\/2026\/01\/21\/chega-pressiona-montenegro-sobre-voto-na-segunda-volta\/#breadcrumb","itemListElement":[{"@type":"ListItem","position":1,"name":"In\u00edcio","item":"https:\/\/portaltela.pt\/"},{"@type":"ListItem","position":2,"name":"Chega pressiona Montenegro sobre voto na segunda volta"}]},{"@type":"WebSite","@id":"https:\/\/portaltela.pt\/#website","url":"https:\/\/portaltela.pt\/","name":"Portal Tela Portugal","description":"","potentialAction":[{"@type":"SearchAction","target":{"@type":"EntryPoint","urlTemplate":"https:\/\/portaltela.pt\/?s={search_term_string}"},"query-input":{"@type":"PropertyValueSpecification","valueRequired":true,"valueName":"search_term_string"}}],"inLanguage":"pt-PT"},{"@type":"Person","@id":"https:\/\/portaltela.pt\/#\/schema\/person\/c4278d4a6028830caff9ee44b42d32ed","name":"Telinha","image":{"@type":"ImageObject","inLanguage":"pt-PT","@id":"https:\/\/portaltela.pt\/s.01k8rhncp4jt1\/2025\/11\/talking-bot-125x125.png","url":"https:\/\/portaltela.pt\/s.01k8rhncp4jt1\/2025\/11\/talking-bot-125x125.png","contentUrl":"https:\/\/portaltela.pt\/s.01k8rhncp4jt1\/2025\/11\/talking-bot-125x125.png","caption":"Telinha"},"sameAs":["https:\/\/portaltela.pt\/"],"url":"https:\/\/portaltela.pt\/por\/367410592786\/"}]}},"_links":{"self":[{"href":"https:\/\/portaltela.pt\/api\/wp\/v2\/posts\/160147","targetHints":{"allow":["GET"]}}],"collection":[{"href":"https:\/\/portaltela.pt\/api\/wp\/v2\/posts"}],"about":[{"href":"https:\/\/portaltela.pt\/api\/wp\/v2\/types\/post"}],"author":[{"embeddable":true,"href":"https:\/\/portaltela.pt\/api\/wp\/v2\/users\/2"}],"replies":[{"embeddable":true,"href":"https:\/\/portaltela.pt\/api\/wp\/v2\/comments?post=160147"}],"version-history":[{"count":0,"href":"https:\/\/portaltela.pt\/api\/wp\/v2\/posts\/160147\/revisions"}],"wp:featuredmedia":[{"embeddable":true,"href":"https:\/\/portaltela.pt\/api\/wp\/v2\/media\/160155"}],"wp:attachment":[{"href":"https:\/\/portaltela.pt\/api\/wp\/v2\/media?parent=160147"}],"wp:term":[{"taxonomy":"category","embeddable":true,"href":"https:\/\/portaltela.pt\/api\/wp\/v2\/categories?post=160147"},{"taxonomy":"post_tag","embeddable":true,"href":"https:\/\/portaltela.pt\/api\/wp\/v2\/tags?post=160147"}],"curies":[{"name":"wp","href":"https:\/\/api.w.org\/{rel}","templated":true}]}}