{"id":160048,"date":"2026-01-21T12:06:19","date_gmt":"2026-01-21T15:06:19","guid":{"rendered":"https:\/\/portaltela.pt\/noticias\/2026\/01\/21\/inteligencia-geografica-impulsiona-transformacao-no-setor-publico-e-privado\/"},"modified":"2026-01-21T12:06:19","modified_gmt":"2026-01-21T15:06:19","slug":"inteligencia-geografica-impulsiona-transformacao-no-setor-publico-e-privado","status":"publish","type":"post","link":"https:\/\/portaltela.pt\/noticias\/2026\/01\/21\/inteligencia-geografica-impulsiona-transformacao-no-setor-publico-e-privado\/","title":{"rendered":"Intelig\u00eancia Geogr\u00e1fica impulsiona transforma\u00e7\u00e3o no setor p\u00fablico e privado"},"content":{"rendered":"<p>A Esri Portugal mant\u00e9m-se como refer\u00eancia nacional em Sistemas de Informa\u00e7\u00e3o Geogr\u00e1fica (SIG) ao longo de mais de tr\u00eas d\u00e9cadas de atividade. \u00c9 distribuidora exclusiva da tecnologia ArcGIS em Portugal, Cabo Verde, Guin\u00e9-Bissau e S\u00e3o Tom\u00e9 e Pr\u00edncipe, mostrando que a intelig\u00eancia geogr\u00e1fica \u00e9 hoje um ativo estrat\u00e9gico para entidades p\u00fablicas e privadas.<\/p>\n<p>O CEO Rui Sabino destaca que os SIG deixaram de ser um nicho e s\u00e3o um sistema empresarial \u00fatil a todos os setores. S\u00e3o mais de 700 mil organiza\u00e7\u00f5es a trabalhar com a tecnologia em todo o mundo, sublinha. A miss\u00e3o da Esri Portugal tem sido mostrar que a geografia \u00e9 uma lente para compreender padr\u00f5es sociais, ambientais e econ\u00f3micos, n\u00e3o apenas mapas.<\/p>\n<p>A empresa frisa que a geografia integrada com dados territoriais ajuda a identificar \u00e1reas priorit\u00e1rias, otimizar recursos e responder \u00e0s necessidades da popula\u00e7\u00e3o. No semin\u00e1rio GeoHealth, em Torres Vedras, especialistas demonstraram como os SIG apoiam a gest\u00e3o da sa\u00fade p\u00fablica, entre outras aplica\u00e7\u00f5es.<\/p>\n<h3>Dados que se transformam em conhecimento<\/h3>\n<p>A integra\u00e7\u00e3o da intelig\u00eancia artificial com ferramentas SIG, como o ArcGIS, facilita a automa\u00e7\u00e3o de processos e o potencial de outras tecnologias. No encontro anual, foram apresentados casos de IA aplicados a g\u00e9meos digitais para reorganizar cidades, apoiar a prote\u00e7\u00e3o civil e a gest\u00e3o da orla costeira.<\/p>\n<p>A Esri Portugal afirma que o objetivo \u00e9 potenciar pessoas e empresas atrav\u00e9s dos SIG, com a tecnologia a permitir decis\u00f5es mais conscientes e eficazes. A pr\u00e1tica j\u00e1 transforma setores como sa\u00fade, energia, mobilidade e planeamento urbano, afirmam.<\/p>\n<p>Com 35 anos de experi\u00eancia, a Esri Portugal mant\u00e9m investimentos em consultoria, forma\u00e7\u00e3o certificada e inova\u00e7\u00e3o tecnol\u00f3gica. O grupo aposta numa maior integra\u00e7\u00e3o entre dados geogr\u00e1ficos, IA e plataformas colaborativas, para responder a desafios de sustentabilidade, sa\u00fade p\u00fablica e competitividade empresarial.<\/p>\n<p>Este artigo foi produzido em parceria com a Esri Portugal.<\/p>\n","protected":false},"excerpt":{"rendered":"<ul>\n<li>A Esri Portugal, distribuidora exclusiva da tecnologia ArcGIS em Portugal e em Cabo Verde, Guin\u00e9-Bissau e S\u00e3o Tom\u00e9 e Pr\u00edncipe, consolidou-se como refer\u00eancia nacional em Sistemas de Informa\u00e7\u00e3o Geogr\u00e1fica (SIG).<\/li>\n<li>O CEO Rui Sabino afirma que os SIG j\u00e1 n\u00e3o s\u00e3o um nicho, s\u00e3o um sistema empresarial de utilidade para todos os sectores, com mais de setecentas mil organiza\u00e7\u00f5es a utiliz\u00e1-los globalmente.<\/li>\n<li>A geografia \u00e9 apresentanda como uma lente para compreender padr\u00f5es sociais, ambientais e econ\u00f3micos, com exemplos em gest\u00e3o da sa\u00fade p\u00fablica no semin\u00e1rio GeoHealth, em Torres Vedras.<\/li>\n<li>A integra\u00e7\u00e3o de determinantes sociais, clim\u00e1ticos e demogr\u00e1ficos com dados territoriais permite identificar \u00e1reas priorit\u00e1rias, otimizar recursos e responder melhor \u00e0s necessidades da popula\u00e7\u00e3o.<\/li>\n<li>A combina\u00e7\u00e3o de IA com SIG, nomeadamente ArcGIS, tem gerado g\u00e9meos digitais e outras aplica\u00e7\u00f5es para cidades mais inteligentes, prote\u00e7\u00e3o civil, gest\u00e3o da orla costeira e governan\u00e7a territorial.<\/li>\n<\/ul>\n","protected":false},"author":2,"featured_media":160061,"comment_status":"closed","ping_status":"closed","sticky":false,"template":"","format":"standard","meta":{"footnotes":""},"categories":[1],"tags":[168,3138,33,51,3148,153],"class_list":["post-160048","post","type-post","status-publish","format-standard","has-post-thumbnail","hentry","category-noticias","tag-administracao-publica","tag-dados-geoespaciais","tag-inovacao","tag-inteligencia-artificial","tag-planeamento-urbano","tag-tecnologia"],"yoast_head":"<!-- This site is optimized with the Yoast SEO plugin v27.2 - https:\/\/yoast.com\/product\/yoast-seo-wordpress\/ -->\n<title>Intelig\u00eancia Geogr\u00e1fica impulsiona transforma\u00e7\u00e3o no setor p\u00fablico e privado - Portal Tela Portugal<\/title>\n<meta name=\"robots\" content=\"index, follow, max-snippet:-1, max-image-preview:large, max-video-preview:-1\" \/>\n<meta property=\"og:locale\" content=\"pt_PT\" \/>\n<meta property=\"og:type\" content=\"article\" \/>\n<meta property=\"og:title\" content=\"Intelig\u00eancia Geogr\u00e1fica impulsiona transforma\u00e7\u00e3o no setor p\u00fablico e privado - Portal Tela Portugal\" \/>\n<meta property=\"og:description\" content=\"A Esri Portugal, distribuidora exclusiva da tecnologia ArcGIS em Portugal e em Cabo Verde, Guin\u00e9-Bissau e S\u00e3o Tom\u00e9 e Pr\u00edncipe, consolidou-se como refer\u00eancia nacional em Sistemas de Informa\u00e7\u00e3o Geogr\u00e1fica (SIG). O CEO Rui Sabino afirma que os SIG j\u00e1 n\u00e3o s\u00e3o um nicho, s\u00e3o um sistema empresarial de utilidade para todos os sectores, com mais de setecentas mil organiza\u00e7\u00f5es a utiliz\u00e1-los globalmente. A geografia \u00e9 apresentanda como uma lente para compreender padr\u00f5es sociais, ambientais e econ\u00f3micos, com exemplos em gest\u00e3o da sa\u00fade p\u00fablica no semin\u00e1rio GeoHealth, em Torres Vedras. A integra\u00e7\u00e3o de determinantes sociais, clim\u00e1ticos e demogr\u00e1ficos com dados territoriais permite identificar \u00e1reas priorit\u00e1rias, otimizar recursos e responder melhor \u00e0s necessidades da popula\u00e7\u00e3o. A combina\u00e7\u00e3o de IA com SIG, nomeadamente ArcGIS, tem gerado g\u00e9meos digitais e outras aplica\u00e7\u00f5es para cidades mais inteligentes, prote\u00e7\u00e3o civil, gest\u00e3o da orla costeira e governan\u00e7a territorial.\" \/>\n<meta property=\"og:url\" content=\"https:\/\/portaltela.pt\/noticias\/2026\/01\/21\/inteligencia-geografica-impulsiona-transformacao-no-setor-publico-e-privado\/\" \/>\n<meta property=\"og:site_name\" content=\"Portal Tela Portugal\" \/>\n<meta property=\"article:published_time\" content=\"2026-01-21T15:06:19+00:00\" \/>\n<meta name=\"author\" content=\"Telinha\" \/>\n<meta name=\"twitter:card\" content=\"summary_large_image\" \/>\n<meta name=\"twitter:label1\" content=\"Escrito por\" \/>\n\t<meta name=\"twitter:data1\" content=\"Telinha\" \/>\n\t<meta name=\"twitter:label2\" content=\"Tempo estimado de leitura\" \/>\n\t<meta name=\"twitter:data2\" content=\"2 minutos\" \/>\n<script type=\"application\/ld+json\" class=\"yoast-schema-graph\">{\"@context\":\"https:\/\/schema.org\",\"@graph\":[{\"@type\":\"Article\",\"@id\":\"https:\/\/portaltela.pt\/noticias\/2026\/01\/21\/inteligencia-geografica-impulsiona-transformacao-no-setor-publico-e-privado\/#article\",\"isPartOf\":{\"@id\":\"https:\/\/portaltela.pt\/noticias\/2026\/01\/21\/inteligencia-geografica-impulsiona-transformacao-no-setor-publico-e-privado\/\"},\"author\":{\"name\":\"Telinha\",\"@id\":\"https:\/\/portaltela.pt\/#\/schema\/person\/c4278d4a6028830caff9ee44b42d32ed\"},\"headline\":\"Intelig\u00eancia Geogr\u00e1fica impulsiona transforma\u00e7\u00e3o no setor p\u00fablico e privado\",\"datePublished\":\"2026-01-21T15:06:19+00:00\",\"mainEntityOfPage\":{\"@id\":\"https:\/\/portaltela.pt\/noticias\/2026\/01\/21\/inteligencia-geografica-impulsiona-transformacao-no-setor-publico-e-privado\/\"},\"wordCount\":354,\"image\":{\"@id\":\"https:\/\/portaltela.pt\/noticias\/2026\/01\/21\/inteligencia-geografica-impulsiona-transformacao-no-setor-publico-e-privado\/#primaryimage\"},\"thumbnailUrl\":\"https:\/\/portaltela.pt\/s.01k8rhncp4jt1\/2026\/01\/unnamed-file-4389.jpg\",\"keywords\":[\"administra\u00e7\u00e3o p\u00fablica\",\"dados geoespaciais\",\"inova\u00e7\u00e3o\",\"intelig\u00eancia artificial\",\"planeamento urbano\",\"tecnologia\"],\"articleSection\":[\"Not\u00edcias\"],\"inLanguage\":\"pt-PT\"},{\"@type\":\"WebPage\",\"@id\":\"https:\/\/portaltela.pt\/noticias\/2026\/01\/21\/inteligencia-geografica-impulsiona-transformacao-no-setor-publico-e-privado\/\",\"url\":\"https:\/\/portaltela.pt\/noticias\/2026\/01\/21\/inteligencia-geografica-impulsiona-transformacao-no-setor-publico-e-privado\/\",\"name\":\"Intelig\u00eancia Geogr\u00e1fica impulsiona transforma\u00e7\u00e3o no setor p\u00fablico e privado - Portal Tela Portugal\",\"isPartOf\":{\"@id\":\"https:\/\/portaltela.pt\/#website\"},\"primaryImageOfPage\":{\"@id\":\"https:\/\/portaltela.pt\/noticias\/2026\/01\/21\/inteligencia-geografica-impulsiona-transformacao-no-setor-publico-e-privado\/#primaryimage\"},\"image\":{\"@id\":\"https:\/\/portaltela.pt\/noticias\/2026\/01\/21\/inteligencia-geografica-impulsiona-transformacao-no-setor-publico-e-privado\/#primaryimage\"},\"thumbnailUrl\":\"https:\/\/portaltela.pt\/s.01k8rhncp4jt1\/2026\/01\/unnamed-file-4389.jpg\",\"datePublished\":\"2026-01-21T15:06:19+00:00\",\"author\":{\"@id\":\"https:\/\/portaltela.pt\/#\/schema\/person\/c4278d4a6028830caff9ee44b42d32ed\"},\"breadcrumb\":{\"@id\":\"https:\/\/portaltela.pt\/noticias\/2026\/01\/21\/inteligencia-geografica-impulsiona-transformacao-no-setor-publico-e-privado\/#breadcrumb\"},\"inLanguage\":\"pt-PT\",\"potentialAction\":[{\"@type\":\"ReadAction\",\"target\":[\"https:\/\/portaltela.pt\/noticias\/2026\/01\/21\/inteligencia-geografica-impulsiona-transformacao-no-setor-publico-e-privado\/\"]}]},{\"@type\":\"ImageObject\",\"inLanguage\":\"pt-PT\",\"@id\":\"https:\/\/portaltela.pt\/noticias\/2026\/01\/21\/inteligencia-geografica-impulsiona-transformacao-no-setor-publico-e-privado\/#primaryimage\",\"url\":\"https:\/\/portaltela.pt\/s.01k8rhncp4jt1\/2026\/01\/unnamed-file-4389.jpg\",\"contentUrl\":\"https:\/\/portaltela.pt\/s.01k8rhncp4jt1\/2026\/01\/unnamed-file-4389.jpg\",\"width\":796,\"height\":448,\"caption\":\"A Intelig\u00eancia Geogr\u00e1fica como motor de transforma\u00e7\u00e3o no sector p\u00fablico e privado\"},{\"@type\":\"BreadcrumbList\",\"@id\":\"https:\/\/portaltela.pt\/noticias\/2026\/01\/21\/inteligencia-geografica-impulsiona-transformacao-no-setor-publico-e-privado\/#breadcrumb\",\"itemListElement\":[{\"@type\":\"ListItem\",\"position\":1,\"name\":\"In\u00edcio\",\"item\":\"https:\/\/portaltela.pt\/\"},{\"@type\":\"ListItem\",\"position\":2,\"name\":\"Intelig\u00eancia Geogr\u00e1fica impulsiona transforma\u00e7\u00e3o no setor p\u00fablico e privado\"}]},{\"@type\":\"WebSite\",\"@id\":\"https:\/\/portaltela.pt\/#website\",\"url\":\"https:\/\/portaltela.pt\/\",\"name\":\"Portal Tela Portugal\",\"description\":\"\",\"potentialAction\":[{\"@type\":\"SearchAction\",\"target\":{\"@type\":\"EntryPoint\",\"urlTemplate\":\"https:\/\/portaltela.pt\/?s={search_term_string}\"},\"query-input\":{\"@type\":\"PropertyValueSpecification\",\"valueRequired\":true,\"valueName\":\"search_term_string\"}}],\"inLanguage\":\"pt-PT\"},{\"@type\":\"Person\",\"@id\":\"https:\/\/portaltela.pt\/#\/schema\/person\/c4278d4a6028830caff9ee44b42d32ed\",\"name\":\"Telinha\",\"image\":{\"@type\":\"ImageObject\",\"inLanguage\":\"pt-PT\",\"@id\":\"https:\/\/portaltela.pt\/s.01k8rhncp4jt1\/2025\/11\/talking-bot-125x125.png\",\"url\":\"https:\/\/portaltela.pt\/s.01k8rhncp4jt1\/2025\/11\/talking-bot-125x125.png\",\"contentUrl\":\"https:\/\/portaltela.pt\/s.01k8rhncp4jt1\/2025\/11\/talking-bot-125x125.png\",\"caption\":\"Telinha\"},\"sameAs\":[\"https:\/\/portaltela.pt\/\"],\"url\":\"https:\/\/portaltela.pt\/por\/367410592786\/\"}]}<\/script>\n<!-- \/ Yoast SEO plugin. -->","yoast_head_json":{"title":"Intelig\u00eancia Geogr\u00e1fica impulsiona transforma\u00e7\u00e3o no setor p\u00fablico e privado - Portal Tela Portugal","robots":{"index":"index","follow":"follow","max-snippet":"max-snippet:-1","max-image-preview":"max-image-preview:large","max-video-preview":"max-video-preview:-1"},"og_locale":"pt_PT","og_type":"article","og_title":"Intelig\u00eancia Geogr\u00e1fica impulsiona transforma\u00e7\u00e3o no setor p\u00fablico e privado - Portal Tela Portugal","og_description":"A Esri Portugal, distribuidora exclusiva da tecnologia ArcGIS em Portugal e em Cabo Verde, Guin\u00e9-Bissau e S\u00e3o Tom\u00e9 e Pr\u00edncipe, consolidou-se como refer\u00eancia nacional em Sistemas de Informa\u00e7\u00e3o Geogr\u00e1fica (SIG). O CEO Rui Sabino afirma que os SIG j\u00e1 n\u00e3o s\u00e3o um nicho, s\u00e3o um sistema empresarial de utilidade para todos os sectores, com mais de setecentas mil organiza\u00e7\u00f5es a utiliz\u00e1-los globalmente. A geografia \u00e9 apresentanda como uma lente para compreender padr\u00f5es sociais, ambientais e econ\u00f3micos, com exemplos em gest\u00e3o da sa\u00fade p\u00fablica no semin\u00e1rio GeoHealth, em Torres Vedras. A integra\u00e7\u00e3o de determinantes sociais, clim\u00e1ticos e demogr\u00e1ficos com dados territoriais permite identificar \u00e1reas priorit\u00e1rias, otimizar recursos e responder melhor \u00e0s necessidades da popula\u00e7\u00e3o. A combina\u00e7\u00e3o de IA com SIG, nomeadamente ArcGIS, tem gerado g\u00e9meos digitais e outras aplica\u00e7\u00f5es para cidades mais inteligentes, prote\u00e7\u00e3o civil, gest\u00e3o da orla costeira e governan\u00e7a territorial.","og_url":"https:\/\/portaltela.pt\/noticias\/2026\/01\/21\/inteligencia-geografica-impulsiona-transformacao-no-setor-publico-e-privado\/","og_site_name":"Portal Tela Portugal","article_published_time":"2026-01-21T15:06:19+00:00","author":"Telinha","twitter_card":"summary_large_image","twitter_misc":{"Escrito por":"Telinha","Tempo estimado de leitura":"2 minutos"},"schema":{"@context":"https:\/\/schema.org","@graph":[{"@type":"Article","@id":"https:\/\/portaltela.pt\/noticias\/2026\/01\/21\/inteligencia-geografica-impulsiona-transformacao-no-setor-publico-e-privado\/#article","isPartOf":{"@id":"https:\/\/portaltela.pt\/noticias\/2026\/01\/21\/inteligencia-geografica-impulsiona-transformacao-no-setor-publico-e-privado\/"},"author":{"name":"Telinha","@id":"https:\/\/portaltela.pt\/#\/schema\/person\/c4278d4a6028830caff9ee44b42d32ed"},"headline":"Intelig\u00eancia Geogr\u00e1fica impulsiona transforma\u00e7\u00e3o no setor p\u00fablico e privado","datePublished":"2026-01-21T15:06:19+00:00","mainEntityOfPage":{"@id":"https:\/\/portaltela.pt\/noticias\/2026\/01\/21\/inteligencia-geografica-impulsiona-transformacao-no-setor-publico-e-privado\/"},"wordCount":354,"image":{"@id":"https:\/\/portaltela.pt\/noticias\/2026\/01\/21\/inteligencia-geografica-impulsiona-transformacao-no-setor-publico-e-privado\/#primaryimage"},"thumbnailUrl":"https:\/\/portaltela.pt\/s.01k8rhncp4jt1\/2026\/01\/unnamed-file-4389.jpg","keywords":["administra\u00e7\u00e3o p\u00fablica","dados geoespaciais","inova\u00e7\u00e3o","intelig\u00eancia artificial","planeamento urbano","tecnologia"],"articleSection":["Not\u00edcias"],"inLanguage":"pt-PT"},{"@type":"WebPage","@id":"https:\/\/portaltela.pt\/noticias\/2026\/01\/21\/inteligencia-geografica-impulsiona-transformacao-no-setor-publico-e-privado\/","url":"https:\/\/portaltela.pt\/noticias\/2026\/01\/21\/inteligencia-geografica-impulsiona-transformacao-no-setor-publico-e-privado\/","name":"Intelig\u00eancia Geogr\u00e1fica impulsiona transforma\u00e7\u00e3o no setor p\u00fablico e privado - Portal Tela Portugal","isPartOf":{"@id":"https:\/\/portaltela.pt\/#website"},"primaryImageOfPage":{"@id":"https:\/\/portaltela.pt\/noticias\/2026\/01\/21\/inteligencia-geografica-impulsiona-transformacao-no-setor-publico-e-privado\/#primaryimage"},"image":{"@id":"https:\/\/portaltela.pt\/noticias\/2026\/01\/21\/inteligencia-geografica-impulsiona-transformacao-no-setor-publico-e-privado\/#primaryimage"},"thumbnailUrl":"https:\/\/portaltela.pt\/s.01k8rhncp4jt1\/2026\/01\/unnamed-file-4389.jpg","datePublished":"2026-01-21T15:06:19+00:00","author":{"@id":"https:\/\/portaltela.pt\/#\/schema\/person\/c4278d4a6028830caff9ee44b42d32ed"},"breadcrumb":{"@id":"https:\/\/portaltela.pt\/noticias\/2026\/01\/21\/inteligencia-geografica-impulsiona-transformacao-no-setor-publico-e-privado\/#breadcrumb"},"inLanguage":"pt-PT","potentialAction":[{"@type":"ReadAction","target":["https:\/\/portaltela.pt\/noticias\/2026\/01\/21\/inteligencia-geografica-impulsiona-transformacao-no-setor-publico-e-privado\/"]}]},{"@type":"ImageObject","inLanguage":"pt-PT","@id":"https:\/\/portaltela.pt\/noticias\/2026\/01\/21\/inteligencia-geografica-impulsiona-transformacao-no-setor-publico-e-privado\/#primaryimage","url":"https:\/\/portaltela.pt\/s.01k8rhncp4jt1\/2026\/01\/unnamed-file-4389.jpg","contentUrl":"https:\/\/portaltela.pt\/s.01k8rhncp4jt1\/2026\/01\/unnamed-file-4389.jpg","width":796,"height":448,"caption":"A Intelig\u00eancia Geogr\u00e1fica como motor de transforma\u00e7\u00e3o no sector p\u00fablico e privado"},{"@type":"BreadcrumbList","@id":"https:\/\/portaltela.pt\/noticias\/2026\/01\/21\/inteligencia-geografica-impulsiona-transformacao-no-setor-publico-e-privado\/#breadcrumb","itemListElement":[{"@type":"ListItem","position":1,"name":"In\u00edcio","item":"https:\/\/portaltela.pt\/"},{"@type":"ListItem","position":2,"name":"Intelig\u00eancia Geogr\u00e1fica impulsiona transforma\u00e7\u00e3o no setor p\u00fablico e privado"}]},{"@type":"WebSite","@id":"https:\/\/portaltela.pt\/#website","url":"https:\/\/portaltela.pt\/","name":"Portal Tela Portugal","description":"","potentialAction":[{"@type":"SearchAction","target":{"@type":"EntryPoint","urlTemplate":"https:\/\/portaltela.pt\/?s={search_term_string}"},"query-input":{"@type":"PropertyValueSpecification","valueRequired":true,"valueName":"search_term_string"}}],"inLanguage":"pt-PT"},{"@type":"Person","@id":"https:\/\/portaltela.pt\/#\/schema\/person\/c4278d4a6028830caff9ee44b42d32ed","name":"Telinha","image":{"@type":"ImageObject","inLanguage":"pt-PT","@id":"https:\/\/portaltela.pt\/s.01k8rhncp4jt1\/2025\/11\/talking-bot-125x125.png","url":"https:\/\/portaltela.pt\/s.01k8rhncp4jt1\/2025\/11\/talking-bot-125x125.png","contentUrl":"https:\/\/portaltela.pt\/s.01k8rhncp4jt1\/2025\/11\/talking-bot-125x125.png","caption":"Telinha"},"sameAs":["https:\/\/portaltela.pt\/"],"url":"https:\/\/portaltela.pt\/por\/367410592786\/"}]}},"_links":{"self":[{"href":"https:\/\/portaltela.pt\/api\/wp\/v2\/posts\/160048","targetHints":{"allow":["GET"]}}],"collection":[{"href":"https:\/\/portaltela.pt\/api\/wp\/v2\/posts"}],"about":[{"href":"https:\/\/portaltela.pt\/api\/wp\/v2\/types\/post"}],"author":[{"embeddable":true,"href":"https:\/\/portaltela.pt\/api\/wp\/v2\/users\/2"}],"replies":[{"embeddable":true,"href":"https:\/\/portaltela.pt\/api\/wp\/v2\/comments?post=160048"}],"version-history":[{"count":0,"href":"https:\/\/portaltela.pt\/api\/wp\/v2\/posts\/160048\/revisions"}],"wp:featuredmedia":[{"embeddable":true,"href":"https:\/\/portaltela.pt\/api\/wp\/v2\/media\/160061"}],"wp:attachment":[{"href":"https:\/\/portaltela.pt\/api\/wp\/v2\/media?parent=160048"}],"wp:term":[{"taxonomy":"category","embeddable":true,"href":"https:\/\/portaltela.pt\/api\/wp\/v2\/categories?post=160048"},{"taxonomy":"post_tag","embeddable":true,"href":"https:\/\/portaltela.pt\/api\/wp\/v2\/tags?post=160048"}],"curies":[{"name":"wp","href":"https:\/\/api.w.org\/{rel}","templated":true}]}}