{"id":160042,"date":"2026-01-21T12:17:00","date_gmt":"2026-01-21T15:17:00","guid":{"rendered":"https:\/\/portaltela.pt\/noticias\/2026\/01\/21\/como-baixar-impostos-aos-ricos-mudou-a-suecia-e-a-cooperacao-publica\/"},"modified":"2026-01-21T12:17:00","modified_gmt":"2026-01-21T15:17:00","slug":"como-baixar-impostos-aos-ricos-mudou-a-suecia-e-a-cooperacao-publica","status":"publish","type":"post","link":"https:\/\/portaltela.pt\/noticias\/economia\/2026\/01\/21\/como-baixar-impostos-aos-ricos-mudou-a-suecia-e-a-cooperacao-publica\/","title":{"rendered":"Como baixar impostos aos ricos mudou a Su\u00e9cia e a coopera\u00e7\u00e3o p\u00fablica"},"content":{"rendered":"<p>Durante grande parte do s\u00e9culo XX, a Su\u00e9cia foi vista como um dos pa\u00edses mais igualit\u00e1rios da Europa. Hoje, \u00e9 descrita como um \u201cpara\u00edso para os super-ricos\u201d, onde h\u00e1 v\u00e1rias empresas unic\u00f3rnio e uma propor\u00e7\u00e3o crescente de multimilion\u00e1rios em d\u00f3lares.<\/p>\n<p>A aboli\u00e7\u00e3o do imposto sobre grandes fortunas h\u00e1 cerca de 20 anos, acompanhada de dedu\u00e7\u00f5es para servi\u00e7os dom\u00e9sticos e obras de melhoria, \u00e9 apontada como marco dessa mudan\u00e7a. Dois dec\u00e9nios depois, o pa\u00eds regista mais casas com servi\u00e7os de limpeza e uma press\u00e3o social diferente sobre o Estado de bem-estar.<\/p>\n<p>V\u00e1rias reformas contribu\u00edram para esse quadro, incluindo a redu\u00e7\u00e3o da prote\u00e7\u00e3o social e a privatiza\u00e7\u00e3o de servi\u00e7os p\u00fablicos a partir dos anos 1980. Os entrevistados, idosos reformados, descrevem uma sociedade menos coesa e mais segmentada.<\/p>\n<h3>Impacto social e econ\u00f3mico<\/h3>\n<p>A investiga\u00e7\u00e3o aponta que o debate sobre riqueza e impostos vai al\u00e9m da arrecada\u00e7\u00e3o: influencia a forma como as pessoas imaginam a vida em comum. O coeficiente de Gini tem aumentado, sinalizando maior desigualdade em rela\u00e7\u00e3o ao passado.<\/p>\n<p>Relatos de reformados de Estocolmo indicam que a aus\u00eancia de um imposto sobre fortunas se refletiu na perce\u00e7\u00e3o de que a sociedade j\u00e1 n\u00e3o constr\u00f3i em conjunto. Muitos reconhecem que n\u00e3o protestaram na altura, o que contribu\u00edu para a transforma\u00e7\u00e3o do modelo social.<\/p>\n<p>Hoje existem apenas alguns pa\u00edses europeus com um imposto geral sobre grandes fortunas. A Su\u00e9cia passou a conviver com um sistema em que a riqueza \u00e9 mais concentrada, suscitando um debate sobre o tipo de sociedade que se pretende manter.<\/p>\n<h3>Perspectivas sobre o modelo sueco<\/h3>\n<p>Enquanto alguns veem o legado do Estado social constru\u00eddo ao longo de d\u00e9cadas como uma base de igualdade, outros observam que o pa\u00eds mudou para um cen\u00e1rio mais favor\u00e1vel aos detentores de grandes fortunas. A percep\u00e7\u00e3o p\u00fablica tem sido de que o equil\u00edbrio entre contributos e benef\u00edcios se afastou do ideal original.<\/p>\n<p>Entre as vozes consultadas, h\u00e1 uma ideia de que o passado representava uma rede de prote\u00e7\u00e3o para fam\u00edlias durante a inf\u00e2ncia, com acesso a educa\u00e7\u00e3o, sa\u00fade e servi\u00e7os b\u00e1sicos. Hoje, essa mem\u00f3ria contrasta com a vis\u00e3o de uma sociedade menos integrada.<\/p>\n<p>As entrevistas destacam ainda o papel das gera\u00e7\u00f5es mais velhas na conforma\u00e7\u00e3o da hist\u00f3ria recente: alguns reconhecem que a aboli\u00e7\u00e3o do imposto sobre fortunas foi um ponto de inflex\u00e3o que alterou o rumo do Estado social na Su\u00e9cia.<\/p>\n<h3>Contexto hist\u00f3rico e fontes<\/h3>\n<p>O debate sobre o imposto sobre grandes fortunas remonta a 1911, com avan\u00e7os sociais que consolidaram o modelo de bem-estar. A aboli\u00e7\u00e3o em 2006 \u00e9 vista por muitos reformados como uma mudan\u00e7a-chave para o que hoje se percebe como uma sociedade de maior desindustrializa\u00e7\u00e3o social.<\/p>\n<p>As discuss\u00f5es atuais envolvem perguntas sobre o que se pretende manter: um modelo de Estado social mais abrangente ou uma estrutura mais permissiva para a acumula\u00e7\u00e3o de riqueza. A pesquisa mostra que as escolhas pol\u00edticas afetam diretamente a vis\u00e3o de futuro da popula\u00e7\u00e3o idosa.<\/p>\n<p>Exclusivo P3\/The Conversation<\/p>\n<p>Miranda Sheild Johansson \u00e9 investigadora s\u00e9nior em Antropologia Social na University College London. Os nomes dos entrevistados foram alterados para proteger a identidade.<\/p>\n","protected":false},"excerpt":{"rendered":"<ul>\n<li>A Su\u00e9cia passou de pa\u00eds reconhecido pela igualdade para um \u201cpara\u00edso para os super-ricos\u201d ap\u00f3s abolir o imposto sobre grandes fortunas h\u00e1 cerca de vinte anos, ao mesmo tempo em que criou dedu\u00e7\u00f5es para servi\u00e7os dom\u00e9sticos e obras em casa.<\/li>\n<li>A aboli\u00e7\u00e3o, em 2006, coincide com o aumento de multimilion\u00e1rios no pa\u00eds e com um abrandamento do Estado social, refletido num coeficiente de Gini de 0,3, frente a 0,2 nos anos oitenta.<\/li>\n<li>Reformados entrevistados descrevem a redu\u00e7\u00e3o fiscal como parte de uma transforma\u00e7\u00e3o que desmantelou o projeto coletivo de construir uma sociedade mais coesa, deixando-os com sensa\u00e7\u00e3o de perdas.<\/li>\n<li>Hoje, apenas tr\u00eas pa\u00edses europeus aplicam imposto geral sobre grandes fortunas (Noruega, Espanha e Su\u00ed\u00e7a); na Su\u00e9cia persiste o debate sobre o tipo de sociedade que o pa\u00eds quer projetar.<\/li>\n<li>A investiga\u00e7\u00e3o sugere que a aus\u00eancia de impostos sobre grandes fortunas tem impactos sociais amplos, influenciando a forma como as pessoas percebem a solidariedade e a fun\u00e7\u00e3o do Estado social.<\/li>\n<\/ul>\n","protected":false},"author":2,"featured_media":160055,"comment_status":"closed","ping_status":"closed","sticky":false,"template":"","format":"standard","meta":{"footnotes":""},"categories":[2],"tags":[2862,28,2685,3613,133,2645],"class_list":["post-160042","post","type-post","status-publish","format-standard","has-post-thumbnail","hentry","category-economia","tag-desigualdades-salariais","tag-economia","tag-estado-social","tag-impostos","tag-politicas-publicas","tag-suecia"],"yoast_head":"<!-- This site is optimized with the Yoast SEO plugin v27.2 - https:\/\/yoast.com\/product\/yoast-seo-wordpress\/ -->\n<title>Como baixar impostos aos ricos mudou a Su\u00e9cia e a coopera\u00e7\u00e3o p\u00fablica - Portal Tela Portugal<\/title>\n<meta name=\"robots\" content=\"index, follow, max-snippet:-1, max-image-preview:large, max-video-preview:-1\" \/>\n<meta property=\"og:locale\" content=\"pt_PT\" \/>\n<meta property=\"og:type\" content=\"article\" \/>\n<meta property=\"og:title\" content=\"Como baixar impostos aos ricos mudou a Su\u00e9cia e a coopera\u00e7\u00e3o p\u00fablica - Portal Tela Portugal\" \/>\n<meta property=\"og:description\" content=\"A Su\u00e9cia passou de pa\u00eds reconhecido pela igualdade para um \u201cpara\u00edso para os super-ricos\u201d ap\u00f3s abolir o imposto sobre grandes fortunas h\u00e1 cerca de vinte anos, ao mesmo tempo em que criou dedu\u00e7\u00f5es para servi\u00e7os dom\u00e9sticos e obras em casa. A aboli\u00e7\u00e3o, em 2006, coincide com o aumento de multimilion\u00e1rios no pa\u00eds e com um abrandamento do Estado social, refletido num coeficiente de Gini de 0,3, frente a 0,2 nos anos oitenta. Reformados entrevistados descrevem a redu\u00e7\u00e3o fiscal como parte de uma transforma\u00e7\u00e3o que desmantelou o projeto coletivo de construir uma sociedade mais coesa, deixando-os com sensa\u00e7\u00e3o de perdas. Hoje, apenas tr\u00eas pa\u00edses europeus aplicam imposto geral sobre grandes fortunas (Noruega, Espanha e Su\u00ed\u00e7a); na Su\u00e9cia persiste o debate sobre o tipo de sociedade que o pa\u00eds quer projetar. A investiga\u00e7\u00e3o sugere que a aus\u00eancia de impostos sobre grandes fortunas tem impactos sociais amplos, influenciando a forma como as pessoas percebem a solidariedade e a fun\u00e7\u00e3o do Estado social.\" \/>\n<meta property=\"og:url\" content=\"https:\/\/portaltela.pt\/noticias\/2026\/01\/21\/como-baixar-impostos-aos-ricos-mudou-a-suecia-e-a-cooperacao-publica\/\" \/>\n<meta property=\"og:site_name\" content=\"Portal Tela Portugal\" \/>\n<meta property=\"article:published_time\" content=\"2026-01-21T15:17:00+00:00\" \/>\n<meta name=\"author\" content=\"Telinha\" \/>\n<meta name=\"twitter:card\" content=\"summary_large_image\" \/>\n<meta name=\"twitter:label1\" content=\"Escrito por\" \/>\n\t<meta name=\"twitter:data1\" content=\"Telinha\" \/>\n\t<meta name=\"twitter:label2\" content=\"Tempo estimado de leitura\" \/>\n\t<meta name=\"twitter:data2\" content=\"3 minutos\" \/>\n<script type=\"application\/ld+json\" class=\"yoast-schema-graph\">{\"@context\":\"https:\/\/schema.org\",\"@graph\":[{\"@type\":\"Article\",\"@id\":\"https:\/\/portaltela.pt\/noticias\/2026\/01\/21\/como-baixar-impostos-aos-ricos-mudou-a-suecia-e-a-cooperacao-publica\/#article\",\"isPartOf\":{\"@id\":\"https:\/\/portaltela.pt\/noticias\/2026\/01\/21\/como-baixar-impostos-aos-ricos-mudou-a-suecia-e-a-cooperacao-publica\/\"},\"author\":{\"name\":\"Telinha\",\"@id\":\"https:\/\/portaltela.pt\/#\/schema\/person\/c4278d4a6028830caff9ee44b42d32ed\"},\"headline\":\"Como baixar impostos aos ricos mudou a Su\u00e9cia e a coopera\u00e7\u00e3o p\u00fablica\",\"datePublished\":\"2026-01-21T15:17:00+00:00\",\"mainEntityOfPage\":{\"@id\":\"https:\/\/portaltela.pt\/noticias\/2026\/01\/21\/como-baixar-impostos-aos-ricos-mudou-a-suecia-e-a-cooperacao-publica\/\"},\"wordCount\":587,\"image\":{\"@id\":\"https:\/\/portaltela.pt\/noticias\/2026\/01\/21\/como-baixar-impostos-aos-ricos-mudou-a-suecia-e-a-cooperacao-publica\/#primaryimage\"},\"thumbnailUrl\":\"https:\/\/portaltela.pt\/s.01k8rhncp4jt1\/2026\/01\/2060945.jpg\",\"keywords\":[\"desigualdades salariais\",\"economia\",\"Estado Social\",\"impostos\",\"pol\u00edticas p\u00fablicas\",\"Su\u00e9cia\"],\"articleSection\":[\"Economia\"],\"inLanguage\":\"pt-PT\"},{\"@type\":\"WebPage\",\"@id\":\"https:\/\/portaltela.pt\/noticias\/2026\/01\/21\/como-baixar-impostos-aos-ricos-mudou-a-suecia-e-a-cooperacao-publica\/\",\"url\":\"https:\/\/portaltela.pt\/noticias\/2026\/01\/21\/como-baixar-impostos-aos-ricos-mudou-a-suecia-e-a-cooperacao-publica\/\",\"name\":\"Como baixar impostos aos ricos mudou a Su\u00e9cia e a coopera\u00e7\u00e3o p\u00fablica - Portal Tela Portugal\",\"isPartOf\":{\"@id\":\"https:\/\/portaltela.pt\/#website\"},\"primaryImageOfPage\":{\"@id\":\"https:\/\/portaltela.pt\/noticias\/2026\/01\/21\/como-baixar-impostos-aos-ricos-mudou-a-suecia-e-a-cooperacao-publica\/#primaryimage\"},\"image\":{\"@id\":\"https:\/\/portaltela.pt\/noticias\/2026\/01\/21\/como-baixar-impostos-aos-ricos-mudou-a-suecia-e-a-cooperacao-publica\/#primaryimage\"},\"thumbnailUrl\":\"https:\/\/portaltela.pt\/s.01k8rhncp4jt1\/2026\/01\/2060945.jpg\",\"datePublished\":\"2026-01-21T15:17:00+00:00\",\"author\":{\"@id\":\"https:\/\/portaltela.pt\/#\/schema\/person\/c4278d4a6028830caff9ee44b42d32ed\"},\"breadcrumb\":{\"@id\":\"https:\/\/portaltela.pt\/noticias\/2026\/01\/21\/como-baixar-impostos-aos-ricos-mudou-a-suecia-e-a-cooperacao-publica\/#breadcrumb\"},\"inLanguage\":\"pt-PT\",\"potentialAction\":[{\"@type\":\"ReadAction\",\"target\":[\"https:\/\/portaltela.pt\/noticias\/2026\/01\/21\/como-baixar-impostos-aos-ricos-mudou-a-suecia-e-a-cooperacao-publica\/\"]}]},{\"@type\":\"ImageObject\",\"inLanguage\":\"pt-PT\",\"@id\":\"https:\/\/portaltela.pt\/noticias\/2026\/01\/21\/como-baixar-impostos-aos-ricos-mudou-a-suecia-e-a-cooperacao-publica\/#primaryimage\",\"url\":\"https:\/\/portaltela.pt\/s.01k8rhncp4jt1\/2026\/01\/2060945.jpg\",\"contentUrl\":\"https:\/\/portaltela.pt\/s.01k8rhncp4jt1\/2026\/01\/2060945.jpg\",\"width\":796,\"height\":448,\"caption\":\"\u201cQuando o imposto sobre grandes fortunas foi abolido, n\u00e3o estava a pensar que os milion\u00e1rios estavam a receber um benef\u00edcio\"},{\"@type\":\"BreadcrumbList\",\"@id\":\"https:\/\/portaltela.pt\/noticias\/2026\/01\/21\/como-baixar-impostos-aos-ricos-mudou-a-suecia-e-a-cooperacao-publica\/#breadcrumb\",\"itemListElement\":[{\"@type\":\"ListItem\",\"position\":1,\"name\":\"In\u00edcio\",\"item\":\"https:\/\/portaltela.pt\/\"},{\"@type\":\"ListItem\",\"position\":2,\"name\":\"Como baixar impostos aos ricos mudou a Su\u00e9cia e a coopera\u00e7\u00e3o p\u00fablica\"}]},{\"@type\":\"WebSite\",\"@id\":\"https:\/\/portaltela.pt\/#website\",\"url\":\"https:\/\/portaltela.pt\/\",\"name\":\"Portal Tela Portugal\",\"description\":\"\",\"potentialAction\":[{\"@type\":\"SearchAction\",\"target\":{\"@type\":\"EntryPoint\",\"urlTemplate\":\"https:\/\/portaltela.pt\/?s={search_term_string}\"},\"query-input\":{\"@type\":\"PropertyValueSpecification\",\"valueRequired\":true,\"valueName\":\"search_term_string\"}}],\"inLanguage\":\"pt-PT\"},{\"@type\":\"Person\",\"@id\":\"https:\/\/portaltela.pt\/#\/schema\/person\/c4278d4a6028830caff9ee44b42d32ed\",\"name\":\"Telinha\",\"image\":{\"@type\":\"ImageObject\",\"inLanguage\":\"pt-PT\",\"@id\":\"https:\/\/portaltela.pt\/s.01k8rhncp4jt1\/2025\/11\/talking-bot-125x125.png\",\"url\":\"https:\/\/portaltela.pt\/s.01k8rhncp4jt1\/2025\/11\/talking-bot-125x125.png\",\"contentUrl\":\"https:\/\/portaltela.pt\/s.01k8rhncp4jt1\/2025\/11\/talking-bot-125x125.png\",\"caption\":\"Telinha\"},\"sameAs\":[\"https:\/\/portaltela.pt\/\"],\"url\":\"https:\/\/portaltela.pt\/por\/367410592786\/\"}]}<\/script>\n<!-- \/ Yoast SEO plugin. -->","yoast_head_json":{"title":"Como baixar impostos aos ricos mudou a Su\u00e9cia e a coopera\u00e7\u00e3o p\u00fablica - Portal Tela Portugal","robots":{"index":"index","follow":"follow","max-snippet":"max-snippet:-1","max-image-preview":"max-image-preview:large","max-video-preview":"max-video-preview:-1"},"og_locale":"pt_PT","og_type":"article","og_title":"Como baixar impostos aos ricos mudou a Su\u00e9cia e a coopera\u00e7\u00e3o p\u00fablica - Portal Tela Portugal","og_description":"A Su\u00e9cia passou de pa\u00eds reconhecido pela igualdade para um \u201cpara\u00edso para os super-ricos\u201d ap\u00f3s abolir o imposto sobre grandes fortunas h\u00e1 cerca de vinte anos, ao mesmo tempo em que criou dedu\u00e7\u00f5es para servi\u00e7os dom\u00e9sticos e obras em casa. A aboli\u00e7\u00e3o, em 2006, coincide com o aumento de multimilion\u00e1rios no pa\u00eds e com um abrandamento do Estado social, refletido num coeficiente de Gini de 0,3, frente a 0,2 nos anos oitenta. Reformados entrevistados descrevem a redu\u00e7\u00e3o fiscal como parte de uma transforma\u00e7\u00e3o que desmantelou o projeto coletivo de construir uma sociedade mais coesa, deixando-os com sensa\u00e7\u00e3o de perdas. Hoje, apenas tr\u00eas pa\u00edses europeus aplicam imposto geral sobre grandes fortunas (Noruega, Espanha e Su\u00ed\u00e7a); na Su\u00e9cia persiste o debate sobre o tipo de sociedade que o pa\u00eds quer projetar. A investiga\u00e7\u00e3o sugere que a aus\u00eancia de impostos sobre grandes fortunas tem impactos sociais amplos, influenciando a forma como as pessoas percebem a solidariedade e a fun\u00e7\u00e3o do Estado social.","og_url":"https:\/\/portaltela.pt\/noticias\/2026\/01\/21\/como-baixar-impostos-aos-ricos-mudou-a-suecia-e-a-cooperacao-publica\/","og_site_name":"Portal Tela Portugal","article_published_time":"2026-01-21T15:17:00+00:00","author":"Telinha","twitter_card":"summary_large_image","twitter_misc":{"Escrito por":"Telinha","Tempo estimado de leitura":"3 minutos"},"schema":{"@context":"https:\/\/schema.org","@graph":[{"@type":"Article","@id":"https:\/\/portaltela.pt\/noticias\/2026\/01\/21\/como-baixar-impostos-aos-ricos-mudou-a-suecia-e-a-cooperacao-publica\/#article","isPartOf":{"@id":"https:\/\/portaltela.pt\/noticias\/2026\/01\/21\/como-baixar-impostos-aos-ricos-mudou-a-suecia-e-a-cooperacao-publica\/"},"author":{"name":"Telinha","@id":"https:\/\/portaltela.pt\/#\/schema\/person\/c4278d4a6028830caff9ee44b42d32ed"},"headline":"Como baixar impostos aos ricos mudou a Su\u00e9cia e a coopera\u00e7\u00e3o p\u00fablica","datePublished":"2026-01-21T15:17:00+00:00","mainEntityOfPage":{"@id":"https:\/\/portaltela.pt\/noticias\/2026\/01\/21\/como-baixar-impostos-aos-ricos-mudou-a-suecia-e-a-cooperacao-publica\/"},"wordCount":587,"image":{"@id":"https:\/\/portaltela.pt\/noticias\/2026\/01\/21\/como-baixar-impostos-aos-ricos-mudou-a-suecia-e-a-cooperacao-publica\/#primaryimage"},"thumbnailUrl":"https:\/\/portaltela.pt\/s.01k8rhncp4jt1\/2026\/01\/2060945.jpg","keywords":["desigualdades salariais","economia","Estado Social","impostos","pol\u00edticas p\u00fablicas","Su\u00e9cia"],"articleSection":["Economia"],"inLanguage":"pt-PT"},{"@type":"WebPage","@id":"https:\/\/portaltela.pt\/noticias\/2026\/01\/21\/como-baixar-impostos-aos-ricos-mudou-a-suecia-e-a-cooperacao-publica\/","url":"https:\/\/portaltela.pt\/noticias\/2026\/01\/21\/como-baixar-impostos-aos-ricos-mudou-a-suecia-e-a-cooperacao-publica\/","name":"Como baixar impostos aos ricos mudou a Su\u00e9cia e a coopera\u00e7\u00e3o p\u00fablica - Portal Tela Portugal","isPartOf":{"@id":"https:\/\/portaltela.pt\/#website"},"primaryImageOfPage":{"@id":"https:\/\/portaltela.pt\/noticias\/2026\/01\/21\/como-baixar-impostos-aos-ricos-mudou-a-suecia-e-a-cooperacao-publica\/#primaryimage"},"image":{"@id":"https:\/\/portaltela.pt\/noticias\/2026\/01\/21\/como-baixar-impostos-aos-ricos-mudou-a-suecia-e-a-cooperacao-publica\/#primaryimage"},"thumbnailUrl":"https:\/\/portaltela.pt\/s.01k8rhncp4jt1\/2026\/01\/2060945.jpg","datePublished":"2026-01-21T15:17:00+00:00","author":{"@id":"https:\/\/portaltela.pt\/#\/schema\/person\/c4278d4a6028830caff9ee44b42d32ed"},"breadcrumb":{"@id":"https:\/\/portaltela.pt\/noticias\/2026\/01\/21\/como-baixar-impostos-aos-ricos-mudou-a-suecia-e-a-cooperacao-publica\/#breadcrumb"},"inLanguage":"pt-PT","potentialAction":[{"@type":"ReadAction","target":["https:\/\/portaltela.pt\/noticias\/2026\/01\/21\/como-baixar-impostos-aos-ricos-mudou-a-suecia-e-a-cooperacao-publica\/"]}]},{"@type":"ImageObject","inLanguage":"pt-PT","@id":"https:\/\/portaltela.pt\/noticias\/2026\/01\/21\/como-baixar-impostos-aos-ricos-mudou-a-suecia-e-a-cooperacao-publica\/#primaryimage","url":"https:\/\/portaltela.pt\/s.01k8rhncp4jt1\/2026\/01\/2060945.jpg","contentUrl":"https:\/\/portaltela.pt\/s.01k8rhncp4jt1\/2026\/01\/2060945.jpg","width":796,"height":448,"caption":"\u201cQuando o imposto sobre grandes fortunas foi abolido, n\u00e3o estava a pensar que os milion\u00e1rios estavam a receber um benef\u00edcio"},{"@type":"BreadcrumbList","@id":"https:\/\/portaltela.pt\/noticias\/2026\/01\/21\/como-baixar-impostos-aos-ricos-mudou-a-suecia-e-a-cooperacao-publica\/#breadcrumb","itemListElement":[{"@type":"ListItem","position":1,"name":"In\u00edcio","item":"https:\/\/portaltela.pt\/"},{"@type":"ListItem","position":2,"name":"Como baixar impostos aos ricos mudou a Su\u00e9cia e a coopera\u00e7\u00e3o p\u00fablica"}]},{"@type":"WebSite","@id":"https:\/\/portaltela.pt\/#website","url":"https:\/\/portaltela.pt\/","name":"Portal Tela Portugal","description":"","potentialAction":[{"@type":"SearchAction","target":{"@type":"EntryPoint","urlTemplate":"https:\/\/portaltela.pt\/?s={search_term_string}"},"query-input":{"@type":"PropertyValueSpecification","valueRequired":true,"valueName":"search_term_string"}}],"inLanguage":"pt-PT"},{"@type":"Person","@id":"https:\/\/portaltela.pt\/#\/schema\/person\/c4278d4a6028830caff9ee44b42d32ed","name":"Telinha","image":{"@type":"ImageObject","inLanguage":"pt-PT","@id":"https:\/\/portaltela.pt\/s.01k8rhncp4jt1\/2025\/11\/talking-bot-125x125.png","url":"https:\/\/portaltela.pt\/s.01k8rhncp4jt1\/2025\/11\/talking-bot-125x125.png","contentUrl":"https:\/\/portaltela.pt\/s.01k8rhncp4jt1\/2025\/11\/talking-bot-125x125.png","caption":"Telinha"},"sameAs":["https:\/\/portaltela.pt\/"],"url":"https:\/\/portaltela.pt\/por\/367410592786\/"}]}},"_links":{"self":[{"href":"https:\/\/portaltela.pt\/api\/wp\/v2\/posts\/160042","targetHints":{"allow":["GET"]}}],"collection":[{"href":"https:\/\/portaltela.pt\/api\/wp\/v2\/posts"}],"about":[{"href":"https:\/\/portaltela.pt\/api\/wp\/v2\/types\/post"}],"author":[{"embeddable":true,"href":"https:\/\/portaltela.pt\/api\/wp\/v2\/users\/2"}],"replies":[{"embeddable":true,"href":"https:\/\/portaltela.pt\/api\/wp\/v2\/comments?post=160042"}],"version-history":[{"count":0,"href":"https:\/\/portaltela.pt\/api\/wp\/v2\/posts\/160042\/revisions"}],"wp:featuredmedia":[{"embeddable":true,"href":"https:\/\/portaltela.pt\/api\/wp\/v2\/media\/160055"}],"wp:attachment":[{"href":"https:\/\/portaltela.pt\/api\/wp\/v2\/media?parent=160042"}],"wp:term":[{"taxonomy":"category","embeddable":true,"href":"https:\/\/portaltela.pt\/api\/wp\/v2\/categories?post=160042"},{"taxonomy":"post_tag","embeddable":true,"href":"https:\/\/portaltela.pt\/api\/wp\/v2\/tags?post=160042"}],"curies":[{"name":"wp","href":"https:\/\/api.w.org\/{rel}","templated":true}]}}