{"id":160037,"date":"2026-01-21T12:27:00","date_gmt":"2026-01-21T15:27:00","guid":{"rendered":"https:\/\/portaltela.pt\/noticias\/2026\/01\/21\/tres-feridos-em-acidente-na-a2-palmela\/"},"modified":"2026-01-21T12:27:00","modified_gmt":"2026-01-21T15:27:00","slug":"tres-feridos-em-acidente-na-a2-palmela","status":"publish","type":"post","link":"https:\/\/portaltela.pt\/noticias\/2026\/01\/21\/tres-feridos-em-acidente-na-a2-palmela\/","title":{"rendered":"Tr\u00eas feridos em acidente na A2, Palmela"},"content":{"rendered":"<p>Tr\u00eas pessoas ficaram feridas de forma n\u00e3o grave na sequ\u00eancia de uma colis\u00e3o entre dois autom\u00f3veis na Autoestrada do Sul (A2), em Palmela, na tarde desta quarta-feira. O acidente ocorreu \u00e0s 13h48 no quil\u00f3metro 25, na zona da Quinta do Anjo, no sentido norte-sul, e fez com que uma das viaturas capotasse.<\/p>\n<p>As v\u00edtimas foram transportadas para o Hospital de S\u00e3o Bernardo, em Set\u00fabal. N\u00e3o s\u00e3o ainda conhecidas as idades dos feridos.<\/p>\n<p>No local estiveram 14 operacionais, apoiados por seis ve\u00edculos, incluindo os Bombeiros de Palmela, o INEM, a brigada de tr\u00e2nsito da GNR e a concession\u00e1ria Brisa. O incidente condicionou duas vias, sem exigir o corte total da circula\u00e7\u00e3o.<\/p>\n<h3>Situa\u00e7\u00e3o atual<\/h3>\n<p>Segundo o CM, as opera\u00e7\u00f5es de socorro j\u00e1 terminaram e os bombeiros abandonaram o local, com a normaliza\u00e7\u00e3o a progressar.<\/p>\n","protected":false},"excerpt":{"rendered":"<ul>\n<li>Acidente na A2, Palmela, no quil\u00f3metro 25, Quinta do Anjo, ocorreu \u00e0s 13h48, envolvendo dois carros, com uma viatura a capotar.<\/li>\n<li>Tr\u00eas feridos tiveram ferimentos ligeiros e foram encaminhados ao Hospital de S\u00e3o Bernardo, em Set\u00fabal; idades n\u00e3o dadas.<\/li>\n<li>O acidente obrigou ao condicionamento de duas vias, sem corte total da circula\u00e7\u00e3o.<\/li>\n<li>No local estiveram 14 operacionais, com seis viaturas, incluindo Bombeiros de Palmela, INEM, brigada de tr\u00e2nsito da GNR e a concession\u00e1ria Brisa.<\/li>\n<li>Segundo informa\u00e7\u00f5es, as equipas j\u00e1 abandonaram o local e a circula\u00e7\u00e3o encontra-se a normalizar.<\/li>\n<\/ul>\n","protected":false},"author":2,"featured_media":160052,"comment_status":"closed","ping_status":"closed","sticky":false,"template":"","format":"standard","meta":{"footnotes":""},"categories":[1],"tags":[2088,1932,971,1380,1922,994],"class_list":["post-160037","post","type-post","status-publish","format-standard","has-post-thumbnail","hentry","category-noticias","tag-acidente-de-viacao","tag-acidentes-de-viacao","tag-bombeiros","tag-gnr","tag-inem","tag-setubal"],"yoast_head":"<!-- This site is optimized with the Yoast SEO plugin v27.2 - https:\/\/yoast.com\/product\/yoast-seo-wordpress\/ -->\n<title>Tr\u00eas feridos em acidente na A2, Palmela - Portal Tela Portugal<\/title>\n<meta name=\"robots\" content=\"index, follow, max-snippet:-1, max-image-preview:large, max-video-preview:-1\" \/>\n<meta property=\"og:locale\" content=\"pt_PT\" \/>\n<meta property=\"og:type\" content=\"article\" \/>\n<meta property=\"og:title\" content=\"Tr\u00eas feridos em acidente na A2, Palmela - Portal Tela Portugal\" \/>\n<meta property=\"og:description\" content=\"Acidente na A2, Palmela, no quil\u00f3metro 25, Quinta do Anjo, ocorreu \u00e0s 13h48, envolvendo dois carros, com uma viatura a capotar. Tr\u00eas feridos tiveram ferimentos ligeiros e foram encaminhados ao Hospital de S\u00e3o Bernardo, em Set\u00fabal; idades n\u00e3o dadas. O acidente obrigou ao condicionamento de duas vias, sem corte total da circula\u00e7\u00e3o. No local estiveram 14 operacionais, com seis viaturas, incluindo Bombeiros de Palmela, INEM, brigada de tr\u00e2nsito da GNR e a concession\u00e1ria Brisa. Segundo informa\u00e7\u00f5es, as equipas j\u00e1 abandonaram o local e a circula\u00e7\u00e3o encontra-se a normalizar.\" \/>\n<meta property=\"og:url\" content=\"https:\/\/portaltela.pt\/noticias\/2026\/01\/21\/tres-feridos-em-acidente-na-a2-palmela\/\" \/>\n<meta property=\"og:site_name\" content=\"Portal Tela Portugal\" \/>\n<meta property=\"article:published_time\" content=\"2026-01-21T15:27:00+00:00\" \/>\n<meta name=\"author\" content=\"Telinha\" \/>\n<meta name=\"twitter:card\" content=\"summary_large_image\" \/>\n<meta name=\"twitter:label1\" content=\"Escrito por\" \/>\n\t<meta name=\"twitter:data1\" content=\"Telinha\" \/>\n\t<meta name=\"twitter:label2\" content=\"Tempo estimado de leitura\" \/>\n\t<meta name=\"twitter:data2\" content=\"1 minuto\" \/>\n<script type=\"application\/ld+json\" class=\"yoast-schema-graph\">{\"@context\":\"https:\/\/schema.org\",\"@graph\":[{\"@type\":\"Article\",\"@id\":\"https:\/\/portaltela.pt\/noticias\/2026\/01\/21\/tres-feridos-em-acidente-na-a2-palmela\/#article\",\"isPartOf\":{\"@id\":\"https:\/\/portaltela.pt\/noticias\/2026\/01\/21\/tres-feridos-em-acidente-na-a2-palmela\/\"},\"author\":{\"name\":\"Telinha\",\"@id\":\"https:\/\/portaltela.pt\/#\/schema\/person\/c4278d4a6028830caff9ee44b42d32ed\"},\"headline\":\"Tr\u00eas feridos em acidente na A2, Palmela\",\"datePublished\":\"2026-01-21T15:27:00+00:00\",\"mainEntityOfPage\":{\"@id\":\"https:\/\/portaltela.pt\/noticias\/2026\/01\/21\/tres-feridos-em-acidente-na-a2-palmela\/\"},\"wordCount\":156,\"image\":{\"@id\":\"https:\/\/portaltela.pt\/noticias\/2026\/01\/21\/tres-feridos-em-acidente-na-a2-palmela\/#primaryimage\"},\"thumbnailUrl\":\"https:\/\/portaltela.pt\/s.01k8rhncp4jt1\/2026\/01\/img_1280x721uu2026-01-21-15-21-40-2261699-im-639046062138927743.jpg\",\"keywords\":[\"acidente de via\u00e7\u00e3o\",\"acidentes de via\u00e7\u00e3o\",\"bombeiros\",\"GNR\",\"INEM\",\"Set\u00fabal\"],\"articleSection\":[\"Not\u00edcias\"],\"inLanguage\":\"pt-PT\"},{\"@type\":\"WebPage\",\"@id\":\"https:\/\/portaltela.pt\/noticias\/2026\/01\/21\/tres-feridos-em-acidente-na-a2-palmela\/\",\"url\":\"https:\/\/portaltela.pt\/noticias\/2026\/01\/21\/tres-feridos-em-acidente-na-a2-palmela\/\",\"name\":\"Tr\u00eas feridos em acidente na A2, Palmela - Portal Tela Portugal\",\"isPartOf\":{\"@id\":\"https:\/\/portaltela.pt\/#website\"},\"primaryImageOfPage\":{\"@id\":\"https:\/\/portaltela.pt\/noticias\/2026\/01\/21\/tres-feridos-em-acidente-na-a2-palmela\/#primaryimage\"},\"image\":{\"@id\":\"https:\/\/portaltela.pt\/noticias\/2026\/01\/21\/tres-feridos-em-acidente-na-a2-palmela\/#primaryimage\"},\"thumbnailUrl\":\"https:\/\/portaltela.pt\/s.01k8rhncp4jt1\/2026\/01\/img_1280x721uu2026-01-21-15-21-40-2261699-im-639046062138927743.jpg\",\"datePublished\":\"2026-01-21T15:27:00+00:00\",\"author\":{\"@id\":\"https:\/\/portaltela.pt\/#\/schema\/person\/c4278d4a6028830caff9ee44b42d32ed\"},\"breadcrumb\":{\"@id\":\"https:\/\/portaltela.pt\/noticias\/2026\/01\/21\/tres-feridos-em-acidente-na-a2-palmela\/#breadcrumb\"},\"inLanguage\":\"pt-PT\",\"potentialAction\":[{\"@type\":\"ReadAction\",\"target\":[\"https:\/\/portaltela.pt\/noticias\/2026\/01\/21\/tres-feridos-em-acidente-na-a2-palmela\/\"]}]},{\"@type\":\"ImageObject\",\"inLanguage\":\"pt-PT\",\"@id\":\"https:\/\/portaltela.pt\/noticias\/2026\/01\/21\/tres-feridos-em-acidente-na-a2-palmela\/#primaryimage\",\"url\":\"https:\/\/portaltela.pt\/s.01k8rhncp4jt1\/2026\/01\/img_1280x721uu2026-01-21-15-21-40-2261699-im-639046062138927743.jpg\",\"contentUrl\":\"https:\/\/portaltela.pt\/s.01k8rhncp4jt1\/2026\/01\/img_1280x721uu2026-01-21-15-21-40-2261699-im-639046062138927743.jpg\",\"width\":796,\"height\":448,\"caption\":\"Photo\"},{\"@type\":\"BreadcrumbList\",\"@id\":\"https:\/\/portaltela.pt\/noticias\/2026\/01\/21\/tres-feridos-em-acidente-na-a2-palmela\/#breadcrumb\",\"itemListElement\":[{\"@type\":\"ListItem\",\"position\":1,\"name\":\"In\u00edcio\",\"item\":\"https:\/\/portaltela.pt\/\"},{\"@type\":\"ListItem\",\"position\":2,\"name\":\"Tr\u00eas feridos em acidente na A2, Palmela\"}]},{\"@type\":\"WebSite\",\"@id\":\"https:\/\/portaltela.pt\/#website\",\"url\":\"https:\/\/portaltela.pt\/\",\"name\":\"Portal Tela Portugal\",\"description\":\"\",\"potentialAction\":[{\"@type\":\"SearchAction\",\"target\":{\"@type\":\"EntryPoint\",\"urlTemplate\":\"https:\/\/portaltela.pt\/?s={search_term_string}\"},\"query-input\":{\"@type\":\"PropertyValueSpecification\",\"valueRequired\":true,\"valueName\":\"search_term_string\"}}],\"inLanguage\":\"pt-PT\"},{\"@type\":\"Person\",\"@id\":\"https:\/\/portaltela.pt\/#\/schema\/person\/c4278d4a6028830caff9ee44b42d32ed\",\"name\":\"Telinha\",\"image\":{\"@type\":\"ImageObject\",\"inLanguage\":\"pt-PT\",\"@id\":\"https:\/\/portaltela.pt\/s.01k8rhncp4jt1\/2025\/11\/talking-bot-125x125.png\",\"url\":\"https:\/\/portaltela.pt\/s.01k8rhncp4jt1\/2025\/11\/talking-bot-125x125.png\",\"contentUrl\":\"https:\/\/portaltela.pt\/s.01k8rhncp4jt1\/2025\/11\/talking-bot-125x125.png\",\"caption\":\"Telinha\"},\"sameAs\":[\"https:\/\/portaltela.pt\/\"],\"url\":\"https:\/\/portaltela.pt\/por\/367410592786\/\"}]}<\/script>\n<!-- \/ Yoast SEO plugin. -->","yoast_head_json":{"title":"Tr\u00eas feridos em acidente na A2, Palmela - Portal Tela Portugal","robots":{"index":"index","follow":"follow","max-snippet":"max-snippet:-1","max-image-preview":"max-image-preview:large","max-video-preview":"max-video-preview:-1"},"og_locale":"pt_PT","og_type":"article","og_title":"Tr\u00eas feridos em acidente na A2, Palmela - Portal Tela Portugal","og_description":"Acidente na A2, Palmela, no quil\u00f3metro 25, Quinta do Anjo, ocorreu \u00e0s 13h48, envolvendo dois carros, com uma viatura a capotar. Tr\u00eas feridos tiveram ferimentos ligeiros e foram encaminhados ao Hospital de S\u00e3o Bernardo, em Set\u00fabal; idades n\u00e3o dadas. O acidente obrigou ao condicionamento de duas vias, sem corte total da circula\u00e7\u00e3o. No local estiveram 14 operacionais, com seis viaturas, incluindo Bombeiros de Palmela, INEM, brigada de tr\u00e2nsito da GNR e a concession\u00e1ria Brisa. Segundo informa\u00e7\u00f5es, as equipas j\u00e1 abandonaram o local e a circula\u00e7\u00e3o encontra-se a normalizar.","og_url":"https:\/\/portaltela.pt\/noticias\/2026\/01\/21\/tres-feridos-em-acidente-na-a2-palmela\/","og_site_name":"Portal Tela Portugal","article_published_time":"2026-01-21T15:27:00+00:00","author":"Telinha","twitter_card":"summary_large_image","twitter_misc":{"Escrito por":"Telinha","Tempo estimado de leitura":"1 minuto"},"schema":{"@context":"https:\/\/schema.org","@graph":[{"@type":"Article","@id":"https:\/\/portaltela.pt\/noticias\/2026\/01\/21\/tres-feridos-em-acidente-na-a2-palmela\/#article","isPartOf":{"@id":"https:\/\/portaltela.pt\/noticias\/2026\/01\/21\/tres-feridos-em-acidente-na-a2-palmela\/"},"author":{"name":"Telinha","@id":"https:\/\/portaltela.pt\/#\/schema\/person\/c4278d4a6028830caff9ee44b42d32ed"},"headline":"Tr\u00eas feridos em acidente na A2, Palmela","datePublished":"2026-01-21T15:27:00+00:00","mainEntityOfPage":{"@id":"https:\/\/portaltela.pt\/noticias\/2026\/01\/21\/tres-feridos-em-acidente-na-a2-palmela\/"},"wordCount":156,"image":{"@id":"https:\/\/portaltela.pt\/noticias\/2026\/01\/21\/tres-feridos-em-acidente-na-a2-palmela\/#primaryimage"},"thumbnailUrl":"https:\/\/portaltela.pt\/s.01k8rhncp4jt1\/2026\/01\/img_1280x721uu2026-01-21-15-21-40-2261699-im-639046062138927743.jpg","keywords":["acidente de via\u00e7\u00e3o","acidentes de via\u00e7\u00e3o","bombeiros","GNR","INEM","Set\u00fabal"],"articleSection":["Not\u00edcias"],"inLanguage":"pt-PT"},{"@type":"WebPage","@id":"https:\/\/portaltela.pt\/noticias\/2026\/01\/21\/tres-feridos-em-acidente-na-a2-palmela\/","url":"https:\/\/portaltela.pt\/noticias\/2026\/01\/21\/tres-feridos-em-acidente-na-a2-palmela\/","name":"Tr\u00eas feridos em acidente na A2, Palmela - Portal Tela Portugal","isPartOf":{"@id":"https:\/\/portaltela.pt\/#website"},"primaryImageOfPage":{"@id":"https:\/\/portaltela.pt\/noticias\/2026\/01\/21\/tres-feridos-em-acidente-na-a2-palmela\/#primaryimage"},"image":{"@id":"https:\/\/portaltela.pt\/noticias\/2026\/01\/21\/tres-feridos-em-acidente-na-a2-palmela\/#primaryimage"},"thumbnailUrl":"https:\/\/portaltela.pt\/s.01k8rhncp4jt1\/2026\/01\/img_1280x721uu2026-01-21-15-21-40-2261699-im-639046062138927743.jpg","datePublished":"2026-01-21T15:27:00+00:00","author":{"@id":"https:\/\/portaltela.pt\/#\/schema\/person\/c4278d4a6028830caff9ee44b42d32ed"},"breadcrumb":{"@id":"https:\/\/portaltela.pt\/noticias\/2026\/01\/21\/tres-feridos-em-acidente-na-a2-palmela\/#breadcrumb"},"inLanguage":"pt-PT","potentialAction":[{"@type":"ReadAction","target":["https:\/\/portaltela.pt\/noticias\/2026\/01\/21\/tres-feridos-em-acidente-na-a2-palmela\/"]}]},{"@type":"ImageObject","inLanguage":"pt-PT","@id":"https:\/\/portaltela.pt\/noticias\/2026\/01\/21\/tres-feridos-em-acidente-na-a2-palmela\/#primaryimage","url":"https:\/\/portaltela.pt\/s.01k8rhncp4jt1\/2026\/01\/img_1280x721uu2026-01-21-15-21-40-2261699-im-639046062138927743.jpg","contentUrl":"https:\/\/portaltela.pt\/s.01k8rhncp4jt1\/2026\/01\/img_1280x721uu2026-01-21-15-21-40-2261699-im-639046062138927743.jpg","width":796,"height":448,"caption":"Photo"},{"@type":"BreadcrumbList","@id":"https:\/\/portaltela.pt\/noticias\/2026\/01\/21\/tres-feridos-em-acidente-na-a2-palmela\/#breadcrumb","itemListElement":[{"@type":"ListItem","position":1,"name":"In\u00edcio","item":"https:\/\/portaltela.pt\/"},{"@type":"ListItem","position":2,"name":"Tr\u00eas feridos em acidente na A2, Palmela"}]},{"@type":"WebSite","@id":"https:\/\/portaltela.pt\/#website","url":"https:\/\/portaltela.pt\/","name":"Portal Tela Portugal","description":"","potentialAction":[{"@type":"SearchAction","target":{"@type":"EntryPoint","urlTemplate":"https:\/\/portaltela.pt\/?s={search_term_string}"},"query-input":{"@type":"PropertyValueSpecification","valueRequired":true,"valueName":"search_term_string"}}],"inLanguage":"pt-PT"},{"@type":"Person","@id":"https:\/\/portaltela.pt\/#\/schema\/person\/c4278d4a6028830caff9ee44b42d32ed","name":"Telinha","image":{"@type":"ImageObject","inLanguage":"pt-PT","@id":"https:\/\/portaltela.pt\/s.01k8rhncp4jt1\/2025\/11\/talking-bot-125x125.png","url":"https:\/\/portaltela.pt\/s.01k8rhncp4jt1\/2025\/11\/talking-bot-125x125.png","contentUrl":"https:\/\/portaltela.pt\/s.01k8rhncp4jt1\/2025\/11\/talking-bot-125x125.png","caption":"Telinha"},"sameAs":["https:\/\/portaltela.pt\/"],"url":"https:\/\/portaltela.pt\/por\/367410592786\/"}]}},"_links":{"self":[{"href":"https:\/\/portaltela.pt\/api\/wp\/v2\/posts\/160037","targetHints":{"allow":["GET"]}}],"collection":[{"href":"https:\/\/portaltela.pt\/api\/wp\/v2\/posts"}],"about":[{"href":"https:\/\/portaltela.pt\/api\/wp\/v2\/types\/post"}],"author":[{"embeddable":true,"href":"https:\/\/portaltela.pt\/api\/wp\/v2\/users\/2"}],"replies":[{"embeddable":true,"href":"https:\/\/portaltela.pt\/api\/wp\/v2\/comments?post=160037"}],"version-history":[{"count":0,"href":"https:\/\/portaltela.pt\/api\/wp\/v2\/posts\/160037\/revisions"}],"wp:featuredmedia":[{"embeddable":true,"href":"https:\/\/portaltela.pt\/api\/wp\/v2\/media\/160052"}],"wp:attachment":[{"href":"https:\/\/portaltela.pt\/api\/wp\/v2\/media?parent=160037"}],"wp:term":[{"taxonomy":"category","embeddable":true,"href":"https:\/\/portaltela.pt\/api\/wp\/v2\/categories?post=160037"},{"taxonomy":"post_tag","embeddable":true,"href":"https:\/\/portaltela.pt\/api\/wp\/v2\/tags?post=160037"}],"curies":[{"name":"wp","href":"https:\/\/api.w.org\/{rel}","templated":true}]}}