{"id":160031,"date":"2026-01-21T12:03:00","date_gmt":"2026-01-21T15:03:00","guid":{"rendered":"https:\/\/portaltela.pt\/noticias\/2026\/01\/21\/condenado-por-rapto-apanhado-a-tentar-furtar-carro-em-leca-da-palmeira\/"},"modified":"2026-01-21T12:03:00","modified_gmt":"2026-01-21T15:03:00","slug":"condenado-por-rapto-apanhado-a-tentar-furtar-carro-em-leca-da-palmeira","status":"publish","type":"post","link":"https:\/\/portaltela.pt\/noticias\/2026\/01\/21\/condenado-por-rapto-apanhado-a-tentar-furtar-carro-em-leca-da-palmeira\/","title":{"rendered":"Condenado por rapto, apanhado a tentar furtar carro em Le\u00e7a da Palmeira"},"content":{"rendered":"<p>O suspeito, j\u00e1 condenado por rapto, foi detido pela PSP em Le\u00e7a da Palmeira. O incidente ocorreu \u00e0s 6.10 horas na Rua General Humberto Delgado, quando o homem tentou furtar um carro da regi\u00e3o.<\/p>\n<p>Ao perceber a presen\u00e7a policial, o homem tentou fugir e, durante a fuga, atirou uma chave de roquete contra um agente, atingindo-lhe a perna esquerda, segundo a PSP. Seguiu-se a interceta\u00e7\u00e3o na pr\u00f3pria viatura.<\/p>\n<p>Na apreens\u00e3o, foi encontrada uma arma de fogo de calibre 6,35 mil\u00edmetros, municiada com cinco muni\u00e7\u00f5es. No interior do ve\u00edculo havia ainda uma mala preta com quatro muni\u00e7\u00f5es adicionais e uma arma branca de abertura autom\u00e1tica.<\/p>\n<p>O detido foi encaminhado ao Estabelecimento Prisional do Porto, onde iniciou o cumprimento da pena de pris\u00e3o a que j\u00e1 estava condenado. A PSP segue com dilig\u00eancias para completar oventory das dilig\u00eancias relacionadas com o caso.<\/p>\n","protected":false},"excerpt":{"rendered":"<ul>\n<li>Por volta das seis e dez minutos, na Rua General Humberto Delgado, em Le\u00e7a da Palmeira, a PSP deteve o suspeito.<\/li>\n<li>Ao aperceber-se da presen\u00e7a policial, tentou fugir e atirou uma chave de roquete contra um agente, atingindo-lhe a perna esquerda.<\/li>\n<li>Foi intercetado pouco tempo depois, quando tentava escapar na pr\u00f3pria viatura.<\/li>\n<li>Na posse tinha uma arma de fogo de calibre 6,35 mil\u00edmetros, municiada com cinco muni\u00e7\u00f5es; no interior do carro encontrou-se uma mala preta com mais quatro muni\u00e7\u00f5es do mesmo calibre e uma arma branca de abertura autom\u00e1tica.<\/li>\n<li>O detido foi conduzido ao Estabelecimento Prisional do Porto, onde iniciou o cumprimento da pena.<\/li>\n<\/ul>\n","protected":false},"author":2,"featured_media":160058,"comment_status":"closed","ping_status":"closed","sticky":false,"template":"","format":"standard","meta":{"footnotes":""},"categories":[1],"tags":[124,147,1356,3418,982,1014],"class_list":["post-160031","post","type-post","status-publish","format-standard","has-post-thumbnail","hentry","category-noticias","tag-arma-de-fogo","tag-crime","tag-furto-roubo","tag-policia-de-seguranca-publica","tag-porto","tag-portugal"],"yoast_head":"<!-- This site is optimized with the Yoast SEO plugin v27.2 - https:\/\/yoast.com\/product\/yoast-seo-wordpress\/ -->\n<title>Condenado por rapto, apanhado a tentar furtar carro em Le\u00e7a da Palmeira - Portal Tela Portugal<\/title>\n<meta name=\"robots\" content=\"index, follow, max-snippet:-1, max-image-preview:large, max-video-preview:-1\" \/>\n<meta property=\"og:locale\" content=\"pt_PT\" \/>\n<meta property=\"og:type\" content=\"article\" \/>\n<meta property=\"og:title\" content=\"Condenado por rapto, apanhado a tentar furtar carro em Le\u00e7a da Palmeira - Portal Tela Portugal\" \/>\n<meta property=\"og:description\" content=\"Por volta das seis e dez minutos, na Rua General Humberto Delgado, em Le\u00e7a da Palmeira, a PSP deteve o suspeito. Ao aperceber-se da presen\u00e7a policial, tentou fugir e atirou uma chave de roquete contra um agente, atingindo-lhe a perna esquerda. Foi intercetado pouco tempo depois, quando tentava escapar na pr\u00f3pria viatura. Na posse tinha uma arma de fogo de calibre 6,35 mil\u00edmetros, municiada com cinco muni\u00e7\u00f5es; no interior do carro encontrou-se uma mala preta com mais quatro muni\u00e7\u00f5es do mesmo calibre e uma arma branca de abertura autom\u00e1tica. O detido foi conduzido ao Estabelecimento Prisional do Porto, onde iniciou o cumprimento da pena.\" \/>\n<meta property=\"og:url\" content=\"https:\/\/portaltela.pt\/noticias\/2026\/01\/21\/condenado-por-rapto-apanhado-a-tentar-furtar-carro-em-leca-da-palmeira\/\" \/>\n<meta property=\"og:site_name\" content=\"Portal Tela Portugal\" \/>\n<meta property=\"article:published_time\" content=\"2026-01-21T15:03:00+00:00\" \/>\n<meta name=\"author\" content=\"Telinha\" \/>\n<meta name=\"twitter:card\" content=\"summary_large_image\" \/>\n<meta name=\"twitter:label1\" content=\"Escrito por\" \/>\n\t<meta name=\"twitter:data1\" content=\"Telinha\" \/>\n\t<meta name=\"twitter:label2\" content=\"Tempo estimado de leitura\" \/>\n\t<meta name=\"twitter:data2\" content=\"1 minuto\" \/>\n<script type=\"application\/ld+json\" class=\"yoast-schema-graph\">{\"@context\":\"https:\/\/schema.org\",\"@graph\":[{\"@type\":\"Article\",\"@id\":\"https:\/\/portaltela.pt\/noticias\/2026\/01\/21\/condenado-por-rapto-apanhado-a-tentar-furtar-carro-em-leca-da-palmeira\/#article\",\"isPartOf\":{\"@id\":\"https:\/\/portaltela.pt\/noticias\/2026\/01\/21\/condenado-por-rapto-apanhado-a-tentar-furtar-carro-em-leca-da-palmeira\/\"},\"author\":{\"name\":\"Telinha\",\"@id\":\"https:\/\/portaltela.pt\/#\/schema\/person\/c4278d4a6028830caff9ee44b42d32ed\"},\"headline\":\"Condenado por rapto, apanhado a tentar furtar carro em Le\u00e7a da Palmeira\",\"datePublished\":\"2026-01-21T15:03:00+00:00\",\"mainEntityOfPage\":{\"@id\":\"https:\/\/portaltela.pt\/noticias\/2026\/01\/21\/condenado-por-rapto-apanhado-a-tentar-furtar-carro-em-leca-da-palmeira\/\"},\"wordCount\":165,\"image\":{\"@id\":\"https:\/\/portaltela.pt\/noticias\/2026\/01\/21\/condenado-por-rapto-apanhado-a-tentar-furtar-carro-em-leca-da-palmeira\/#primaryimage\"},\"thumbnailUrl\":\"https:\/\/portaltela.pt\/s.01k8rhncp4jt1\/2026\/01\/194fe165-f8bf-4fb8-83ab-2ee7e72381ba_1200x675.jpg\",\"keywords\":[\"arma de fogo\",\"crime\",\"furto\/roubo\",\"Pol\u00edcia de Seguran\u00e7a P\u00fablica\",\"Porto\",\"Portugal\"],\"articleSection\":[\"Not\u00edcias\"],\"inLanguage\":\"pt-PT\"},{\"@type\":\"WebPage\",\"@id\":\"https:\/\/portaltela.pt\/noticias\/2026\/01\/21\/condenado-por-rapto-apanhado-a-tentar-furtar-carro-em-leca-da-palmeira\/\",\"url\":\"https:\/\/portaltela.pt\/noticias\/2026\/01\/21\/condenado-por-rapto-apanhado-a-tentar-furtar-carro-em-leca-da-palmeira\/\",\"name\":\"Condenado por rapto, apanhado a tentar furtar carro em Le\u00e7a da Palmeira - Portal Tela Portugal\",\"isPartOf\":{\"@id\":\"https:\/\/portaltela.pt\/#website\"},\"primaryImageOfPage\":{\"@id\":\"https:\/\/portaltela.pt\/noticias\/2026\/01\/21\/condenado-por-rapto-apanhado-a-tentar-furtar-carro-em-leca-da-palmeira\/#primaryimage\"},\"image\":{\"@id\":\"https:\/\/portaltela.pt\/noticias\/2026\/01\/21\/condenado-por-rapto-apanhado-a-tentar-furtar-carro-em-leca-da-palmeira\/#primaryimage\"},\"thumbnailUrl\":\"https:\/\/portaltela.pt\/s.01k8rhncp4jt1\/2026\/01\/194fe165-f8bf-4fb8-83ab-2ee7e72381ba_1200x675.jpg\",\"datePublished\":\"2026-01-21T15:03:00+00:00\",\"author\":{\"@id\":\"https:\/\/portaltela.pt\/#\/schema\/person\/c4278d4a6028830caff9ee44b42d32ed\"},\"breadcrumb\":{\"@id\":\"https:\/\/portaltela.pt\/noticias\/2026\/01\/21\/condenado-por-rapto-apanhado-a-tentar-furtar-carro-em-leca-da-palmeira\/#breadcrumb\"},\"inLanguage\":\"pt-PT\",\"potentialAction\":[{\"@type\":\"ReadAction\",\"target\":[\"https:\/\/portaltela.pt\/noticias\/2026\/01\/21\/condenado-por-rapto-apanhado-a-tentar-furtar-carro-em-leca-da-palmeira\/\"]}]},{\"@type\":\"ImageObject\",\"inLanguage\":\"pt-PT\",\"@id\":\"https:\/\/portaltela.pt\/noticias\/2026\/01\/21\/condenado-por-rapto-apanhado-a-tentar-furtar-carro-em-leca-da-palmeira\/#primaryimage\",\"url\":\"https:\/\/portaltela.pt\/s.01k8rhncp4jt1\/2026\/01\/194fe165-f8bf-4fb8-83ab-2ee7e72381ba_1200x675.jpg\",\"contentUrl\":\"https:\/\/portaltela.pt\/s.01k8rhncp4jt1\/2026\/01\/194fe165-f8bf-4fb8-83ab-2ee7e72381ba_1200x675.jpg\",\"width\":796,\"height\":448,\"caption\":\"Ao aperceber-se da presen\u00e7a policial, o homem tentou fugir do local\"},{\"@type\":\"BreadcrumbList\",\"@id\":\"https:\/\/portaltela.pt\/noticias\/2026\/01\/21\/condenado-por-rapto-apanhado-a-tentar-furtar-carro-em-leca-da-palmeira\/#breadcrumb\",\"itemListElement\":[{\"@type\":\"ListItem\",\"position\":1,\"name\":\"In\u00edcio\",\"item\":\"https:\/\/portaltela.pt\/\"},{\"@type\":\"ListItem\",\"position\":2,\"name\":\"Condenado por rapto, apanhado a tentar furtar carro em Le\u00e7a da Palmeira\"}]},{\"@type\":\"WebSite\",\"@id\":\"https:\/\/portaltela.pt\/#website\",\"url\":\"https:\/\/portaltela.pt\/\",\"name\":\"Portal Tela Portugal\",\"description\":\"\",\"potentialAction\":[{\"@type\":\"SearchAction\",\"target\":{\"@type\":\"EntryPoint\",\"urlTemplate\":\"https:\/\/portaltela.pt\/?s={search_term_string}\"},\"query-input\":{\"@type\":\"PropertyValueSpecification\",\"valueRequired\":true,\"valueName\":\"search_term_string\"}}],\"inLanguage\":\"pt-PT\"},{\"@type\":\"Person\",\"@id\":\"https:\/\/portaltela.pt\/#\/schema\/person\/c4278d4a6028830caff9ee44b42d32ed\",\"name\":\"Telinha\",\"image\":{\"@type\":\"ImageObject\",\"inLanguage\":\"pt-PT\",\"@id\":\"https:\/\/portaltela.pt\/s.01k8rhncp4jt1\/2025\/11\/talking-bot-125x125.png\",\"url\":\"https:\/\/portaltela.pt\/s.01k8rhncp4jt1\/2025\/11\/talking-bot-125x125.png\",\"contentUrl\":\"https:\/\/portaltela.pt\/s.01k8rhncp4jt1\/2025\/11\/talking-bot-125x125.png\",\"caption\":\"Telinha\"},\"sameAs\":[\"https:\/\/portaltela.pt\/\"],\"url\":\"https:\/\/portaltela.pt\/por\/367410592786\/\"}]}<\/script>\n<!-- \/ Yoast SEO plugin. -->","yoast_head_json":{"title":"Condenado por rapto, apanhado a tentar furtar carro em Le\u00e7a da Palmeira - Portal Tela Portugal","robots":{"index":"index","follow":"follow","max-snippet":"max-snippet:-1","max-image-preview":"max-image-preview:large","max-video-preview":"max-video-preview:-1"},"og_locale":"pt_PT","og_type":"article","og_title":"Condenado por rapto, apanhado a tentar furtar carro em Le\u00e7a da Palmeira - Portal Tela Portugal","og_description":"Por volta das seis e dez minutos, na Rua General Humberto Delgado, em Le\u00e7a da Palmeira, a PSP deteve o suspeito. Ao aperceber-se da presen\u00e7a policial, tentou fugir e atirou uma chave de roquete contra um agente, atingindo-lhe a perna esquerda. Foi intercetado pouco tempo depois, quando tentava escapar na pr\u00f3pria viatura. Na posse tinha uma arma de fogo de calibre 6,35 mil\u00edmetros, municiada com cinco muni\u00e7\u00f5es; no interior do carro encontrou-se uma mala preta com mais quatro muni\u00e7\u00f5es do mesmo calibre e uma arma branca de abertura autom\u00e1tica. O detido foi conduzido ao Estabelecimento Prisional do Porto, onde iniciou o cumprimento da pena.","og_url":"https:\/\/portaltela.pt\/noticias\/2026\/01\/21\/condenado-por-rapto-apanhado-a-tentar-furtar-carro-em-leca-da-palmeira\/","og_site_name":"Portal Tela Portugal","article_published_time":"2026-01-21T15:03:00+00:00","author":"Telinha","twitter_card":"summary_large_image","twitter_misc":{"Escrito por":"Telinha","Tempo estimado de leitura":"1 minuto"},"schema":{"@context":"https:\/\/schema.org","@graph":[{"@type":"Article","@id":"https:\/\/portaltela.pt\/noticias\/2026\/01\/21\/condenado-por-rapto-apanhado-a-tentar-furtar-carro-em-leca-da-palmeira\/#article","isPartOf":{"@id":"https:\/\/portaltela.pt\/noticias\/2026\/01\/21\/condenado-por-rapto-apanhado-a-tentar-furtar-carro-em-leca-da-palmeira\/"},"author":{"name":"Telinha","@id":"https:\/\/portaltela.pt\/#\/schema\/person\/c4278d4a6028830caff9ee44b42d32ed"},"headline":"Condenado por rapto, apanhado a tentar furtar carro em Le\u00e7a da Palmeira","datePublished":"2026-01-21T15:03:00+00:00","mainEntityOfPage":{"@id":"https:\/\/portaltela.pt\/noticias\/2026\/01\/21\/condenado-por-rapto-apanhado-a-tentar-furtar-carro-em-leca-da-palmeira\/"},"wordCount":165,"image":{"@id":"https:\/\/portaltela.pt\/noticias\/2026\/01\/21\/condenado-por-rapto-apanhado-a-tentar-furtar-carro-em-leca-da-palmeira\/#primaryimage"},"thumbnailUrl":"https:\/\/portaltela.pt\/s.01k8rhncp4jt1\/2026\/01\/194fe165-f8bf-4fb8-83ab-2ee7e72381ba_1200x675.jpg","keywords":["arma de fogo","crime","furto\/roubo","Pol\u00edcia de Seguran\u00e7a P\u00fablica","Porto","Portugal"],"articleSection":["Not\u00edcias"],"inLanguage":"pt-PT"},{"@type":"WebPage","@id":"https:\/\/portaltela.pt\/noticias\/2026\/01\/21\/condenado-por-rapto-apanhado-a-tentar-furtar-carro-em-leca-da-palmeira\/","url":"https:\/\/portaltela.pt\/noticias\/2026\/01\/21\/condenado-por-rapto-apanhado-a-tentar-furtar-carro-em-leca-da-palmeira\/","name":"Condenado por rapto, apanhado a tentar furtar carro em Le\u00e7a da Palmeira - Portal Tela Portugal","isPartOf":{"@id":"https:\/\/portaltela.pt\/#website"},"primaryImageOfPage":{"@id":"https:\/\/portaltela.pt\/noticias\/2026\/01\/21\/condenado-por-rapto-apanhado-a-tentar-furtar-carro-em-leca-da-palmeira\/#primaryimage"},"image":{"@id":"https:\/\/portaltela.pt\/noticias\/2026\/01\/21\/condenado-por-rapto-apanhado-a-tentar-furtar-carro-em-leca-da-palmeira\/#primaryimage"},"thumbnailUrl":"https:\/\/portaltela.pt\/s.01k8rhncp4jt1\/2026\/01\/194fe165-f8bf-4fb8-83ab-2ee7e72381ba_1200x675.jpg","datePublished":"2026-01-21T15:03:00+00:00","author":{"@id":"https:\/\/portaltela.pt\/#\/schema\/person\/c4278d4a6028830caff9ee44b42d32ed"},"breadcrumb":{"@id":"https:\/\/portaltela.pt\/noticias\/2026\/01\/21\/condenado-por-rapto-apanhado-a-tentar-furtar-carro-em-leca-da-palmeira\/#breadcrumb"},"inLanguage":"pt-PT","potentialAction":[{"@type":"ReadAction","target":["https:\/\/portaltela.pt\/noticias\/2026\/01\/21\/condenado-por-rapto-apanhado-a-tentar-furtar-carro-em-leca-da-palmeira\/"]}]},{"@type":"ImageObject","inLanguage":"pt-PT","@id":"https:\/\/portaltela.pt\/noticias\/2026\/01\/21\/condenado-por-rapto-apanhado-a-tentar-furtar-carro-em-leca-da-palmeira\/#primaryimage","url":"https:\/\/portaltela.pt\/s.01k8rhncp4jt1\/2026\/01\/194fe165-f8bf-4fb8-83ab-2ee7e72381ba_1200x675.jpg","contentUrl":"https:\/\/portaltela.pt\/s.01k8rhncp4jt1\/2026\/01\/194fe165-f8bf-4fb8-83ab-2ee7e72381ba_1200x675.jpg","width":796,"height":448,"caption":"Ao aperceber-se da presen\u00e7a policial, o homem tentou fugir do local"},{"@type":"BreadcrumbList","@id":"https:\/\/portaltela.pt\/noticias\/2026\/01\/21\/condenado-por-rapto-apanhado-a-tentar-furtar-carro-em-leca-da-palmeira\/#breadcrumb","itemListElement":[{"@type":"ListItem","position":1,"name":"In\u00edcio","item":"https:\/\/portaltela.pt\/"},{"@type":"ListItem","position":2,"name":"Condenado por rapto, apanhado a tentar furtar carro em Le\u00e7a da Palmeira"}]},{"@type":"WebSite","@id":"https:\/\/portaltela.pt\/#website","url":"https:\/\/portaltela.pt\/","name":"Portal Tela Portugal","description":"","potentialAction":[{"@type":"SearchAction","target":{"@type":"EntryPoint","urlTemplate":"https:\/\/portaltela.pt\/?s={search_term_string}"},"query-input":{"@type":"PropertyValueSpecification","valueRequired":true,"valueName":"search_term_string"}}],"inLanguage":"pt-PT"},{"@type":"Person","@id":"https:\/\/portaltela.pt\/#\/schema\/person\/c4278d4a6028830caff9ee44b42d32ed","name":"Telinha","image":{"@type":"ImageObject","inLanguage":"pt-PT","@id":"https:\/\/portaltela.pt\/s.01k8rhncp4jt1\/2025\/11\/talking-bot-125x125.png","url":"https:\/\/portaltela.pt\/s.01k8rhncp4jt1\/2025\/11\/talking-bot-125x125.png","contentUrl":"https:\/\/portaltela.pt\/s.01k8rhncp4jt1\/2025\/11\/talking-bot-125x125.png","caption":"Telinha"},"sameAs":["https:\/\/portaltela.pt\/"],"url":"https:\/\/portaltela.pt\/por\/367410592786\/"}]}},"_links":{"self":[{"href":"https:\/\/portaltela.pt\/api\/wp\/v2\/posts\/160031","targetHints":{"allow":["GET"]}}],"collection":[{"href":"https:\/\/portaltela.pt\/api\/wp\/v2\/posts"}],"about":[{"href":"https:\/\/portaltela.pt\/api\/wp\/v2\/types\/post"}],"author":[{"embeddable":true,"href":"https:\/\/portaltela.pt\/api\/wp\/v2\/users\/2"}],"replies":[{"embeddable":true,"href":"https:\/\/portaltela.pt\/api\/wp\/v2\/comments?post=160031"}],"version-history":[{"count":0,"href":"https:\/\/portaltela.pt\/api\/wp\/v2\/posts\/160031\/revisions"}],"wp:featuredmedia":[{"embeddable":true,"href":"https:\/\/portaltela.pt\/api\/wp\/v2\/media\/160058"}],"wp:attachment":[{"href":"https:\/\/portaltela.pt\/api\/wp\/v2\/media?parent=160031"}],"wp:term":[{"taxonomy":"category","embeddable":true,"href":"https:\/\/portaltela.pt\/api\/wp\/v2\/categories?post=160031"},{"taxonomy":"post_tag","embeddable":true,"href":"https:\/\/portaltela.pt\/api\/wp\/v2\/tags?post=160031"}],"curies":[{"name":"wp","href":"https:\/\/api.w.org\/{rel}","templated":true}]}}