{"id":159997,"date":"2026-01-21T11:53:00","date_gmt":"2026-01-21T14:53:00","guid":{"rendered":"https:\/\/portaltela.pt\/noticias\/2026\/01\/21\/oficinas-texteis-retornam-a-fabrica-de-santo-thyrso-para-preservar-saberes\/"},"modified":"2026-01-21T11:53:00","modified_gmt":"2026-01-21T14:53:00","slug":"oficinas-texteis-retornam-a-fabrica-de-santo-thyrso-para-preservar-saberes","status":"publish","type":"post","link":"https:\/\/portaltela.pt\/noticias\/2026\/01\/21\/oficinas-texteis-retornam-a-fabrica-de-santo-thyrso-para-preservar-saberes\/","title":{"rendered":"Oficinas T\u00eaxteis retornam \u00e0 F\u00e1brica de Santo Thyrso para preservar saberes"},"content":{"rendered":"<p>As Oficinas T\u00eaxteis regressam \u00e0 F\u00e1brica de Santo Thyrso, no Centro Interpretativo, para preservar saberes tradicionais da estamparia e tecelagem. A iniciativa integra a programa\u00e7\u00e3o cultural de in\u00edcio de 2026, promovida pelo munic\u00edpio de Santo Tirso.<\/p>\n<p>A a\u00e7\u00e3o foca-se na transmiss\u00e3o de t\u00e9cnicas hist\u00f3ricas ligadas ao tecido, dirigindo-se a professores, estudantes, profissionais das artes e interessados adultos. O objetivo \u00e9 partilhar conhecimentos e valorizar o patrim\u00f3nio imaterial do setor.<\/p>\n<p>A primeira oficina ocorre a 24 de janeiro, das 9h00 \u00e0s 12h30, com Estamparia Manual. A sess\u00e3o aborda a hist\u00f3ria da estamparia em Portugal e no Vale do Ave, e utiliza quadros e stencil. Destina-se a maiores de 16 anos.<\/p>\n<h3>Programa\u00e7\u00e3o das Oficinas<\/h3>\n<p>No dia 7 de fevereiro, entre as 10h00 e as 12h30, realiza-se a oficina Tecelagem, da no\u00e7\u00e3o ao tecido. A formadora Ana Velez, em parceria com Nuno Olaio, apresenta tipos de tecidos, t\u00e9cnicas de tecelagem e conceitos como debuxo, ponto e estrutura. Tamb\u00e9m \u00e9 para maiores de 16 anos.<\/p>\n<p>As duas a\u00e7\u00f5es s\u00e3o A\u00e7\u00f5es de Curta Dura\u00e7\u00e3o, com tr\u00eas horas cada, certificadas pelo Centro de Forma\u00e7\u00e3o Sebasti\u00e3o da Gama. O certificado depende apenas da frequ\u00eancia e aplica-se \u00e0 progress\u00e3o na carreira docente b\u00e1sica e secund\u00e1ria.<\/p>\n<p>A participa\u00e7\u00e3o \u00e9 gratuita, mas exige inscri\u00e7\u00e3o obrigat\u00f3ria at\u00e9 48 horas antes de cada oficina. Informa\u00e7\u00f5es e registo podem ser feitos via email museus@cm-stirso.pt ou pelo telefone 252 809 120.<\/p>\n","protected":false},"excerpt":{"rendered":"<ul>\n<li>Oficinas T\u00eaxteis voltam \u00e0 F\u00e1brica de Santo Thyrso, no Centro Interpretativo, para preservar saberes tradicionais de estamparia e tecelagem.<\/li>\n<li>As sess\u00f5es integram a programa\u00e7\u00e3o cultural de in\u00edcio de 2026 e destinam-se a professores, estudantes, profissionais das artes e adultos interessados.<\/li>\n<li>A primeira oficina \u00e9 a 24 de janeiro, das 09h00 \u00e0s 12h30, focada em estamparia manual e t\u00e9cnicas de impress\u00e3o em tecido.<\/li>\n<li>A segunda oficina \u00e9 a 7 de fevereiro, das 10h00 \u00e0s 12h30, sobre tecelagem, com introdu\u00e7\u00e3o a tipos de tecidos e t\u00e9cnicas de tecer.<\/li>\n<li>Ambas s\u00e3o A\u00e7\u00f5es de Curta Dura\u00e7\u00e3o, gratuitas, com 3 horas de dura\u00e7\u00e3o, certificado conforme frequ\u00eancia, e requerem inscri\u00e7\u00e3o at\u00e9 48 horas antes pelo e-mail museus@cm-stirso.pt ou telefone 252 809 120.<\/li>\n<\/ul>\n","protected":false},"author":2,"featured_media":160016,"comment_status":"closed","ping_status":"closed","sticky":false,"template":"","format":"standard","meta":{"footnotes":""},"categories":[1],"tags":[70,145,1290,299,3295,1234],"class_list":["post-159997","post","type-post","status-publish","format-standard","has-post-thumbnail","hentry","category-noticias","tag-arte","tag-cultura","tag-formacao","tag-historia","tag-patrimonio-imaterial","tag-tecelagem"],"yoast_head":"<!-- This site is optimized with the Yoast SEO plugin v27.2 - https:\/\/yoast.com\/product\/yoast-seo-wordpress\/ -->\n<title>Oficinas T\u00eaxteis retornam \u00e0 F\u00e1brica de Santo Thyrso para preservar saberes - Portal Tela Portugal<\/title>\n<meta name=\"robots\" content=\"index, follow, max-snippet:-1, max-image-preview:large, max-video-preview:-1\" \/>\n<meta property=\"og:locale\" content=\"pt_PT\" \/>\n<meta property=\"og:type\" content=\"article\" \/>\n<meta property=\"og:title\" content=\"Oficinas T\u00eaxteis retornam \u00e0 F\u00e1brica de Santo Thyrso para preservar saberes - Portal Tela Portugal\" \/>\n<meta property=\"og:description\" content=\"Oficinas T\u00eaxteis voltam \u00e0 F\u00e1brica de Santo Thyrso, no Centro Interpretativo, para preservar saberes tradicionais de estamparia e tecelagem. As sess\u00f5es integram a programa\u00e7\u00e3o cultural de in\u00edcio de 2026 e destinam-se a professores, estudantes, profissionais das artes e adultos interessados. A primeira oficina \u00e9 a 24 de janeiro, das 09h00 \u00e0s 12h30, focada em estamparia manual e t\u00e9cnicas de impress\u00e3o em tecido. A segunda oficina \u00e9 a 7 de fevereiro, das 10h00 \u00e0s 12h30, sobre tecelagem, com introdu\u00e7\u00e3o a tipos de tecidos e t\u00e9cnicas de tecer. Ambas s\u00e3o A\u00e7\u00f5es de Curta Dura\u00e7\u00e3o, gratuitas, com 3 horas de dura\u00e7\u00e3o, certificado conforme frequ\u00eancia, e requerem inscri\u00e7\u00e3o at\u00e9 48 horas antes pelo e-mail museus@cm-stirso.pt ou telefone 252 809 120.\" \/>\n<meta property=\"og:url\" content=\"https:\/\/portaltela.pt\/noticias\/2026\/01\/21\/oficinas-texteis-retornam-a-fabrica-de-santo-thyrso-para-preservar-saberes\/\" \/>\n<meta property=\"og:site_name\" content=\"Portal Tela Portugal\" \/>\n<meta property=\"article:published_time\" content=\"2026-01-21T14:53:00+00:00\" \/>\n<meta name=\"author\" content=\"Telinha\" \/>\n<meta name=\"twitter:card\" content=\"summary_large_image\" \/>\n<meta name=\"twitter:label1\" content=\"Escrito por\" \/>\n\t<meta name=\"twitter:data1\" content=\"Telinha\" \/>\n\t<meta name=\"twitter:label2\" content=\"Tempo estimado de leitura\" \/>\n\t<meta name=\"twitter:data2\" content=\"1 minuto\" \/>\n<script type=\"application\/ld+json\" class=\"yoast-schema-graph\">{\"@context\":\"https:\/\/schema.org\",\"@graph\":[{\"@type\":\"Article\",\"@id\":\"https:\/\/portaltela.pt\/noticias\/2026\/01\/21\/oficinas-texteis-retornam-a-fabrica-de-santo-thyrso-para-preservar-saberes\/#article\",\"isPartOf\":{\"@id\":\"https:\/\/portaltela.pt\/noticias\/2026\/01\/21\/oficinas-texteis-retornam-a-fabrica-de-santo-thyrso-para-preservar-saberes\/\"},\"author\":{\"name\":\"Telinha\",\"@id\":\"https:\/\/portaltela.pt\/#\/schema\/person\/c4278d4a6028830caff9ee44b42d32ed\"},\"headline\":\"Oficinas T\u00eaxteis retornam \u00e0 F\u00e1brica de Santo Thyrso para preservar saberes\",\"datePublished\":\"2026-01-21T14:53:00+00:00\",\"mainEntityOfPage\":{\"@id\":\"https:\/\/portaltela.pt\/noticias\/2026\/01\/21\/oficinas-texteis-retornam-a-fabrica-de-santo-thyrso-para-preservar-saberes\/\"},\"wordCount\":258,\"image\":{\"@id\":\"https:\/\/portaltela.pt\/noticias\/2026\/01\/21\/oficinas-texteis-retornam-a-fabrica-de-santo-thyrso-para-preservar-saberes\/#primaryimage\"},\"thumbnailUrl\":\"https:\/\/portaltela.pt\/s.01k8rhncp4jt1\/2026\/01\/oficinastexteis.jpg\",\"keywords\":[\"arte\",\"cultura\",\"forma\u00e7\u00e3o\",\"hist\u00f3ria\",\"patrim\u00f3nio imaterial\",\"tecelagem\"],\"articleSection\":[\"Not\u00edcias\"],\"inLanguage\":\"pt-PT\"},{\"@type\":\"WebPage\",\"@id\":\"https:\/\/portaltela.pt\/noticias\/2026\/01\/21\/oficinas-texteis-retornam-a-fabrica-de-santo-thyrso-para-preservar-saberes\/\",\"url\":\"https:\/\/portaltela.pt\/noticias\/2026\/01\/21\/oficinas-texteis-retornam-a-fabrica-de-santo-thyrso-para-preservar-saberes\/\",\"name\":\"Oficinas T\u00eaxteis retornam \u00e0 F\u00e1brica de Santo Thyrso para preservar saberes - Portal Tela Portugal\",\"isPartOf\":{\"@id\":\"https:\/\/portaltela.pt\/#website\"},\"primaryImageOfPage\":{\"@id\":\"https:\/\/portaltela.pt\/noticias\/2026\/01\/21\/oficinas-texteis-retornam-a-fabrica-de-santo-thyrso-para-preservar-saberes\/#primaryimage\"},\"image\":{\"@id\":\"https:\/\/portaltela.pt\/noticias\/2026\/01\/21\/oficinas-texteis-retornam-a-fabrica-de-santo-thyrso-para-preservar-saberes\/#primaryimage\"},\"thumbnailUrl\":\"https:\/\/portaltela.pt\/s.01k8rhncp4jt1\/2026\/01\/oficinastexteis.jpg\",\"datePublished\":\"2026-01-21T14:53:00+00:00\",\"author\":{\"@id\":\"https:\/\/portaltela.pt\/#\/schema\/person\/c4278d4a6028830caff9ee44b42d32ed\"},\"breadcrumb\":{\"@id\":\"https:\/\/portaltela.pt\/noticias\/2026\/01\/21\/oficinas-texteis-retornam-a-fabrica-de-santo-thyrso-para-preservar-saberes\/#breadcrumb\"},\"inLanguage\":\"pt-PT\",\"potentialAction\":[{\"@type\":\"ReadAction\",\"target\":[\"https:\/\/portaltela.pt\/noticias\/2026\/01\/21\/oficinas-texteis-retornam-a-fabrica-de-santo-thyrso-para-preservar-saberes\/\"]}]},{\"@type\":\"ImageObject\",\"inLanguage\":\"pt-PT\",\"@id\":\"https:\/\/portaltela.pt\/noticias\/2026\/01\/21\/oficinas-texteis-retornam-a-fabrica-de-santo-thyrso-para-preservar-saberes\/#primaryimage\",\"url\":\"https:\/\/portaltela.pt\/s.01k8rhncp4jt1\/2026\/01\/oficinastexteis.jpg\",\"contentUrl\":\"https:\/\/portaltela.pt\/s.01k8rhncp4jt1\/2026\/01\/oficinastexteis.jpg\",\"width\":796,\"height\":448,\"caption\":\"Oficinas T\u00eaxteis regressam \u00e0 F\u00e1brica de Santo Thyrso para preservar e transmitir saberes tradicionais\"},{\"@type\":\"BreadcrumbList\",\"@id\":\"https:\/\/portaltela.pt\/noticias\/2026\/01\/21\/oficinas-texteis-retornam-a-fabrica-de-santo-thyrso-para-preservar-saberes\/#breadcrumb\",\"itemListElement\":[{\"@type\":\"ListItem\",\"position\":1,\"name\":\"In\u00edcio\",\"item\":\"https:\/\/portaltela.pt\/\"},{\"@type\":\"ListItem\",\"position\":2,\"name\":\"Oficinas T\u00eaxteis retornam \u00e0 F\u00e1brica de Santo Thyrso para preservar saberes\"}]},{\"@type\":\"WebSite\",\"@id\":\"https:\/\/portaltela.pt\/#website\",\"url\":\"https:\/\/portaltela.pt\/\",\"name\":\"Portal Tela Portugal\",\"description\":\"\",\"potentialAction\":[{\"@type\":\"SearchAction\",\"target\":{\"@type\":\"EntryPoint\",\"urlTemplate\":\"https:\/\/portaltela.pt\/?s={search_term_string}\"},\"query-input\":{\"@type\":\"PropertyValueSpecification\",\"valueRequired\":true,\"valueName\":\"search_term_string\"}}],\"inLanguage\":\"pt-PT\"},{\"@type\":\"Person\",\"@id\":\"https:\/\/portaltela.pt\/#\/schema\/person\/c4278d4a6028830caff9ee44b42d32ed\",\"name\":\"Telinha\",\"image\":{\"@type\":\"ImageObject\",\"inLanguage\":\"pt-PT\",\"@id\":\"https:\/\/portaltela.pt\/s.01k8rhncp4jt1\/2025\/11\/talking-bot-125x125.png\",\"url\":\"https:\/\/portaltela.pt\/s.01k8rhncp4jt1\/2025\/11\/talking-bot-125x125.png\",\"contentUrl\":\"https:\/\/portaltela.pt\/s.01k8rhncp4jt1\/2025\/11\/talking-bot-125x125.png\",\"caption\":\"Telinha\"},\"sameAs\":[\"https:\/\/portaltela.pt\/\"],\"url\":\"https:\/\/portaltela.pt\/por\/367410592786\/\"}]}<\/script>\n<!-- \/ Yoast SEO plugin. -->","yoast_head_json":{"title":"Oficinas T\u00eaxteis retornam \u00e0 F\u00e1brica de Santo Thyrso para preservar saberes - Portal Tela Portugal","robots":{"index":"index","follow":"follow","max-snippet":"max-snippet:-1","max-image-preview":"max-image-preview:large","max-video-preview":"max-video-preview:-1"},"og_locale":"pt_PT","og_type":"article","og_title":"Oficinas T\u00eaxteis retornam \u00e0 F\u00e1brica de Santo Thyrso para preservar saberes - Portal Tela Portugal","og_description":"Oficinas T\u00eaxteis voltam \u00e0 F\u00e1brica de Santo Thyrso, no Centro Interpretativo, para preservar saberes tradicionais de estamparia e tecelagem. As sess\u00f5es integram a programa\u00e7\u00e3o cultural de in\u00edcio de 2026 e destinam-se a professores, estudantes, profissionais das artes e adultos interessados. A primeira oficina \u00e9 a 24 de janeiro, das 09h00 \u00e0s 12h30, focada em estamparia manual e t\u00e9cnicas de impress\u00e3o em tecido. A segunda oficina \u00e9 a 7 de fevereiro, das 10h00 \u00e0s 12h30, sobre tecelagem, com introdu\u00e7\u00e3o a tipos de tecidos e t\u00e9cnicas de tecer. Ambas s\u00e3o A\u00e7\u00f5es de Curta Dura\u00e7\u00e3o, gratuitas, com 3 horas de dura\u00e7\u00e3o, certificado conforme frequ\u00eancia, e requerem inscri\u00e7\u00e3o at\u00e9 48 horas antes pelo e-mail museus@cm-stirso.pt ou telefone 252 809 120.","og_url":"https:\/\/portaltela.pt\/noticias\/2026\/01\/21\/oficinas-texteis-retornam-a-fabrica-de-santo-thyrso-para-preservar-saberes\/","og_site_name":"Portal Tela Portugal","article_published_time":"2026-01-21T14:53:00+00:00","author":"Telinha","twitter_card":"summary_large_image","twitter_misc":{"Escrito por":"Telinha","Tempo estimado de leitura":"1 minuto"},"schema":{"@context":"https:\/\/schema.org","@graph":[{"@type":"Article","@id":"https:\/\/portaltela.pt\/noticias\/2026\/01\/21\/oficinas-texteis-retornam-a-fabrica-de-santo-thyrso-para-preservar-saberes\/#article","isPartOf":{"@id":"https:\/\/portaltela.pt\/noticias\/2026\/01\/21\/oficinas-texteis-retornam-a-fabrica-de-santo-thyrso-para-preservar-saberes\/"},"author":{"name":"Telinha","@id":"https:\/\/portaltela.pt\/#\/schema\/person\/c4278d4a6028830caff9ee44b42d32ed"},"headline":"Oficinas T\u00eaxteis retornam \u00e0 F\u00e1brica de Santo Thyrso para preservar saberes","datePublished":"2026-01-21T14:53:00+00:00","mainEntityOfPage":{"@id":"https:\/\/portaltela.pt\/noticias\/2026\/01\/21\/oficinas-texteis-retornam-a-fabrica-de-santo-thyrso-para-preservar-saberes\/"},"wordCount":258,"image":{"@id":"https:\/\/portaltela.pt\/noticias\/2026\/01\/21\/oficinas-texteis-retornam-a-fabrica-de-santo-thyrso-para-preservar-saberes\/#primaryimage"},"thumbnailUrl":"https:\/\/portaltela.pt\/s.01k8rhncp4jt1\/2026\/01\/oficinastexteis.jpg","keywords":["arte","cultura","forma\u00e7\u00e3o","hist\u00f3ria","patrim\u00f3nio imaterial","tecelagem"],"articleSection":["Not\u00edcias"],"inLanguage":"pt-PT"},{"@type":"WebPage","@id":"https:\/\/portaltela.pt\/noticias\/2026\/01\/21\/oficinas-texteis-retornam-a-fabrica-de-santo-thyrso-para-preservar-saberes\/","url":"https:\/\/portaltela.pt\/noticias\/2026\/01\/21\/oficinas-texteis-retornam-a-fabrica-de-santo-thyrso-para-preservar-saberes\/","name":"Oficinas T\u00eaxteis retornam \u00e0 F\u00e1brica de Santo Thyrso para preservar saberes - Portal Tela Portugal","isPartOf":{"@id":"https:\/\/portaltela.pt\/#website"},"primaryImageOfPage":{"@id":"https:\/\/portaltela.pt\/noticias\/2026\/01\/21\/oficinas-texteis-retornam-a-fabrica-de-santo-thyrso-para-preservar-saberes\/#primaryimage"},"image":{"@id":"https:\/\/portaltela.pt\/noticias\/2026\/01\/21\/oficinas-texteis-retornam-a-fabrica-de-santo-thyrso-para-preservar-saberes\/#primaryimage"},"thumbnailUrl":"https:\/\/portaltela.pt\/s.01k8rhncp4jt1\/2026\/01\/oficinastexteis.jpg","datePublished":"2026-01-21T14:53:00+00:00","author":{"@id":"https:\/\/portaltela.pt\/#\/schema\/person\/c4278d4a6028830caff9ee44b42d32ed"},"breadcrumb":{"@id":"https:\/\/portaltela.pt\/noticias\/2026\/01\/21\/oficinas-texteis-retornam-a-fabrica-de-santo-thyrso-para-preservar-saberes\/#breadcrumb"},"inLanguage":"pt-PT","potentialAction":[{"@type":"ReadAction","target":["https:\/\/portaltela.pt\/noticias\/2026\/01\/21\/oficinas-texteis-retornam-a-fabrica-de-santo-thyrso-para-preservar-saberes\/"]}]},{"@type":"ImageObject","inLanguage":"pt-PT","@id":"https:\/\/portaltela.pt\/noticias\/2026\/01\/21\/oficinas-texteis-retornam-a-fabrica-de-santo-thyrso-para-preservar-saberes\/#primaryimage","url":"https:\/\/portaltela.pt\/s.01k8rhncp4jt1\/2026\/01\/oficinastexteis.jpg","contentUrl":"https:\/\/portaltela.pt\/s.01k8rhncp4jt1\/2026\/01\/oficinastexteis.jpg","width":796,"height":448,"caption":"Oficinas T\u00eaxteis regressam \u00e0 F\u00e1brica de Santo Thyrso para preservar e transmitir saberes tradicionais"},{"@type":"BreadcrumbList","@id":"https:\/\/portaltela.pt\/noticias\/2026\/01\/21\/oficinas-texteis-retornam-a-fabrica-de-santo-thyrso-para-preservar-saberes\/#breadcrumb","itemListElement":[{"@type":"ListItem","position":1,"name":"In\u00edcio","item":"https:\/\/portaltela.pt\/"},{"@type":"ListItem","position":2,"name":"Oficinas T\u00eaxteis retornam \u00e0 F\u00e1brica de Santo Thyrso para preservar saberes"}]},{"@type":"WebSite","@id":"https:\/\/portaltela.pt\/#website","url":"https:\/\/portaltela.pt\/","name":"Portal Tela Portugal","description":"","potentialAction":[{"@type":"SearchAction","target":{"@type":"EntryPoint","urlTemplate":"https:\/\/portaltela.pt\/?s={search_term_string}"},"query-input":{"@type":"PropertyValueSpecification","valueRequired":true,"valueName":"search_term_string"}}],"inLanguage":"pt-PT"},{"@type":"Person","@id":"https:\/\/portaltela.pt\/#\/schema\/person\/c4278d4a6028830caff9ee44b42d32ed","name":"Telinha","image":{"@type":"ImageObject","inLanguage":"pt-PT","@id":"https:\/\/portaltela.pt\/s.01k8rhncp4jt1\/2025\/11\/talking-bot-125x125.png","url":"https:\/\/portaltela.pt\/s.01k8rhncp4jt1\/2025\/11\/talking-bot-125x125.png","contentUrl":"https:\/\/portaltela.pt\/s.01k8rhncp4jt1\/2025\/11\/talking-bot-125x125.png","caption":"Telinha"},"sameAs":["https:\/\/portaltela.pt\/"],"url":"https:\/\/portaltela.pt\/por\/367410592786\/"}]}},"_links":{"self":[{"href":"https:\/\/portaltela.pt\/api\/wp\/v2\/posts\/159997","targetHints":{"allow":["GET"]}}],"collection":[{"href":"https:\/\/portaltela.pt\/api\/wp\/v2\/posts"}],"about":[{"href":"https:\/\/portaltela.pt\/api\/wp\/v2\/types\/post"}],"author":[{"embeddable":true,"href":"https:\/\/portaltela.pt\/api\/wp\/v2\/users\/2"}],"replies":[{"embeddable":true,"href":"https:\/\/portaltela.pt\/api\/wp\/v2\/comments?post=159997"}],"version-history":[{"count":0,"href":"https:\/\/portaltela.pt\/api\/wp\/v2\/posts\/159997\/revisions"}],"wp:featuredmedia":[{"embeddable":true,"href":"https:\/\/portaltela.pt\/api\/wp\/v2\/media\/160016"}],"wp:attachment":[{"href":"https:\/\/portaltela.pt\/api\/wp\/v2\/media?parent=159997"}],"wp:term":[{"taxonomy":"category","embeddable":true,"href":"https:\/\/portaltela.pt\/api\/wp\/v2\/categories?post=159997"},{"taxonomy":"post_tag","embeddable":true,"href":"https:\/\/portaltela.pt\/api\/wp\/v2\/tags?post=159997"}],"curies":[{"name":"wp","href":"https:\/\/api.w.org\/{rel}","templated":true}]}}