{"id":159992,"date":"2026-01-21T11:41:25","date_gmt":"2026-01-21T14:41:25","guid":{"rendered":"https:\/\/portaltela.pt\/noticias\/2026\/01\/21\/autarquia-apresenta-anteprojeto-para-o-clube-desportivo-de-escalos-de-cima\/"},"modified":"2026-01-21T11:41:25","modified_gmt":"2026-01-21T14:41:25","slug":"autarquia-apresenta-anteprojeto-para-o-clube-desportivo-de-escalos-de-cima","status":"publish","type":"post","link":"https:\/\/portaltela.pt\/desporto\/2026\/01\/21\/autarquia-apresenta-anteprojeto-para-o-clube-desportivo-de-escalos-de-cima\/","title":{"rendered":"Autarquia apresenta anteprojeto para o Clube Desportivo de Escalos de Cima"},"content":{"rendered":"<p>O Munic\u00edpio de Castelo Branco apresentou na sexta-feira, 16 de janeiro, o anteprojeto de Infraestruturas para um edif\u00edcio de apoio ao Clube Desportivo e Recreativo de Escalos de Cima. O objetivo \u00e9 requalificar o espa\u00e7o envolvente e criar condi\u00e7\u00f5es mais funcionais para a popula\u00e7\u00e3o local.<\/p>\n<p>O equipamento proposto inclui garagem\/arrumos, gabinete administrativo, sal\u00e3o, instala\u00e7\u00f5es sanit\u00e1rias, zona exterior coberta, relvado, \u00e1rvores e bancos, al\u00e9m de um parque de estacionamento com cerca de 8 lugares. A autarquia pretende criar um espa\u00e7o vers\u00e1til para diversas atividades.<\/p>\n<p>Segundo Leopoldo Rodrigues, presidente da C\u00e2mara Municipal de Castelo Branco, o anteprojeto n\u00e3o \u00e9 definitivo. A apresenta\u00e7\u00e3o visa ouvir a popula\u00e7\u00e3o e recolher sugest\u00f5es de melhoria para ampliar as instala\u00e7\u00f5es, num terreno comprado pela C\u00e2mara junto \u00e0 atual sede do Clube.<\/p>\n<p>A autarquia aponta ainda que a freguesia tem tido investimento relevante recentemente, incluindo a amplia\u00e7\u00e3o do cemit\u00e9rio, a recupera\u00e7\u00e3o da casa da Associa\u00e7\u00e3o Squalius e o apoio a uma ERPI. Est\u00e3o previstas ainda melhorias em vias locais, como o alcatroamento de caminhos.<\/p>\n<p>Alexandre Pereira, presidente da Junta de Escalos de Cima, series afirmando que o projeto \u00e9 um desejo antigo que come\u00e7a a ganhar forma. A junta espera evolu\u00e7\u00e3o para uma sede digna para o clube, quase centen\u00e1rio na freguesia.<\/p>\n<p>Hermenegildo Magno Cunha e Silva, presidente da dire\u00e7\u00e3o do Clube Desportivo e Recreativo de Escalos de Cima, agradeceu o interesse da C\u00e2mara. Considera a obra uma mais-valia para os associados e para a comunidade local, refor\u00e7ando o papel do clube no concelho.<\/p>\n","protected":false},"excerpt":{"rendered":"<ul>\n<li>O Munic\u00edpio de Castelo Branco apresentou, a 16 de janeiro, o anteprojeto de infraestruturas para um edif\u00edcio de apoio ao Clube Desportivo e Recreativo de Escalos de Cima e para requalificar o espa\u00e7o envolvente.<\/li>\n<li>O futuro equipamento inclui garagem\/arrumos, gabinete administrativo, sal\u00e3o, instala\u00e7\u00f5es sanit\u00e1rias, zona exterior coberta, relvado, \u00e1rvores e bancos, e um parque de estacionamento com cerca de oito lugares.<\/li>\n<li>O projeto ainda n\u00e3o \u00e9 definitivo; pretende-se ouvir a popula\u00e7\u00e3o e recolher altera\u00e7\u00f5es para ampliar as instala\u00e7\u00f5es junto ao terreno comprado pela C\u00e2mara, ao lado da sede atual do clube.<\/li>\n<li>O presidente da C\u00e2mara, Leopoldo Rodrigues, mencionou que h\u00e1 um conjunto de investimentos na freguesia, incluindo o aumento do cemit\u00e9rio, recupera\u00e7\u00e3o da casa da Associa\u00e7\u00e3o Squalius e apoio \u00e0 ERPI, entre outros.<\/li>\n<li>A constru\u00e7\u00e3o foi recebida com satisfa\u00e7\u00e3o pela C\u00e2mara, pela Junta de Escalos de Cima e pela dire\u00e7\u00e3o do clube, que consideram a obra uma mais-valia para a freguesia e para os associados.<\/li>\n<\/ul>\n","protected":false},"author":2,"featured_media":160022,"comment_status":"closed","ping_status":"closed","sticky":false,"template":"","format":"standard","meta":{"footnotes":""},"categories":[21],"tags":[1640,1112,1367,152,1615,189],"class_list":["post-159992","post","type-post","status-publish","format-standard","has-post-thumbnail","hentry","category-desporto","tag-associacoes-desportivas","tag-castelo-branco","tag-clubes","tag-desporto","tag-infraestrutura","tag-urbanismo"],"yoast_head":"<!-- This site is optimized with the Yoast SEO plugin v27.2 - https:\/\/yoast.com\/product\/yoast-seo-wordpress\/ -->\n<title>Autarquia apresenta anteprojeto para o Clube Desportivo de Escalos de Cima - Portal Tela Portugal<\/title>\n<meta name=\"robots\" content=\"index, follow, max-snippet:-1, max-image-preview:large, max-video-preview:-1\" \/>\n<meta property=\"og:locale\" content=\"pt_PT\" \/>\n<meta property=\"og:type\" content=\"article\" \/>\n<meta property=\"og:title\" content=\"Autarquia apresenta anteprojeto para o Clube Desportivo de Escalos de Cima - Portal Tela Portugal\" \/>\n<meta property=\"og:description\" content=\"O Munic\u00edpio de Castelo Branco apresentou, a 16 de janeiro, o anteprojeto de infraestruturas para um edif\u00edcio de apoio ao Clube Desportivo e Recreativo de Escalos de Cima e para requalificar o espa\u00e7o envolvente. O futuro equipamento inclui garagem\/arrumos, gabinete administrativo, sal\u00e3o, instala\u00e7\u00f5es sanit\u00e1rias, zona exterior coberta, relvado, \u00e1rvores e bancos, e um parque de estacionamento com cerca de oito lugares. O projeto ainda n\u00e3o \u00e9 definitivo; pretende-se ouvir a popula\u00e7\u00e3o e recolher altera\u00e7\u00f5es para ampliar as instala\u00e7\u00f5es junto ao terreno comprado pela C\u00e2mara, ao lado da sede atual do clube. O presidente da C\u00e2mara, Leopoldo Rodrigues, mencionou que h\u00e1 um conjunto de investimentos na freguesia, incluindo o aumento do cemit\u00e9rio, recupera\u00e7\u00e3o da casa da Associa\u00e7\u00e3o Squalius e apoio \u00e0 ERPI, entre outros. A constru\u00e7\u00e3o foi recebida com satisfa\u00e7\u00e3o pela C\u00e2mara, pela Junta de Escalos de Cima e pela dire\u00e7\u00e3o do clube, que consideram a obra uma mais-valia para a freguesia e para os associados.\" \/>\n<meta property=\"og:url\" content=\"https:\/\/portaltela.pt\/noticias\/2026\/01\/21\/autarquia-apresenta-anteprojeto-para-o-clube-desportivo-de-escalos-de-cima\/\" \/>\n<meta property=\"og:site_name\" content=\"Portal Tela Portugal\" \/>\n<meta property=\"article:published_time\" content=\"2026-01-21T14:41:25+00:00\" \/>\n<meta name=\"author\" content=\"Telinha\" \/>\n<meta name=\"twitter:card\" content=\"summary_large_image\" \/>\n<meta name=\"twitter:label1\" content=\"Escrito por\" \/>\n\t<meta name=\"twitter:data1\" content=\"Telinha\" \/>\n\t<meta name=\"twitter:label2\" content=\"Tempo estimado de leitura\" \/>\n\t<meta name=\"twitter:data2\" content=\"1 minuto\" \/>\n<script type=\"application\/ld+json\" class=\"yoast-schema-graph\">{\"@context\":\"https:\/\/schema.org\",\"@graph\":[{\"@type\":\"Article\",\"@id\":\"https:\/\/portaltela.pt\/noticias\/2026\/01\/21\/autarquia-apresenta-anteprojeto-para-o-clube-desportivo-de-escalos-de-cima\/#article\",\"isPartOf\":{\"@id\":\"https:\/\/portaltela.pt\/noticias\/2026\/01\/21\/autarquia-apresenta-anteprojeto-para-o-clube-desportivo-de-escalos-de-cima\/\"},\"author\":{\"name\":\"Telinha\",\"@id\":\"https:\/\/portaltela.pt\/#\/schema\/person\/c4278d4a6028830caff9ee44b42d32ed\"},\"headline\":\"Autarquia apresenta anteprojeto para o Clube Desportivo de Escalos de Cima\",\"datePublished\":\"2026-01-21T14:41:25+00:00\",\"mainEntityOfPage\":{\"@id\":\"https:\/\/portaltela.pt\/noticias\/2026\/01\/21\/autarquia-apresenta-anteprojeto-para-o-clube-desportivo-de-escalos-de-cima\/\"},\"wordCount\":281,\"image\":{\"@id\":\"https:\/\/portaltela.pt\/noticias\/2026\/01\/21\/autarquia-apresenta-anteprojeto-para-o-clube-desportivo-de-escalos-de-cima\/#primaryimage\"},\"thumbnailUrl\":\"https:\/\/portaltela.pt\/s.01k8rhncp4jt1\/2026\/01\/unnamed-file-4384.jpg\",\"keywords\":[\"associa\u00e7\u00f5es desportivas\",\"Castelo Branco\",\"clubes\",\"desporto\",\"infraestrutura\",\"urbanismo\"],\"articleSection\":[\"Desporto\"],\"inLanguage\":\"pt-PT\"},{\"@type\":\"WebPage\",\"@id\":\"https:\/\/portaltela.pt\/noticias\/2026\/01\/21\/autarquia-apresenta-anteprojeto-para-o-clube-desportivo-de-escalos-de-cima\/\",\"url\":\"https:\/\/portaltela.pt\/noticias\/2026\/01\/21\/autarquia-apresenta-anteprojeto-para-o-clube-desportivo-de-escalos-de-cima\/\",\"name\":\"Autarquia apresenta anteprojeto para o Clube Desportivo de Escalos de Cima - Portal Tela Portugal\",\"isPartOf\":{\"@id\":\"https:\/\/portaltela.pt\/#website\"},\"primaryImageOfPage\":{\"@id\":\"https:\/\/portaltela.pt\/noticias\/2026\/01\/21\/autarquia-apresenta-anteprojeto-para-o-clube-desportivo-de-escalos-de-cima\/#primaryimage\"},\"image\":{\"@id\":\"https:\/\/portaltela.pt\/noticias\/2026\/01\/21\/autarquia-apresenta-anteprojeto-para-o-clube-desportivo-de-escalos-de-cima\/#primaryimage\"},\"thumbnailUrl\":\"https:\/\/portaltela.pt\/s.01k8rhncp4jt1\/2026\/01\/unnamed-file-4384.jpg\",\"datePublished\":\"2026-01-21T14:41:25+00:00\",\"author\":{\"@id\":\"https:\/\/portaltela.pt\/#\/schema\/person\/c4278d4a6028830caff9ee44b42d32ed\"},\"breadcrumb\":{\"@id\":\"https:\/\/portaltela.pt\/noticias\/2026\/01\/21\/autarquia-apresenta-anteprojeto-para-o-clube-desportivo-de-escalos-de-cima\/#breadcrumb\"},\"inLanguage\":\"pt-PT\",\"potentialAction\":[{\"@type\":\"ReadAction\",\"target\":[\"https:\/\/portaltela.pt\/noticias\/2026\/01\/21\/autarquia-apresenta-anteprojeto-para-o-clube-desportivo-de-escalos-de-cima\/\"]}]},{\"@type\":\"ImageObject\",\"inLanguage\":\"pt-PT\",\"@id\":\"https:\/\/portaltela.pt\/noticias\/2026\/01\/21\/autarquia-apresenta-anteprojeto-para-o-clube-desportivo-de-escalos-de-cima\/#primaryimage\",\"url\":\"https:\/\/portaltela.pt\/s.01k8rhncp4jt1\/2026\/01\/unnamed-file-4384.jpg\",\"contentUrl\":\"https:\/\/portaltela.pt\/s.01k8rhncp4jt1\/2026\/01\/unnamed-file-4384.jpg\",\"width\":796,\"height\":448,\"caption\":\"Autarquia apresenta anteprojeto de edif\u00edcio para o Clube Desportivo e Recreativo de Escalos de Cima\"},{\"@type\":\"BreadcrumbList\",\"@id\":\"https:\/\/portaltela.pt\/noticias\/2026\/01\/21\/autarquia-apresenta-anteprojeto-para-o-clube-desportivo-de-escalos-de-cima\/#breadcrumb\",\"itemListElement\":[{\"@type\":\"ListItem\",\"position\":1,\"name\":\"In\u00edcio\",\"item\":\"https:\/\/portaltela.pt\/\"},{\"@type\":\"ListItem\",\"position\":2,\"name\":\"Autarquia apresenta anteprojeto para o Clube Desportivo de Escalos de Cima\"}]},{\"@type\":\"WebSite\",\"@id\":\"https:\/\/portaltela.pt\/#website\",\"url\":\"https:\/\/portaltela.pt\/\",\"name\":\"Portal Tela Portugal\",\"description\":\"\",\"potentialAction\":[{\"@type\":\"SearchAction\",\"target\":{\"@type\":\"EntryPoint\",\"urlTemplate\":\"https:\/\/portaltela.pt\/?s={search_term_string}\"},\"query-input\":{\"@type\":\"PropertyValueSpecification\",\"valueRequired\":true,\"valueName\":\"search_term_string\"}}],\"inLanguage\":\"pt-PT\"},{\"@type\":\"Person\",\"@id\":\"https:\/\/portaltela.pt\/#\/schema\/person\/c4278d4a6028830caff9ee44b42d32ed\",\"name\":\"Telinha\",\"image\":{\"@type\":\"ImageObject\",\"inLanguage\":\"pt-PT\",\"@id\":\"https:\/\/portaltela.pt\/s.01k8rhncp4jt1\/2025\/11\/talking-bot-125x125.png\",\"url\":\"https:\/\/portaltela.pt\/s.01k8rhncp4jt1\/2025\/11\/talking-bot-125x125.png\",\"contentUrl\":\"https:\/\/portaltela.pt\/s.01k8rhncp4jt1\/2025\/11\/talking-bot-125x125.png\",\"caption\":\"Telinha\"},\"sameAs\":[\"https:\/\/portaltela.pt\/\"],\"url\":\"https:\/\/portaltela.pt\/por\/367410592786\/\"}]}<\/script>\n<!-- \/ Yoast SEO plugin. -->","yoast_head_json":{"title":"Autarquia apresenta anteprojeto para o Clube Desportivo de Escalos de Cima - Portal Tela Portugal","robots":{"index":"index","follow":"follow","max-snippet":"max-snippet:-1","max-image-preview":"max-image-preview:large","max-video-preview":"max-video-preview:-1"},"og_locale":"pt_PT","og_type":"article","og_title":"Autarquia apresenta anteprojeto para o Clube Desportivo de Escalos de Cima - Portal Tela Portugal","og_description":"O Munic\u00edpio de Castelo Branco apresentou, a 16 de janeiro, o anteprojeto de infraestruturas para um edif\u00edcio de apoio ao Clube Desportivo e Recreativo de Escalos de Cima e para requalificar o espa\u00e7o envolvente. O futuro equipamento inclui garagem\/arrumos, gabinete administrativo, sal\u00e3o, instala\u00e7\u00f5es sanit\u00e1rias, zona exterior coberta, relvado, \u00e1rvores e bancos, e um parque de estacionamento com cerca de oito lugares. O projeto ainda n\u00e3o \u00e9 definitivo; pretende-se ouvir a popula\u00e7\u00e3o e recolher altera\u00e7\u00f5es para ampliar as instala\u00e7\u00f5es junto ao terreno comprado pela C\u00e2mara, ao lado da sede atual do clube. O presidente da C\u00e2mara, Leopoldo Rodrigues, mencionou que h\u00e1 um conjunto de investimentos na freguesia, incluindo o aumento do cemit\u00e9rio, recupera\u00e7\u00e3o da casa da Associa\u00e7\u00e3o Squalius e apoio \u00e0 ERPI, entre outros. A constru\u00e7\u00e3o foi recebida com satisfa\u00e7\u00e3o pela C\u00e2mara, pela Junta de Escalos de Cima e pela dire\u00e7\u00e3o do clube, que consideram a obra uma mais-valia para a freguesia e para os associados.","og_url":"https:\/\/portaltela.pt\/noticias\/2026\/01\/21\/autarquia-apresenta-anteprojeto-para-o-clube-desportivo-de-escalos-de-cima\/","og_site_name":"Portal Tela Portugal","article_published_time":"2026-01-21T14:41:25+00:00","author":"Telinha","twitter_card":"summary_large_image","twitter_misc":{"Escrito por":"Telinha","Tempo estimado de leitura":"1 minuto"},"schema":{"@context":"https:\/\/schema.org","@graph":[{"@type":"Article","@id":"https:\/\/portaltela.pt\/noticias\/2026\/01\/21\/autarquia-apresenta-anteprojeto-para-o-clube-desportivo-de-escalos-de-cima\/#article","isPartOf":{"@id":"https:\/\/portaltela.pt\/noticias\/2026\/01\/21\/autarquia-apresenta-anteprojeto-para-o-clube-desportivo-de-escalos-de-cima\/"},"author":{"name":"Telinha","@id":"https:\/\/portaltela.pt\/#\/schema\/person\/c4278d4a6028830caff9ee44b42d32ed"},"headline":"Autarquia apresenta anteprojeto para o Clube Desportivo de Escalos de Cima","datePublished":"2026-01-21T14:41:25+00:00","mainEntityOfPage":{"@id":"https:\/\/portaltela.pt\/noticias\/2026\/01\/21\/autarquia-apresenta-anteprojeto-para-o-clube-desportivo-de-escalos-de-cima\/"},"wordCount":281,"image":{"@id":"https:\/\/portaltela.pt\/noticias\/2026\/01\/21\/autarquia-apresenta-anteprojeto-para-o-clube-desportivo-de-escalos-de-cima\/#primaryimage"},"thumbnailUrl":"https:\/\/portaltela.pt\/s.01k8rhncp4jt1\/2026\/01\/unnamed-file-4384.jpg","keywords":["associa\u00e7\u00f5es desportivas","Castelo Branco","clubes","desporto","infraestrutura","urbanismo"],"articleSection":["Desporto"],"inLanguage":"pt-PT"},{"@type":"WebPage","@id":"https:\/\/portaltela.pt\/noticias\/2026\/01\/21\/autarquia-apresenta-anteprojeto-para-o-clube-desportivo-de-escalos-de-cima\/","url":"https:\/\/portaltela.pt\/noticias\/2026\/01\/21\/autarquia-apresenta-anteprojeto-para-o-clube-desportivo-de-escalos-de-cima\/","name":"Autarquia apresenta anteprojeto para o Clube Desportivo de Escalos de Cima - Portal Tela Portugal","isPartOf":{"@id":"https:\/\/portaltela.pt\/#website"},"primaryImageOfPage":{"@id":"https:\/\/portaltela.pt\/noticias\/2026\/01\/21\/autarquia-apresenta-anteprojeto-para-o-clube-desportivo-de-escalos-de-cima\/#primaryimage"},"image":{"@id":"https:\/\/portaltela.pt\/noticias\/2026\/01\/21\/autarquia-apresenta-anteprojeto-para-o-clube-desportivo-de-escalos-de-cima\/#primaryimage"},"thumbnailUrl":"https:\/\/portaltela.pt\/s.01k8rhncp4jt1\/2026\/01\/unnamed-file-4384.jpg","datePublished":"2026-01-21T14:41:25+00:00","author":{"@id":"https:\/\/portaltela.pt\/#\/schema\/person\/c4278d4a6028830caff9ee44b42d32ed"},"breadcrumb":{"@id":"https:\/\/portaltela.pt\/noticias\/2026\/01\/21\/autarquia-apresenta-anteprojeto-para-o-clube-desportivo-de-escalos-de-cima\/#breadcrumb"},"inLanguage":"pt-PT","potentialAction":[{"@type":"ReadAction","target":["https:\/\/portaltela.pt\/noticias\/2026\/01\/21\/autarquia-apresenta-anteprojeto-para-o-clube-desportivo-de-escalos-de-cima\/"]}]},{"@type":"ImageObject","inLanguage":"pt-PT","@id":"https:\/\/portaltela.pt\/noticias\/2026\/01\/21\/autarquia-apresenta-anteprojeto-para-o-clube-desportivo-de-escalos-de-cima\/#primaryimage","url":"https:\/\/portaltela.pt\/s.01k8rhncp4jt1\/2026\/01\/unnamed-file-4384.jpg","contentUrl":"https:\/\/portaltela.pt\/s.01k8rhncp4jt1\/2026\/01\/unnamed-file-4384.jpg","width":796,"height":448,"caption":"Autarquia apresenta anteprojeto de edif\u00edcio para o Clube Desportivo e Recreativo de Escalos de Cima"},{"@type":"BreadcrumbList","@id":"https:\/\/portaltela.pt\/noticias\/2026\/01\/21\/autarquia-apresenta-anteprojeto-para-o-clube-desportivo-de-escalos-de-cima\/#breadcrumb","itemListElement":[{"@type":"ListItem","position":1,"name":"In\u00edcio","item":"https:\/\/portaltela.pt\/"},{"@type":"ListItem","position":2,"name":"Autarquia apresenta anteprojeto para o Clube Desportivo de Escalos de Cima"}]},{"@type":"WebSite","@id":"https:\/\/portaltela.pt\/#website","url":"https:\/\/portaltela.pt\/","name":"Portal Tela Portugal","description":"","potentialAction":[{"@type":"SearchAction","target":{"@type":"EntryPoint","urlTemplate":"https:\/\/portaltela.pt\/?s={search_term_string}"},"query-input":{"@type":"PropertyValueSpecification","valueRequired":true,"valueName":"search_term_string"}}],"inLanguage":"pt-PT"},{"@type":"Person","@id":"https:\/\/portaltela.pt\/#\/schema\/person\/c4278d4a6028830caff9ee44b42d32ed","name":"Telinha","image":{"@type":"ImageObject","inLanguage":"pt-PT","@id":"https:\/\/portaltela.pt\/s.01k8rhncp4jt1\/2025\/11\/talking-bot-125x125.png","url":"https:\/\/portaltela.pt\/s.01k8rhncp4jt1\/2025\/11\/talking-bot-125x125.png","contentUrl":"https:\/\/portaltela.pt\/s.01k8rhncp4jt1\/2025\/11\/talking-bot-125x125.png","caption":"Telinha"},"sameAs":["https:\/\/portaltela.pt\/"],"url":"https:\/\/portaltela.pt\/por\/367410592786\/"}]}},"_links":{"self":[{"href":"https:\/\/portaltela.pt\/api\/wp\/v2\/posts\/159992","targetHints":{"allow":["GET"]}}],"collection":[{"href":"https:\/\/portaltela.pt\/api\/wp\/v2\/posts"}],"about":[{"href":"https:\/\/portaltela.pt\/api\/wp\/v2\/types\/post"}],"author":[{"embeddable":true,"href":"https:\/\/portaltela.pt\/api\/wp\/v2\/users\/2"}],"replies":[{"embeddable":true,"href":"https:\/\/portaltela.pt\/api\/wp\/v2\/comments?post=159992"}],"version-history":[{"count":0,"href":"https:\/\/portaltela.pt\/api\/wp\/v2\/posts\/159992\/revisions"}],"wp:featuredmedia":[{"embeddable":true,"href":"https:\/\/portaltela.pt\/api\/wp\/v2\/media\/160022"}],"wp:attachment":[{"href":"https:\/\/portaltela.pt\/api\/wp\/v2\/media?parent=159992"}],"wp:term":[{"taxonomy":"category","embeddable":true,"href":"https:\/\/portaltela.pt\/api\/wp\/v2\/categories?post=159992"},{"taxonomy":"post_tag","embeddable":true,"href":"https:\/\/portaltela.pt\/api\/wp\/v2\/tags?post=159992"}],"curies":[{"name":"wp","href":"https:\/\/api.w.org\/{rel}","templated":true}]}}