{"id":159947,"date":"2026-01-21T11:57:00","date_gmt":"2026-01-21T14:57:00","guid":{"rendered":"https:\/\/portaltela.pt\/noticias\/2026\/01\/21\/prestacao-social-para-pessoas-com-deficiencia-aumenta-28-3\/"},"modified":"2026-01-21T11:57:00","modified_gmt":"2026-01-21T14:57:00","slug":"prestacao-social-para-pessoas-com-deficiencia-aumenta-28-3","status":"publish","type":"post","link":"https:\/\/portaltela.pt\/noticias\/2026\/01\/21\/prestacao-social-para-pessoas-com-deficiencia-aumenta-28-3\/","title":{"rendered":"Presta\u00e7\u00e3o social para pessoas com defici\u00eancia aumenta 2,8%"},"content":{"rendered":"<p>A Presta\u00e7\u00e3o Social para a Inclus\u00e3o (PSI) para pessoas com defici\u00eancia vai aumentar 2,8%, em linha com o IAS, anunciou a secret\u00e1ria de Estado Filipa Lima. A medida mant\u00e9m o objetivo de apoiar quem enfrenta constrangimentos econ\u00f3micos.<\/p>\n<p>O complemento da PSI sobe para 8.040 euros por ano, o que significa um aumento mensal de 105 euros, passando de 565 para 670 euros. A atualiza\u00e7\u00e3o resulta de uma portaria em implementa\u00e7\u00e3o.<\/p>\n<p>A governante confirmou que a atualiza\u00e7\u00e3o tem efeitos retroativos a janeiro, ap\u00f3s aprova\u00e7\u00e3o legislativa. A portaria encontra-se em fase de aprova\u00e7\u00e3o, disse.<\/p>\n<h3>Acompanhamento parlamentar e efeitos<\/h3>\n<p>Durante a audi\u00e7\u00e3o na comiss\u00e3o, Filipa Lima explicou a raz\u00e3o da mudan\u00e7a: equiparar o complemento ao CSI. A explica\u00e7\u00e3o sustenta a atualiza\u00e7\u00e3o dentro do quadro de prote\u00e7\u00e3o social.<\/p>\n<h3>RSI, fiscaliza\u00e7\u00e3o e perspetivas de simplifica\u00e7\u00e3o<\/h3>\n<p>At\u00e9 novembro de 2025, o RSI tinha cerca de 165 mil benefici\u00e1rios, representando 6,6% do total de beneficia\u00e7\u00f5es da Seguran\u00e7a Social. Em valor, o RSI somou 314 milh\u00f5es de euros, 2,3% da despesa em a\u00e7\u00e3o social.<\/p>\n<p>Foi apresentada a ideia de desenhar um modelo de dete\u00e7\u00e3o de risco para prevenir fraudes no RSI e noutras presta\u00e7\u00f5es. A governante indicou ainda a possibilidade de incluir o RSI numa medida mais ampla, a presta\u00e7\u00e3o social \u00fanica, para reduzir sobreposi\u00e7\u00f5es.<\/p>\n","protected":false},"excerpt":{"rendered":"<ul>\n<li>A Presta\u00e7\u00e3o Social para a Inclus\u00e3o (PSI) vai aumentar 2,8%, em linha com o Indexante dos Apoios Sociais (IAS), e o complemento sobe 105 euros mensais, para 670 euros, anualizando 8.040 euros.<\/li>\n<li>A atualiza\u00e7\u00e3o do complemento deve\u2011se \u00e0 aprova\u00e7\u00e3o de uma legisla\u00e7\u00e3o que o equipara ao valor do Complemento Solid\u00e1rio para Idosos (CSI) e entra em vigor com efeitos retroativos a janeiro.<\/li>\n<li>A secret\u00e1ria de Estado da Seguran\u00e7a Social, Filipa Lima, indicou, na comiss\u00e3o parlamentar, que existem cerca de 165 mil benefici\u00e1rios de rendimento social de inser\u00e7\u00e3o (RSI), o que representa 6,6% do total de benefici\u00e1rios de presta\u00e7\u00f5es sociais.<\/li>\n<li>Em termos de valor, at\u00e9 novembro de 2025 o RSI somava 314 milh\u00f5es de euros, 2,3% da despesa em a\u00e7\u00e3o social; a execu\u00e7\u00e3o de 2025 apresenta redu\u00e7\u00e3o relativamente a 2024.<\/li>\n<li>Vai ser desenhado um modelo de dete\u00e7\u00e3o de risco e fraude aplicado ao RSI e a outras presta\u00e7\u00f5es, com a potencial integra\u00e7\u00e3o do RSI numa medida mais ampla de Presta\u00e7\u00e3o Social \u00danica.<\/li>\n<\/ul>\n","protected":false},"author":2,"featured_media":159978,"comment_status":"closed","ping_status":"closed","sticky":false,"template":"","format":"standard","meta":{"footnotes":""},"categories":[1],"tags":[1084,1211,2737,173,2102,243],"class_list":["post-159947","post","type-post","status-publish","format-standard","has-post-thumbnail","hentry","category-noticias","tag-acao-social","tag-apoio-social","tag-pessoas-com-deficiencia","tag-protecao-social","tag-rendimento-social-de-insercao","tag-seguranca-social"],"yoast_head":"<!-- This site is optimized with the Yoast SEO plugin v27.2 - https:\/\/yoast.com\/product\/yoast-seo-wordpress\/ -->\n<title>Presta\u00e7\u00e3o social para pessoas com defici\u00eancia aumenta 2,8% - Portal Tela Portugal<\/title>\n<meta name=\"robots\" content=\"index, follow, max-snippet:-1, max-image-preview:large, max-video-preview:-1\" \/>\n<meta property=\"og:locale\" content=\"pt_PT\" \/>\n<meta property=\"og:type\" content=\"article\" \/>\n<meta property=\"og:title\" content=\"Presta\u00e7\u00e3o social para pessoas com defici\u00eancia aumenta 2,8% - Portal Tela Portugal\" \/>\n<meta property=\"og:description\" content=\"A Presta\u00e7\u00e3o Social para a Inclus\u00e3o (PSI) vai aumentar 2,8%, em linha com o Indexante dos Apoios Sociais (IAS), e o complemento sobe 105 euros mensais, para 670 euros, anualizando 8.040 euros. A atualiza\u00e7\u00e3o do complemento deve\u2011se \u00e0 aprova\u00e7\u00e3o de uma legisla\u00e7\u00e3o que o equipara ao valor do Complemento Solid\u00e1rio para Idosos (CSI) e entra em vigor com efeitos retroativos a janeiro. A secret\u00e1ria de Estado da Seguran\u00e7a Social, Filipa Lima, indicou, na comiss\u00e3o parlamentar, que existem cerca de 165 mil benefici\u00e1rios de rendimento social de inser\u00e7\u00e3o (RSI), o que representa 6,6% do total de benefici\u00e1rios de presta\u00e7\u00f5es sociais. Em termos de valor, at\u00e9 novembro de 2025 o RSI somava 314 milh\u00f5es de euros, 2,3% da despesa em a\u00e7\u00e3o social; a execu\u00e7\u00e3o de 2025 apresenta redu\u00e7\u00e3o relativamente a 2024. Vai ser desenhado um modelo de dete\u00e7\u00e3o de risco e fraude aplicado ao RSI e a outras presta\u00e7\u00f5es, com a potencial integra\u00e7\u00e3o do RSI numa medida mais ampla de Presta\u00e7\u00e3o Social \u00danica.\" \/>\n<meta property=\"og:url\" content=\"https:\/\/portaltela.pt\/noticias\/2026\/01\/21\/prestacao-social-para-pessoas-com-deficiencia-aumenta-28-3\/\" \/>\n<meta property=\"og:site_name\" content=\"Portal Tela Portugal\" \/>\n<meta property=\"article:published_time\" content=\"2026-01-21T14:57:00+00:00\" \/>\n<meta name=\"author\" content=\"Telinha\" \/>\n<meta name=\"twitter:card\" content=\"summary_large_image\" \/>\n<meta name=\"twitter:label1\" content=\"Escrito por\" \/>\n\t<meta name=\"twitter:data1\" content=\"Telinha\" \/>\n\t<meta name=\"twitter:label2\" content=\"Tempo estimado de leitura\" \/>\n\t<meta name=\"twitter:data2\" content=\"1 minuto\" \/>\n<script type=\"application\/ld+json\" class=\"yoast-schema-graph\">{\"@context\":\"https:\/\/schema.org\",\"@graph\":[{\"@type\":\"Article\",\"@id\":\"https:\/\/portaltela.pt\/noticias\/2026\/01\/21\/prestacao-social-para-pessoas-com-deficiencia-aumenta-28-3\/#article\",\"isPartOf\":{\"@id\":\"https:\/\/portaltela.pt\/noticias\/2026\/01\/21\/prestacao-social-para-pessoas-com-deficiencia-aumenta-28-3\/\"},\"author\":{\"name\":\"Telinha\",\"@id\":\"https:\/\/portaltela.pt\/#\/schema\/person\/c4278d4a6028830caff9ee44b42d32ed\"},\"headline\":\"Presta\u00e7\u00e3o social para pessoas com defici\u00eancia aumenta 2,8%\",\"datePublished\":\"2026-01-21T14:57:00+00:00\",\"mainEntityOfPage\":{\"@id\":\"https:\/\/portaltela.pt\/noticias\/2026\/01\/21\/prestacao-social-para-pessoas-com-deficiencia-aumenta-28-3\/\"},\"wordCount\":236,\"image\":{\"@id\":\"https:\/\/portaltela.pt\/noticias\/2026\/01\/21\/prestacao-social-para-pessoas-com-deficiencia-aumenta-28-3\/#primaryimage\"},\"thumbnailUrl\":\"https:\/\/portaltela.pt\/s.01k8rhncp4jt1\/2026\/01\/image-1347.jpg\",\"keywords\":[\"A\u00e7\u00e3o Social\",\"Apoio Social\",\"pessoas com defici\u00eancia\",\"prote\u00e7\u00e3o social\",\"Rendimento Social de Inser\u00e7\u00e3o\",\"seguran\u00e7a social\"],\"articleSection\":[\"Not\u00edcias\"],\"inLanguage\":\"pt-PT\"},{\"@type\":\"WebPage\",\"@id\":\"https:\/\/portaltela.pt\/noticias\/2026\/01\/21\/prestacao-social-para-pessoas-com-deficiencia-aumenta-28-3\/\",\"url\":\"https:\/\/portaltela.pt\/noticias\/2026\/01\/21\/prestacao-social-para-pessoas-com-deficiencia-aumenta-28-3\/\",\"name\":\"Presta\u00e7\u00e3o social para pessoas com defici\u00eancia aumenta 2,8% - Portal Tela Portugal\",\"isPartOf\":{\"@id\":\"https:\/\/portaltela.pt\/#website\"},\"primaryImageOfPage\":{\"@id\":\"https:\/\/portaltela.pt\/noticias\/2026\/01\/21\/prestacao-social-para-pessoas-com-deficiencia-aumenta-28-3\/#primaryimage\"},\"image\":{\"@id\":\"https:\/\/portaltela.pt\/noticias\/2026\/01\/21\/prestacao-social-para-pessoas-com-deficiencia-aumenta-28-3\/#primaryimage\"},\"thumbnailUrl\":\"https:\/\/portaltela.pt\/s.01k8rhncp4jt1\/2026\/01\/image-1347.jpg\",\"datePublished\":\"2026-01-21T14:57:00+00:00\",\"author\":{\"@id\":\"https:\/\/portaltela.pt\/#\/schema\/person\/c4278d4a6028830caff9ee44b42d32ed\"},\"breadcrumb\":{\"@id\":\"https:\/\/portaltela.pt\/noticias\/2026\/01\/21\/prestacao-social-para-pessoas-com-deficiencia-aumenta-28-3\/#breadcrumb\"},\"inLanguage\":\"pt-PT\",\"potentialAction\":[{\"@type\":\"ReadAction\",\"target\":[\"https:\/\/portaltela.pt\/noticias\/2026\/01\/21\/prestacao-social-para-pessoas-com-deficiencia-aumenta-28-3\/\"]}]},{\"@type\":\"ImageObject\",\"inLanguage\":\"pt-PT\",\"@id\":\"https:\/\/portaltela.pt\/noticias\/2026\/01\/21\/prestacao-social-para-pessoas-com-deficiencia-aumenta-28-3\/#primaryimage\",\"url\":\"https:\/\/portaltela.pt\/s.01k8rhncp4jt1\/2026\/01\/image-1347.jpg\",\"contentUrl\":\"https:\/\/portaltela.pt\/s.01k8rhncp4jt1\/2026\/01\/image-1347.jpg\",\"width\":796,\"height\":448,\"caption\":\"Foto: Adelino Meireles\/Arquivo\"},{\"@type\":\"BreadcrumbList\",\"@id\":\"https:\/\/portaltela.pt\/noticias\/2026\/01\/21\/prestacao-social-para-pessoas-com-deficiencia-aumenta-28-3\/#breadcrumb\",\"itemListElement\":[{\"@type\":\"ListItem\",\"position\":1,\"name\":\"In\u00edcio\",\"item\":\"https:\/\/portaltela.pt\/\"},{\"@type\":\"ListItem\",\"position\":2,\"name\":\"Presta\u00e7\u00e3o social para pessoas com defici\u00eancia aumenta 2,8%\"}]},{\"@type\":\"WebSite\",\"@id\":\"https:\/\/portaltela.pt\/#website\",\"url\":\"https:\/\/portaltela.pt\/\",\"name\":\"Portal Tela Portugal\",\"description\":\"\",\"potentialAction\":[{\"@type\":\"SearchAction\",\"target\":{\"@type\":\"EntryPoint\",\"urlTemplate\":\"https:\/\/portaltela.pt\/?s={search_term_string}\"},\"query-input\":{\"@type\":\"PropertyValueSpecification\",\"valueRequired\":true,\"valueName\":\"search_term_string\"}}],\"inLanguage\":\"pt-PT\"},{\"@type\":\"Person\",\"@id\":\"https:\/\/portaltela.pt\/#\/schema\/person\/c4278d4a6028830caff9ee44b42d32ed\",\"name\":\"Telinha\",\"image\":{\"@type\":\"ImageObject\",\"inLanguage\":\"pt-PT\",\"@id\":\"https:\/\/portaltela.pt\/s.01k8rhncp4jt1\/2025\/11\/talking-bot-125x125.png\",\"url\":\"https:\/\/portaltela.pt\/s.01k8rhncp4jt1\/2025\/11\/talking-bot-125x125.png\",\"contentUrl\":\"https:\/\/portaltela.pt\/s.01k8rhncp4jt1\/2025\/11\/talking-bot-125x125.png\",\"caption\":\"Telinha\"},\"sameAs\":[\"https:\/\/portaltela.pt\/\"],\"url\":\"https:\/\/portaltela.pt\/por\/367410592786\/\"}]}<\/script>\n<!-- \/ Yoast SEO plugin. -->","yoast_head_json":{"title":"Presta\u00e7\u00e3o social para pessoas com defici\u00eancia aumenta 2,8% - Portal Tela Portugal","robots":{"index":"index","follow":"follow","max-snippet":"max-snippet:-1","max-image-preview":"max-image-preview:large","max-video-preview":"max-video-preview:-1"},"og_locale":"pt_PT","og_type":"article","og_title":"Presta\u00e7\u00e3o social para pessoas com defici\u00eancia aumenta 2,8% - Portal Tela Portugal","og_description":"A Presta\u00e7\u00e3o Social para a Inclus\u00e3o (PSI) vai aumentar 2,8%, em linha com o Indexante dos Apoios Sociais (IAS), e o complemento sobe 105 euros mensais, para 670 euros, anualizando 8.040 euros. A atualiza\u00e7\u00e3o do complemento deve\u2011se \u00e0 aprova\u00e7\u00e3o de uma legisla\u00e7\u00e3o que o equipara ao valor do Complemento Solid\u00e1rio para Idosos (CSI) e entra em vigor com efeitos retroativos a janeiro. A secret\u00e1ria de Estado da Seguran\u00e7a Social, Filipa Lima, indicou, na comiss\u00e3o parlamentar, que existem cerca de 165 mil benefici\u00e1rios de rendimento social de inser\u00e7\u00e3o (RSI), o que representa 6,6% do total de benefici\u00e1rios de presta\u00e7\u00f5es sociais. Em termos de valor, at\u00e9 novembro de 2025 o RSI somava 314 milh\u00f5es de euros, 2,3% da despesa em a\u00e7\u00e3o social; a execu\u00e7\u00e3o de 2025 apresenta redu\u00e7\u00e3o relativamente a 2024. Vai ser desenhado um modelo de dete\u00e7\u00e3o de risco e fraude aplicado ao RSI e a outras presta\u00e7\u00f5es, com a potencial integra\u00e7\u00e3o do RSI numa medida mais ampla de Presta\u00e7\u00e3o Social \u00danica.","og_url":"https:\/\/portaltela.pt\/noticias\/2026\/01\/21\/prestacao-social-para-pessoas-com-deficiencia-aumenta-28-3\/","og_site_name":"Portal Tela Portugal","article_published_time":"2026-01-21T14:57:00+00:00","author":"Telinha","twitter_card":"summary_large_image","twitter_misc":{"Escrito por":"Telinha","Tempo estimado de leitura":"1 minuto"},"schema":{"@context":"https:\/\/schema.org","@graph":[{"@type":"Article","@id":"https:\/\/portaltela.pt\/noticias\/2026\/01\/21\/prestacao-social-para-pessoas-com-deficiencia-aumenta-28-3\/#article","isPartOf":{"@id":"https:\/\/portaltela.pt\/noticias\/2026\/01\/21\/prestacao-social-para-pessoas-com-deficiencia-aumenta-28-3\/"},"author":{"name":"Telinha","@id":"https:\/\/portaltela.pt\/#\/schema\/person\/c4278d4a6028830caff9ee44b42d32ed"},"headline":"Presta\u00e7\u00e3o social para pessoas com defici\u00eancia aumenta 2,8%","datePublished":"2026-01-21T14:57:00+00:00","mainEntityOfPage":{"@id":"https:\/\/portaltela.pt\/noticias\/2026\/01\/21\/prestacao-social-para-pessoas-com-deficiencia-aumenta-28-3\/"},"wordCount":236,"image":{"@id":"https:\/\/portaltela.pt\/noticias\/2026\/01\/21\/prestacao-social-para-pessoas-com-deficiencia-aumenta-28-3\/#primaryimage"},"thumbnailUrl":"https:\/\/portaltela.pt\/s.01k8rhncp4jt1\/2026\/01\/image-1347.jpg","keywords":["A\u00e7\u00e3o Social","Apoio Social","pessoas com defici\u00eancia","prote\u00e7\u00e3o social","Rendimento Social de Inser\u00e7\u00e3o","seguran\u00e7a social"],"articleSection":["Not\u00edcias"],"inLanguage":"pt-PT"},{"@type":"WebPage","@id":"https:\/\/portaltela.pt\/noticias\/2026\/01\/21\/prestacao-social-para-pessoas-com-deficiencia-aumenta-28-3\/","url":"https:\/\/portaltela.pt\/noticias\/2026\/01\/21\/prestacao-social-para-pessoas-com-deficiencia-aumenta-28-3\/","name":"Presta\u00e7\u00e3o social para pessoas com defici\u00eancia aumenta 2,8% - Portal Tela Portugal","isPartOf":{"@id":"https:\/\/portaltela.pt\/#website"},"primaryImageOfPage":{"@id":"https:\/\/portaltela.pt\/noticias\/2026\/01\/21\/prestacao-social-para-pessoas-com-deficiencia-aumenta-28-3\/#primaryimage"},"image":{"@id":"https:\/\/portaltela.pt\/noticias\/2026\/01\/21\/prestacao-social-para-pessoas-com-deficiencia-aumenta-28-3\/#primaryimage"},"thumbnailUrl":"https:\/\/portaltela.pt\/s.01k8rhncp4jt1\/2026\/01\/image-1347.jpg","datePublished":"2026-01-21T14:57:00+00:00","author":{"@id":"https:\/\/portaltela.pt\/#\/schema\/person\/c4278d4a6028830caff9ee44b42d32ed"},"breadcrumb":{"@id":"https:\/\/portaltela.pt\/noticias\/2026\/01\/21\/prestacao-social-para-pessoas-com-deficiencia-aumenta-28-3\/#breadcrumb"},"inLanguage":"pt-PT","potentialAction":[{"@type":"ReadAction","target":["https:\/\/portaltela.pt\/noticias\/2026\/01\/21\/prestacao-social-para-pessoas-com-deficiencia-aumenta-28-3\/"]}]},{"@type":"ImageObject","inLanguage":"pt-PT","@id":"https:\/\/portaltela.pt\/noticias\/2026\/01\/21\/prestacao-social-para-pessoas-com-deficiencia-aumenta-28-3\/#primaryimage","url":"https:\/\/portaltela.pt\/s.01k8rhncp4jt1\/2026\/01\/image-1347.jpg","contentUrl":"https:\/\/portaltela.pt\/s.01k8rhncp4jt1\/2026\/01\/image-1347.jpg","width":796,"height":448,"caption":"Foto: Adelino Meireles\/Arquivo"},{"@type":"BreadcrumbList","@id":"https:\/\/portaltela.pt\/noticias\/2026\/01\/21\/prestacao-social-para-pessoas-com-deficiencia-aumenta-28-3\/#breadcrumb","itemListElement":[{"@type":"ListItem","position":1,"name":"In\u00edcio","item":"https:\/\/portaltela.pt\/"},{"@type":"ListItem","position":2,"name":"Presta\u00e7\u00e3o social para pessoas com defici\u00eancia aumenta 2,8%"}]},{"@type":"WebSite","@id":"https:\/\/portaltela.pt\/#website","url":"https:\/\/portaltela.pt\/","name":"Portal Tela Portugal","description":"","potentialAction":[{"@type":"SearchAction","target":{"@type":"EntryPoint","urlTemplate":"https:\/\/portaltela.pt\/?s={search_term_string}"},"query-input":{"@type":"PropertyValueSpecification","valueRequired":true,"valueName":"search_term_string"}}],"inLanguage":"pt-PT"},{"@type":"Person","@id":"https:\/\/portaltela.pt\/#\/schema\/person\/c4278d4a6028830caff9ee44b42d32ed","name":"Telinha","image":{"@type":"ImageObject","inLanguage":"pt-PT","@id":"https:\/\/portaltela.pt\/s.01k8rhncp4jt1\/2025\/11\/talking-bot-125x125.png","url":"https:\/\/portaltela.pt\/s.01k8rhncp4jt1\/2025\/11\/talking-bot-125x125.png","contentUrl":"https:\/\/portaltela.pt\/s.01k8rhncp4jt1\/2025\/11\/talking-bot-125x125.png","caption":"Telinha"},"sameAs":["https:\/\/portaltela.pt\/"],"url":"https:\/\/portaltela.pt\/por\/367410592786\/"}]}},"_links":{"self":[{"href":"https:\/\/portaltela.pt\/api\/wp\/v2\/posts\/159947","targetHints":{"allow":["GET"]}}],"collection":[{"href":"https:\/\/portaltela.pt\/api\/wp\/v2\/posts"}],"about":[{"href":"https:\/\/portaltela.pt\/api\/wp\/v2\/types\/post"}],"author":[{"embeddable":true,"href":"https:\/\/portaltela.pt\/api\/wp\/v2\/users\/2"}],"replies":[{"embeddable":true,"href":"https:\/\/portaltela.pt\/api\/wp\/v2\/comments?post=159947"}],"version-history":[{"count":0,"href":"https:\/\/portaltela.pt\/api\/wp\/v2\/posts\/159947\/revisions"}],"wp:featuredmedia":[{"embeddable":true,"href":"https:\/\/portaltela.pt\/api\/wp\/v2\/media\/159978"}],"wp:attachment":[{"href":"https:\/\/portaltela.pt\/api\/wp\/v2\/media?parent=159947"}],"wp:term":[{"taxonomy":"category","embeddable":true,"href":"https:\/\/portaltela.pt\/api\/wp\/v2\/categories?post=159947"},{"taxonomy":"post_tag","embeddable":true,"href":"https:\/\/portaltela.pt\/api\/wp\/v2\/tags?post=159947"}],"curies":[{"name":"wp","href":"https:\/\/api.w.org\/{rel}","templated":true}]}}