{"id":159891,"date":"2026-01-21T11:31:02","date_gmt":"2026-01-21T14:31:02","guid":{"rendered":"https:\/\/portaltela.pt\/noticias\/2026\/01\/21\/adrien-silva-impulsiona-sporting-na-vitoria-sobre-o-psg-video\/"},"modified":"2026-01-21T11:31:02","modified_gmt":"2026-01-21T14:31:02","slug":"adrien-silva-impulsiona-sporting-na-vitoria-sobre-o-psg-video","status":"publish","type":"post","link":"https:\/\/portaltela.pt\/desporto\/futebol\/2026\/01\/21\/adrien-silva-impulsiona-sporting-na-vitoria-sobre-o-psg-video\/","title":{"rendered":"Adrien Silva impulsiona Sporting na vit\u00f3ria sobre o PSG (v\u00eddeo)"},"content":{"rendered":"<p>Adrien Silva, antigo capit\u00e3o do Sporting, foi visto em Alvalade, acompanhado pela fam\u00edlia, a vibrar com a vit\u00f3ria da equipa sobre o PSG. O momento destacou o carinho do jogador pelo clube leonino.<\/p>\n<p>O m\u00e9dio j\u00e1 pendurou as botas na \u00e9poca 2024\/2025, disputando a Liga dos Emirados \u00c1rabes Unidos pelo Dubai United. Contudo, mant\u00e9m-se atento ao Sporting, clube onde iniciou a carreira.<\/p>\n<p>Adrien, de 36 anos, foi um dos pilares do Sporting em anos passados e regressou ao est\u00e1dio onde deixou marca. Nas redes sociais, festejou os golos de Luis Su\u00e1rez e o triunfo sobre o PSG, gerando rea\u00e7\u00e3o entre os adeptos.<\/p>\n<h3>Hist\u00f3rico do jogador<\/h3>\n<p>Adrien Silva destacou-se como internacional e l\u00edder dentro de campo, capitaneando o Sporting por v\u00e1rias temporadas. A vila de Alvalade continua a acompanhar o ex-cem quil\u00f3metros de dist\u00e2ncia, mantendo a liga\u00e7\u00e3o ao clube.<\/p>\n","protected":false},"excerpt":{"rendered":"<ul>\n<li>Adrien Silva, antigo capit\u00e3o do Sporting e internacional portugu\u00eas, esteve em Alvalade com a fam\u00edlia, a festejar a vit\u00f3ria sobre o PSG.<\/li>\n<li>O ex-jogador, que se retirou na temporada 2024\/2025 em Dubai United, continua atento ao Sporting, clube onde come\u00e7ou a carreira.<\/li>\n<li>Nas redes sociais, Adrien mostrou-se entusiasmado com a vit\u00f3ria e com os golos de Luis Su\u00e1rez.<\/li>\n<li>As imagens da celebra\u00e7\u00e3o rapidamente encataram os adeptos do Sporting.<\/li>\n<li>Adrien Silva, aos 36 anos, permanece ligado ao emblema leonino, apesar de estar j\u00e1 longe do leme do futebol profissional.<\/li>\n<\/ul>\n","protected":false},"author":2,"featured_media":159916,"comment_status":"closed","ping_status":"closed","sticky":false,"template":"","format":"standard","meta":{"footnotes":""},"categories":[21,24],"tags":[2533,32,3338,3272,1979,1652],"class_list":["post-159891","post","type-post","status-publish","format-standard","has-post-thumbnail","hentry","category-desporto","category-futebol","tag-adeptos","tag-futebol","tag-futebol-internacional","tag-luis-suarez","tag-paris-sg","tag-sporting"],"yoast_head":"<!-- This site is optimized with the Yoast SEO plugin v27.2 - https:\/\/yoast.com\/product\/yoast-seo-wordpress\/ -->\n<title>Adrien Silva impulsiona Sporting na vit\u00f3ria sobre o PSG (v\u00eddeo) - Portal Tela Portugal<\/title>\n<meta name=\"robots\" content=\"index, follow, max-snippet:-1, max-image-preview:large, max-video-preview:-1\" \/>\n<meta property=\"og:locale\" content=\"pt_PT\" \/>\n<meta property=\"og:type\" content=\"article\" \/>\n<meta property=\"og:title\" content=\"Adrien Silva impulsiona Sporting na vit\u00f3ria sobre o PSG (v\u00eddeo) - Portal Tela Portugal\" \/>\n<meta property=\"og:description\" content=\"Adrien Silva, antigo capit\u00e3o do Sporting e internacional portugu\u00eas, esteve em Alvalade com a fam\u00edlia, a festejar a vit\u00f3ria sobre o PSG. O ex-jogador, que se retirou na temporada 2024\/2025 em Dubai United, continua atento ao Sporting, clube onde come\u00e7ou a carreira. Nas redes sociais, Adrien mostrou-se entusiasmado com a vit\u00f3ria e com os golos de Luis Su\u00e1rez. As imagens da celebra\u00e7\u00e3o rapidamente encataram os adeptos do Sporting. Adrien Silva, aos 36 anos, permanece ligado ao emblema leonino, apesar de estar j\u00e1 longe do leme do futebol profissional.\" \/>\n<meta property=\"og:url\" content=\"https:\/\/portaltela.pt\/noticias\/2026\/01\/21\/adrien-silva-impulsiona-sporting-na-vitoria-sobre-o-psg-video\/\" \/>\n<meta property=\"og:site_name\" content=\"Portal Tela Portugal\" \/>\n<meta property=\"article:published_time\" content=\"2026-01-21T14:31:02+00:00\" \/>\n<meta name=\"author\" content=\"Telinha\" \/>\n<meta name=\"twitter:card\" content=\"summary_large_image\" \/>\n<meta name=\"twitter:label1\" content=\"Escrito por\" \/>\n\t<meta name=\"twitter:data1\" content=\"Telinha\" \/>\n\t<meta name=\"twitter:label2\" content=\"Tempo estimado de leitura\" \/>\n\t<meta name=\"twitter:data2\" content=\"1 minuto\" \/>\n<script type=\"application\/ld+json\" class=\"yoast-schema-graph\">{\"@context\":\"https:\/\/schema.org\",\"@graph\":[{\"@type\":\"Article\",\"@id\":\"https:\/\/portaltela.pt\/noticias\/2026\/01\/21\/adrien-silva-impulsiona-sporting-na-vitoria-sobre-o-psg-video\/#article\",\"isPartOf\":{\"@id\":\"https:\/\/portaltela.pt\/noticias\/2026\/01\/21\/adrien-silva-impulsiona-sporting-na-vitoria-sobre-o-psg-video\/\"},\"author\":{\"name\":\"Telinha\",\"@id\":\"https:\/\/portaltela.pt\/#\/schema\/person\/c4278d4a6028830caff9ee44b42d32ed\"},\"headline\":\"Adrien Silva impulsiona Sporting na vit\u00f3ria sobre o PSG (v\u00eddeo)\",\"datePublished\":\"2026-01-21T14:31:02+00:00\",\"mainEntityOfPage\":{\"@id\":\"https:\/\/portaltela.pt\/noticias\/2026\/01\/21\/adrien-silva-impulsiona-sporting-na-vitoria-sobre-o-psg-video\/\"},\"wordCount\":162,\"image\":{\"@id\":\"https:\/\/portaltela.pt\/noticias\/2026\/01\/21\/adrien-silva-impulsiona-sporting-na-vitoria-sobre-o-psg-video\/#primaryimage\"},\"thumbnailUrl\":\"https:\/\/portaltela.pt\/s.01k8rhncp4jt1\/2026\/01\/bfbe813d-38ee-4662-bb7f-780287c9611b.jpg\",\"keywords\":[\"adeptos\",\"futebol\",\"futebol internacional\",\"Luis Su\u00e1rez\",\"Paris SG\",\"Sporting\"],\"articleSection\":[\"Desporto\",\"Futebol\"],\"inLanguage\":\"pt-PT\"},{\"@type\":\"WebPage\",\"@id\":\"https:\/\/portaltela.pt\/noticias\/2026\/01\/21\/adrien-silva-impulsiona-sporting-na-vitoria-sobre-o-psg-video\/\",\"url\":\"https:\/\/portaltela.pt\/noticias\/2026\/01\/21\/adrien-silva-impulsiona-sporting-na-vitoria-sobre-o-psg-video\/\",\"name\":\"Adrien Silva impulsiona Sporting na vit\u00f3ria sobre o PSG (v\u00eddeo) - Portal Tela Portugal\",\"isPartOf\":{\"@id\":\"https:\/\/portaltela.pt\/#website\"},\"primaryImageOfPage\":{\"@id\":\"https:\/\/portaltela.pt\/noticias\/2026\/01\/21\/adrien-silva-impulsiona-sporting-na-vitoria-sobre-o-psg-video\/#primaryimage\"},\"image\":{\"@id\":\"https:\/\/portaltela.pt\/noticias\/2026\/01\/21\/adrien-silva-impulsiona-sporting-na-vitoria-sobre-o-psg-video\/#primaryimage\"},\"thumbnailUrl\":\"https:\/\/portaltela.pt\/s.01k8rhncp4jt1\/2026\/01\/bfbe813d-38ee-4662-bb7f-780287c9611b.jpg\",\"datePublished\":\"2026-01-21T14:31:02+00:00\",\"author\":{\"@id\":\"https:\/\/portaltela.pt\/#\/schema\/person\/c4278d4a6028830caff9ee44b42d32ed\"},\"breadcrumb\":{\"@id\":\"https:\/\/portaltela.pt\/noticias\/2026\/01\/21\/adrien-silva-impulsiona-sporting-na-vitoria-sobre-o-psg-video\/#breadcrumb\"},\"inLanguage\":\"pt-PT\",\"potentialAction\":[{\"@type\":\"ReadAction\",\"target\":[\"https:\/\/portaltela.pt\/noticias\/2026\/01\/21\/adrien-silva-impulsiona-sporting-na-vitoria-sobre-o-psg-video\/\"]}]},{\"@type\":\"ImageObject\",\"inLanguage\":\"pt-PT\",\"@id\":\"https:\/\/portaltela.pt\/noticias\/2026\/01\/21\/adrien-silva-impulsiona-sporting-na-vitoria-sobre-o-psg-video\/#primaryimage\",\"url\":\"https:\/\/portaltela.pt\/s.01k8rhncp4jt1\/2026\/01\/bfbe813d-38ee-4662-bb7f-780287c9611b.jpg\",\"contentUrl\":\"https:\/\/portaltela.pt\/s.01k8rhncp4jt1\/2026\/01\/bfbe813d-38ee-4662-bb7f-780287c9611b.jpg\",\"width\":796,\"height\":448,\"caption\":\"Adrien Silva esteve em Alvalade a vibrar com a vit\u00f3ria do Sporting\"},{\"@type\":\"BreadcrumbList\",\"@id\":\"https:\/\/portaltela.pt\/noticias\/2026\/01\/21\/adrien-silva-impulsiona-sporting-na-vitoria-sobre-o-psg-video\/#breadcrumb\",\"itemListElement\":[{\"@type\":\"ListItem\",\"position\":1,\"name\":\"In\u00edcio\",\"item\":\"https:\/\/portaltela.pt\/\"},{\"@type\":\"ListItem\",\"position\":2,\"name\":\"Adrien Silva impulsiona Sporting na vit\u00f3ria sobre o PSG (v\u00eddeo)\"}]},{\"@type\":\"WebSite\",\"@id\":\"https:\/\/portaltela.pt\/#website\",\"url\":\"https:\/\/portaltela.pt\/\",\"name\":\"Portal Tela Portugal\",\"description\":\"\",\"potentialAction\":[{\"@type\":\"SearchAction\",\"target\":{\"@type\":\"EntryPoint\",\"urlTemplate\":\"https:\/\/portaltela.pt\/?s={search_term_string}\"},\"query-input\":{\"@type\":\"PropertyValueSpecification\",\"valueRequired\":true,\"valueName\":\"search_term_string\"}}],\"inLanguage\":\"pt-PT\"},{\"@type\":\"Person\",\"@id\":\"https:\/\/portaltela.pt\/#\/schema\/person\/c4278d4a6028830caff9ee44b42d32ed\",\"name\":\"Telinha\",\"image\":{\"@type\":\"ImageObject\",\"inLanguage\":\"pt-PT\",\"@id\":\"https:\/\/portaltela.pt\/s.01k8rhncp4jt1\/2025\/11\/talking-bot-125x125.png\",\"url\":\"https:\/\/portaltela.pt\/s.01k8rhncp4jt1\/2025\/11\/talking-bot-125x125.png\",\"contentUrl\":\"https:\/\/portaltela.pt\/s.01k8rhncp4jt1\/2025\/11\/talking-bot-125x125.png\",\"caption\":\"Telinha\"},\"sameAs\":[\"https:\/\/portaltela.pt\/\"],\"url\":\"https:\/\/portaltela.pt\/por\/367410592786\/\"}]}<\/script>\n<!-- \/ Yoast SEO plugin. -->","yoast_head_json":{"title":"Adrien Silva impulsiona Sporting na vit\u00f3ria sobre o PSG (v\u00eddeo) - Portal Tela Portugal","robots":{"index":"index","follow":"follow","max-snippet":"max-snippet:-1","max-image-preview":"max-image-preview:large","max-video-preview":"max-video-preview:-1"},"og_locale":"pt_PT","og_type":"article","og_title":"Adrien Silva impulsiona Sporting na vit\u00f3ria sobre o PSG (v\u00eddeo) - Portal Tela Portugal","og_description":"Adrien Silva, antigo capit\u00e3o do Sporting e internacional portugu\u00eas, esteve em Alvalade com a fam\u00edlia, a festejar a vit\u00f3ria sobre o PSG. O ex-jogador, que se retirou na temporada 2024\/2025 em Dubai United, continua atento ao Sporting, clube onde come\u00e7ou a carreira. Nas redes sociais, Adrien mostrou-se entusiasmado com a vit\u00f3ria e com os golos de Luis Su\u00e1rez. As imagens da celebra\u00e7\u00e3o rapidamente encataram os adeptos do Sporting. Adrien Silva, aos 36 anos, permanece ligado ao emblema leonino, apesar de estar j\u00e1 longe do leme do futebol profissional.","og_url":"https:\/\/portaltela.pt\/noticias\/2026\/01\/21\/adrien-silva-impulsiona-sporting-na-vitoria-sobre-o-psg-video\/","og_site_name":"Portal Tela Portugal","article_published_time":"2026-01-21T14:31:02+00:00","author":"Telinha","twitter_card":"summary_large_image","twitter_misc":{"Escrito por":"Telinha","Tempo estimado de leitura":"1 minuto"},"schema":{"@context":"https:\/\/schema.org","@graph":[{"@type":"Article","@id":"https:\/\/portaltela.pt\/noticias\/2026\/01\/21\/adrien-silva-impulsiona-sporting-na-vitoria-sobre-o-psg-video\/#article","isPartOf":{"@id":"https:\/\/portaltela.pt\/noticias\/2026\/01\/21\/adrien-silva-impulsiona-sporting-na-vitoria-sobre-o-psg-video\/"},"author":{"name":"Telinha","@id":"https:\/\/portaltela.pt\/#\/schema\/person\/c4278d4a6028830caff9ee44b42d32ed"},"headline":"Adrien Silva impulsiona Sporting na vit\u00f3ria sobre o PSG (v\u00eddeo)","datePublished":"2026-01-21T14:31:02+00:00","mainEntityOfPage":{"@id":"https:\/\/portaltela.pt\/noticias\/2026\/01\/21\/adrien-silva-impulsiona-sporting-na-vitoria-sobre-o-psg-video\/"},"wordCount":162,"image":{"@id":"https:\/\/portaltela.pt\/noticias\/2026\/01\/21\/adrien-silva-impulsiona-sporting-na-vitoria-sobre-o-psg-video\/#primaryimage"},"thumbnailUrl":"https:\/\/portaltela.pt\/s.01k8rhncp4jt1\/2026\/01\/bfbe813d-38ee-4662-bb7f-780287c9611b.jpg","keywords":["adeptos","futebol","futebol internacional","Luis Su\u00e1rez","Paris SG","Sporting"],"articleSection":["Desporto","Futebol"],"inLanguage":"pt-PT"},{"@type":"WebPage","@id":"https:\/\/portaltela.pt\/noticias\/2026\/01\/21\/adrien-silva-impulsiona-sporting-na-vitoria-sobre-o-psg-video\/","url":"https:\/\/portaltela.pt\/noticias\/2026\/01\/21\/adrien-silva-impulsiona-sporting-na-vitoria-sobre-o-psg-video\/","name":"Adrien Silva impulsiona Sporting na vit\u00f3ria sobre o PSG (v\u00eddeo) - Portal Tela Portugal","isPartOf":{"@id":"https:\/\/portaltela.pt\/#website"},"primaryImageOfPage":{"@id":"https:\/\/portaltela.pt\/noticias\/2026\/01\/21\/adrien-silva-impulsiona-sporting-na-vitoria-sobre-o-psg-video\/#primaryimage"},"image":{"@id":"https:\/\/portaltela.pt\/noticias\/2026\/01\/21\/adrien-silva-impulsiona-sporting-na-vitoria-sobre-o-psg-video\/#primaryimage"},"thumbnailUrl":"https:\/\/portaltela.pt\/s.01k8rhncp4jt1\/2026\/01\/bfbe813d-38ee-4662-bb7f-780287c9611b.jpg","datePublished":"2026-01-21T14:31:02+00:00","author":{"@id":"https:\/\/portaltela.pt\/#\/schema\/person\/c4278d4a6028830caff9ee44b42d32ed"},"breadcrumb":{"@id":"https:\/\/portaltela.pt\/noticias\/2026\/01\/21\/adrien-silva-impulsiona-sporting-na-vitoria-sobre-o-psg-video\/#breadcrumb"},"inLanguage":"pt-PT","potentialAction":[{"@type":"ReadAction","target":["https:\/\/portaltela.pt\/noticias\/2026\/01\/21\/adrien-silva-impulsiona-sporting-na-vitoria-sobre-o-psg-video\/"]}]},{"@type":"ImageObject","inLanguage":"pt-PT","@id":"https:\/\/portaltela.pt\/noticias\/2026\/01\/21\/adrien-silva-impulsiona-sporting-na-vitoria-sobre-o-psg-video\/#primaryimage","url":"https:\/\/portaltela.pt\/s.01k8rhncp4jt1\/2026\/01\/bfbe813d-38ee-4662-bb7f-780287c9611b.jpg","contentUrl":"https:\/\/portaltela.pt\/s.01k8rhncp4jt1\/2026\/01\/bfbe813d-38ee-4662-bb7f-780287c9611b.jpg","width":796,"height":448,"caption":"Adrien Silva esteve em Alvalade a vibrar com a vit\u00f3ria do Sporting"},{"@type":"BreadcrumbList","@id":"https:\/\/portaltela.pt\/noticias\/2026\/01\/21\/adrien-silva-impulsiona-sporting-na-vitoria-sobre-o-psg-video\/#breadcrumb","itemListElement":[{"@type":"ListItem","position":1,"name":"In\u00edcio","item":"https:\/\/portaltela.pt\/"},{"@type":"ListItem","position":2,"name":"Adrien Silva impulsiona Sporting na vit\u00f3ria sobre o PSG (v\u00eddeo)"}]},{"@type":"WebSite","@id":"https:\/\/portaltela.pt\/#website","url":"https:\/\/portaltela.pt\/","name":"Portal Tela Portugal","description":"","potentialAction":[{"@type":"SearchAction","target":{"@type":"EntryPoint","urlTemplate":"https:\/\/portaltela.pt\/?s={search_term_string}"},"query-input":{"@type":"PropertyValueSpecification","valueRequired":true,"valueName":"search_term_string"}}],"inLanguage":"pt-PT"},{"@type":"Person","@id":"https:\/\/portaltela.pt\/#\/schema\/person\/c4278d4a6028830caff9ee44b42d32ed","name":"Telinha","image":{"@type":"ImageObject","inLanguage":"pt-PT","@id":"https:\/\/portaltela.pt\/s.01k8rhncp4jt1\/2025\/11\/talking-bot-125x125.png","url":"https:\/\/portaltela.pt\/s.01k8rhncp4jt1\/2025\/11\/talking-bot-125x125.png","contentUrl":"https:\/\/portaltela.pt\/s.01k8rhncp4jt1\/2025\/11\/talking-bot-125x125.png","caption":"Telinha"},"sameAs":["https:\/\/portaltela.pt\/"],"url":"https:\/\/portaltela.pt\/por\/367410592786\/"}]}},"_links":{"self":[{"href":"https:\/\/portaltela.pt\/api\/wp\/v2\/posts\/159891","targetHints":{"allow":["GET"]}}],"collection":[{"href":"https:\/\/portaltela.pt\/api\/wp\/v2\/posts"}],"about":[{"href":"https:\/\/portaltela.pt\/api\/wp\/v2\/types\/post"}],"author":[{"embeddable":true,"href":"https:\/\/portaltela.pt\/api\/wp\/v2\/users\/2"}],"replies":[{"embeddable":true,"href":"https:\/\/portaltela.pt\/api\/wp\/v2\/comments?post=159891"}],"version-history":[{"count":0,"href":"https:\/\/portaltela.pt\/api\/wp\/v2\/posts\/159891\/revisions"}],"wp:featuredmedia":[{"embeddable":true,"href":"https:\/\/portaltela.pt\/api\/wp\/v2\/media\/159916"}],"wp:attachment":[{"href":"https:\/\/portaltela.pt\/api\/wp\/v2\/media?parent=159891"}],"wp:term":[{"taxonomy":"category","embeddable":true,"href":"https:\/\/portaltela.pt\/api\/wp\/v2\/categories?post=159891"},{"taxonomy":"post_tag","embeddable":true,"href":"https:\/\/portaltela.pt\/api\/wp\/v2\/tags?post=159891"}],"curies":[{"name":"wp","href":"https:\/\/api.w.org\/{rel}","templated":true}]}}