{"id":159864,"date":"2026-01-21T10:43:09","date_gmt":"2026-01-21T13:43:09","guid":{"rendered":"https:\/\/portaltela.pt\/noticias\/2026\/01\/21\/opp-defende-responsabilidade-parental-em-caso-de-excesso-normativo\/"},"modified":"2026-01-21T10:43:09","modified_gmt":"2026-01-21T13:43:09","slug":"opp-defende-responsabilidade-parental-em-caso-de-excesso-normativo","status":"publish","type":"post","link":"https:\/\/portaltela.pt\/noticias\/2026\/01\/21\/opp-defende-responsabilidade-parental-em-caso-de-excesso-normativo\/","title":{"rendered":"OPP defende responsabilidade parental em caso de excesso normativo"},"content":{"rendered":"<p>A posi\u00e7\u00e3o da Ordem dos Psic\u00f3logos Portugueses (OPP) sobre avalia\u00e7\u00f5es psicol\u00f3gicas periciais em regula\u00e7\u00e3o de responsabilidades parentais tem gerado controv\u00e9rsia. O debate centra-se numa leitura hipertrofiada do C\u00f3digo Deontol\u00f3gico, que, segundo cr\u00edticos, ultrapassa a \u00e9tica e se aproxima de uma fun\u00e7\u00e3o regulat\u00f3ria para-jur\u00eddica. A pr\u00e1tica tem sido descrita como excessivamente normativista, com impactos na atua\u00e7\u00e3o profissional e nos direitos dos cidad\u00e3os.<\/p>\n<p>Entidades da \u00e1rea defendem que a \u00e9tica n\u00e3o pode bloquear a interven\u00e7\u00e3o psicol\u00f3gica fora do sistema judicial. Os cr\u00edticos argumentam que a OPP aplica de forma absoluta a exig\u00eancia de consentimento de ambos os progenitores, ignorando a inexist\u00eancia de mecanismos judiciais fora do \u00e2mbito judicial para for\u00e7ar participa\u00e7\u00e3o ou resolver dissensos. Assim, a pr\u00e1tica privada fica vulner\u00e1vel a constrangimentos.<\/p>\n<p>Para al\u00e9m da t\u00e9cnica, o tema envolve o papel do psic\u00f3logo enquanto profissional que pode contribuir com dados relevantes para decis\u00f5es judiciais. Defensores da avalia\u00e7\u00e3o privada destacam que estas podem ser complemento \u00fatil quando a avalia\u00e7\u00e3o p\u00fablica \u00e9 insuficiente ou question\u00e1vel, contribuindo para o superior interesse da crian\u00e7a.<\/p>\n<h3>Contexto da leitura do C\u00f3digo<\/h3>\n<p>O C\u00f3digo Deontol\u00f3gico prev\u00ea que, em avalia\u00e7\u00f5es com vista \u00e0 regula\u00e7\u00e3o de responsabilidades parentais, o consentimento de ambos os progenitores pode ser relevante, com resolu\u00e7\u00e3o de dissenso atrav\u00e9s de mecanismos judiciais. Cr\u00edticos advertem que a OPP excede o texto, transformando-o numa norma absoluta aplic\u00e1vel em contextos privados.<\/p>\n<h3>Implica\u00e7\u00f5es pr\u00e1ticas<\/h3>\n<p>A leitura da OPP, segundo os cr\u00edticos, inviabiliza a realiza\u00e7\u00e3o de avalia\u00e7\u00f5es privadas em situa\u00e7\u00f5es de conflito parental ou litig\u00e2ncia iminente. Argumenta-se que isso restringe o acesso a pareceres t\u00e9cnicos que podem fundamentar decis\u00f5es judiciais mais informadas e equilibradas.<\/p>\n<h3>Direitos dos cidad\u00e3os<\/h3>\n<p>Entre os direitos apontados est\u00e3o o direito a uma segunda opini\u00e3o t\u00e9cnica, o contradit\u00f3rio e o acesso a servi\u00e7os especializados para fundamentar posi\u00e7\u00f5es em ju\u00edzo. Em alguns casos, avaliadores privados servem de complemento quando a avalia\u00e7\u00e3o p\u00fablica \u00e9 limitada ou inadequada.<\/p>\n<h3>Papel da crian\u00e7a<\/h3>\n<p>Defende-se que a crian\u00e7a n\u00e3o \u00e9 objeto passivo, mas sujeito de direitos. Impor limita\u00e7\u00f5es generalizadas de avalia\u00e7\u00e3o com base no consentimento bilateral pode subestimar a capacidade da crian\u00e7a de expressar sentimentos e de contribuir para o processo avaliativo, especialmente em contextos de risco.<\/p>\n<h3>Perspetiva jur\u00eddica<\/h3>\n<p>Cr\u00edticos sustentam que a OPP, ao atuar em termos \u00e9ticos hipertrofiados, assume uma fun\u00e7\u00e3o que pertence ao tribunal. Consideram que conceitos jur\u00eddicos indeterminados, como \u201cquest\u00e3o de particular import\u00e2ncia\u201d, devem ser interpretados pelo juiz e n\u00e3o pela ordem profissional.<\/p>\n<h3>Necess\u00e1ria reflex\u00e3o multidisciplinar<\/h3>\n<p>Prop\u00f5e-se envolver psic\u00f3logos com pr\u00e1tica pericial, juristas e outros profissionais do sistema de justi\u00e7a para revisar orienta\u00e7\u00f5es que hoje parecem impratic\u00e1veis ou fragilizam o direito dos cidad\u00e3os. A ideia \u00e9 alinhar \u00e9tica profissional com a realidade jur\u00eddica, social e processual.<\/p>\n","protected":false},"excerpt":{"rendered":"<ul>\n<li>A Ordem dos Psic\u00f3logos Portugueses (OPP) \u00e9 apresentada como adotando uma leitura deontol\u00f3gica excessiva sobre avalia\u00e7\u00f5es psicol\u00f3gicas periciais em regula\u00e7\u00e3o de responsabilidades parentais, que ultrapassa a \u00e9tica profissional e funciona de forma para-jur\u00eddica.<\/li>\n<li>O texto sustenta que o C\u00f3digo Deontol\u00f3gico exige consentimento de ambos os progenitores apenas em contextos espec\u00edficos, e que, fora do sistema judicial, n\u00e3o existem mecanismos para compelir participa\u00e7\u00e3o ou resolver dissensos.<\/li>\n<li>Argumenta-se que a leitura da OPP bloqueia avalia\u00e7\u00f5es privadas necess\u00e1rias em contextos de conflito parental, lit\u00edgios e disputas de regula\u00e7\u00e3o, impactando direitos dos cidad\u00e3os e a pr\u00e1tica psicol\u00f3gica.<\/li>\n<li>Defende-se que avalia\u00e7\u00f5es privadas podem ser v\u00e1lidas e \u00fateis para o tribunal, especialmente quando avalia\u00e7\u00f5es p\u00fablicas s\u00e3o incompletas ou metodologicamente limitadas, contribuindo para decis\u00f5es informadas.<\/li>\n<li>O texto conclui que a postura da OPP \u00e9 abusiva, prop\u00f5e revis\u00e3o institucional envolvendo profissionais, juristas e Sistema de Justi\u00e7a, e alerta para riscos ao superior interesse da crian\u00e7a.<\/li>\n<\/ul>\n","protected":false},"author":2,"featured_media":159871,"comment_status":"closed","ping_status":"closed","sticky":false,"template":"","format":"standard","meta":{"footnotes":""},"categories":[1],"tags":[2633,1428,64,803,2181,2249],"class_list":["post-159864","post","type-post","status-publish","format-standard","has-post-thumbnail","hentry","category-noticias","tag-direitos-humanos","tag-direitos-publicos","tag-familia","tag-justica","tag-protecao-de-menores","tag-psicologia"],"yoast_head":"<!-- This site is optimized with the Yoast SEO plugin v27.2 - https:\/\/yoast.com\/product\/yoast-seo-wordpress\/ -->\n<title>OPP defende responsabilidade parental em caso de excesso normativo - Portal Tela Portugal<\/title>\n<meta name=\"robots\" content=\"index, follow, max-snippet:-1, max-image-preview:large, max-video-preview:-1\" \/>\n<meta property=\"og:locale\" content=\"pt_PT\" \/>\n<meta property=\"og:type\" content=\"article\" \/>\n<meta property=\"og:title\" content=\"OPP defende responsabilidade parental em caso de excesso normativo - Portal Tela Portugal\" \/>\n<meta property=\"og:description\" content=\"A Ordem dos Psic\u00f3logos Portugueses (OPP) \u00e9 apresentada como adotando uma leitura deontol\u00f3gica excessiva sobre avalia\u00e7\u00f5es psicol\u00f3gicas periciais em regula\u00e7\u00e3o de responsabilidades parentais, que ultrapassa a \u00e9tica profissional e funciona de forma para-jur\u00eddica. O texto sustenta que o C\u00f3digo Deontol\u00f3gico exige consentimento de ambos os progenitores apenas em contextos espec\u00edficos, e que, fora do sistema judicial, n\u00e3o existem mecanismos para compelir participa\u00e7\u00e3o ou resolver dissensos. Argumenta-se que a leitura da OPP bloqueia avalia\u00e7\u00f5es privadas necess\u00e1rias em contextos de conflito parental, lit\u00edgios e disputas de regula\u00e7\u00e3o, impactando direitos dos cidad\u00e3os e a pr\u00e1tica psicol\u00f3gica. Defende-se que avalia\u00e7\u00f5es privadas podem ser v\u00e1lidas e \u00fateis para o tribunal, especialmente quando avalia\u00e7\u00f5es p\u00fablicas s\u00e3o incompletas ou metodologicamente limitadas, contribuindo para decis\u00f5es informadas. O texto conclui que a postura da OPP \u00e9 abusiva, prop\u00f5e revis\u00e3o institucional envolvendo profissionais, juristas e Sistema de Justi\u00e7a, e alerta para riscos ao superior interesse da crian\u00e7a.\" \/>\n<meta property=\"og:url\" content=\"https:\/\/portaltela.pt\/noticias\/2026\/01\/21\/opp-defende-responsabilidade-parental-em-caso-de-excesso-normativo\/\" \/>\n<meta property=\"og:site_name\" content=\"Portal Tela Portugal\" \/>\n<meta property=\"article:published_time\" content=\"2026-01-21T13:43:09+00:00\" \/>\n<meta name=\"author\" content=\"Telinha\" \/>\n<meta name=\"twitter:card\" content=\"summary_large_image\" \/>\n<meta name=\"twitter:label1\" content=\"Escrito por\" \/>\n\t<meta name=\"twitter:data1\" content=\"Telinha\" \/>\n\t<meta name=\"twitter:label2\" content=\"Tempo estimado de leitura\" \/>\n\t<meta name=\"twitter:data2\" content=\"3 minutos\" \/>\n<script type=\"application\/ld+json\" class=\"yoast-schema-graph\">{\"@context\":\"https:\/\/schema.org\",\"@graph\":[{\"@type\":\"Article\",\"@id\":\"https:\/\/portaltela.pt\/noticias\/2026\/01\/21\/opp-defende-responsabilidade-parental-em-caso-de-excesso-normativo\/#article\",\"isPartOf\":{\"@id\":\"https:\/\/portaltela.pt\/noticias\/2026\/01\/21\/opp-defende-responsabilidade-parental-em-caso-de-excesso-normativo\/\"},\"author\":{\"name\":\"Telinha\",\"@id\":\"https:\/\/portaltela.pt\/#\/schema\/person\/c4278d4a6028830caff9ee44b42d32ed\"},\"headline\":\"OPP defende responsabilidade parental em caso de excesso normativo\",\"datePublished\":\"2026-01-21T13:43:09+00:00\",\"mainEntityOfPage\":{\"@id\":\"https:\/\/portaltela.pt\/noticias\/2026\/01\/21\/opp-defende-responsabilidade-parental-em-caso-de-excesso-normativo\/\"},\"wordCount\":523,\"image\":{\"@id\":\"https:\/\/portaltela.pt\/noticias\/2026\/01\/21\/opp-defende-responsabilidade-parental-em-caso-de-excesso-normativo\/#primaryimage\"},\"thumbnailUrl\":\"https:\/\/portaltela.pt\/s.01k8rhncp4jt1\/2026\/01\/b2002ac6e7566a515539cabe8e048c8d503effc3.jpg\",\"keywords\":[\"direitos humanos\",\"direitos p\u00fablicos\",\"fam\u00edlia\",\"justi\u00e7a\",\"prote\u00e7\u00e3o de menores\",\"psicologia\"],\"articleSection\":[\"Not\u00edcias\"],\"inLanguage\":\"pt-PT\"},{\"@type\":\"WebPage\",\"@id\":\"https:\/\/portaltela.pt\/noticias\/2026\/01\/21\/opp-defende-responsabilidade-parental-em-caso-de-excesso-normativo\/\",\"url\":\"https:\/\/portaltela.pt\/noticias\/2026\/01\/21\/opp-defende-responsabilidade-parental-em-caso-de-excesso-normativo\/\",\"name\":\"OPP defende responsabilidade parental em caso de excesso normativo - Portal Tela Portugal\",\"isPartOf\":{\"@id\":\"https:\/\/portaltela.pt\/#website\"},\"primaryImageOfPage\":{\"@id\":\"https:\/\/portaltela.pt\/noticias\/2026\/01\/21\/opp-defende-responsabilidade-parental-em-caso-de-excesso-normativo\/#primaryimage\"},\"image\":{\"@id\":\"https:\/\/portaltela.pt\/noticias\/2026\/01\/21\/opp-defende-responsabilidade-parental-em-caso-de-excesso-normativo\/#primaryimage\"},\"thumbnailUrl\":\"https:\/\/portaltela.pt\/s.01k8rhncp4jt1\/2026\/01\/b2002ac6e7566a515539cabe8e048c8d503effc3.jpg\",\"datePublished\":\"2026-01-21T13:43:09+00:00\",\"author\":{\"@id\":\"https:\/\/portaltela.pt\/#\/schema\/person\/c4278d4a6028830caff9ee44b42d32ed\"},\"breadcrumb\":{\"@id\":\"https:\/\/portaltela.pt\/noticias\/2026\/01\/21\/opp-defende-responsabilidade-parental-em-caso-de-excesso-normativo\/#breadcrumb\"},\"inLanguage\":\"pt-PT\",\"potentialAction\":[{\"@type\":\"ReadAction\",\"target\":[\"https:\/\/portaltela.pt\/noticias\/2026\/01\/21\/opp-defende-responsabilidade-parental-em-caso-de-excesso-normativo\/\"]}]},{\"@type\":\"ImageObject\",\"inLanguage\":\"pt-PT\",\"@id\":\"https:\/\/portaltela.pt\/noticias\/2026\/01\/21\/opp-defende-responsabilidade-parental-em-caso-de-excesso-normativo\/#primaryimage\",\"url\":\"https:\/\/portaltela.pt\/s.01k8rhncp4jt1\/2026\/01\/b2002ac6e7566a515539cabe8e048c8d503effc3.jpg\",\"contentUrl\":\"https:\/\/portaltela.pt\/s.01k8rhncp4jt1\/2026\/01\/b2002ac6e7566a515539cabe8e048c8d503effc3.jpg\",\"width\":796,\"height\":448,\"caption\":\"Photo\"},{\"@type\":\"BreadcrumbList\",\"@id\":\"https:\/\/portaltela.pt\/noticias\/2026\/01\/21\/opp-defende-responsabilidade-parental-em-caso-de-excesso-normativo\/#breadcrumb\",\"itemListElement\":[{\"@type\":\"ListItem\",\"position\":1,\"name\":\"In\u00edcio\",\"item\":\"https:\/\/portaltela.pt\/\"},{\"@type\":\"ListItem\",\"position\":2,\"name\":\"OPP defende responsabilidade parental em caso de excesso normativo\"}]},{\"@type\":\"WebSite\",\"@id\":\"https:\/\/portaltela.pt\/#website\",\"url\":\"https:\/\/portaltela.pt\/\",\"name\":\"Portal Tela Portugal\",\"description\":\"\",\"potentialAction\":[{\"@type\":\"SearchAction\",\"target\":{\"@type\":\"EntryPoint\",\"urlTemplate\":\"https:\/\/portaltela.pt\/?s={search_term_string}\"},\"query-input\":{\"@type\":\"PropertyValueSpecification\",\"valueRequired\":true,\"valueName\":\"search_term_string\"}}],\"inLanguage\":\"pt-PT\"},{\"@type\":\"Person\",\"@id\":\"https:\/\/portaltela.pt\/#\/schema\/person\/c4278d4a6028830caff9ee44b42d32ed\",\"name\":\"Telinha\",\"image\":{\"@type\":\"ImageObject\",\"inLanguage\":\"pt-PT\",\"@id\":\"https:\/\/portaltela.pt\/s.01k8rhncp4jt1\/2025\/11\/talking-bot-125x125.png\",\"url\":\"https:\/\/portaltela.pt\/s.01k8rhncp4jt1\/2025\/11\/talking-bot-125x125.png\",\"contentUrl\":\"https:\/\/portaltela.pt\/s.01k8rhncp4jt1\/2025\/11\/talking-bot-125x125.png\",\"caption\":\"Telinha\"},\"sameAs\":[\"https:\/\/portaltela.pt\/\"],\"url\":\"https:\/\/portaltela.pt\/por\/367410592786\/\"}]}<\/script>\n<!-- \/ Yoast SEO plugin. -->","yoast_head_json":{"title":"OPP defende responsabilidade parental em caso de excesso normativo - Portal Tela Portugal","robots":{"index":"index","follow":"follow","max-snippet":"max-snippet:-1","max-image-preview":"max-image-preview:large","max-video-preview":"max-video-preview:-1"},"og_locale":"pt_PT","og_type":"article","og_title":"OPP defende responsabilidade parental em caso de excesso normativo - Portal Tela Portugal","og_description":"A Ordem dos Psic\u00f3logos Portugueses (OPP) \u00e9 apresentada como adotando uma leitura deontol\u00f3gica excessiva sobre avalia\u00e7\u00f5es psicol\u00f3gicas periciais em regula\u00e7\u00e3o de responsabilidades parentais, que ultrapassa a \u00e9tica profissional e funciona de forma para-jur\u00eddica. O texto sustenta que o C\u00f3digo Deontol\u00f3gico exige consentimento de ambos os progenitores apenas em contextos espec\u00edficos, e que, fora do sistema judicial, n\u00e3o existem mecanismos para compelir participa\u00e7\u00e3o ou resolver dissensos. Argumenta-se que a leitura da OPP bloqueia avalia\u00e7\u00f5es privadas necess\u00e1rias em contextos de conflito parental, lit\u00edgios e disputas de regula\u00e7\u00e3o, impactando direitos dos cidad\u00e3os e a pr\u00e1tica psicol\u00f3gica. Defende-se que avalia\u00e7\u00f5es privadas podem ser v\u00e1lidas e \u00fateis para o tribunal, especialmente quando avalia\u00e7\u00f5es p\u00fablicas s\u00e3o incompletas ou metodologicamente limitadas, contribuindo para decis\u00f5es informadas. O texto conclui que a postura da OPP \u00e9 abusiva, prop\u00f5e revis\u00e3o institucional envolvendo profissionais, juristas e Sistema de Justi\u00e7a, e alerta para riscos ao superior interesse da crian\u00e7a.","og_url":"https:\/\/portaltela.pt\/noticias\/2026\/01\/21\/opp-defende-responsabilidade-parental-em-caso-de-excesso-normativo\/","og_site_name":"Portal Tela Portugal","article_published_time":"2026-01-21T13:43:09+00:00","author":"Telinha","twitter_card":"summary_large_image","twitter_misc":{"Escrito por":"Telinha","Tempo estimado de leitura":"3 minutos"},"schema":{"@context":"https:\/\/schema.org","@graph":[{"@type":"Article","@id":"https:\/\/portaltela.pt\/noticias\/2026\/01\/21\/opp-defende-responsabilidade-parental-em-caso-de-excesso-normativo\/#article","isPartOf":{"@id":"https:\/\/portaltela.pt\/noticias\/2026\/01\/21\/opp-defende-responsabilidade-parental-em-caso-de-excesso-normativo\/"},"author":{"name":"Telinha","@id":"https:\/\/portaltela.pt\/#\/schema\/person\/c4278d4a6028830caff9ee44b42d32ed"},"headline":"OPP defende responsabilidade parental em caso de excesso normativo","datePublished":"2026-01-21T13:43:09+00:00","mainEntityOfPage":{"@id":"https:\/\/portaltela.pt\/noticias\/2026\/01\/21\/opp-defende-responsabilidade-parental-em-caso-de-excesso-normativo\/"},"wordCount":523,"image":{"@id":"https:\/\/portaltela.pt\/noticias\/2026\/01\/21\/opp-defende-responsabilidade-parental-em-caso-de-excesso-normativo\/#primaryimage"},"thumbnailUrl":"https:\/\/portaltela.pt\/s.01k8rhncp4jt1\/2026\/01\/b2002ac6e7566a515539cabe8e048c8d503effc3.jpg","keywords":["direitos humanos","direitos p\u00fablicos","fam\u00edlia","justi\u00e7a","prote\u00e7\u00e3o de menores","psicologia"],"articleSection":["Not\u00edcias"],"inLanguage":"pt-PT"},{"@type":"WebPage","@id":"https:\/\/portaltela.pt\/noticias\/2026\/01\/21\/opp-defende-responsabilidade-parental-em-caso-de-excesso-normativo\/","url":"https:\/\/portaltela.pt\/noticias\/2026\/01\/21\/opp-defende-responsabilidade-parental-em-caso-de-excesso-normativo\/","name":"OPP defende responsabilidade parental em caso de excesso normativo - Portal Tela Portugal","isPartOf":{"@id":"https:\/\/portaltela.pt\/#website"},"primaryImageOfPage":{"@id":"https:\/\/portaltela.pt\/noticias\/2026\/01\/21\/opp-defende-responsabilidade-parental-em-caso-de-excesso-normativo\/#primaryimage"},"image":{"@id":"https:\/\/portaltela.pt\/noticias\/2026\/01\/21\/opp-defende-responsabilidade-parental-em-caso-de-excesso-normativo\/#primaryimage"},"thumbnailUrl":"https:\/\/portaltela.pt\/s.01k8rhncp4jt1\/2026\/01\/b2002ac6e7566a515539cabe8e048c8d503effc3.jpg","datePublished":"2026-01-21T13:43:09+00:00","author":{"@id":"https:\/\/portaltela.pt\/#\/schema\/person\/c4278d4a6028830caff9ee44b42d32ed"},"breadcrumb":{"@id":"https:\/\/portaltela.pt\/noticias\/2026\/01\/21\/opp-defende-responsabilidade-parental-em-caso-de-excesso-normativo\/#breadcrumb"},"inLanguage":"pt-PT","potentialAction":[{"@type":"ReadAction","target":["https:\/\/portaltela.pt\/noticias\/2026\/01\/21\/opp-defende-responsabilidade-parental-em-caso-de-excesso-normativo\/"]}]},{"@type":"ImageObject","inLanguage":"pt-PT","@id":"https:\/\/portaltela.pt\/noticias\/2026\/01\/21\/opp-defende-responsabilidade-parental-em-caso-de-excesso-normativo\/#primaryimage","url":"https:\/\/portaltela.pt\/s.01k8rhncp4jt1\/2026\/01\/b2002ac6e7566a515539cabe8e048c8d503effc3.jpg","contentUrl":"https:\/\/portaltela.pt\/s.01k8rhncp4jt1\/2026\/01\/b2002ac6e7566a515539cabe8e048c8d503effc3.jpg","width":796,"height":448,"caption":"Photo"},{"@type":"BreadcrumbList","@id":"https:\/\/portaltela.pt\/noticias\/2026\/01\/21\/opp-defende-responsabilidade-parental-em-caso-de-excesso-normativo\/#breadcrumb","itemListElement":[{"@type":"ListItem","position":1,"name":"In\u00edcio","item":"https:\/\/portaltela.pt\/"},{"@type":"ListItem","position":2,"name":"OPP defende responsabilidade parental em caso de excesso normativo"}]},{"@type":"WebSite","@id":"https:\/\/portaltela.pt\/#website","url":"https:\/\/portaltela.pt\/","name":"Portal Tela Portugal","description":"","potentialAction":[{"@type":"SearchAction","target":{"@type":"EntryPoint","urlTemplate":"https:\/\/portaltela.pt\/?s={search_term_string}"},"query-input":{"@type":"PropertyValueSpecification","valueRequired":true,"valueName":"search_term_string"}}],"inLanguage":"pt-PT"},{"@type":"Person","@id":"https:\/\/portaltela.pt\/#\/schema\/person\/c4278d4a6028830caff9ee44b42d32ed","name":"Telinha","image":{"@type":"ImageObject","inLanguage":"pt-PT","@id":"https:\/\/portaltela.pt\/s.01k8rhncp4jt1\/2025\/11\/talking-bot-125x125.png","url":"https:\/\/portaltela.pt\/s.01k8rhncp4jt1\/2025\/11\/talking-bot-125x125.png","contentUrl":"https:\/\/portaltela.pt\/s.01k8rhncp4jt1\/2025\/11\/talking-bot-125x125.png","caption":"Telinha"},"sameAs":["https:\/\/portaltela.pt\/"],"url":"https:\/\/portaltela.pt\/por\/367410592786\/"}]}},"_links":{"self":[{"href":"https:\/\/portaltela.pt\/api\/wp\/v2\/posts\/159864","targetHints":{"allow":["GET"]}}],"collection":[{"href":"https:\/\/portaltela.pt\/api\/wp\/v2\/posts"}],"about":[{"href":"https:\/\/portaltela.pt\/api\/wp\/v2\/types\/post"}],"author":[{"embeddable":true,"href":"https:\/\/portaltela.pt\/api\/wp\/v2\/users\/2"}],"replies":[{"embeddable":true,"href":"https:\/\/portaltela.pt\/api\/wp\/v2\/comments?post=159864"}],"version-history":[{"count":0,"href":"https:\/\/portaltela.pt\/api\/wp\/v2\/posts\/159864\/revisions"}],"wp:featuredmedia":[{"embeddable":true,"href":"https:\/\/portaltela.pt\/api\/wp\/v2\/media\/159871"}],"wp:attachment":[{"href":"https:\/\/portaltela.pt\/api\/wp\/v2\/media?parent=159864"}],"wp:term":[{"taxonomy":"category","embeddable":true,"href":"https:\/\/portaltela.pt\/api\/wp\/v2\/categories?post=159864"},{"taxonomy":"post_tag","embeddable":true,"href":"https:\/\/portaltela.pt\/api\/wp\/v2\/tags?post=159864"}],"curies":[{"name":"wp","href":"https:\/\/api.w.org\/{rel}","templated":true}]}}