{"id":159844,"date":"2026-01-21T08:22:00","date_gmt":"2026-01-21T11:22:00","guid":{"rendered":"https:\/\/portaltela.pt\/noticias\/2026\/01\/21\/quase-2-800-utentes-aguardam-resposta-social-ou-vaga-em-cuidados-continuados\/"},"modified":"2026-01-21T08:22:00","modified_gmt":"2026-01-21T11:22:00","slug":"quase-2-800-utentes-aguardam-resposta-social-ou-vaga-em-cuidados-continuados","status":"publish","type":"post","link":"https:\/\/portaltela.pt\/noticias\/2026\/01\/21\/quase-2-800-utentes-aguardam-resposta-social-ou-vaga-em-cuidados-continuados\/","title":{"rendered":"Quase 2.800 utentes aguardam resposta social ou vaga em cuidados continuados"},"content":{"rendered":"<p>Numa resposta \u00e0 Lusa, a DE-SNS indica que, at\u00e9 14 de janeiro, h\u00e1 734 utentes \u00e0 espera de resposta social e 2.034 por vaga na RNCCI, em todas as tipologias, incluindo domic\u00edlio, sa\u00fade mental, pediatria e paliativos.<\/p>\n<p>No total admitido neste per\u00edodo, 61 utentes entraram em resposta social: 58 atrav\u00e9s dos Centros Distritais da Seguran\u00e7a Social e 3 pela Santa Casa da Miseric\u00f3rdia de Lisboa.<\/p>\n<p>Entre os admitidos, 37 ocorreram ao abrigo da portaria que define a articula\u00e7\u00e3o entre institui\u00e7\u00f5es para referencia\u00e7\u00e3o e acompanhamento de quem, ap\u00f3s alta cl\u00ednica, permanece em hospitais p\u00fablicos.<\/p>\n<p>Nas duas primeiras semanas do ano, foram admitidos 1.629 utentes na RNCCI, segundo os dados dispon\u00edveis.<\/p>\n<h3>Situa\u00e7\u00e3o atual e mudan\u00e7a regulat\u00f3ria<\/h3>\n<p>Foi publicada hoje uma portaria em Di\u00e1rio da Rep\u00fablica, que entra em vigor na quarta-feira, a revogar o regime de articula\u00e7\u00e3o entre institui\u00e7\u00f5es para avalia\u00e7\u00e3o, encaminhamento, gest\u00e3o de vagas e acolhimento de pessoas com alta cl\u00ednica que permanecem internadas.<\/p>\n<p>A norma fixa que unidades do setor social tenham tr\u00eas meses para pedir a afeta\u00e7\u00e3o de vagas dispon\u00edveis a camas interm\u00e9dias ou para criar unidades interm\u00e9dias aut\u00f3nomas, visando libertar camas em hospital.<\/p>\n<p>O Governo anunciou, h\u00e1 duas semanas, a cria\u00e7\u00e3o de 400 vagas de internamento social em novas unidades interm\u00e9dias contratualizadas com o setor social.<\/p>\n<p>Dentro do prazo de tr\u00eas meses, as entidades com vagas contratualizadas podem solicitar ao ISS a afeta\u00e7\u00e3o dessas vagas.<\/p>\n<p>A portaria permite a cria\u00e7\u00e3o de unidades interm\u00e9dias aut\u00f3nomas para 20 utentes ou a adapta\u00e7\u00e3o de vagas existentes em respostas sociais para camas interm\u00e9dias.<\/p>\n<p>Deve privilegiar-se o regresso do utente ao domic\u00edlio, com apoios adequados, sempre que poss\u00edvel.<\/p>\n<p>Quando n\u00e3o for vi\u00e1vel, por depend\u00eancia ou falta de suporte, pode-se optar pelo acolhimento em resposta social adequada, ou por unidades interm\u00e9dias em estruturas j\u00e1 existentes, de forma tempor\u00e1ria.<\/p>\n","protected":false},"excerpt":{"rendered":"<ul>\n<li>At\u00e9 14 de janeiro, estavam 734 utentes \u00e0 espera de resposta social e 2.034 por vaga na RNCCI, total pr\u00f3ximo de 2.800.<\/li>\n<li>Este ano, 61 utentes foram admitidos em resposta social (58 pelos Centros Distritais da Seguran\u00e7a Social e 3 pela Santa Casa da Miseric\u00f3rdia de Lisboa).<\/li>\n<li>Do total admitido, 37 enquadram-se na portaria de articula\u00e7\u00e3o entre institui\u00e7\u00f5es para referencia\u00e7\u00e3o de quem, ap\u00f3s alta cl\u00ednica, permanece nos hospitais p\u00fablicos.<\/li>\n<li>Nas duas primeiras semanas do ano, foram admitidos 1.629 utentes na RNCCI.<\/li>\n<li>Portaria publicada hoje define regras para afeta\u00e7\u00e3o de vagas, cria\u00e7\u00e3o de unidades interm\u00e9dias aut\u00f3nomas de 20 utentes ou convers\u00e3o de vagas existentes, com prazo de tr\u00eas meses, visando o regresso ao domic\u00edlio, e reservas de vagas com 40% de comparticipa\u00e7\u00e3o por seis meses.<\/li>\n<\/ul>\n","protected":false},"author":2,"featured_media":159860,"comment_status":"closed","ping_status":"closed","sticky":false,"template":"","format":"standard","meta":{"footnotes":""},"categories":[1],"tags":[2172,3691,1403,3605,172,243],"class_list":["post-159844","post","type-post","status-publish","format-standard","has-post-thumbnail","hentry","category-noticias","tag-assistencia-social","tag-paliativos","tag-pediatria","tag-resposta-social","tag-saude","tag-seguranca-social"],"yoast_head":"<!-- This site is optimized with the Yoast SEO plugin v27.2 - https:\/\/yoast.com\/product\/yoast-seo-wordpress\/ -->\n<title>Quase 2.800 utentes aguardam resposta social ou vaga em cuidados continuados - Portal Tela Portugal<\/title>\n<meta name=\"robots\" content=\"index, follow, max-snippet:-1, max-image-preview:large, max-video-preview:-1\" \/>\n<meta property=\"og:locale\" content=\"pt_PT\" \/>\n<meta property=\"og:type\" content=\"article\" \/>\n<meta property=\"og:title\" content=\"Quase 2.800 utentes aguardam resposta social ou vaga em cuidados continuados - Portal Tela Portugal\" \/>\n<meta property=\"og:description\" content=\"At\u00e9 14 de janeiro, estavam 734 utentes \u00e0 espera de resposta social e 2.034 por vaga na RNCCI, total pr\u00f3ximo de 2.800. Este ano, 61 utentes foram admitidos em resposta social (58 pelos Centros Distritais da Seguran\u00e7a Social e 3 pela Santa Casa da Miseric\u00f3rdia de Lisboa). Do total admitido, 37 enquadram-se na portaria de articula\u00e7\u00e3o entre institui\u00e7\u00f5es para referencia\u00e7\u00e3o de quem, ap\u00f3s alta cl\u00ednica, permanece nos hospitais p\u00fablicos. Nas duas primeiras semanas do ano, foram admitidos 1.629 utentes na RNCCI. Portaria publicada hoje define regras para afeta\u00e7\u00e3o de vagas, cria\u00e7\u00e3o de unidades interm\u00e9dias aut\u00f3nomas de 20 utentes ou convers\u00e3o de vagas existentes, com prazo de tr\u00eas meses, visando o regresso ao domic\u00edlio, e reservas de vagas com 40% de comparticipa\u00e7\u00e3o por seis meses.\" \/>\n<meta property=\"og:url\" content=\"https:\/\/portaltela.pt\/noticias\/2026\/01\/21\/quase-2-800-utentes-aguardam-resposta-social-ou-vaga-em-cuidados-continuados\/\" \/>\n<meta property=\"og:site_name\" content=\"Portal Tela Portugal\" \/>\n<meta property=\"article:published_time\" content=\"2026-01-21T11:22:00+00:00\" \/>\n<meta name=\"author\" content=\"Telinha\" \/>\n<meta name=\"twitter:card\" content=\"summary_large_image\" \/>\n<meta name=\"twitter:label1\" content=\"Escrito por\" \/>\n\t<meta name=\"twitter:data1\" content=\"Telinha\" \/>\n\t<meta name=\"twitter:label2\" content=\"Tempo estimado de leitura\" \/>\n\t<meta name=\"twitter:data2\" content=\"2 minutos\" \/>\n<script type=\"application\/ld+json\" class=\"yoast-schema-graph\">{\"@context\":\"https:\/\/schema.org\",\"@graph\":[{\"@type\":\"Article\",\"@id\":\"https:\/\/portaltela.pt\/noticias\/2026\/01\/21\/quase-2-800-utentes-aguardam-resposta-social-ou-vaga-em-cuidados-continuados\/#article\",\"isPartOf\":{\"@id\":\"https:\/\/portaltela.pt\/noticias\/2026\/01\/21\/quase-2-800-utentes-aguardam-resposta-social-ou-vaga-em-cuidados-continuados\/\"},\"author\":{\"name\":\"Telinha\",\"@id\":\"https:\/\/portaltela.pt\/#\/schema\/person\/c4278d4a6028830caff9ee44b42d32ed\"},\"headline\":\"Quase 2.800 utentes aguardam resposta social ou vaga em cuidados continuados\",\"datePublished\":\"2026-01-21T11:22:00+00:00\",\"mainEntityOfPage\":{\"@id\":\"https:\/\/portaltela.pt\/noticias\/2026\/01\/21\/quase-2-800-utentes-aguardam-resposta-social-ou-vaga-em-cuidados-continuados\/\"},\"wordCount\":337,\"image\":{\"@id\":\"https:\/\/portaltela.pt\/noticias\/2026\/01\/21\/quase-2-800-utentes-aguardam-resposta-social-ou-vaga-em-cuidados-continuados\/#primaryimage\"},\"thumbnailUrl\":\"https:\/\/portaltela.pt\/s.01k8rhncp4jt1\/2026\/01\/unnamed-file-4367.jpg\",\"keywords\":[\"assist\u00eancia social\",\"paliativos\",\"Pediatria\",\"resposta social\",\"sa\u00fade\",\"seguran\u00e7a social\"],\"articleSection\":[\"Not\u00edcias\"],\"inLanguage\":\"pt-PT\"},{\"@type\":\"WebPage\",\"@id\":\"https:\/\/portaltela.pt\/noticias\/2026\/01\/21\/quase-2-800-utentes-aguardam-resposta-social-ou-vaga-em-cuidados-continuados\/\",\"url\":\"https:\/\/portaltela.pt\/noticias\/2026\/01\/21\/quase-2-800-utentes-aguardam-resposta-social-ou-vaga-em-cuidados-continuados\/\",\"name\":\"Quase 2.800 utentes aguardam resposta social ou vaga em cuidados continuados - Portal Tela Portugal\",\"isPartOf\":{\"@id\":\"https:\/\/portaltela.pt\/#website\"},\"primaryImageOfPage\":{\"@id\":\"https:\/\/portaltela.pt\/noticias\/2026\/01\/21\/quase-2-800-utentes-aguardam-resposta-social-ou-vaga-em-cuidados-continuados\/#primaryimage\"},\"image\":{\"@id\":\"https:\/\/portaltela.pt\/noticias\/2026\/01\/21\/quase-2-800-utentes-aguardam-resposta-social-ou-vaga-em-cuidados-continuados\/#primaryimage\"},\"thumbnailUrl\":\"https:\/\/portaltela.pt\/s.01k8rhncp4jt1\/2026\/01\/unnamed-file-4367.jpg\",\"datePublished\":\"2026-01-21T11:22:00+00:00\",\"author\":{\"@id\":\"https:\/\/portaltela.pt\/#\/schema\/person\/c4278d4a6028830caff9ee44b42d32ed\"},\"breadcrumb\":{\"@id\":\"https:\/\/portaltela.pt\/noticias\/2026\/01\/21\/quase-2-800-utentes-aguardam-resposta-social-ou-vaga-em-cuidados-continuados\/#breadcrumb\"},\"inLanguage\":\"pt-PT\",\"potentialAction\":[{\"@type\":\"ReadAction\",\"target\":[\"https:\/\/portaltela.pt\/noticias\/2026\/01\/21\/quase-2-800-utentes-aguardam-resposta-social-ou-vaga-em-cuidados-continuados\/\"]}]},{\"@type\":\"ImageObject\",\"inLanguage\":\"pt-PT\",\"@id\":\"https:\/\/portaltela.pt\/noticias\/2026\/01\/21\/quase-2-800-utentes-aguardam-resposta-social-ou-vaga-em-cuidados-continuados\/#primaryimage\",\"url\":\"https:\/\/portaltela.pt\/s.01k8rhncp4jt1\/2026\/01\/unnamed-file-4367.jpg\",\"contentUrl\":\"https:\/\/portaltela.pt\/s.01k8rhncp4jt1\/2026\/01\/unnamed-file-4367.jpg\",\"width\":796,\"height\":448,\"caption\":\"Quase 2.800 utentes aguardam nos hospitais por resposta social ou vaga em cuidados continuados\"},{\"@type\":\"BreadcrumbList\",\"@id\":\"https:\/\/portaltela.pt\/noticias\/2026\/01\/21\/quase-2-800-utentes-aguardam-resposta-social-ou-vaga-em-cuidados-continuados\/#breadcrumb\",\"itemListElement\":[{\"@type\":\"ListItem\",\"position\":1,\"name\":\"In\u00edcio\",\"item\":\"https:\/\/portaltela.pt\/\"},{\"@type\":\"ListItem\",\"position\":2,\"name\":\"Quase 2.800 utentes aguardam resposta social ou vaga em cuidados continuados\"}]},{\"@type\":\"WebSite\",\"@id\":\"https:\/\/portaltela.pt\/#website\",\"url\":\"https:\/\/portaltela.pt\/\",\"name\":\"Portal Tela Portugal\",\"description\":\"\",\"potentialAction\":[{\"@type\":\"SearchAction\",\"target\":{\"@type\":\"EntryPoint\",\"urlTemplate\":\"https:\/\/portaltela.pt\/?s={search_term_string}\"},\"query-input\":{\"@type\":\"PropertyValueSpecification\",\"valueRequired\":true,\"valueName\":\"search_term_string\"}}],\"inLanguage\":\"pt-PT\"},{\"@type\":\"Person\",\"@id\":\"https:\/\/portaltela.pt\/#\/schema\/person\/c4278d4a6028830caff9ee44b42d32ed\",\"name\":\"Telinha\",\"image\":{\"@type\":\"ImageObject\",\"inLanguage\":\"pt-PT\",\"@id\":\"https:\/\/portaltela.pt\/s.01k8rhncp4jt1\/2025\/11\/talking-bot-125x125.png\",\"url\":\"https:\/\/portaltela.pt\/s.01k8rhncp4jt1\/2025\/11\/talking-bot-125x125.png\",\"contentUrl\":\"https:\/\/portaltela.pt\/s.01k8rhncp4jt1\/2025\/11\/talking-bot-125x125.png\",\"caption\":\"Telinha\"},\"sameAs\":[\"https:\/\/portaltela.pt\/\"],\"url\":\"https:\/\/portaltela.pt\/por\/367410592786\/\"}]}<\/script>\n<!-- \/ Yoast SEO plugin. -->","yoast_head_json":{"title":"Quase 2.800 utentes aguardam resposta social ou vaga em cuidados continuados - Portal Tela Portugal","robots":{"index":"index","follow":"follow","max-snippet":"max-snippet:-1","max-image-preview":"max-image-preview:large","max-video-preview":"max-video-preview:-1"},"og_locale":"pt_PT","og_type":"article","og_title":"Quase 2.800 utentes aguardam resposta social ou vaga em cuidados continuados - Portal Tela Portugal","og_description":"At\u00e9 14 de janeiro, estavam 734 utentes \u00e0 espera de resposta social e 2.034 por vaga na RNCCI, total pr\u00f3ximo de 2.800. Este ano, 61 utentes foram admitidos em resposta social (58 pelos Centros Distritais da Seguran\u00e7a Social e 3 pela Santa Casa da Miseric\u00f3rdia de Lisboa). Do total admitido, 37 enquadram-se na portaria de articula\u00e7\u00e3o entre institui\u00e7\u00f5es para referencia\u00e7\u00e3o de quem, ap\u00f3s alta cl\u00ednica, permanece nos hospitais p\u00fablicos. Nas duas primeiras semanas do ano, foram admitidos 1.629 utentes na RNCCI. Portaria publicada hoje define regras para afeta\u00e7\u00e3o de vagas, cria\u00e7\u00e3o de unidades interm\u00e9dias aut\u00f3nomas de 20 utentes ou convers\u00e3o de vagas existentes, com prazo de tr\u00eas meses, visando o regresso ao domic\u00edlio, e reservas de vagas com 40% de comparticipa\u00e7\u00e3o por seis meses.","og_url":"https:\/\/portaltela.pt\/noticias\/2026\/01\/21\/quase-2-800-utentes-aguardam-resposta-social-ou-vaga-em-cuidados-continuados\/","og_site_name":"Portal Tela Portugal","article_published_time":"2026-01-21T11:22:00+00:00","author":"Telinha","twitter_card":"summary_large_image","twitter_misc":{"Escrito por":"Telinha","Tempo estimado de leitura":"2 minutos"},"schema":{"@context":"https:\/\/schema.org","@graph":[{"@type":"Article","@id":"https:\/\/portaltela.pt\/noticias\/2026\/01\/21\/quase-2-800-utentes-aguardam-resposta-social-ou-vaga-em-cuidados-continuados\/#article","isPartOf":{"@id":"https:\/\/portaltela.pt\/noticias\/2026\/01\/21\/quase-2-800-utentes-aguardam-resposta-social-ou-vaga-em-cuidados-continuados\/"},"author":{"name":"Telinha","@id":"https:\/\/portaltela.pt\/#\/schema\/person\/c4278d4a6028830caff9ee44b42d32ed"},"headline":"Quase 2.800 utentes aguardam resposta social ou vaga em cuidados continuados","datePublished":"2026-01-21T11:22:00+00:00","mainEntityOfPage":{"@id":"https:\/\/portaltela.pt\/noticias\/2026\/01\/21\/quase-2-800-utentes-aguardam-resposta-social-ou-vaga-em-cuidados-continuados\/"},"wordCount":337,"image":{"@id":"https:\/\/portaltela.pt\/noticias\/2026\/01\/21\/quase-2-800-utentes-aguardam-resposta-social-ou-vaga-em-cuidados-continuados\/#primaryimage"},"thumbnailUrl":"https:\/\/portaltela.pt\/s.01k8rhncp4jt1\/2026\/01\/unnamed-file-4367.jpg","keywords":["assist\u00eancia social","paliativos","Pediatria","resposta social","sa\u00fade","seguran\u00e7a social"],"articleSection":["Not\u00edcias"],"inLanguage":"pt-PT"},{"@type":"WebPage","@id":"https:\/\/portaltela.pt\/noticias\/2026\/01\/21\/quase-2-800-utentes-aguardam-resposta-social-ou-vaga-em-cuidados-continuados\/","url":"https:\/\/portaltela.pt\/noticias\/2026\/01\/21\/quase-2-800-utentes-aguardam-resposta-social-ou-vaga-em-cuidados-continuados\/","name":"Quase 2.800 utentes aguardam resposta social ou vaga em cuidados continuados - Portal Tela Portugal","isPartOf":{"@id":"https:\/\/portaltela.pt\/#website"},"primaryImageOfPage":{"@id":"https:\/\/portaltela.pt\/noticias\/2026\/01\/21\/quase-2-800-utentes-aguardam-resposta-social-ou-vaga-em-cuidados-continuados\/#primaryimage"},"image":{"@id":"https:\/\/portaltela.pt\/noticias\/2026\/01\/21\/quase-2-800-utentes-aguardam-resposta-social-ou-vaga-em-cuidados-continuados\/#primaryimage"},"thumbnailUrl":"https:\/\/portaltela.pt\/s.01k8rhncp4jt1\/2026\/01\/unnamed-file-4367.jpg","datePublished":"2026-01-21T11:22:00+00:00","author":{"@id":"https:\/\/portaltela.pt\/#\/schema\/person\/c4278d4a6028830caff9ee44b42d32ed"},"breadcrumb":{"@id":"https:\/\/portaltela.pt\/noticias\/2026\/01\/21\/quase-2-800-utentes-aguardam-resposta-social-ou-vaga-em-cuidados-continuados\/#breadcrumb"},"inLanguage":"pt-PT","potentialAction":[{"@type":"ReadAction","target":["https:\/\/portaltela.pt\/noticias\/2026\/01\/21\/quase-2-800-utentes-aguardam-resposta-social-ou-vaga-em-cuidados-continuados\/"]}]},{"@type":"ImageObject","inLanguage":"pt-PT","@id":"https:\/\/portaltela.pt\/noticias\/2026\/01\/21\/quase-2-800-utentes-aguardam-resposta-social-ou-vaga-em-cuidados-continuados\/#primaryimage","url":"https:\/\/portaltela.pt\/s.01k8rhncp4jt1\/2026\/01\/unnamed-file-4367.jpg","contentUrl":"https:\/\/portaltela.pt\/s.01k8rhncp4jt1\/2026\/01\/unnamed-file-4367.jpg","width":796,"height":448,"caption":"Quase 2.800 utentes aguardam nos hospitais por resposta social ou vaga em cuidados continuados"},{"@type":"BreadcrumbList","@id":"https:\/\/portaltela.pt\/noticias\/2026\/01\/21\/quase-2-800-utentes-aguardam-resposta-social-ou-vaga-em-cuidados-continuados\/#breadcrumb","itemListElement":[{"@type":"ListItem","position":1,"name":"In\u00edcio","item":"https:\/\/portaltela.pt\/"},{"@type":"ListItem","position":2,"name":"Quase 2.800 utentes aguardam resposta social ou vaga em cuidados continuados"}]},{"@type":"WebSite","@id":"https:\/\/portaltela.pt\/#website","url":"https:\/\/portaltela.pt\/","name":"Portal Tela Portugal","description":"","potentialAction":[{"@type":"SearchAction","target":{"@type":"EntryPoint","urlTemplate":"https:\/\/portaltela.pt\/?s={search_term_string}"},"query-input":{"@type":"PropertyValueSpecification","valueRequired":true,"valueName":"search_term_string"}}],"inLanguage":"pt-PT"},{"@type":"Person","@id":"https:\/\/portaltela.pt\/#\/schema\/person\/c4278d4a6028830caff9ee44b42d32ed","name":"Telinha","image":{"@type":"ImageObject","inLanguage":"pt-PT","@id":"https:\/\/portaltela.pt\/s.01k8rhncp4jt1\/2025\/11\/talking-bot-125x125.png","url":"https:\/\/portaltela.pt\/s.01k8rhncp4jt1\/2025\/11\/talking-bot-125x125.png","contentUrl":"https:\/\/portaltela.pt\/s.01k8rhncp4jt1\/2025\/11\/talking-bot-125x125.png","caption":"Telinha"},"sameAs":["https:\/\/portaltela.pt\/"],"url":"https:\/\/portaltela.pt\/por\/367410592786\/"}]}},"_links":{"self":[{"href":"https:\/\/portaltela.pt\/api\/wp\/v2\/posts\/159844","targetHints":{"allow":["GET"]}}],"collection":[{"href":"https:\/\/portaltela.pt\/api\/wp\/v2\/posts"}],"about":[{"href":"https:\/\/portaltela.pt\/api\/wp\/v2\/types\/post"}],"author":[{"embeddable":true,"href":"https:\/\/portaltela.pt\/api\/wp\/v2\/users\/2"}],"replies":[{"embeddable":true,"href":"https:\/\/portaltela.pt\/api\/wp\/v2\/comments?post=159844"}],"version-history":[{"count":0,"href":"https:\/\/portaltela.pt\/api\/wp\/v2\/posts\/159844\/revisions"}],"wp:featuredmedia":[{"embeddable":true,"href":"https:\/\/portaltela.pt\/api\/wp\/v2\/media\/159860"}],"wp:attachment":[{"href":"https:\/\/portaltela.pt\/api\/wp\/v2\/media?parent=159844"}],"wp:term":[{"taxonomy":"category","embeddable":true,"href":"https:\/\/portaltela.pt\/api\/wp\/v2\/categories?post=159844"},{"taxonomy":"post_tag","embeddable":true,"href":"https:\/\/portaltela.pt\/api\/wp\/v2\/tags?post=159844"}],"curies":[{"name":"wp","href":"https:\/\/api.w.org\/{rel}","templated":true}]}}