{"id":159815,"date":"2026-01-21T11:01:00","date_gmt":"2026-01-21T14:01:00","guid":{"rendered":"https:\/\/portaltela.pt\/noticias\/2026\/01\/21\/cuidadores-informais-subsidios-novos-perdem-quase-2-euros-em-2025\/"},"modified":"2026-01-21T11:01:00","modified_gmt":"2026-01-21T14:01:00","slug":"cuidadores-informais-subsidios-novos-perdem-quase-2-euros-em-2025","status":"publish","type":"post","link":"https:\/\/portaltela.pt\/noticias\/2026\/01\/21\/cuidadores-informais-subsidios-novos-perdem-quase-2-euros-em-2025\/","title":{"rendered":"Cuidadores informais: subs\u00eddios novos perdem quase 2 euros em 2025"},"content":{"rendered":"<p>Em dezembro de 2025, a Seguran\u00e7a Social indicou uma redu\u00e7\u00e3o no valor m\u00e9dio do subs\u00eddio de apoio ao cuidador informal em rela\u00e7\u00e3o a janeiro. Enquanto 6095 candidaturas receberam uma m\u00e9dia de 417,48 euros em janeiro, 6617 benefici\u00e1rios observaram uma m\u00e9dia de 415,61 euros em dezembro, uma quebra de 1,87 euros.<\/p>\n<p>A queda ocorre num contexto de an\u00fancio de um projeto-piloto para uma bolsa de cuidadores. A ANCI aponta que a varia\u00e7\u00e3o decorre de fatores estruturais e da forma como a lei atual enquadra o trabalho informal, flagando riscos de pobreza entre as fam\u00edlias cuidadoras.<\/p>\n<h3>Detalhes do subs\u00eddio e perspectivas<\/h3>\n<p>O subs\u00eddio segue o c\u00e1lculo pelo Indexante dos Apoios Sociais, que em 2026 sobe para 537,13 euros. Mesmo assim, a respons\u00e1vel da ANCI, Maria dos Anjos Catapirra, afirma que a lei n\u00e3o est\u00e1 a reflectir a realidade de quem cuida e que muitos dependem da composi\u00e7\u00e3o do agregado familiar para ter direito ao apoio.<\/p>\n<p>O governo anunciou, no Or\u00e7amento de 2025, aumentar a verba para 43,5 milh\u00f5es de euros em 2026, sem canalizar ainda diretamente esse montante para atividades de apoio domicili\u00e1rio ou centros de descanso do cuidador. A ANCI considera que o financiamento ainda depende de projetos-piloto e de candidaturas de entidades.<\/p>\n<h3>Portaria e projeto-piloto<\/h3>\n<p>Nesta quarta-feira, foi publicada uma portaria que abre a Bolsa de Cuidadores, com in\u00edcio previsto para 22 de janeiro. O objetivo \u00e9 permitir per\u00edodos de descanso aos cuidadores informais por meio de vagas em centros de dia, CACIs e servi\u00e7os de apoio domicili\u00e1rio, durante aus\u00eancias tempor\u00e1rias.<\/p>\n<p>O piloto ter\u00e1 dura\u00e7\u00e3o de um ano e abrange 18 concelhos, um por distrito continental, para avaliar a viabilidade, efic\u00e1cia e sustentabilidade. N\u00e3o poder\u00e1 haver aus\u00eancia superior a sete horas por caso, e cada pessoa cuidada pode utilizar o servi\u00e7o at\u00e9 56 horas mensais.<\/p>\n<h3>Bolsas paralelas e supervis\u00e3o<\/h3>\n<p>Simultaneamente ser\u00e1 criada a Bolsa de Volunt\u00e1rios, para aus\u00eancias de at\u00e9 tr\u00eas horas, com gest\u00e3o municipal e coopera\u00e7\u00e3o com o Instituto da Seguran\u00e7a Social. A Comiss\u00e3o de Acompanhamento do Estatuto do Cuidador Informal ficar\u00e1 respons\u00e1vel pelo monitoramento e pela produ\u00e7\u00e3o de dois relat\u00f3rios, um ao fim de seis meses e outro final.<\/p>\n<h3>Perspetivas da ANCI<\/h3>\n<p>A ANCI tem apelado \u00e0 dispensa de regras de recursos para o subs\u00eddio e \u00e0 inclus\u00e3o de todos os cuidadores informais, sem discrimina\u00e7\u00f5es por tipo de v\u00ednculo ou idade. A associa\u00e7\u00e3o tamb\u00e9m defende o reconhecimento pleno do papel das fam\u00edlias, bem como servi\u00e7os de apoio domicili\u00e1rio 24 horas e licen\u00e7as remuneradas compat\u00edveis com as necessidades.<\/p>\n<p>A peti\u00e7\u00e3o da ANCI, apresentada em junho de 2025 com mais de nove mil assinaturas, solicita o reconhecimento universal dos cuidadores informais e o alargamento do subs\u00eddio sem restri\u00e7\u00f5es. A data de aprecia\u00e7\u00e3o parlamentar ainda n\u00e3o foi definida, segundo a vice-presidente da ANCI.<\/p>\n","protected":false},"excerpt":{"rendered":"<ul>\n<li>Em dezembro de 2025 existiam 6.617 pessoas com subs\u00eddio de apoio ao cuidador informal, com uma m\u00e9dia de 415,61 euros.<\/li>\n<li>Em janeiro de 2025 havia 6.095 candidatas (ou candidatos), com uma m\u00e9dia de 417,48 euros, o que traduz uma queda de quase dois euros no valor m\u00e9dio.<\/li>\n<li>A Associa\u00e7\u00e3o Nacional de Cuidadores Informais (ANCI) defende altera\u00e7\u00f5es legais para evitar que muitos cuidadores acabem na pobreza e sublinha a desorganiza\u00e7\u00e3o atual do enquadramento legal.<\/li>\n<li>A portaria publicada cria, a partir de 22 de janeiro, uma Bolsa de Cuidadores no \u00e2mbito de um projeto-piloto de um ano, com vagas em centros de dia, CACIs e servi\u00e7os de apoio domicili\u00e1rio para descanso do cuidador.<\/li>\n<li>Simultaneamente, \u00e9 criada uma Bolsa de Volunt\u00e1rios para aus\u00eancias mais curtas, com gest\u00e3o municipal, monitorizada pela Comiss\u00e3o de Acompanhamento do Estatuto do Cuidador Informal.<\/li>\n<\/ul>\n","protected":false},"author":2,"featured_media":159825,"comment_status":"closed","ping_status":"closed","sticky":false,"template":"","format":"standard","meta":{"footnotes":""},"categories":[1],"tags":[1211,2172,2685,64,173,2575],"class_list":["post-159815","post","type-post","status-publish","format-standard","has-post-thumbnail","hentry","category-noticias","tag-apoio-social","tag-assistencia-social","tag-estado-social","tag-familia","tag-protecao-social","tag-subsidio-social"],"yoast_head":"<!-- This site is optimized with the Yoast SEO plugin v27.2 - https:\/\/yoast.com\/product\/yoast-seo-wordpress\/ -->\n<title>Cuidadores informais: subs\u00eddios novos perdem quase 2 euros em 2025 - Portal Tela Portugal<\/title>\n<meta name=\"robots\" content=\"index, follow, max-snippet:-1, max-image-preview:large, max-video-preview:-1\" \/>\n<meta property=\"og:locale\" content=\"pt_PT\" \/>\n<meta property=\"og:type\" content=\"article\" \/>\n<meta property=\"og:title\" content=\"Cuidadores informais: subs\u00eddios novos perdem quase 2 euros em 2025 - Portal Tela Portugal\" \/>\n<meta property=\"og:description\" content=\"Em dezembro de 2025 existiam 6.617 pessoas com subs\u00eddio de apoio ao cuidador informal, com uma m\u00e9dia de 415,61 euros. Em janeiro de 2025 havia 6.095 candidatas (ou candidatos), com uma m\u00e9dia de 417,48 euros, o que traduz uma queda de quase dois euros no valor m\u00e9dio. A Associa\u00e7\u00e3o Nacional de Cuidadores Informais (ANCI) defende altera\u00e7\u00f5es legais para evitar que muitos cuidadores acabem na pobreza e sublinha a desorganiza\u00e7\u00e3o atual do enquadramento legal. A portaria publicada cria, a partir de 22 de janeiro, uma Bolsa de Cuidadores no \u00e2mbito de um projeto-piloto de um ano, com vagas em centros de dia, CACIs e servi\u00e7os de apoio domicili\u00e1rio para descanso do cuidador. Simultaneamente, \u00e9 criada uma Bolsa de Volunt\u00e1rios para aus\u00eancias mais curtas, com gest\u00e3o municipal, monitorizada pela Comiss\u00e3o de Acompanhamento do Estatuto do Cuidador Informal.\" \/>\n<meta property=\"og:url\" content=\"https:\/\/portaltela.pt\/noticias\/2026\/01\/21\/cuidadores-informais-subsidios-novos-perdem-quase-2-euros-em-2025\/\" \/>\n<meta property=\"og:site_name\" content=\"Portal Tela Portugal\" \/>\n<meta property=\"article:published_time\" content=\"2026-01-21T14:01:00+00:00\" \/>\n<meta name=\"author\" content=\"Telinha\" \/>\n<meta name=\"twitter:card\" content=\"summary_large_image\" \/>\n<meta name=\"twitter:label1\" content=\"Escrito por\" \/>\n\t<meta name=\"twitter:data1\" content=\"Telinha\" \/>\n\t<meta name=\"twitter:label2\" content=\"Tempo estimado de leitura\" \/>\n\t<meta name=\"twitter:data2\" content=\"2 minutos\" \/>\n<script type=\"application\/ld+json\" class=\"yoast-schema-graph\">{\"@context\":\"https:\/\/schema.org\",\"@graph\":[{\"@type\":\"Article\",\"@id\":\"https:\/\/portaltela.pt\/noticias\/2026\/01\/21\/cuidadores-informais-subsidios-novos-perdem-quase-2-euros-em-2025\/#article\",\"isPartOf\":{\"@id\":\"https:\/\/portaltela.pt\/noticias\/2026\/01\/21\/cuidadores-informais-subsidios-novos-perdem-quase-2-euros-em-2025\/\"},\"author\":{\"name\":\"Telinha\",\"@id\":\"https:\/\/portaltela.pt\/#\/schema\/person\/c4278d4a6028830caff9ee44b42d32ed\"},\"headline\":\"Cuidadores informais: subs\u00eddios novos perdem quase 2 euros em 2025\",\"datePublished\":\"2026-01-21T14:01:00+00:00\",\"mainEntityOfPage\":{\"@id\":\"https:\/\/portaltela.pt\/noticias\/2026\/01\/21\/cuidadores-informais-subsidios-novos-perdem-quase-2-euros-em-2025\/\"},\"wordCount\":500,\"image\":{\"@id\":\"https:\/\/portaltela.pt\/noticias\/2026\/01\/21\/cuidadores-informais-subsidios-novos-perdem-quase-2-euros-em-2025\/#primaryimage\"},\"thumbnailUrl\":\"https:\/\/portaltela.pt\/s.01k8rhncp4jt1\/2026\/01\/image-1339.jpg\",\"keywords\":[\"Apoio Social\",\"assist\u00eancia social\",\"Estado Social\",\"fam\u00edlia\",\"prote\u00e7\u00e3o social\",\"Subs\u00eddio Social\"],\"articleSection\":[\"Not\u00edcias\"],\"inLanguage\":\"pt-PT\"},{\"@type\":\"WebPage\",\"@id\":\"https:\/\/portaltela.pt\/noticias\/2026\/01\/21\/cuidadores-informais-subsidios-novos-perdem-quase-2-euros-em-2025\/\",\"url\":\"https:\/\/portaltela.pt\/noticias\/2026\/01\/21\/cuidadores-informais-subsidios-novos-perdem-quase-2-euros-em-2025\/\",\"name\":\"Cuidadores informais: subs\u00eddios novos perdem quase 2 euros em 2025 - Portal Tela Portugal\",\"isPartOf\":{\"@id\":\"https:\/\/portaltela.pt\/#website\"},\"primaryImageOfPage\":{\"@id\":\"https:\/\/portaltela.pt\/noticias\/2026\/01\/21\/cuidadores-informais-subsidios-novos-perdem-quase-2-euros-em-2025\/#primaryimage\"},\"image\":{\"@id\":\"https:\/\/portaltela.pt\/noticias\/2026\/01\/21\/cuidadores-informais-subsidios-novos-perdem-quase-2-euros-em-2025\/#primaryimage\"},\"thumbnailUrl\":\"https:\/\/portaltela.pt\/s.01k8rhncp4jt1\/2026\/01\/image-1339.jpg\",\"datePublished\":\"2026-01-21T14:01:00+00:00\",\"author\":{\"@id\":\"https:\/\/portaltela.pt\/#\/schema\/person\/c4278d4a6028830caff9ee44b42d32ed\"},\"breadcrumb\":{\"@id\":\"https:\/\/portaltela.pt\/noticias\/2026\/01\/21\/cuidadores-informais-subsidios-novos-perdem-quase-2-euros-em-2025\/#breadcrumb\"},\"inLanguage\":\"pt-PT\",\"potentialAction\":[{\"@type\":\"ReadAction\",\"target\":[\"https:\/\/portaltela.pt\/noticias\/2026\/01\/21\/cuidadores-informais-subsidios-novos-perdem-quase-2-euros-em-2025\/\"]}]},{\"@type\":\"ImageObject\",\"inLanguage\":\"pt-PT\",\"@id\":\"https:\/\/portaltela.pt\/noticias\/2026\/01\/21\/cuidadores-informais-subsidios-novos-perdem-quase-2-euros-em-2025\/#primaryimage\",\"url\":\"https:\/\/portaltela.pt\/s.01k8rhncp4jt1\/2026\/01\/image-1339.jpg\",\"contentUrl\":\"https:\/\/portaltela.pt\/s.01k8rhncp4jt1\/2026\/01\/image-1339.jpg\",\"width\":796,\"height\":448,\"caption\":\"Quase quatro em cada dez cuidadores cuida da m\u00e3e ou do pai\"},{\"@type\":\"BreadcrumbList\",\"@id\":\"https:\/\/portaltela.pt\/noticias\/2026\/01\/21\/cuidadores-informais-subsidios-novos-perdem-quase-2-euros-em-2025\/#breadcrumb\",\"itemListElement\":[{\"@type\":\"ListItem\",\"position\":1,\"name\":\"In\u00edcio\",\"item\":\"https:\/\/portaltela.pt\/\"},{\"@type\":\"ListItem\",\"position\":2,\"name\":\"Cuidadores informais: subs\u00eddios novos perdem quase 2 euros em 2025\"}]},{\"@type\":\"WebSite\",\"@id\":\"https:\/\/portaltela.pt\/#website\",\"url\":\"https:\/\/portaltela.pt\/\",\"name\":\"Portal Tela Portugal\",\"description\":\"\",\"potentialAction\":[{\"@type\":\"SearchAction\",\"target\":{\"@type\":\"EntryPoint\",\"urlTemplate\":\"https:\/\/portaltela.pt\/?s={search_term_string}\"},\"query-input\":{\"@type\":\"PropertyValueSpecification\",\"valueRequired\":true,\"valueName\":\"search_term_string\"}}],\"inLanguage\":\"pt-PT\"},{\"@type\":\"Person\",\"@id\":\"https:\/\/portaltela.pt\/#\/schema\/person\/c4278d4a6028830caff9ee44b42d32ed\",\"name\":\"Telinha\",\"image\":{\"@type\":\"ImageObject\",\"inLanguage\":\"pt-PT\",\"@id\":\"https:\/\/portaltela.pt\/s.01k8rhncp4jt1\/2025\/11\/talking-bot-125x125.png\",\"url\":\"https:\/\/portaltela.pt\/s.01k8rhncp4jt1\/2025\/11\/talking-bot-125x125.png\",\"contentUrl\":\"https:\/\/portaltela.pt\/s.01k8rhncp4jt1\/2025\/11\/talking-bot-125x125.png\",\"caption\":\"Telinha\"},\"sameAs\":[\"https:\/\/portaltela.pt\/\"],\"url\":\"https:\/\/portaltela.pt\/por\/367410592786\/\"}]}<\/script>\n<!-- \/ Yoast SEO plugin. -->","yoast_head_json":{"title":"Cuidadores informais: subs\u00eddios novos perdem quase 2 euros em 2025 - Portal Tela Portugal","robots":{"index":"index","follow":"follow","max-snippet":"max-snippet:-1","max-image-preview":"max-image-preview:large","max-video-preview":"max-video-preview:-1"},"og_locale":"pt_PT","og_type":"article","og_title":"Cuidadores informais: subs\u00eddios novos perdem quase 2 euros em 2025 - Portal Tela Portugal","og_description":"Em dezembro de 2025 existiam 6.617 pessoas com subs\u00eddio de apoio ao cuidador informal, com uma m\u00e9dia de 415,61 euros. Em janeiro de 2025 havia 6.095 candidatas (ou candidatos), com uma m\u00e9dia de 417,48 euros, o que traduz uma queda de quase dois euros no valor m\u00e9dio. A Associa\u00e7\u00e3o Nacional de Cuidadores Informais (ANCI) defende altera\u00e7\u00f5es legais para evitar que muitos cuidadores acabem na pobreza e sublinha a desorganiza\u00e7\u00e3o atual do enquadramento legal. A portaria publicada cria, a partir de 22 de janeiro, uma Bolsa de Cuidadores no \u00e2mbito de um projeto-piloto de um ano, com vagas em centros de dia, CACIs e servi\u00e7os de apoio domicili\u00e1rio para descanso do cuidador. Simultaneamente, \u00e9 criada uma Bolsa de Volunt\u00e1rios para aus\u00eancias mais curtas, com gest\u00e3o municipal, monitorizada pela Comiss\u00e3o de Acompanhamento do Estatuto do Cuidador Informal.","og_url":"https:\/\/portaltela.pt\/noticias\/2026\/01\/21\/cuidadores-informais-subsidios-novos-perdem-quase-2-euros-em-2025\/","og_site_name":"Portal Tela Portugal","article_published_time":"2026-01-21T14:01:00+00:00","author":"Telinha","twitter_card":"summary_large_image","twitter_misc":{"Escrito por":"Telinha","Tempo estimado de leitura":"2 minutos"},"schema":{"@context":"https:\/\/schema.org","@graph":[{"@type":"Article","@id":"https:\/\/portaltela.pt\/noticias\/2026\/01\/21\/cuidadores-informais-subsidios-novos-perdem-quase-2-euros-em-2025\/#article","isPartOf":{"@id":"https:\/\/portaltela.pt\/noticias\/2026\/01\/21\/cuidadores-informais-subsidios-novos-perdem-quase-2-euros-em-2025\/"},"author":{"name":"Telinha","@id":"https:\/\/portaltela.pt\/#\/schema\/person\/c4278d4a6028830caff9ee44b42d32ed"},"headline":"Cuidadores informais: subs\u00eddios novos perdem quase 2 euros em 2025","datePublished":"2026-01-21T14:01:00+00:00","mainEntityOfPage":{"@id":"https:\/\/portaltela.pt\/noticias\/2026\/01\/21\/cuidadores-informais-subsidios-novos-perdem-quase-2-euros-em-2025\/"},"wordCount":500,"image":{"@id":"https:\/\/portaltela.pt\/noticias\/2026\/01\/21\/cuidadores-informais-subsidios-novos-perdem-quase-2-euros-em-2025\/#primaryimage"},"thumbnailUrl":"https:\/\/portaltela.pt\/s.01k8rhncp4jt1\/2026\/01\/image-1339.jpg","keywords":["Apoio Social","assist\u00eancia social","Estado Social","fam\u00edlia","prote\u00e7\u00e3o social","Subs\u00eddio Social"],"articleSection":["Not\u00edcias"],"inLanguage":"pt-PT"},{"@type":"WebPage","@id":"https:\/\/portaltela.pt\/noticias\/2026\/01\/21\/cuidadores-informais-subsidios-novos-perdem-quase-2-euros-em-2025\/","url":"https:\/\/portaltela.pt\/noticias\/2026\/01\/21\/cuidadores-informais-subsidios-novos-perdem-quase-2-euros-em-2025\/","name":"Cuidadores informais: subs\u00eddios novos perdem quase 2 euros em 2025 - Portal Tela Portugal","isPartOf":{"@id":"https:\/\/portaltela.pt\/#website"},"primaryImageOfPage":{"@id":"https:\/\/portaltela.pt\/noticias\/2026\/01\/21\/cuidadores-informais-subsidios-novos-perdem-quase-2-euros-em-2025\/#primaryimage"},"image":{"@id":"https:\/\/portaltela.pt\/noticias\/2026\/01\/21\/cuidadores-informais-subsidios-novos-perdem-quase-2-euros-em-2025\/#primaryimage"},"thumbnailUrl":"https:\/\/portaltela.pt\/s.01k8rhncp4jt1\/2026\/01\/image-1339.jpg","datePublished":"2026-01-21T14:01:00+00:00","author":{"@id":"https:\/\/portaltela.pt\/#\/schema\/person\/c4278d4a6028830caff9ee44b42d32ed"},"breadcrumb":{"@id":"https:\/\/portaltela.pt\/noticias\/2026\/01\/21\/cuidadores-informais-subsidios-novos-perdem-quase-2-euros-em-2025\/#breadcrumb"},"inLanguage":"pt-PT","potentialAction":[{"@type":"ReadAction","target":["https:\/\/portaltela.pt\/noticias\/2026\/01\/21\/cuidadores-informais-subsidios-novos-perdem-quase-2-euros-em-2025\/"]}]},{"@type":"ImageObject","inLanguage":"pt-PT","@id":"https:\/\/portaltela.pt\/noticias\/2026\/01\/21\/cuidadores-informais-subsidios-novos-perdem-quase-2-euros-em-2025\/#primaryimage","url":"https:\/\/portaltela.pt\/s.01k8rhncp4jt1\/2026\/01\/image-1339.jpg","contentUrl":"https:\/\/portaltela.pt\/s.01k8rhncp4jt1\/2026\/01\/image-1339.jpg","width":796,"height":448,"caption":"Quase quatro em cada dez cuidadores cuida da m\u00e3e ou do pai"},{"@type":"BreadcrumbList","@id":"https:\/\/portaltela.pt\/noticias\/2026\/01\/21\/cuidadores-informais-subsidios-novos-perdem-quase-2-euros-em-2025\/#breadcrumb","itemListElement":[{"@type":"ListItem","position":1,"name":"In\u00edcio","item":"https:\/\/portaltela.pt\/"},{"@type":"ListItem","position":2,"name":"Cuidadores informais: subs\u00eddios novos perdem quase 2 euros em 2025"}]},{"@type":"WebSite","@id":"https:\/\/portaltela.pt\/#website","url":"https:\/\/portaltela.pt\/","name":"Portal Tela Portugal","description":"","potentialAction":[{"@type":"SearchAction","target":{"@type":"EntryPoint","urlTemplate":"https:\/\/portaltela.pt\/?s={search_term_string}"},"query-input":{"@type":"PropertyValueSpecification","valueRequired":true,"valueName":"search_term_string"}}],"inLanguage":"pt-PT"},{"@type":"Person","@id":"https:\/\/portaltela.pt\/#\/schema\/person\/c4278d4a6028830caff9ee44b42d32ed","name":"Telinha","image":{"@type":"ImageObject","inLanguage":"pt-PT","@id":"https:\/\/portaltela.pt\/s.01k8rhncp4jt1\/2025\/11\/talking-bot-125x125.png","url":"https:\/\/portaltela.pt\/s.01k8rhncp4jt1\/2025\/11\/talking-bot-125x125.png","contentUrl":"https:\/\/portaltela.pt\/s.01k8rhncp4jt1\/2025\/11\/talking-bot-125x125.png","caption":"Telinha"},"sameAs":["https:\/\/portaltela.pt\/"],"url":"https:\/\/portaltela.pt\/por\/367410592786\/"}]}},"_links":{"self":[{"href":"https:\/\/portaltela.pt\/api\/wp\/v2\/posts\/159815","targetHints":{"allow":["GET"]}}],"collection":[{"href":"https:\/\/portaltela.pt\/api\/wp\/v2\/posts"}],"about":[{"href":"https:\/\/portaltela.pt\/api\/wp\/v2\/types\/post"}],"author":[{"embeddable":true,"href":"https:\/\/portaltela.pt\/api\/wp\/v2\/users\/2"}],"replies":[{"embeddable":true,"href":"https:\/\/portaltela.pt\/api\/wp\/v2\/comments?post=159815"}],"version-history":[{"count":0,"href":"https:\/\/portaltela.pt\/api\/wp\/v2\/posts\/159815\/revisions"}],"wp:featuredmedia":[{"embeddable":true,"href":"https:\/\/portaltela.pt\/api\/wp\/v2\/media\/159825"}],"wp:attachment":[{"href":"https:\/\/portaltela.pt\/api\/wp\/v2\/media?parent=159815"}],"wp:term":[{"taxonomy":"category","embeddable":true,"href":"https:\/\/portaltela.pt\/api\/wp\/v2\/categories?post=159815"},{"taxonomy":"post_tag","embeddable":true,"href":"https:\/\/portaltela.pt\/api\/wp\/v2\/tags?post=159815"}],"curies":[{"name":"wp","href":"https:\/\/api.w.org\/{rel}","templated":true}]}}